{"id":16840,"date":"2018-07-16T16:38:07","date_gmt":"2018-07-16T19:38:07","guid":{"rendered":"http:\/\/guarai.to.gov.br\/portal\/?p=16840"},"modified":"2019-01-29T22:21:14","modified_gmt":"2019-01-30T01:21:14","slug":"guarai-to-gov-br-portal-wp-content-uploads-2018-07-dom-509-pdf","status":"publish","type":"post","link":"https:\/\/guarai.to.gov.br\/portal\/2018\/07\/16\/guarai-to-gov-br-portal-wp-content-uploads-2018-07-dom-509-pdf\/","title":{"rendered":"Edi\u00e7\u00e3o 509\u00a0Ordin\u00e1ria 16 de julho de 2018"},"content":{"rendered":"<a href=\"https:\/\/guarai.to.gov.br\/portal\/wp-content\/uploads\/2018\/07\/DOM-509.pdf\" class=\"pdfemb-viewer\" style=\"width:1200px;height:1500px;\" data-width=\"1200\" data-height=\"1500\" data-toolbar=\"both\" data-toolbar-fixed=\"on\">DOM 509<\/a>\n<p><a href=\"http:\/\/PORTARIA N\u00ba 1.499\/2018 - DE 16 DE JULHO DE 2018 \u201cEXONERA REDATOR OFICIAL, QUE ESPECIFICA E D\u00c1 OUTRAS PROVID\u00caNCIAS.\u201d A PREFEITA MUNICIPAL DE GUARA\u00cd, Estado do Tocantins, no uso das atribui\u00e7\u00f5es que lhe confere o art. 75, II, al\u00ednea a, da Lei Org\u00e2nica do Munic\u00edpio de Guara\u00ed; R E S O L V E Art. 1\u00ba) EXONERAR o Sr. Fernando Ramos R\u00e9sio, do Cargo Comissionado de Redator Oficial, junto \u00e0 Secretaria Municipal de Administra\u00e7\u00e3o, Planejamento e Finan\u00e7as de Guara\u00ed. Art. 2\u00ba) DETERMINAR que a Diretoria Municipal de Recursos Humanos providencie os respectivos tr\u00e2mites para que esta Portaria surta seus efeitos legais. Art. 3\u00ba) Esta Portaria entra em vigor na data de sua assinatura, revogadas as disposi\u00e7\u00f5es em contr\u00e1rio. PAL\u00c1CIO PAC\u00cdFICO SILVA, GABINETE DA PREFEITA MUNICIPAL E DO SECRET\u00c1RIO DE ADMINISTRA\u00c7\u00c3O, PLANEJAMENTO E FINAN\u00c7AS DE GUARA\u00cd, Estado do Tocantins, aos dezesseis dias do m\u00eas de julho do ano de 2018.  Lires Teresa Ferneda Prefeita Municipal\">.<\/a><\/p>\n<p>BAIXAR PDF\u00a0<a href=\"\/\/guarai.to.gov.br\/portal\/wp-content\/uploads\/2018\/07\/DOM-509.pdf\">Edi\u00e7\u00e3o 509\u00a0 Ordin\u00e1ria\u00a0 16 de julho de 2018<\/a><\/p>\n<div id=\"websigner_softplan_com_br\" class=\"websigner_softplan_com_br\" style=\"display: none;\"><\/div>\n<div id=\"websigner_softplan_com_br\" class=\"websigner_softplan_com_br\" style=\"display: none;\"><\/div>\n<div id=\"websigner_softplan_com_br\" class=\"websigner_softplan_com_br\" style=\"display: none;\"><\/div>\n<div id=\"websigner_softplan_com_br\" class=\"websigner_softplan_com_br\" style=\"display: none;\"><\/div>\n<div id=\"websigner_softplan_com_br\" class=\"websigner_softplan_com_br\" style=\"display: none;\"><\/div>\n<div id=\"websigner_softplan_com_br\" class=\"websigner_softplan_com_br\" style=\"display: none;\"><\/div>\n","protected":false},"excerpt":{"rendered":"<p>. BAIXAR PDF\u00a0Edi\u00e7\u00e3o 509\u00a0 Ordin\u00e1ria\u00a0 16 de julho de 2018<\/p>\n","protected":false},"author":39,"featured_media":0,"comment_status":"closed","ping_status":"closed","sticky":false,"template":"","format":"standard","meta":{"footnotes":""},"categories":[90],"tags":[197],"class_list":["post-16840","post","type-post","status-publish","format-standard","hentry","category-diario-oficial","tag-diario-oficial","entry"],"_links":{"self":[{"href":"https:\/\/guarai.to.gov.br\/portal\/wp-json\/wp\/v2\/posts\/16840","targetHints":{"allow":["GET"]}}],"collection":[{"href":"https:\/\/guarai.to.gov.br\/portal\/wp-json\/wp\/v2\/posts"}],"about":[{"href":"https:\/\/guarai.to.gov.br\/portal\/wp-json\/wp\/v2\/types\/post"}],"author":[{"embeddable":true,"href":"https:\/\/guarai.to.gov.br\/portal\/wp-json\/wp\/v2\/users\/39"}],"replies":[{"embeddable":true,"href":"https:\/\/guarai.to.gov.br\/portal\/wp-json\/wp\/v2\/comments?post=16840"}],"version-history":[{"count":12,"href":"https:\/\/guarai.to.gov.br\/portal\/wp-json\/wp\/v2\/posts\/16840\/revisions"}],"predecessor-version":[{"id":17252,"href":"https:\/\/guarai.to.gov.br\/portal\/wp-json\/wp\/v2\/posts\/16840\/revisions\/17252"}],"wp:attachment":[{"href":"https:\/\/guarai.to.gov.br\/portal\/wp-json\/wp\/v2\/media?parent=16840"}],"wp:term":[{"taxonomy":"category","embeddable":true,"href":"https:\/\/guarai.to.gov.br\/portal\/wp-json\/wp\/v2\/categories?post=16840"},{"taxonomy":"post_tag","embeddable":true,"href":"https:\/\/guarai.to.gov.br\/portal\/wp-json\/wp\/v2\/tags?post=16840"}],"curies":[{"name":"wp","href":"https:\/\/api.w.org\/{rel}","templated":true}]}}