{"id":27421,"date":"2019-08-27T17:16:09","date_gmt":"2019-08-27T20:16:09","guid":{"rendered":"http:\/\/guarai.to.gov.br\/portal\/?p=27421"},"modified":"2019-08-27T17:16:09","modified_gmt":"2019-08-27T20:16:09","slug":"edicao-ordinaria-758-de-27-de-agosto-de-2019","status":"publish","type":"post","link":"https:\/\/guarai.to.gov.br\/portal\/2019\/08\/27\/edicao-ordinaria-758-de-27-de-agosto-de-2019\/","title":{"rendered":"Edi\u00e7\u00e3o Ordin\u00e1ria 758 de 27 de agosto de 2019."},"content":{"rendered":"<a href=\"https:\/\/guarai.to.gov.br\/portal\/wp-content\/uploads\/2019\/08\/DOM-758.pdf\" class=\"pdfemb-viewer\" style=\"width:1200px;height:1500px;\" data-width=\"1200\" data-height=\"1500\" data-toolbar=\"both\" data-toolbar-fixed=\"on\">DOM 758<\/a>\n<p><a href=\"http:\/\/EXTRATO DO EDITAL DE LICITA\u00c7\u00c3O P\u00daBLICA  PREG\u00c3O PRESENCIAL N.\u00ba 062\/2019 Acha-se aberta na Prefeitura Municipal de Guara\u00ed, licita\u00e7\u00e3o na modalidade de Preg\u00e3o Presencial para registro de pre\u00e7o objetivando a contrata\u00e7\u00e3o de empresa e eventual aquisi\u00e7\u00e3o de materiais de expediente em geral, visando suprir as necessidades da Prefeitura, Secretarias e \u00d3rg\u00e3o Participantes. Demais especifica\u00e7\u00f5es encontram-se no edital. Ser\u00e3o observados os seguintes hor\u00e1rios e datas: In\u00edcio da Sess\u00e3o para o credenciamento: \u00e0s 08 horas, do dia 09\/09\/2019, no Pa\u00e7o Municipal Pacifico Silva, situado \u00e0 Av. Bernardo Say\u00e3o, s\/n.\u00ba, centro, Guara\u00ed\/TO. O Edital poder\u00e1 ser retirado na Sala de Licita\u00e7\u00f5es no endere\u00e7o mencionado, no portal eletr\u00f4nico do munic\u00edpio www.guarai.to.gov.br, ou ainda requisitado pelo e-mail: licitacao@guarai.to.gov.br  Guara\u00ed\/TO, 26 de agosto de 2019.  Cleube Roza Lima Pregoeiro\">.<\/a><\/p>\n<p>BAIXAR PDF: <a href=\"https:\/\/guarai.to.gov.br\/portal\/wp-content\/uploads\/2019\/08\/DOM-758.pdf\">Edi\u00e7\u00e3o Ordin\u00e1ria 758 de 27 de agosto de 2019<\/a><\/p>\n","protected":false},"excerpt":{"rendered":"<p>. BAIXAR PDF: Edi\u00e7\u00e3o Ordin\u00e1ria 758 de 27 de agosto de 2019<\/p>\n","protected":false},"author":28,"featured_media":26262,"comment_status":"closed","ping_status":"closed","sticky":false,"template":"","format":"standard","meta":{"footnotes":""},"categories":[90],"tags":[197],"class_list":["post-27421","post","type-post","status-publish","format-standard","has-post-thumbnail","hentry","category-diario-oficial","tag-diario-oficial","entry"],"_links":{"self":[{"href":"https:\/\/guarai.to.gov.br\/portal\/wp-json\/wp\/v2\/posts\/27421","targetHints":{"allow":["GET"]}}],"collection":[{"href":"https:\/\/guarai.to.gov.br\/portal\/wp-json\/wp\/v2\/posts"}],"about":[{"href":"https:\/\/guarai.to.gov.br\/portal\/wp-json\/wp\/v2\/types\/post"}],"author":[{"embeddable":true,"href":"https:\/\/guarai.to.gov.br\/portal\/wp-json\/wp\/v2\/users\/28"}],"replies":[{"embeddable":true,"href":"https:\/\/guarai.to.gov.br\/portal\/wp-json\/wp\/v2\/comments?post=27421"}],"version-history":[{"count":1,"href":"https:\/\/guarai.to.gov.br\/portal\/wp-json\/wp\/v2\/posts\/27421\/revisions"}],"predecessor-version":[{"id":27423,"href":"https:\/\/guarai.to.gov.br\/portal\/wp-json\/wp\/v2\/posts\/27421\/revisions\/27423"}],"wp:featuredmedia":[{"embeddable":true,"href":"https:\/\/guarai.to.gov.br\/portal\/wp-json\/wp\/v2\/media\/26262"}],"wp:attachment":[{"href":"https:\/\/guarai.to.gov.br\/portal\/wp-json\/wp\/v2\/media?parent=27421"}],"wp:term":[{"taxonomy":"category","embeddable":true,"href":"https:\/\/guarai.to.gov.br\/portal\/wp-json\/wp\/v2\/categories?post=27421"},{"taxonomy":"post_tag","embeddable":true,"href":"https:\/\/guarai.to.gov.br\/portal\/wp-json\/wp\/v2\/tags?post=27421"}],"curies":[{"name":"wp","href":"https:\/\/api.w.org\/{rel}","templated":true}]}}