{"id":28300,"date":"2019-10-25T17:28:47","date_gmt":"2019-10-25T20:28:47","guid":{"rendered":"http:\/\/guarai.to.gov.br\/portal\/?p=28300"},"modified":"2019-10-25T17:28:47","modified_gmt":"2019-10-25T20:28:47","slug":"edicao-ordinaria-798-de-25-de-outubro-de-2019","status":"publish","type":"post","link":"https:\/\/guarai.to.gov.br\/portal\/2019\/10\/25\/edicao-ordinaria-798-de-25-de-outubro-de-2019\/","title":{"rendered":"Edi\u00e7\u00e3o Ordin\u00e1ria 798 de 25 de outubro de 2019."},"content":{"rendered":"<a href=\"https:\/\/guarai.to.gov.br\/portal\/wp-content\/uploads\/2019\/10\/DOM-798.pdf\" class=\"pdfemb-viewer\" style=\"width:1200px;height:1500px;\" data-width=\"1200\" data-height=\"1500\" data-toolbar=\"both\" data-toolbar-fixed=\"on\">DOM 798<\/a>\n<p><a href=\"http:\/\/PORTARIA DE VIAGEM N\u00ba 135\/2019                               -                         DE 23 DE OUTUBRO DE 2019.   \u201cAUTORIZA O PAGAMENTO DE DI\u00c1RIA A CONSELHEIRA, QUE ESPEC\u00cdFICA E D\u00c1 OUTRAS PROVID\u00caNCIAS\u201d.    A GESTORA E ORDENADORA DE DESPESAS DO FUNDO MUNICIPAL DE ASSIST\u00caNCIA SOCIAL DE GUARA\u00cd, Estado do Tocantins, no uso de suas atribui\u00e7\u00f5es legais e constitucionais,      R E S O L V E:    Art. 1\u00ba) AUTORIZAR o pagamento de 1\/2 (MEIA) di\u00e1ria, no valor de R$ 80,00 (OITENTA REAIS), mais o valor da passagem de Van de volta no valor de R$ 40,00 (QUARENTA REAIS), totalizando o valor de R$ 120,00 (CENTO E VINTE REAIS), afim de cobrir despesas com alimenta\u00e7\u00e3o e transporte da Conselheira Municipal Sr\u00aa. DENISE MAIA DE SOUSA CARVALHO, PRESIDENTE DO CONSELHO MUNICIPAL DE ASSIST\u00caNCIA SOCIAL \u2013 CMAS, DA SECRETARIA MUNICIPAL DE ASSIST\u00caNCIA SOCIAL E HABITA\u00c7\u00c3O, QUE IR\u00c1 PARTICIPAR DA REUNI\u00c3O ORDIN\u00c1RIA DO PLENO DO CONSELHO ESTADUAL DE ASSIST\u00caNCIA SOCIAL, no dia 24\/10\/2019, na Cidade de PALMAS \u2013 TO, conforme Of\u00edcio n\u00ba 041\/2019 \u2013 CMASG e convite, anexos.   Art. 2\u00ba) DETERMINAR que a Tesouraria repasse o valor total a Conselheira, conforme consta no art. 1\u00ba, desta Portaria.   Art. 3\u00ba) Esta Portaria entrar\u00e1 em vigor na data de sua publica\u00e7\u00e3o, revogadas as disposi\u00e7\u00f5es em contr\u00e1rio.   GABINETE DA GESTORA E ORDENADORA DE DESPESAS DO FUNDO MUNICIPAL DE ASSIST\u00caNCIA SOCIAL DE GUARA\u00cd, Estado do Tocantins, aos vinte e tr\u00eas dias do m\u00eas de outubro de 2019.        MARIA JOS\u00c9 FERREIRA DA SILVA CURCINO Gestora e Ordenadora de Despesas do FMAS                                                          Decreto n\u00ba 1.106\/2017  PORTARIA N\u00ba 016\/2019 \u2013 DE 24 DE OUTUBRO DE 2019.  \u201cCONCEDE F\u00c9RIAS A SERVIDORA P\u00daBLICA MUNICIPAL, QUE ESPECIFICA E D\u00c1 OUTRAS PROVID\u00caNCIAS.\u201d  A SECRET\u00c1RIA MUNICIPAL DE ASSIST\u00caNCIA SOCIAL E HABITA\u00c7\u00c3O, da Prefeitura Municipal De Guara\u00ed, Estado do Tocantins, no uso das atribui\u00e7\u00f5es que lhe confere o art. 91, inciso IX, da Lei Org\u00e2nica do Munic\u00edpio de Guara\u00ed;   R E S O L V E \t  Art. 1\u00ba) CONCEDER \u00e0 servidora municipal Sr\u00aa. Maria L\u00facia Silva, 09 (nove) dias de f\u00e9rias, no per\u00edodo de 10 \/ 10 \/ 2019 a 18 \/ 10 \/ 2019, parcelada 1\u00aa etapa, referente ao per\u00edodo aquisitivo de 18 \/ 01 \/ 2019 a 18 \/ 01 \/ 2019, conforme previsto no \u00a7 3\u00ba, do Art. 74, da Lei Municipal n\u00ba 006\/2000.  Art. 2\u00ba) DETERMINAR que a Diretoria Municipal de Recursos Humanos providencie os respectivos tr\u00e2mites para que esta Portaria surta seus efeitos legais.   Art. 3\u00ba) Esta Portaria entra em vigor retroagindo seus efeito a partir do dia 10 de outubro de 2019, revogadas as disposi\u00e7\u00f5es em contr\u00e1rio.  GABINETE DA SECRET\u00c1RIA MUNICIPAL DE ASSIST\u00caNCIA SOCIAL E HABITA\u00c7\u00c3O, Estado do Tocantins, aos vinte e quatro dias do m\u00eas de outubro de 2019.  Maria Jos\u00e9 Ferreira da Silva Curcino Secret\u00e1ria Municipal de Assist\u00eancia Social e Habita\u00e7\u00e3o                                                                             Portaria n\u00ba 1.349\/2017  EXTRATO DO 1\u00ba TERMO ADITIVO CONTRATO 007\/2019 \tO Fundo Municipal de Assist\u00eancia Social de Guara\u00ed \u2013 TO faz saber a quem interessar que, conforme informa\u00e7\u00f5es abaixo relacionadas foi firmado o presente TERMO ADITIVO DE PRAZO. Contrato: n\u00ba 007\/2019 Contratante: Fundo Municipal de Assist\u00eancia Social de Guara\u00ed \u2013 TO  Contratado: VD CONSTRU\u00c7\u00d5ES EIRELI-ME, CNPJ\/MF n\u00ba 28.781.082\/0001-78 Modalidade: TOMADA DE PRE\u00c7OS n\u00ba 003\/2019 Objeto: PRORROGA\u00c7\u00c3O DE PRAZO DE VIG\u00caNCIA DO CONTRATO DE CONCLUS\u00c3O DA OBRA DE CONSTRU\u00c7\u00c3O DO CRAS Prazo de vig\u00eancia: 23\/12\/2019 Data da Assinatura: 24\/10\/2019 Signat\u00e1rio: Maria Jos\u00e9 Ferreira da Silva Curcino \u2013 Gestora do Fundo Municipal de Assist\u00eancia Social, CONTRATANTE, e Valdivino Dias da Silva \u2013 VD Constru\u00e7\u00f5es EIRELI-ME, CONTRATADA.  Guara\u00ed\/TO, 24 de outubro de 2019  Maria Jos\u00e9 Ferreira da Silva Curcino  Gestora do Fundo Municipal de Assist\u00eancia Social de Guara\u00ed\/TO\">.<\/a><\/p>\n<p>BAIXAR PDF: <a href=\"https:\/\/guarai.to.gov.br\/portal\/wp-content\/uploads\/2019\/10\/DOM-798.pdf\">Edi\u00e7\u00e3o Ordin\u00e1ria 798 de 25 de outubro de 2019<\/a><\/p>\n","protected":false},"excerpt":{"rendered":"<p>. BAIXAR PDF: Edi\u00e7\u00e3o Ordin\u00e1ria 798 de 25 de outubro de 2019<\/p>\n","protected":false},"author":28,"featured_media":27856,"comment_status":"closed","ping_status":"closed","sticky":false,"template":"","format":"standard","meta":{"footnotes":""},"categories":[90],"tags":[197],"class_list":["post-28300","post","type-post","status-publish","format-standard","has-post-thumbnail","hentry","category-diario-oficial","tag-diario-oficial","entry"],"_links":{"self":[{"href":"https:\/\/guarai.to.gov.br\/portal\/wp-json\/wp\/v2\/posts\/28300","targetHints":{"allow":["GET"]}}],"collection":[{"href":"https:\/\/guarai.to.gov.br\/portal\/wp-json\/wp\/v2\/posts"}],"about":[{"href":"https:\/\/guarai.to.gov.br\/portal\/wp-json\/wp\/v2\/types\/post"}],"author":[{"embeddable":true,"href":"https:\/\/guarai.to.gov.br\/portal\/wp-json\/wp\/v2\/users\/28"}],"replies":[{"embeddable":true,"href":"https:\/\/guarai.to.gov.br\/portal\/wp-json\/wp\/v2\/comments?post=28300"}],"version-history":[{"count":1,"href":"https:\/\/guarai.to.gov.br\/portal\/wp-json\/wp\/v2\/posts\/28300\/revisions"}],"predecessor-version":[{"id":28302,"href":"https:\/\/guarai.to.gov.br\/portal\/wp-json\/wp\/v2\/posts\/28300\/revisions\/28302"}],"wp:featuredmedia":[{"embeddable":true,"href":"https:\/\/guarai.to.gov.br\/portal\/wp-json\/wp\/v2\/media\/27856"}],"wp:attachment":[{"href":"https:\/\/guarai.to.gov.br\/portal\/wp-json\/wp\/v2\/media?parent=28300"}],"wp:term":[{"taxonomy":"category","embeddable":true,"href":"https:\/\/guarai.to.gov.br\/portal\/wp-json\/wp\/v2\/categories?post=28300"},{"taxonomy":"post_tag","embeddable":true,"href":"https:\/\/guarai.to.gov.br\/portal\/wp-json\/wp\/v2\/tags?post=28300"}],"curies":[{"name":"wp","href":"https:\/\/api.w.org\/{rel}","templated":true}]}}