{"id":32182,"date":"2020-07-03T13:09:57","date_gmt":"2020-07-03T16:09:57","guid":{"rendered":"http:\/\/guarai.to.gov.br\/portal\/?p=32182"},"modified":"2020-07-03T13:10:41","modified_gmt":"2020-07-03T16:10:41","slug":"edicao-ordinaria-953-de-03-de-julho-de-2020","status":"publish","type":"post","link":"https:\/\/guarai.to.gov.br\/portal\/2020\/07\/03\/edicao-ordinaria-953-de-03-de-julho-de-2020\/","title":{"rendered":"Edi\u00e7\u00e3o Ordin\u00e1ria 953 de 03 de julho de 2020."},"content":{"rendered":"<a href=\"https:\/\/guarai.to.gov.br\/portal\/wp-content\/uploads\/2020\/07\/DOM-953.pdf\" class=\"pdfemb-viewer\" style=\"width:1200px;height:1500px;\" data-width=\"1200\" data-height=\"1500\" data-toolbar=\"both\" data-toolbar-fixed=\"on\">DOM 953<\/a>\n<p><a href=\"http:\/\/EXTRATO DO EDITAL DE LICITA\u00c7\u00c3O P\u00daBLICA PREG\u00c3O ELETR\u00d4NICO N.\u00ba 011\/2020 Acha-se aberta na Prefeitura Municipal de Guara\u00ed, licita\u00e7\u00e3o na modalidade de Preg\u00e3o Eletr\u00f4nico visando a escolha da proposta mais vantajosa para a aquisi\u00e7\u00e3o de Equipamentos de Prote\u00e7\u00e3o Individual (EPI) para profissionais da sa\u00fade envolvidos no enfrentamento ao Coronav\u00edrus, e aquisi\u00e7\u00e3o de insumos para realiza\u00e7\u00e3o de testes de COVID-19, conforme condi\u00e7\u00f5es, quantidades e exig\u00eancias estabelecidas no Edital e seus anexos. Edital encontra-se dispon\u00edvel a partir do dia 03\/07\/2020, das 08h00min \u00e0s 11h30min e das 13h30min \u00e0s 17h59min, na Avenida Bernardo Say\u00e3o, s\/n.\u00ba, Setor Aeroporto, Guara\u00ed\/TO ou www.comprasgovernamentais.gov.br. Entrega das Propostas: a partir do dia 03\/07\/2020 \u00e0s 08h00min no site www.comprasnet.gov.br. Abertura das Propostas: 09\/07\/2020 \u00e0s 08h00min no site www.comprasnet.gov.br. Guara\u00ed\/TO, 02 de julho de 2020. Cleube Roza Lima Pregoeiro PORTARIA N\u00ba 023\/2020 \u2013 DE 03 DE JULHO DE 2020. \u201cCONCEDE F\u00c9RIAS A SERVIDORA P\u00daBLICA MUNICIPAL, QUE ESPECIFICA E D\u00c1 OUTRAS PROVID\u00caNCIAS.\u201d A SECRET\u00c1RIA MUNICIPAL DE ASSIST\u00caNCIA SOCIAL, da Prefeitura Municipal de Guara\u00ed, Estado do Tocantins, no uso das atribui\u00e7\u00f5es que lhe confere o art. 91, inciso IX, da Lei Org\u00e2nica do Munic\u00edpio de Guara\u00ed; R E S O L V E Art. 1\u00ba) CONCEDER \u00e0 servidora municipal Sr\u00aa. Clarice Ferreira de Vasconcelos, matr\u00edcula funcional n\u00ba 973, Coordenadora da Equipe Volante do CRAS,15 (quinze) dias de f\u00e9rias, no per\u00edodo de 06 \/ 07 \/ 2020 a 20 \/ 07 \/ 2020, parcelada 1\u00aa etapa, referente ao per\u00edodo aquisitivo de 16 \/ 05 \/ 2019 a 16 \/ 05 \/ 2020, conforme previsto no \u00a7 3\u00ba, do Art. 74, da Lei Municipal n\u00ba 006\/2000. Art. 2\u00ba) DETERMINAR que a Diretoria Municipal de Recursos Humanos providencie os respectivos tr\u00e2mites para que esta Portaria surta seus efeitos legais. Art. 3\u00ba)Esta Portaria entra em vigor na data de sua publica\u00e7\u00e3o, surtindo seus efeitos legais a partir do dia 06 \/ 07 \/ 2020, revogadas as disposi\u00e7\u00f5es em contr\u00e1rio. GABINETE DA SECRET\u00c1RIA MUNICIPAL DE ASSIST\u00caNCIA SOCIAL, Estado do Tocantins, aos tr\u00eas dias do m\u00eas de julho de 2020. Maria Jos\u00e9 Ferreira da Silva Curcino Secret\u00e1ria Municipal de Assist\u00eancia Social Portaria n\u00ba 1.791\/2019\">.<\/a><\/p>\n<p>BAIXAR PDF:<a href=\"https:\/\/guarai.to.gov.br\/portal\/wp-content\/uploads\/2020\/07\/DOM-953.pdf\"> Edi\u00e7\u00e3o Ordin\u00e1ria 953 de 03 de julho de 2020<\/a><\/p>\n","protected":false},"excerpt":{"rendered":"<p>. BAIXAR PDF: Edi\u00e7\u00e3o Ordin\u00e1ria 953 de 03 de julho de 2020<\/p>\n","protected":false},"author":28,"featured_media":31680,"comment_status":"closed","ping_status":"closed","sticky":false,"template":"","format":"standard","meta":{"footnotes":""},"categories":[90],"tags":[197],"class_list":["post-32182","post","type-post","status-publish","format-standard","has-post-thumbnail","hentry","category-diario-oficial","tag-diario-oficial","entry"],"_links":{"self":[{"href":"https:\/\/guarai.to.gov.br\/portal\/wp-json\/wp\/v2\/posts\/32182","targetHints":{"allow":["GET"]}}],"collection":[{"href":"https:\/\/guarai.to.gov.br\/portal\/wp-json\/wp\/v2\/posts"}],"about":[{"href":"https:\/\/guarai.to.gov.br\/portal\/wp-json\/wp\/v2\/types\/post"}],"author":[{"embeddable":true,"href":"https:\/\/guarai.to.gov.br\/portal\/wp-json\/wp\/v2\/users\/28"}],"replies":[{"embeddable":true,"href":"https:\/\/guarai.to.gov.br\/portal\/wp-json\/wp\/v2\/comments?post=32182"}],"version-history":[{"count":1,"href":"https:\/\/guarai.to.gov.br\/portal\/wp-json\/wp\/v2\/posts\/32182\/revisions"}],"predecessor-version":[{"id":32185,"href":"https:\/\/guarai.to.gov.br\/portal\/wp-json\/wp\/v2\/posts\/32182\/revisions\/32185"}],"wp:featuredmedia":[{"embeddable":true,"href":"https:\/\/guarai.to.gov.br\/portal\/wp-json\/wp\/v2\/media\/31680"}],"wp:attachment":[{"href":"https:\/\/guarai.to.gov.br\/portal\/wp-json\/wp\/v2\/media?parent=32182"}],"wp:term":[{"taxonomy":"category","embeddable":true,"href":"https:\/\/guarai.to.gov.br\/portal\/wp-json\/wp\/v2\/categories?post=32182"},{"taxonomy":"post_tag","embeddable":true,"href":"https:\/\/guarai.to.gov.br\/portal\/wp-json\/wp\/v2\/tags?post=32182"}],"curies":[{"name":"wp","href":"https:\/\/api.w.org\/{rel}","templated":true}]}}