{"id":33623,"date":"2020-10-29T13:04:51","date_gmt":"2020-10-29T16:04:51","guid":{"rendered":"http:\/\/guarai.to.gov.br\/portal\/?p=33623"},"modified":"2020-10-29T13:04:51","modified_gmt":"2020-10-29T16:04:51","slug":"edicao-ordinaria-1-024-de-29-de-outubro-de-2020","status":"publish","type":"post","link":"https:\/\/guarai.to.gov.br\/portal\/2020\/10\/29\/edicao-ordinaria-1-024-de-29-de-outubro-de-2020\/","title":{"rendered":"Edi\u00e7\u00e3o Ordin\u00e1ria 1.024 de 29 de outubro de 2020"},"content":{"rendered":"<a href=\"https:\/\/guarai.to.gov.br\/portal\/wp-content\/uploads\/2020\/10\/DOM-1024.pdf\" class=\"pdfemb-viewer\" style=\"width:1200px;height:1500px;\" data-width=\"1200\" data-height=\"1500\" data-toolbar=\"both\" data-toolbar-fixed=\"on\">DOM 1024<\/a>\n<p><a href=\"http:\/\/EXTRATO DA ATA DE REGISTRO DE PRE\u00c7OS n.\u00ba  142\/2020\t Processo: 077.2.044\/2020 Preg\u00e3o Presencial 044\/2020 \u00d3rg\u00e3o: Prefeitura Municipal de Guara\u00ed-TO. Contratada: SERRANA DISTRIBUIDORA LTDA-ME, CPF\/CNPJ sob n\u00ba 30.313.649\/0001-23 Objeto: Contrata\u00e7\u00e3o de empresa para aquisi\u00e7\u00e3o de servidor (STORAGE, BACKUP) e equipamentos de inform\u00e1tica, com servi\u00e7os de instala\u00e7\u00e3o e implanta\u00e7\u00e3o das solu\u00e7\u00f5es de T.I., em atendimento ao desenvolvimento tecnol\u00f3gico da Prefeitura Municipal de Guara\u00ed destinados a Secretaria Municipal de Planejamento e Finan\u00e7as Signat\u00e1rios:  Lires Teresa Ferneda                       Eryka Cassia de Oliveira Data de Assinatura: 28\/10\/2020.  ITEM\tDESCRI\u00c7\u00c3O ITEM\/OBJETO\tMARCA\tQTDE\tUNID\tV. TOTAL\tV. TOTAL 14\tESTABILIZADOR 1000VA\tTS SHARA \/ POWEREST 1000VA\t17\tUN\t261,76\t4.449,92 Total\t4.449,92  Lires Teresa Ferneda Prefeita    EXTRATO DA ATA DE REGISTRO DE PRE\u00c7OS n.\u00ba  143\/2020 Processo: 077.2.044\/2020 Preg\u00e3o Presencial 044\/2020 \u00d3rg\u00e3o: Prefeitura Municipal de Guara\u00ed-TO. Contratada: K R P CONSULTORIA EM TECNOOGIA DA INFORMA\u00c7\u00c3O LTDA, CNPJ\/MF  n.\u00ba 08.990.948\/0001-43 Objeto: Contrata\u00e7\u00e3o de empresa para aquisi\u00e7\u00e3o de servidor (STORAGE, BACKUP) e equipamentos de inform\u00e1tica, com servi\u00e7os de instala\u00e7\u00e3o e implanta\u00e7\u00e3o das solu\u00e7\u00f5es de T.I., em atendimento ao desenvolvimento tecnol\u00f3gico da Prefeitura Municipal de Guara\u00ed destinados a Secretaria Municipal de Planejamento e Finan\u00e7as Signat\u00e1rios:  Lires Teresa Ferneda                       Diogo Borges Oliveira Data de Assinatura: 28\/10\/2020.  ITEM\tDESCRI\u00c7\u00c3O ITEM\/OBJETO\tMARCA\tQTDE\tUNID\tV. TOTAL\tV. TOTAL 01\tSERVIDOR RACK TIPO 1\tDell\t1\tUN\t121.000,00\t121.000,00 01\tSERVIDOR RACK TIPO 2\tDell\t1\tUN\t55.000,00\t55.000,00 01\tSOLU\u00c7\u00c3O STORAGE\tDell\t1\tUN\t213.000,00\t213.000,00 01\tSOLU\u00c7\u00c3O BACKUP\tDell + Quest\t1\tUN\t94.000,00\t94.000,00 01\tRACK 42U\tAPC\t1\tUN\t12.600,00\t12.600,00 01\tNOBREAK 3KVA\tAPC\t2\tUN\t15.000,00\t30.000,00 01\tSWITCH 24 PORTAS\tDell\t2\tUN\t5.945,00\t11.890,00 01\tSERVI\u00c7OS DE IMPLANTA\u00c7\u00c3O\tDELL + CRP Tecnologia\t1\tSV\t25.000,00\t25.000,00 02\tSOLU\u00c7\u00c3O DE FIREWALL UTM\tSONICWALL\t1\tUN\t60.000,00\t60.000,00 02\tSERV. IMPLANTA\u00c7\u00c3O E TREINAMENTO HANDS FIREWALL\tCRP TECNOLOGIA\t1\tSV\t10.000,00\t10.000,00 03\tSOLU\u00c7\u00c3O DE PROTE\u00c7\u00c3O ENDPOINT\tKASPERSKY\t300\tUN\t175,00\t52.500,00 03\tSERV. IMPLANTA\u00c7\u00c3O E TREINAMENTO HANDS ANTIV\u00cdRUS\tCRP TECNOLOGIA\t1\tSV\t10.000,00\t10.000,00 04\tCOMPUTADOR TIPO 1\tDELL\t50\tUN\t6.250,00\t312.500,00 05\tCOMPUTADOR TIPO 2\tDELL\t4\tUN\t10.000,00\t40.000,00 06\tNOTEBOOK\tDELL\t10\tUN\t6.790,00\t67.900,00 09\tPROJETOR\tVIEWSONIC\t5\tUN\t2.450,00\t12.250,00 10\tPONTO DE ACESSO - AP\tUNIFI\t11\tUN\t1.763,50\t19.398,50 11\tSCANNER\tEPSON\t4\tUN\t3.600,00\t14.400,00 12\tNOBREAK 700 VA\tAPC\t54\tUN\t650,00\t35.100,00 15\tSWITCH 48 PORTAS\tDELL\t2\tUN\t8.800,00\t17.600,00 Total\t1.214.138,50  Lires Teresa Ferneda Prefeita    EXTRATO DA ATA DE REGISTRO DE PRE\u00c7OS n.\u00ba  144\/2020 Processo: 077.2.044\/2020 Preg\u00e3o Presencial 044\/2020 \u00d3rg\u00e3o: Prefeitura Municipal de Guara\u00ed-TO. Contratada: MEGA COM. VAR. ATAC. DE EQUIP. DE INFORMATICA EIRELI, CNPJ\/MF  n.\u00ba 28.734.781\/0001-67 Objeto: Contrata\u00e7\u00e3o de empresa para aquisi\u00e7\u00e3o de servidor (STORAGE, BACKUP) e equipamentos de inform\u00e1tica, com servi\u00e7os de instala\u00e7\u00e3o e implanta\u00e7\u00e3o das solu\u00e7\u00f5es de T.I., em atendimento ao desenvolvimento tecnol\u00f3gico da Prefeitura Municipal de Guara\u00ed destinados a Secretaria Municipal de Planejamento e Finan\u00e7as Signat\u00e1rios:  Lires Teresa Ferneda                       Jair Peres da Silva Data de Assinatura: 28\/10\/2020.  ITEM\tDESCRI\u00c7\u00c3O ITEM\/OBJETO\tMARCA\tQTDE\tUNID\tV. TOTAL\tV. TOTAL 07\tIMPRESSORA MONOCROM\u00c1TICA\txerox\t17\tUN\t1.423,47\t24.198,99 08\tTABLET\tmultilaser\t10\tUN\t1.399,00\t13.990,00 13\tNOBREAK 1400VA \tragtech\t2\tUN\t666,50\t1.333,00 Total\t39.521,99  Lires Teresa Ferneda Prefeita    NOTIFICA\u00c7\u00c3O 01  NOTIFICADA: VM LOCA\u00c7\u00d5ES E SERVI\u00c7OS DE TRANSPORTES EIRELLI  CNPJ: 28.796.562\/0001-02 REPRESENTANTE: VINICIUS  CONTRATO ADMINISTRATIVO: 026\/2020 TOMADA DE PRE\u00c7O: PAVIMENTA\u00c7\u00c3O SETOR CANA\u00c3  \t\tA PREFEITURA MUNICIPAL DE GUARA\u00cd-TO, neste ato representado pela Gestora Lires Teresa Ferneda, vem atrav\u00e9s desta, NOTIFICAR a empresa VM LOCA\u00c7\u00d5ES E SERVI\u00c7OS DE TRANSPORTES EIRELLI  em face do aparecimento de defici\u00eancias da execu\u00e7\u00e3o da reforma, objeto do referido contrato administrativo, conforme Relat\u00f3rio anexo com os registros de todos os defeitos encontrados e das fotografias exemplificativas, a saber:  a)\tInicio de imediato dos meio fios e dissipador de energia, uma vez que, sem os mesmos pode causar danos no atual asfalto, como podemos ver no relat\u00f3rio.  \t\tConforme disposto no Art. 618 do C\u00f3digo Civil Brasileiro: \u201cNos contratos de empreitada de edif\u00edcios ou outras constru\u00e7\u00f5es consider\u00e1veis, o empreiteiro de materiais e execu\u00e7\u00e3o responder\u00e1, durante o prazo irredut\u00edvel de cinco anos, pela solidez e seguran\u00e7a do trabalho, assim em raz\u00e3o dos materiais, como do solo\u201d. \t\tBem como tamb\u00e9m disposto no art. 73, \u00a7 2\u00ba, da Lei n.\u00ba 8.666\/93: \u201cO recebimento provis\u00f3rio ou definitivo n\u00e3o exclui a responsabilidade civil pela solidez e seguran\u00e7a da obra ou do servi\u00e7o, nem \u00e9tico profissional pela perfeita execu\u00e7\u00e3o do contrato, dentro dos limites estabelecidos pela lei ou pelo contrato\u201d. \t\tDiante do exposto, os agentes p\u00fablicos s\u00e3o respons\u00e1veis por notificar a empresa em caso de defeitos na obra, pelo prazo de cinco anos, conforme orienta a OT- IBR 003\/2011, item 4.5 e 4.6:  4.5 A notifica\u00e7\u00e3o aos respons\u00e1veis por quaisquer defeitos verificados em obras p\u00fablicas, durante o prazo quinquenal de garantia, \u00e9 assegurada em fun\u00e7\u00e3o da sua responsabilidade objetiva, determinada pela lei, cabendo a estes as eventuais provas de exclud\u00eancia de culpabilidade, que devem se limitar t\u00e3o somente \u00e0s alega\u00e7\u00f5es de: caso fortuito, motivo de for\u00e7a maior, culpa exclusiva de terceiros e inexist\u00eancia do defeito.  4.6 Os Gestores P\u00fablicos, durante o prazo quinquenal de garantia, s\u00e3o obrigados a notificar os respons\u00e1veis pelos defeitos verificados nas obras p\u00fablicas. Sua omiss\u00e3o ou a realiza\u00e7\u00e3o de quaisquer despesas para as corre\u00e7\u00f5es, sem observ\u00e2ncia dos procedimentos tratados nesta Orienta\u00e7\u00e3o T\u00e9cnica, s\u00e3o tipificadas pelo art. 10 da Lei n\u00ba 8.429\/92, Lei de Improbidade Administrativa, que define: Constitui ato de improbidade administrativa que causa les\u00e3o ao er\u00e1rio qualquer a\u00e7\u00e3o ou omiss\u00e3o, dolosa ou culposa, que enseje perda patrimonial, desvio, apropria\u00e7\u00e3o, malbaratamento ou dilapida\u00e7\u00e3o dos bens ou haveres das entidades referidas no art. 1\u00ba desta Lei.  \t\tEm face do acima descrito, convicta do vosso melhor entendimento, venho solicitar a r\u00e1pida repara\u00e7\u00e3o\/elimina\u00e7\u00e3o dos defeitos supra mencionados, para a execu\u00e7\u00e3o dos respectivos trabalhos. \t\tNa expectativa de breve resposta de Vossa Senhoria, que solicito num prazo m\u00e1ximo de 05 (cinco) dias, a contar do recebimento desta, numa \u00faltima tentativa de evitar o recurso a resolu\u00e7\u00e3o pela via judicial, para a realiza\u00e7\u00e3o coativa das repara\u00e7\u00f5es devidas.  Guara\u00ed - TO, 27 de Outubro de 2020.  \t   LIRES TERESA FERNEDA Gestora Municipal \t  JUCELIO J. DA SILVA JR Engenheiro Civil Fiscal\">.<\/a><\/p>\n<p>BAIXAR PDF: <a href=\"https:\/\/guarai.to.gov.br\/portal\/wp-content\/uploads\/2020\/10\/DOM-1024.pdf\">Edi\u00e7\u00e3o Ordin\u00e1ria 1.024 de 29 de outubro de 2020<\/a><\/p>\n","protected":false},"excerpt":{"rendered":"<p>. BAIXAR PDF: Edi\u00e7\u00e3o Ordin\u00e1ria 1.024 de 29 de outubro de 2020<\/p>\n","protected":false},"author":28,"featured_media":0,"comment_status":"closed","ping_status":"closed","sticky":false,"template":"","format":"standard","meta":{"footnotes":""},"categories":[90],"tags":[197],"class_list":["post-33623","post","type-post","status-publish","format-standard","hentry","category-diario-oficial","tag-diario-oficial","entry"],"_links":{"self":[{"href":"https:\/\/guarai.to.gov.br\/portal\/wp-json\/wp\/v2\/posts\/33623","targetHints":{"allow":["GET"]}}],"collection":[{"href":"https:\/\/guarai.to.gov.br\/portal\/wp-json\/wp\/v2\/posts"}],"about":[{"href":"https:\/\/guarai.to.gov.br\/portal\/wp-json\/wp\/v2\/types\/post"}],"author":[{"embeddable":true,"href":"https:\/\/guarai.to.gov.br\/portal\/wp-json\/wp\/v2\/users\/28"}],"replies":[{"embeddable":true,"href":"https:\/\/guarai.to.gov.br\/portal\/wp-json\/wp\/v2\/comments?post=33623"}],"version-history":[{"count":1,"href":"https:\/\/guarai.to.gov.br\/portal\/wp-json\/wp\/v2\/posts\/33623\/revisions"}],"predecessor-version":[{"id":33625,"href":"https:\/\/guarai.to.gov.br\/portal\/wp-json\/wp\/v2\/posts\/33623\/revisions\/33625"}],"wp:attachment":[{"href":"https:\/\/guarai.to.gov.br\/portal\/wp-json\/wp\/v2\/media?parent=33623"}],"wp:term":[{"taxonomy":"category","embeddable":true,"href":"https:\/\/guarai.to.gov.br\/portal\/wp-json\/wp\/v2\/categories?post=33623"},{"taxonomy":"post_tag","embeddable":true,"href":"https:\/\/guarai.to.gov.br\/portal\/wp-json\/wp\/v2\/tags?post=33623"}],"curies":[{"name":"wp","href":"https:\/\/api.w.org\/{rel}","templated":true}]}}