{"id":36939,"date":"2021-04-16T14:42:05","date_gmt":"2021-04-16T17:42:05","guid":{"rendered":"https:\/\/guarai.to.gov.br\/portal\/?p=36939"},"modified":"2021-04-16T14:42:05","modified_gmt":"2021-04-16T17:42:05","slug":"edicao-ordinaria-1-131-de-16-de-abril-de-2021","status":"publish","type":"post","link":"https:\/\/guarai.to.gov.br\/portal\/2021\/04\/16\/edicao-ordinaria-1-131-de-16-de-abril-de-2021\/","title":{"rendered":"Edi\u00e7\u00e3o Ordin\u00e1ria 1.131 de 16 de abril de 2021"},"content":{"rendered":"<a href=\"https:\/\/guarai.to.gov.br\/portal\/wp-content\/uploads\/2021\/04\/DOM-1131.pdf\" class=\"pdfemb-viewer\" style=\"width:1200px;height:1500px;\" data-width=\"1200\" data-height=\"1500\" data-toolbar=\"both\" data-toolbar-fixed=\"on\">DOM 1131<\/a>\n<p><a href=\"http:\/\/DECRETO N\u00ba 1.573\/2021 DE 15 DE ABRIL DE 2021   \u201cDESCARACTERIZA IM\u00d3VEL URBANO PARA IM\u00d3VEL RURAL, QUE ESPECIFICA E D\u00c1 PROVID\u00caNCIAS CORRELATAS. \u201d A PREFEITA MUNICIPAL DE GUARA\u00cd, no uso das atribui\u00e7\u00f5es que lhe confere a Lei Org\u00e2nica do Munic\u00edpio de n\u00b0 001\/2006 e a Lei Federal n\u00ba 6.015\/73. CONSIDERANDO o Parecer da Sala T\u00e9cnica de Engenharia, exarado no Processo Administrativo n\u00ba 5433\/2020, o qual atesta que a \u00e1rea n\u00e3o perdeu sua caracter\u00edstica de explora\u00e7\u00e3o agr\u00edcola; CONSIDERANDO que o im\u00f3vel encontra-se como rural no Certificado de Cadastro de Im\u00f3vel Rural, com pagamentos anuais de ITR, estando somente como urbano no sistema de cadastro municipal; CONSIDERANDO Declara\u00e7\u00e3o de n\u00ba 01\/2021, emitida pelo T\u00e9cnico Respons\u00e1vel, Sr. Odegleyson Tavares dos Reis, o qual relata que o im\u00f3vel n\u00e3o possui nenhum equipamento p\u00fablico previsto no \u00a75\u00ba do Art. 2\u00ba da Lei n\u00ba 6.766\/79; CONSIDERANDO o Art. 4\u00ba do Estatuto da Terra, o qual traz as caracter\u00edsticas para defini\u00e7\u00e3o de im\u00f3vel rural; CONSIDERANDO o \u00a71\u00ba do Art. 32 do C\u00f3digo Tribut\u00e1rio Nacional, que especifica o que se entende como zona urbana, devendo haver pelo menos 2 (dois) melhoramentos elencados pelo dispositivo legal retrocitado, e levando em considera\u00e7\u00e3o que o mencionado im\u00f3vel continua tendo finalidade rural; D  E  C  R  E  T  A Art. 1\u00ba Fica REVOGADO a natureza jur\u00eddica urbana, da \u00e1rea mencionada no Atestado de Per\u00edmetro Urbano, emitido no dia 27 de maio de 2013, que atestou parte do Lote 24 do Loteamento Guar\u00e1 como urbano. Art. 2\u00ba Fica DESCARACTERIZADO como de natureza jur\u00eddico Urbana o im\u00f3vel, parte do Lote n\u00ba 24, Loteamento Guar\u00e1, \u00e1rea de 44.800 m\u00b2, localizado neste munic\u00edpio, definindo-o como \u00e1rea de natureza jur\u00eddico rural, com 4,4800 hectares, inscrito sob matricula n\u00b0 M-6747 junto ao Cart\u00f3rio de Im\u00f3veis de Guara\u00ed\/TO. Art. 3\u00ba Este Decreto entra em vigor na data de sua publica\u00e7\u00e3o, revogadas as disposi\u00e7\u00f5es em contr\u00e1rio.    Registre-se, Publique-se e Cumpra-se.  GABINETE DA PREFEITA MUNICIPAL E DA SECRET\u00c1RIA DE ADMINISTRA\u00c7\u00c3O, PLANEJAMENTO, FINAN\u00c7AS E HABITA\u00c7\u00c3O DE GUARA\u00cd, Estado do Tocantins, aos quinze dias do m\u00eas de abril do ano de 2021.   Maria de F\u00e1tima Coelho Nunes Prefeita Municipal  Karina Adriana Sacramento Secret\u00e1ria de Administra\u00e7\u00e3o, Planejamento, Finan\u00e7as e Habita\u00e7\u00e3o  ERRATA  Comunicamos a quem interessar que, a Ata e no extrato 048\/2021 do Fundo Municipal de Educa\u00e7\u00e3o de Guara\u00ed, Processo 3740\/2021, que trata sobre contrata\u00e7\u00e3o de empresa especializada para eventual presta\u00e7\u00e3o de servi\u00e7os de reprografia (xerox, impress\u00e3o e embalagem pl\u00e1stica), visando atender as demandas do Fundo Municipal de Educa\u00e7\u00e3o, \u201cNA CL\u00c1USULA SEGUNDA \u2013 DOS PRE\u00c7OS, ESPECIFICA\u00c7\u00d5ES E QUANTITATIVOS\u201d   ONDE SE L\u00ca ITEM\tDESCRI\u00c7\u00c3O ITEM\/OBJETO\tMARCA\tQTDE\tUNID\tV. TOTAL\tV. TOTAL 01\tCOPIA PRETO E BRANCO\tSERVI\u00c7O\t179.150\tUN\t0,07\t12.405,00  LEIA-SE ITEM\tDESCRI\u00c7\u00c3O ITEM\/OBJETO\tMARCA\tQTDE\tUNID\tV. TOTAL\tV. TOTAL 01\tCOPIA PRETO E BRANCO\tSERVI\u00c7O\t179.150\tUN\t0,07\t12.540,50  Sebasti\u00e3o Mendes de Sousa Gestor do Fundo Municipal de Educa\u00e7\u00e3o\">.<\/a><\/p>\n<p>BAIXAR PDF: <a href=\"https:\/\/guarai.to.gov.br\/portal\/wp-content\/uploads\/2021\/04\/DOM-1131.pdf\">Edi\u00e7\u00e3o Ordin\u00e1ria 1.131 de 16 de abril de 2021<\/a><\/p>\n","protected":false},"excerpt":{"rendered":"<p>. BAIXAR PDF: Edi\u00e7\u00e3o Ordin\u00e1ria 1.131 de 16 de abril de 2021<\/p>\n","protected":false},"author":28,"featured_media":31680,"comment_status":"closed","ping_status":"closed","sticky":false,"template":"","format":"standard","meta":{"footnotes":""},"categories":[90],"tags":[197],"class_list":["post-36939","post","type-post","status-publish","format-standard","has-post-thumbnail","hentry","category-diario-oficial","tag-diario-oficial","entry"],"_links":{"self":[{"href":"https:\/\/guarai.to.gov.br\/portal\/wp-json\/wp\/v2\/posts\/36939","targetHints":{"allow":["GET"]}}],"collection":[{"href":"https:\/\/guarai.to.gov.br\/portal\/wp-json\/wp\/v2\/posts"}],"about":[{"href":"https:\/\/guarai.to.gov.br\/portal\/wp-json\/wp\/v2\/types\/post"}],"author":[{"embeddable":true,"href":"https:\/\/guarai.to.gov.br\/portal\/wp-json\/wp\/v2\/users\/28"}],"replies":[{"embeddable":true,"href":"https:\/\/guarai.to.gov.br\/portal\/wp-json\/wp\/v2\/comments?post=36939"}],"version-history":[{"count":1,"href":"https:\/\/guarai.to.gov.br\/portal\/wp-json\/wp\/v2\/posts\/36939\/revisions"}],"predecessor-version":[{"id":36940,"href":"https:\/\/guarai.to.gov.br\/portal\/wp-json\/wp\/v2\/posts\/36939\/revisions\/36940"}],"wp:featuredmedia":[{"embeddable":true,"href":"https:\/\/guarai.to.gov.br\/portal\/wp-json\/wp\/v2\/media\/31680"}],"wp:attachment":[{"href":"https:\/\/guarai.to.gov.br\/portal\/wp-json\/wp\/v2\/media?parent=36939"}],"wp:term":[{"taxonomy":"category","embeddable":true,"href":"https:\/\/guarai.to.gov.br\/portal\/wp-json\/wp\/v2\/categories?post=36939"},{"taxonomy":"post_tag","embeddable":true,"href":"https:\/\/guarai.to.gov.br\/portal\/wp-json\/wp\/v2\/tags?post=36939"}],"curies":[{"name":"wp","href":"https:\/\/api.w.org\/{rel}","templated":true}]}}