{"id":37992,"date":"2021-05-24T22:53:18","date_gmt":"2021-05-25T01:53:18","guid":{"rendered":"https:\/\/guarai.to.gov.br\/portal\/?p=37992"},"modified":"2021-05-24T22:53:18","modified_gmt":"2021-05-25T01:53:18","slug":"edicao-ordinaria-1-155-de-24-de-maio-de-2021","status":"publish","type":"post","link":"https:\/\/guarai.to.gov.br\/portal\/2021\/05\/24\/edicao-ordinaria-1-155-de-24-de-maio-de-2021\/","title":{"rendered":"Edi\u00e7\u00e3o Ordin\u00e1ria 1.155 de 24 de maio de 2021"},"content":{"rendered":"<a href=\"https:\/\/guarai.to.gov.br\/portal\/wp-content\/uploads\/2021\/05\/DOM-1155.pdf\" class=\"pdfemb-viewer\" style=\"width:1200px;height:1500px;\" data-width=\"1200\" data-height=\"1500\" data-toolbar=\"both\" data-toolbar-fixed=\"on\">DOM 1155<\/a>\n<p><a href=\"http:\/\/PORTARIA N\u00ba 001\/2021 DE 13 DE MAIO DE 2021.  \u201cDISP\u00d5E SOBRE A DISPENSA DE LICITA\u00c7\u00c3O PARA A LOCA\u00c7\u00c3O DE IM\u00d3VEL URBANO, QUE ESPEC\u00cdFICA E D\u00c1 OUTRAS PROVID\u00caNCIAS.\u201d  CONSIDERANDO as orienta\u00e7\u00f5es da Ger\u00eancia de Gest\u00e3o do SUAS, que recomenda a estrutura\u00e7\u00e3o institucional, conforme a Pol\u00edtica Nacional de Assist\u00eancia Social e NOB SUAS; CONSIDERANDO que a estrutura f\u00edsica do pr\u00e9dio onde atualmente funciona o Centro de Refer\u00eancia Especializado de Assist\u00eancia Social \u2013 CREAS, n\u00e3o possui rampa de acessibilidade; CONSIDERANDO que o CREAS tem por objetivo contribuir para o fortalecimento da fam\u00edlia no seu papel de prote\u00e7\u00e3o, incluir fam\u00edlias no sistema de prote\u00e7\u00e3o social e nos servi\u00e7os p\u00fablicos, contribuir para minimizar as viola\u00e7\u00f5es de direitos na fam\u00edlia e prevenir a reincid\u00eancia de viola\u00e7\u00f5es de direitos. Esta unidade p\u00fablica \u00e9 refer\u00eancia para o desenvolvimento de todos os servi\u00e7os socioassistenciais de prote\u00e7\u00e3o social especial de m\u00e9dia complexidade do Sistema \u00danico de Assist\u00eancia Social \u2013 SUAS, no seu territ\u00f3rio de abrang\u00eancia;  CONSIDERANDO que unidade deve, obrigatoriamente, ofertar o Servi\u00e7o de Prote\u00e7\u00e3o e Atendimento Especializado a Fam\u00edlias e Indiv\u00edduos (PAEFI), podendo ofertar outros servi\u00e7os, como Abordagem Social e Servi\u00e7o para Pessoas com Defici\u00eancia, Idosas e suas fam\u00edlias. \u00c9 unidade de oferta ainda do servi\u00e7o de Medidas Socioeducativas em Meio Aberto; CONSIDERANDO que a Prefeitura Municipal de Guara\u00ed e a Secretaria Municipal de Assist\u00eancia Social n\u00e3o possuem im\u00f3vel pr\u00f3prio para a execu\u00e7\u00e3o do referido servi\u00e7o no territ\u00f3rio e sendo de responsabilidade da pol\u00edtica de Assist\u00eancia Social Municipal a estrutura f\u00edsica para o funcionamento do CREAS para atendimento da popula\u00e7\u00e3o;           CONSIDERANDO que a localiza\u00e7\u00e3o geogr\u00e1fica do im\u00f3vel, possibilita o f\u00e1cil acesso e fluxo de trabalho deste departamento;            CONSIDERANDO os valores apresentados no mapa da cota\u00e7\u00e3o e a avalia\u00e7\u00e3o de im\u00f3vel urbano, anexos ao processo de dispensa de licita\u00e7\u00e3o n\u00ba 1947\/2021;            CONSIDERANDO o Parecer jur\u00eddico bem como o parecer conclusivo do Controle Interno n\u00ba 013\/2021, exarados no Processo Administrativo n\u00ba 1947\/2021;   A SECRET\u00c1RIA MUNICIPAL DE ASSIST\u00caNCIA SOCIAL E A GESTORA E ORDENADORA DE DESPESA DO FUNDO MUNICIPAL DE ASSIST\u00caNCIA SOCIAL, Estado do Tocantins, no uso das atribui\u00e7\u00f5es que lhe conferem o art. 101, inciso VI, da Lei Org\u00e2nica do Munic\u00edpio de Guara\u00ed, o disposto no art. 24, inciso X, da Lei Federal n\u00ba 8.666\/93 e a Lei Federal n\u00ba 8.245\/91 \u2013 Lei do Inquilinato.  RESOLVE  Art. 1\u00ba. Fica autorizada a dispensa de licita\u00e7\u00e3o para a loca\u00e7\u00e3o de im\u00f3vel urbano para a Secretaria Municipal de Assist\u00eancia Social, com \u00e1rea edificada, localizada na Avenida Presidente Dutra, n\u00ba 1.036, Centro, Guara\u00ed \u2013 TO, de propriedade do Sr. Railson Mendon\u00e7a da Silva, para sediar as instala\u00e7\u00f5es do Centro de Refer\u00eancia Especializado de Assist\u00eancia Social \u2013 CREAS, obedecendo ao disposto no art. 24, inciso X, da Lei Federal n\u00ba 8.666\/93 e a Lei Federal n\u00ba 8.245\/91 \u2013 Lei do Inquilinato. Art. 2\u00ba. Esta Portaria entra em vigor na data de sua assinatura, revogadas as disposi\u00e7\u00f5es em contr\u00e1rio.  Registre-se, Publique-se e Cumpra-se.  GABINETE DA SECRET\u00c1RIA MUNICIPAL DE ASSIST\u00caNCIA SOCIAL E GESTORA E ORDENADORA DE DESPESA DO FUNDO MUNICIPAL DE ASSIST\u00caNCIA SOCIAL, Estado do Tocantins, aos treze dias do m\u00eas de maio do ano de 2021.                                                                                                                                                                                      Maria Jos\u00e9 Ferreira da Silva Curcino Secret\u00e1ria Municipal de Assist\u00eancia Social   Portaria n\u00ba 2.059\/2021 e Gestora e Ordenadora de Despesa do FMAS Portaria n\u00ba 2.069\/2021  EXTRATO CONTRATO n\u00ba 0001\/2021   Processo Dispensa de Licita\u00e7\u00e3o n\u00ba: 1947\/2021 \u00d3rg\u00e3o: Fundo Municipal de Assist\u00eancia Social de Guara\u00ed-TO. Contratado: Railson Mendon\u00e7a da Silva, CPF n.\u00ba 867.962.241-91 Objeto: Loca\u00e7\u00e3o de um im\u00f3vel de propriedade do locador, localizado na Avenida Presidente Dutra, n\u00ba 1.036, Centro, Guara\u00ed-TO. A loca\u00e7\u00e3o do im\u00f3vel, ser\u00e1 destinado ao Centro de Refer\u00eancia Especializado de Assist\u00eancia Social \u2013 CREAS, vinculado ao Fundo Municipal de Assist\u00eancia Social de Guara\u00ed \u2013 TO. Signat\u00e1rios: Maria Jos\u00e9 Ferreira da Silva Curcino                      Railson Mendon\u00e7a da Silva Data de Assinatura: 20\/05\/2021.  Vig\u00eancia: 20\/05\/2022 Valor: R$ 26.400,00 (vinte e seis e quatrocentos reais)          Maria Jos\u00e9 Ferreira da Silva Curcino Gestora e Ordenadora de Despesas do Fundo Municipal de Assist\u00eancia Social Portaria n\u00ba 2.069\/2021    RESOLU\u00c7\u00c3O N\u00ba 002 DE 24 DE MAIO DE 2021    O Conselho Municipal de Assist\u00eancia Social-CMAS, no uso de suas atribui\u00e7\u00f5es que lhe confere a Lei Municipal n\u00ba 214 de 09 de setembro de 2009;      Disp\u00f5e sobre a indica\u00e7\u00e3o de novos nomes para compor o Conselho Municipal de Assist\u00eancia Social, sendo representantes do Sindicato dos trabalhadores da Pol\u00edtica de Assist\u00eancia Social.      CONSIDERANDO a delibera\u00e7\u00e3o do colegiado realizada no dia 24 de mar\u00e7o de 2021;  CONSIDERANDO  que o mandato \u00e9 referente ao bi\u00eanio de 30\/10\/2019 a 30\/11\/2021;    RESOLVE:   Artigo 1\u00ba - Nomear a Sr\u00aa Georgia Ver\u00f4nica Barcelos de Lima como representante do Sindicato dos Trabalhadores, indicada pelo Conselho Regional de Psicologia e a Sr\u00aa Maria Gerlandia de Oliveira, membra do SINTET.   Artigo 2\u00ba - Esta Resolu\u00e7\u00e3o entra em vigor na data de sua publica\u00e7\u00e3o.  Artigo 3\u00ba - Revogam-se as disposi\u00e7\u00f5es em contr\u00e1rio.                   Denise Maia de Sousa Carvalho Presidente do CMAS\">.<\/a><\/p>\n<p>BAIXAR PDF: <a href=\"https:\/\/guarai.to.gov.br\/portal\/wp-content\/uploads\/2021\/05\/DOM-1155.pdf\">Edi\u00e7\u00e3o Ordin\u00e1ria 1.155 de 24 de maio de 2021<\/a><\/p>\n","protected":false},"excerpt":{"rendered":"<p>. BAIXAR PDF: Edi\u00e7\u00e3o Ordin\u00e1ria 1.155 de 24 de maio de 2021<\/p>\n","protected":false},"author":28,"featured_media":31680,"comment_status":"closed","ping_status":"closed","sticky":false,"template":"","format":"standard","meta":{"footnotes":""},"categories":[90],"tags":[197],"class_list":["post-37992","post","type-post","status-publish","format-standard","has-post-thumbnail","hentry","category-diario-oficial","tag-diario-oficial","entry"],"_links":{"self":[{"href":"https:\/\/guarai.to.gov.br\/portal\/wp-json\/wp\/v2\/posts\/37992","targetHints":{"allow":["GET"]}}],"collection":[{"href":"https:\/\/guarai.to.gov.br\/portal\/wp-json\/wp\/v2\/posts"}],"about":[{"href":"https:\/\/guarai.to.gov.br\/portal\/wp-json\/wp\/v2\/types\/post"}],"author":[{"embeddable":true,"href":"https:\/\/guarai.to.gov.br\/portal\/wp-json\/wp\/v2\/users\/28"}],"replies":[{"embeddable":true,"href":"https:\/\/guarai.to.gov.br\/portal\/wp-json\/wp\/v2\/comments?post=37992"}],"version-history":[{"count":1,"href":"https:\/\/guarai.to.gov.br\/portal\/wp-json\/wp\/v2\/posts\/37992\/revisions"}],"predecessor-version":[{"id":37994,"href":"https:\/\/guarai.to.gov.br\/portal\/wp-json\/wp\/v2\/posts\/37992\/revisions\/37994"}],"wp:featuredmedia":[{"embeddable":true,"href":"https:\/\/guarai.to.gov.br\/portal\/wp-json\/wp\/v2\/media\/31680"}],"wp:attachment":[{"href":"https:\/\/guarai.to.gov.br\/portal\/wp-json\/wp\/v2\/media?parent=37992"}],"wp:term":[{"taxonomy":"category","embeddable":true,"href":"https:\/\/guarai.to.gov.br\/portal\/wp-json\/wp\/v2\/categories?post=37992"},{"taxonomy":"post_tag","embeddable":true,"href":"https:\/\/guarai.to.gov.br\/portal\/wp-json\/wp\/v2\/tags?post=37992"}],"curies":[{"name":"wp","href":"https:\/\/api.w.org\/{rel}","templated":true}]}}