{"id":40921,"date":"2021-11-16T19:04:59","date_gmt":"2021-11-16T22:04:59","guid":{"rendered":"https:\/\/guarai.to.gov.br\/portal\/?p=40921"},"modified":"2021-11-16T19:05:01","modified_gmt":"2021-11-16T22:05:01","slug":"edicao-ordinaria-1-265-de-16-de-novembro-de-2021","status":"publish","type":"post","link":"https:\/\/guarai.to.gov.br\/portal\/2021\/11\/16\/edicao-ordinaria-1-265-de-16-de-novembro-de-2021\/","title":{"rendered":"Edi\u00e7\u00e3o Ordin\u00e1ria 1.265 de 16 de novembro de 2021"},"content":{"rendered":"<a href=\"https:\/\/guarai.to.gov.br\/portal\/wp-content\/uploads\/2021\/11\/DOM-1265.pdf\" class=\"pdfemb-viewer\" style=\"width:1200px;height:1500px;\" data-width=\"1200\" data-height=\"1500\" data-toolbar=\"both\" data-toolbar-fixed=\"on\">DOM-1265<\/a>\n<p class=\"wp-block-pdfemb-pdf-embedder-viewer\"><\/p>\n\n\n\n<p><a href=\"http:\/\/EXTRATO DA ATA DE REGISTRO DE PRE\u00c7OS N.\u00ba 157 \/2021.  Processo:2979 \/2021 Preg\u00e3o Eletr\u00f4nico: 037\/2021      \u00d3RG\u00c3O: Fundo Municipal de Sa\u00fade-TO. CONTRATADA: BIOMED DISTRIBUIDORA DE MEDICAMENTOS EIRELI, CNPJ\/MF sob o n.\u00ba  38.329.458\/0001-61 Objeto: Contrata\u00e7\u00e3o de empresa para aquisi\u00e7\u00e3o de medicamentos, para atender as demandas Farm\u00e1cia B\u00e1sica do Fundo Municipal, registrados na ANVISA em atendimento as necessidades da Secretaria Municipal de Sa\u00fade de Guara\u00ed - TO Signat\u00e1rios:  Wellinton de Sousa Silva                         Catia Manoela Gasparetto Data de Assinatura: 05\/11\/2021. ITEM\tDESCRI\u00c7\u00c3O\tUNID.\tQUANT.\tMARCA\tV. UNIT\tV. TOTAL 119\tLORATADINA, CONCENTRA\u00c7\u00c3O: 1MG\/ML, TIPO ME-DICAMENTO: XAROPE 100ML\tFRC\t360\tMARIOL\t2.87\t1.033,20 134\tNIMESULIDA 100MG\tCOMP\t30.000\tPRATI I\t0,1066\t3.199,95 TOTAL\t4.233,154  Wellinton de Sousa Silva  Gestor Fundo Municipal de Sa\u00fade  EXTRATO DA ATA DE REGISTRO DE PRE\u00c7OS N.\u00ba 158 \/2021.  Processo:2979 \/2021 Preg\u00e3o Eletr\u00f4nico: 037\/2021      \u00d3RG\u00c3O: Fundo Municipal de Sa\u00fade-TO. CONTRATADA: ARMAZEM DOS MEDICAMENTOS EIRELI, CNPJ\/MF sob o n.\u00ba 27.718.661\/0001-03 Objeto: Contrata\u00e7\u00e3o de empresa para aquisi\u00e7\u00e3o de medicamentos, para atender as demandas Farm\u00e1cia B\u00e1sica do Fundo Municipal, registrados na ANVISA em atendimento as necessidades da Secretaria Municipal de Sa\u00fade de Guara\u00ed - TO Signat\u00e1rios:  Wellinton de Sousa Silva                         Anderson Figueiredo de Oliveira Data de Assinatura: 05\/11\/2021. ITEM\tDESCRI\u00c7\u00c3O\tUNID.\tQUANT.\tMARCA\tV. UNIT\tV. TOTAL 13\tALUPURINOL 300MG COMP\tCOMP\t1.000\tSANDOZ\t0,30\t300,00 107\tIBUPROFENO 600MG\tCOMP\t15.000\tPRATI I\t0,1980\t2.970,00 121\tMESILATO DE DOXAZOSINA 2MG\tCOMP\t1.000\tSANDOZI\t0,1290\t129,00 124\tMETFORMINA 850MG\tCOMP\t120.000\tPRATI \t0,095\t11.400,00 126\tMETRONIDAZOL 250MG\tCOMP\t10.000\tPRATI\t0,16\t1.600,00 130\tMICONAZOL NITRATO, DOSAGEM: 2%, APRESENTA-\u00c7\u00c3O: CREME VAGINAL 80G\tTB\t200\tPRATI \t7,30\t1.460,00 142\tPARACETAMOL 500MG\tCOMP\t23.000\tPRATI\t0,139\t3.197,00 TOTAL\t21.056,00  Wellinton de Sousa Silva  Gestor Fundo Municipal de Sa\u00fade  EXTRATO DA ATA DE REGISTRO DE PRE\u00c7OS N.\u00ba 159 \/2021.  Processo:2979 \/2021 Preg\u00e3o Eletr\u00f4nico: 037\/2021      \u00d3RG\u00c3O: Fundo Municipal de Sa\u00fade-TO. CONTRATADA: AS COM\u00c9RCIO DE PRODUTOS HOSPITALARES EIRELI, CNPJ\/MF sob o n.\u00ba 37.584.023\/0001-09 Objeto: Contrata\u00e7\u00e3o de empresa para aquisi\u00e7\u00e3o de medicamentos, para atender as demandas Farm\u00e1cia B\u00e1sica do Fundo Municipal, registrados na ANVISA em atendimento as necessidades da Secretaria Municipal de Sa\u00fade de Guara\u00ed - TO Signat\u00e1rios:  Wellinton de Sousa Silva                         Fernando Ra\u00fajo Luz Data de Assinatura: 05\/11\/2021. ITEM\tDESCRI\u00c7\u00c3O\tUNID.\tQUANT.\tMARCA\tV. UNIT\tV. TOTAL 10\tALBENDAZOL 40MG\/ML  10ML\tFRC\t2.000\tPRATI\t0,9490\t1.898,00 16\tAMIODARONA DOSAGEN: 200MG\tCOMP\t12.000\tGEOLAB\t0,556\t6.672,00 22\tANLODIPINO BESILATO, DOSAGEM 10MG\tCOMP\t40.000\tGEOLAB\t0,077\t3.080,00 23\tATENOLOL, DOSAGEM: 100MG\tCOMP\t1.200\tPRATI \t0,13\t156,00 58\tCLONAZEPAM, DOSAGEM: 2,5 MG\/ML, APRESENTA-\u00c7\u00c3O: SOLU\u00c7\u00c3O ORAL- GOTAS 20ML\tFRC\t250\tGEOLAB\t2,064\t516,00 73\tDEXCLORFENIRAMINA MALEATO, DOSAG:2 MG\tCOMP\t4.500\tGEOLAB\t0,05\t225,00 140\tPARACETAMOL + CODE\u00cdNA 500MG + 30MG\tCOMP\t6.000\tGEOLAB\t0,449\t2.694,00 TOTAL\t15.241,00  Wellinton de Sousa Silva  Gestor Fundo Municipal de Sa\u00fade  EXTRATO DA ATA DE REGISTRO DE PRE\u00c7OS N.\u00ba 160 \/2021.  Processo:2979 \/2021 Preg\u00e3o Eletr\u00f4nico: 037\/2021      \u00d3RG\u00c3O: Fundo Municipal de Sa\u00fade-TO. CONTRATADA: CLM FARMA COMERCIO E DISTRIBUIDORA DE MEDICAMENTOSLTDA, CNPJ\/MF sob o n.\u00ba40.274.237\/0001-85 Objeto: Contrata\u00e7\u00e3o de empresa para aquisi\u00e7\u00e3o de medicamentos, para atender as demandas Farm\u00e1cia B\u00e1sica do Fundo Municipal, registrados na ANVISA em atendimento as necessidades da Secretaria Municipal de Sa\u00fade de Guara\u00ed - TO Signat\u00e1rios:  Wellinton de Sousa Silva                         Carla Eva Prichoa Data de Assinatura: 05\/11\/2021. ITEM\tDESCRI\u00c7\u00c3O\tUNID.\tQUANT.\tMARCA\tV. UNIT\tV. TOTAL 25\tATENOLOL, DOSAGEM: 50 MG\tCOMP\t25.000\tPRATI I\t0,0999\t2.499,97 56\tCLONAZEPAM, DOSAGEM: 0,5 MG\tCOMP\t1.740\tGEOLAB\t0,0849\t147,85 57\tCLONAZEPAM, DOSAGEM: 2 MG\tCOMP\t12.000\tGEOLAB\t0,0799\t959,95 96\tGLIBENCLAMIDA 5MG\tCOMP\t70.000\tGEOLAB\t0,0399\t2.799,92 122\tMESILATO DE DOXAZOSINA 4MG COMPRIMI-DOS\tCOMP\t300\tPRATI \t0,233\t69,91 150\tPROMETAZINA CLORIDRATO, DOSAGEM: 25 MG\tCOMP\t30.000\tSANVAL\t0,1896\t5.690,07 TOTAL\t12.167,67  Wellinton de Sousa Silva  Gestor Fundo Municipal de Sa\u00fade  EXTRATO DA ATA DE REGISTRO DE PRE\u00c7OS N.\u00ba  161\/2021.  Processo:2979 \/2021 Preg\u00e3o Eletr\u00f4nico: 037\/2021      \u00d3RG\u00c3O: Fundo Municipal de Sa\u00fade-TO. CONTRATADA: 3MED DISTRIBUIDORA DE MEDICAMENTOS LTDA, CNPJ\/MF sob o n.\u00ba 29.043.834\/0001-66 Objeto: Contrata\u00e7\u00e3o de empresa para aquisi\u00e7\u00e3o de medicamentos, para atender as demandas Farm\u00e1cia B\u00e1sica do Fundo Municipal, registrados na ANVISA em atendimento as necessidades da Secretaria Municipal de Sa\u00fade de Guara\u00ed - TO Signat\u00e1rios:  Wellinton de Sousa Silva                         Yuri Renan Bergamin Data de Assinatura: 05\/11\/2021. ITEM\tDESCRI\u00c7\u00c3O\tUNID.\tQUANT.\tMARCA\tV. UNIT\tV. TOTAL 71\tDEXAMETAZONA 1% CREME 10G\tBisnagas\t800\tPRATI \t1,30\t1.040,00 135\tNISTATINA SUP 100.000UI 30ML\tFRC\t100\tPRATI \t3,77\t377,00 148\tPrednisona, dosagem 5mg\tComp.\t10000\tSANVAL\t0,10\t1.000,00 TOTAL\t2.417,00  Wellinton de Sousa Silva  Gestor Fundo Municipal de Sa\u00fade  EXTRATO DA ATA DE REGISTRO DE PRE\u00c7OS N.\u00ba162 \/2021.  Processo:2979 \/2021 Preg\u00e3o Eletr\u00f4nico: 037\/2021      \u00d3RG\u00c3O: Fundo Municipal de Sa\u00fade-TO. CONTRATADA: M. F. CARNEIRO LTDA, inscrita no CNPJ\/MF sob o n.\u00ba07.563.253\/0001-12 Objeto: Contrata\u00e7\u00e3o de empresa para aquisi\u00e7\u00e3o de medicamentos, para atender as demandas Farm\u00e1cia B\u00e1sica do Fundo Municipal, registrados na ANVISA em atendimento as necessidades da Secretaria Municipal de Sa\u00fade de Guara\u00ed - TO Signat\u00e1rios:  Wellinton de Sousa Silva                         Monica Fabiana Carneiro Data de Assinatura: 05\/11\/2021. ITEM\tDESCRI\u00c7\u00c3O\tUNID.\tQUANT.\tMARCA\tV. UNIT\tV. TOTAL 1\tACETILCISTEINA 200 MG GRANULADO SACHE\t600\tENVELOPE\tSuprafarma\t0,66\t396,00 TOTAL\t396,00  Wellinton de Sousa Silva  Gestor Fundo Municipal de Sa\u00fade  EXTRATO DA ATA DE REGISTRO DE PRE\u00c7OS N.\u00ba163 \/2021.  Processo:2979 \/2021 Preg\u00e3o Eletr\u00f4nico: 037\/2021      \u00d3RG\u00c3O: Fundo Municipal de Sa\u00fade-TO. CONTRATADA: MEDMAX COM\u00c9RCIO DE MEDICAMENTOS LTDA, CNPJ\/MF sob o n.\u00ba 16.553.940\/0001-48 Objeto: Contrata\u00e7\u00e3o de empresa para aquisi\u00e7\u00e3o de medicamentos, para atender as demandas Farm\u00e1cia B\u00e1sica do Fundo Municipal, registrados na ANVISA em atendimento as necessidades da Secretaria Municipal de Sa\u00fade de Guara\u00ed - TO Signat\u00e1rios:  Wellinton de Sousa Silva                         Claudio Zicatto Data de Assinatura: 05\/11\/2021. ITEM\tDESCRI\u00c7\u00c3O\tUNID.\tQUANT.\tMARCA\tV. UNIT\tV. TOTAL 120\tLOSARTANA 50MG\tCOMP\t300.000\tPRATI\t0,10\t30.000,00 TOTAL\t30.000,00  Wellinton de Sousa Silva  Gestor Fundo Municipal de Sa\u00fade  RESOLU\u00c7\u00c3O N.\u00ba 005\/2021 DE 09 DE NOVEMBRO 2021.  DISP\u00d5E SOBRE A NOMEA\u00c7\u00c3O DA CONSELHEIRA VAGNA MARIA DA LUZ SAN-TOS, COMO CONSELHEIRA TITULAR NO CONSELHO PREVIDENCI\u00c1RIO DO INS-TITUTO MUNICIPAL DE PREVID\u00caNCIA SOCIAL DE GUARA\u00cd - GUARA\u00cd-PREV.  O Conselho Previdenci\u00e1rio do Instituto Municipal de Previd\u00eancia Social dos Servidores de Guara\u00ed \u2013 TO \u2013 GUARA\u00cd-PREV, no uso de suas atribui\u00e7\u00f5es e compet\u00eancias que lhe s\u00e3o conferidas pela Lei no 638\/2016, e por seu Regimento Interno e;  Considerando a ren\u00fancia da Conselheira Titular Adriana Martins Lira como membro do conselho previdenci\u00e1rio; Considerando a convoca\u00e7\u00e3o da Conselheira Suplente atrav\u00e9s do Of\u00edcio n\u00ba 005\/2021 do Conselho Previdenci\u00e1rio;   Resolve: Art. 1o Nomear a Conselheira Vagna Maria da Luz Santos como Conselheira Titular do Conselho Previdenci\u00e1rio do Instituto Municipal de Previd\u00eancia Social dos Servidores \u2013 GUARA\u00cd-PREV   Art. 2\u00ba Esta Resolu\u00e7\u00e3o entra em vigor na data de sua publica\u00e7\u00e3o revogadas as disposi\u00e7\u00f5es em contr\u00e1rio.  Registre-se, Publique-se, Cumpra-se.  Guara\u00ed \u2013 TO, 09 de novembro de 2021.   Ana Celia Dora da Silva Presidente do CONSELHO PREVIDENCI\u00c1RIO  Membros do Conselho Previdenci\u00e1rio:   Iolanda Bastos da Costa Membro  Titular  Evandro Vasconcelos Membro  Titular  Hilzamar Fernandes de Carvalho Membro  Titular  Lucivane Rodrigues Meneses Membro  Titular  Jorgina Silva Candido Membro  Titular  Hilzamar Fernandes de Carvalho Membro  Suplente\" class=\"ek-link\">.<\/a><\/p>\n\n\n\n<p>BAIXAR PDF: <a href=\"https:\/\/guarai.to.gov.br\/portal\/wp-content\/uploads\/2021\/11\/DOM-1265.pdf\" class=\"ek-link\">Edi\u00e7\u00e3o Ordin\u00e1ria 1.265 de 16 de novembro de 2021<\/a><\/p>\n","protected":false},"excerpt":{"rendered":"<p>. BAIXAR PDF: Edi\u00e7\u00e3o Ordin\u00e1ria 1.265 de 16 de novembro de 2021<\/p>\n","protected":false},"author":28,"featured_media":31680,"comment_status":"closed","ping_status":"closed","sticky":false,"template":"","format":"standard","meta":{"footnotes":""},"categories":[90],"tags":[197],"class_list":["post-40921","post","type-post","status-publish","format-standard","has-post-thumbnail","hentry","category-diario-oficial","tag-diario-oficial","entry"],"_links":{"self":[{"href":"https:\/\/guarai.to.gov.br\/portal\/wp-json\/wp\/v2\/posts\/40921","targetHints":{"allow":["GET"]}}],"collection":[{"href":"https:\/\/guarai.to.gov.br\/portal\/wp-json\/wp\/v2\/posts"}],"about":[{"href":"https:\/\/guarai.to.gov.br\/portal\/wp-json\/wp\/v2\/types\/post"}],"author":[{"embeddable":true,"href":"https:\/\/guarai.to.gov.br\/portal\/wp-json\/wp\/v2\/users\/28"}],"replies":[{"embeddable":true,"href":"https:\/\/guarai.to.gov.br\/portal\/wp-json\/wp\/v2\/comments?post=40921"}],"version-history":[{"count":1,"href":"https:\/\/guarai.to.gov.br\/portal\/wp-json\/wp\/v2\/posts\/40921\/revisions"}],"predecessor-version":[{"id":40923,"href":"https:\/\/guarai.to.gov.br\/portal\/wp-json\/wp\/v2\/posts\/40921\/revisions\/40923"}],"wp:featuredmedia":[{"embeddable":true,"href":"https:\/\/guarai.to.gov.br\/portal\/wp-json\/wp\/v2\/media\/31680"}],"wp:attachment":[{"href":"https:\/\/guarai.to.gov.br\/portal\/wp-json\/wp\/v2\/media?parent=40921"}],"wp:term":[{"taxonomy":"category","embeddable":true,"href":"https:\/\/guarai.to.gov.br\/portal\/wp-json\/wp\/v2\/categories?post=40921"},{"taxonomy":"post_tag","embeddable":true,"href":"https:\/\/guarai.to.gov.br\/portal\/wp-json\/wp\/v2\/tags?post=40921"}],"curies":[{"name":"wp","href":"https:\/\/api.w.org\/{rel}","templated":true}]}}