{"id":42100,"date":"2022-02-24T18:44:54","date_gmt":"2022-02-24T21:44:54","guid":{"rendered":"https:\/\/guarai.to.gov.br\/portal\/?p=42100"},"modified":"2022-02-25T08:24:08","modified_gmt":"2022-02-25T11:24:08","slug":"edicao-ordinaria-1-329-de-24-de-fevereiro-de-2022","status":"publish","type":"post","link":"https:\/\/guarai.to.gov.br\/portal\/2022\/02\/24\/edicao-ordinaria-1-329-de-24-de-fevereiro-de-2022\/","title":{"rendered":"Edi\u00e7\u00e3o Ordin\u00e1ria 1.329 de 24 de fevereiro de 2022"},"content":{"rendered":"<a href=\"https:\/\/guarai.to.gov.br\/portal\/wp-content\/uploads\/2022\/02\/DOM-1329.pdf\" class=\"pdfemb-viewer\" style=\"width:1200px;height:1500px;\" data-width=\"1200\" data-height=\"1500\" data-toolbar=\"both\" data-toolbar-fixed=\"on\">DOM-1329<\/a>\n<p class=\"wp-block-pdfemb-pdf-embedder-viewer\"><\/p>\n\n\n\n<p><a href=\"http:\/\/EXTRATO DO CONTRATO 004\/2022   Processo: 4584\/2021 Preg\u00e3o Eletr\u00f4nico: 062\/2021      CONTRATADA: PRIVILLEGE DISTRIBUIDORA DE VE\u00cdCULOS LTDA, CNPJ\/MF sob o n.\u00ba 17.224.448\/0002-72 Objeto: Contrata\u00e7\u00e3o de empresa para aquisi\u00e7\u00e3o de ve\u00edculos automotores, novo, zero quilometro, para atender as demandas do Fundo Municipal de Sa\u00fade de Guara\u00ed- TO Signat\u00e1rios:  Wellinton de Sousa Silva                         Paulo Edgar Tavares Data de Assinatura: 18\/02\/2022. ITEM\tDESCRI\u00c7\u00c3O\tUNID.\tMARCA\tQNT.\tV. UNIT\tV. TOTAL         01\tVEICULO 0 KM ORIGINAL DE FABRICA: Ano\/Modelo 2021\/2022 \u2013 M\u00ednimo 2021\/2021, 4 portas 1.0 \u00e0 1.4 SEDAN, combust\u00edvel flex; Dire\u00e7\u00e3o hidr\u00e1ulica ou El\u00e9trica ou superior; Freio a Disco ou ABS ou Similar; Motor m\u00ednimo 1.0 80cv (sendo poss\u00edvel o aceite do objeto em at\u00e9 10% CV menor ou Similar ou Superior); Pneu 175\/65 R14, porta malas m\u00ednimo 445 L (sendo aceito at\u00e9 10% menor); Outras especifica\u00e7\u00f5es SIMILARES\/ COMPATIVEIS\/ SUPERIOS: - Suspens\u00e3o dianteira independente, Suspens\u00e3o traseiras auto estabilizante ou Similar; - Tra\u00e7\u00e3o dianteira; - Vidro el\u00e9trico - Ar condicionado frio Cor BRANCA\t     UNID\t   HYUDAI  HB20S VISION 1.0MT \t     2\t     81.500,00\t     163.000,00 TOTAL\t163.000,00 Wellinton de Sousa Silva  Gestor Fundo Municipal de Sa\u00fade\" class=\"ek-link\">.<\/a><\/p>\n\n\n\n<p>BAIXAR PDF: <a href=\"https:\/\/guarai.to.gov.br\/portal\/wp-content\/uploads\/2022\/02\/DOM-1329.pdf\" class=\"ek-link\">Edi\u00e7\u00e3o Ordin\u00e1ria 1.329 de 24 de fevereiro de 2022<\/a><\/p>\n","protected":false},"excerpt":{"rendered":"<p>. BAIXAR PDF: Edi\u00e7\u00e3o Ordin\u00e1ria 1.329 de 24 de fevereiro de 2022<\/p>\n","protected":false},"author":28,"featured_media":31680,"comment_status":"closed","ping_status":"closed","sticky":false,"template":"","format":"standard","meta":{"footnotes":""},"categories":[90],"tags":[197],"class_list":["post-42100","post","type-post","status-publish","format-standard","has-post-thumbnail","hentry","category-diario-oficial","tag-diario-oficial","entry"],"_links":{"self":[{"href":"https:\/\/guarai.to.gov.br\/portal\/wp-json\/wp\/v2\/posts\/42100","targetHints":{"allow":["GET"]}}],"collection":[{"href":"https:\/\/guarai.to.gov.br\/portal\/wp-json\/wp\/v2\/posts"}],"about":[{"href":"https:\/\/guarai.to.gov.br\/portal\/wp-json\/wp\/v2\/types\/post"}],"author":[{"embeddable":true,"href":"https:\/\/guarai.to.gov.br\/portal\/wp-json\/wp\/v2\/users\/28"}],"replies":[{"embeddable":true,"href":"https:\/\/guarai.to.gov.br\/portal\/wp-json\/wp\/v2\/comments?post=42100"}],"version-history":[{"count":3,"href":"https:\/\/guarai.to.gov.br\/portal\/wp-json\/wp\/v2\/posts\/42100\/revisions"}],"predecessor-version":[{"id":42110,"href":"https:\/\/guarai.to.gov.br\/portal\/wp-json\/wp\/v2\/posts\/42100\/revisions\/42110"}],"wp:featuredmedia":[{"embeddable":true,"href":"https:\/\/guarai.to.gov.br\/portal\/wp-json\/wp\/v2\/media\/31680"}],"wp:attachment":[{"href":"https:\/\/guarai.to.gov.br\/portal\/wp-json\/wp\/v2\/media?parent=42100"}],"wp:term":[{"taxonomy":"category","embeddable":true,"href":"https:\/\/guarai.to.gov.br\/portal\/wp-json\/wp\/v2\/categories?post=42100"},{"taxonomy":"post_tag","embeddable":true,"href":"https:\/\/guarai.to.gov.br\/portal\/wp-json\/wp\/v2\/tags?post=42100"}],"curies":[{"name":"wp","href":"https:\/\/api.w.org\/{rel}","templated":true}]}}