{"id":42266,"date":"2022-03-09T19:18:11","date_gmt":"2022-03-09T22:18:11","guid":{"rendered":"https:\/\/guarai.to.gov.br\/portal\/?p=42266"},"modified":"2022-03-09T19:18:13","modified_gmt":"2022-03-09T22:18:13","slug":"edicao-ordinaria-1-335-de-09-de-marco-de-2022","status":"publish","type":"post","link":"https:\/\/guarai.to.gov.br\/portal\/2022\/03\/09\/edicao-ordinaria-1-335-de-09-de-marco-de-2022\/","title":{"rendered":"Edi\u00e7\u00e3o Ordin\u00e1ria 1.335 de 09 de mar\u00e7o de 2022"},"content":{"rendered":"<a href=\"https:\/\/guarai.to.gov.br\/portal\/wp-content\/uploads\/2022\/03\/DOM-1335.pdf\" class=\"pdfemb-viewer\" style=\"width:1200px;height:1500px;\" data-width=\"1200\" data-height=\"1500\" data-toolbar=\"both\" data-toolbar-fixed=\"on\">DOM-1335<\/a>\n<p class=\"wp-block-pdfemb-pdf-embedder-viewer\"><\/p>\n\n\n\n<p><a href=\"http:\/\/AVISO DE ADIAMENTO DE LICITA\u00c7\u00c3O PREG\u00c3O ELETR\u00d4NICO N\u00ba 005\/2022  O Superintendente de Licita\u00e7\u00f5es do munic\u00edpio de Guara\u00ed\/TO, designado pela Portaria n.\u00ba 2.084\/2021, COMUNICA o adiamento da data de abertura do Edital Preg\u00e3o Eletr\u00f4nico n\u00ba 005\/2022, prevista para o dia 14\/03\/2022, \u00e0s 08h00min. Considerando o envio do Edital equivocado, incompat\u00edvel com o objeto da licita\u00e7\u00e3o, FICA DESIGNADO o dia 22\/03\/2022, \u00e0s 08h00min, para a realiza\u00e7\u00e3o do torneio licitat\u00f3rio.  Guara\u00ed\/TO, 09 de mar\u00e7o de 2022.  CLEUBE ROZA LIMA Superintendente de Licita\u00e7\u00f5es  EDITAL DE COMUNICA\u00c7\u00c3O  A Prefeitura Mul. de Guara\u00ed-TO, CNPJ  02.070.548\/0001-33, torna p\u00fablico que requereu ao NATURATINS, as Licen\u00e7as Pr\u00e9via(LP), de Instala\u00e7\u00e3o(LI) e de Opera\u00e7\u00e3o(LO), para constru\u00e7\u00e3o de uma Ponte em Concreto Armado, com Vigas Pr\u00e9-Moldadas Classe 45T, com comprimento de 14,00 m, a ser locada \u00e0 Avenida B2, Setor Piassava, sobre o Ribeir\u00e3o Tranqueira.  O Empreendimento se enquadra nas resolu\u00e7\u00f5es CONAMA n\u00ba 237\/97 e COEMA 007\/05, que disp\u00f5em sobre o Licenciamento Ambiental.  LISTA DE CONVOCADOS \u2013 1\u00b0 CHAMADA PROGRAMA PROFISSIONAIS DO FUTURO  Conforme lista de selecionados seguindo crit\u00e9rios do EDITAL N\u00b0 01\/2022 DE 09 DE FEVEREIRO DE 2022, publicado no Di\u00e1rio Oficial do Munic\u00edpio de Guara\u00ed n\u00b0 1318\/2022, de 9 de fevereiro de 2022 que tornou p\u00fablico o: Processo p\u00fablico de sele\u00e7\u00e3o de quadro de reserva para estagi\u00e1rios em n\u00edvel superior\/t\u00e9cnico\/profissionalizante, para credenciamento junto a prefeitura municipal de Guara\u00ed, secretarias e departamentos municipais, referente ao programa de est\u00e1gio remunerado n\u00e3o obrigat\u00f3rio, aqui denominado de programa profissionais do futuro..  Fica os estagi\u00e1rios abaixo relacionados CONVOCADOS a comparecer na SECRETARIA MUNICIPAL DE EDUCA\u00c7\u00c3O E CULTURA DE GUAR, nos dias 10 e 11\/03, para retirar a ordem de servi\u00e7o e se apresentarem nos locais designados para o desenvolvimento do est\u00e1gio.  CURSO: LICENCIATURA E AREAS AFINS ORDEM\tNOME\tSITUA\u00c7\u00c3O\tPER\u00cdODO\tINSTITUI\u00c7\u00c3O 1.\t\tYASLINE NERES FERREIRA\tClassificado\t3\u00b0\tUNICESUMAR 2.\t\tSADILENE CAVALCANTE F. BRITO\tClassificado\t6\u00b0\tIESC \u2013 FAG 3.\t\tRAYLLANE GOMES DOS SANTOS\tClassificado\t6\u00b0\tUNOPAR 4.\t\tTHAMARA CARDOSO VASCONCELOS\tClassificado\t3\u00b0\tUNICESUMAR 5.\t\tMARCELO AUGUSTO OLIVEIRA\tClassificado\t5\u00b0\tUNOPAR 6.\t\tJORDANIA DA SILVA BRITO\tClassificado\t5\u00b0\tIESC - FAG 7.\t\tNATALISSE ALVES DA SILVA\tClassificado\t3\u00b0\tUNOPAR 8.\t\tMARIA VANUBIA CONCEI\u00c7\u00c3O SEVERINO\tClassificado\t2\u00b0\tUNICESUMAR 9.\t\tGISELLY ALVES DOS SANTOS\tClassificado\t5\u00b0\tIESC - FAG 10.\t\tLUIS DAVI CAIXETA BEZERRA\tClassificado\t5\u00b0\tIESC - FAG 11.\t\tOT\u00c1VIO AUGUSTO GUIMAR\u00c3ES REIS\tClassificado\t2\u00b0 \tUNOPAR 12.\t\tLARISSA MARTINS DA SILVA\tClassificado\t6\u00b0\tIEPU  CURSO: LICENCIATURA EM COMPUTA\u00c7\u00c3O ORDEM\tNOME\tSITUA\u00c7\u00c3O\tPER\u00cdODO\tINSTITUI\u00c7\u00c3O 1.\t\tMATEUS RODRIGUES BARBOSA\tClassificado\t3\u00b0\tIFTO  CURSO: CI\u00caNCIAS CONTAB\u00c9IS ORDEM\tNOME\tSITUA\u00c7\u00c3O\tPER\u00cdODO\tINSTITUI\u00c7\u00c3O 1.\t\tWALISSON LOPES OLIVEIRA\tClassificado\t5\u00b0\tUNOPAR  CURSO: DIREITO ORDEM\tNOME\tSITUA\u00c7\u00c3O\tPER\u00cdODO\tINSTITUI\u00c7\u00c3O 1.\t\tSTHEFANNY VIT\u00d3RIA MOTTA VARGAS\tClassificado\t10\u00b0\tIESC - FAG 2.\t\tDANIELLY CARNEIRO DOS SANTOS\tClassificado\t7\u00b0\tIESC - FAG 3.\t\tBEATRIZ CASTRO DE ARA\u00daJO\tClassificado\t3\u00b0\tIESC - FAG 4.\t\tMATEUS BORGES LIMA\tClassificado\t7\u00b0\tIESC - FAG  Guara\u00ed, 08 de mar\u00e7o de 2022   SEBASTI\u00c3O MENDES DE SOUSA Coordena\u00e7\u00e3o Representante do Programa Portaria n\u00b0 1.156\/2017, de 13 de junho de 2017  PORTARIA DE VIAGEM N\u00ba 255\/2022 DE 03 DE MAR\u00c7O DE 2022  \u201cAUTORIZA O PAGAMENTO DE DI\u00c1RIA A SERVIDOR (A), QUE ESPECIFICA E D\u00c1 OUTRAS PROVID\u00caNCIAS\u201d.   AO GESTOR DO FUNDO MUNICIPAL DE SA\u00daDE DE GUARA\u00cd, Estado do Tocantins, no uso de suas atribui\u00e7\u00f5es legais e constitucionais,   1.\tR E S O L V E:   Art. 1\u00ba \u2013 AUTORIZAR o pagamento desta Di\u00e1ria ao Servidor Municipal Ad\u00e3o Fernandes de Sousa Filho, motorista, matr\u00edcula funcional n\u00b0 0314, para transportar paciente que faz tratamento fora de domic\u00edlio na cidade de ARAGUA\u00cdNA-TO, no dia 07 de mar\u00e7o de 2022, para cobrir despesas de viagem e alimenta\u00e7\u00e3o, equivalente a \u00bd di\u00e1ria, no valor de R$ 110,00 (cento e dez reais).  Art. 2\u00ba \u2013 DETERMINAR que a Tesouraria repasse o valor total ao (a) Servidor (a), conforme consta no Art. 1\u00ba desta Portaria.  GABINETE DO GESTOR DO FUNDO MUNICIPAL DE SA\u00daDE DE GUARA\u00cd, Estado do Tocantins, aos tr\u00eas dias do m\u00eas de mar\u00e7o de 2022.  Wellington de Sousa Silva Secret\u00e1rio Municipal de Sa\u00fade  Portaria n\u00ba 2.304\/2021 SEMUSA \u2013 GUARA\u00cd \u2013 TO\" class=\"ek-link\">.<\/a><\/p>\n\n\n\n<p>BAIXAR PDF: <a href=\"https:\/\/guarai.to.gov.br\/portal\/wp-content\/uploads\/2022\/03\/DOM-1335.pdf\" class=\"ek-link\">Edi\u00e7\u00e3o Ordin\u00e1ria 1.335 de 09 de mar\u00e7o de 2022<\/a><\/p>\n","protected":false},"excerpt":{"rendered":"<p>. BAIXAR PDF: Edi\u00e7\u00e3o Ordin\u00e1ria 1.335 de 09 de mar\u00e7o de 2022<\/p>\n","protected":false},"author":28,"featured_media":31680,"comment_status":"closed","ping_status":"closed","sticky":false,"template":"","format":"standard","meta":{"footnotes":""},"categories":[90],"tags":[197],"class_list":["post-42266","post","type-post","status-publish","format-standard","has-post-thumbnail","hentry","category-diario-oficial","tag-diario-oficial","entry"],"_links":{"self":[{"href":"https:\/\/guarai.to.gov.br\/portal\/wp-json\/wp\/v2\/posts\/42266","targetHints":{"allow":["GET"]}}],"collection":[{"href":"https:\/\/guarai.to.gov.br\/portal\/wp-json\/wp\/v2\/posts"}],"about":[{"href":"https:\/\/guarai.to.gov.br\/portal\/wp-json\/wp\/v2\/types\/post"}],"author":[{"embeddable":true,"href":"https:\/\/guarai.to.gov.br\/portal\/wp-json\/wp\/v2\/users\/28"}],"replies":[{"embeddable":true,"href":"https:\/\/guarai.to.gov.br\/portal\/wp-json\/wp\/v2\/comments?post=42266"}],"version-history":[{"count":1,"href":"https:\/\/guarai.to.gov.br\/portal\/wp-json\/wp\/v2\/posts\/42266\/revisions"}],"predecessor-version":[{"id":42271,"href":"https:\/\/guarai.to.gov.br\/portal\/wp-json\/wp\/v2\/posts\/42266\/revisions\/42271"}],"wp:featuredmedia":[{"embeddable":true,"href":"https:\/\/guarai.to.gov.br\/portal\/wp-json\/wp\/v2\/media\/31680"}],"wp:attachment":[{"href":"https:\/\/guarai.to.gov.br\/portal\/wp-json\/wp\/v2\/media?parent=42266"}],"wp:term":[{"taxonomy":"category","embeddable":true,"href":"https:\/\/guarai.to.gov.br\/portal\/wp-json\/wp\/v2\/categories?post=42266"},{"taxonomy":"post_tag","embeddable":true,"href":"https:\/\/guarai.to.gov.br\/portal\/wp-json\/wp\/v2\/tags?post=42266"}],"curies":[{"name":"wp","href":"https:\/\/api.w.org\/{rel}","templated":true}]}}