{"id":42405,"date":"2022-03-14T19:31:19","date_gmt":"2022-03-14T22:31:19","guid":{"rendered":"https:\/\/guarai.to.gov.br\/portal\/?p=42405"},"modified":"2022-03-14T19:31:20","modified_gmt":"2022-03-14T22:31:20","slug":"edicao-ordinaria-1-338-de-14-de-marco-de-2022","status":"publish","type":"post","link":"https:\/\/guarai.to.gov.br\/portal\/2022\/03\/14\/edicao-ordinaria-1-338-de-14-de-marco-de-2022\/","title":{"rendered":"Edi\u00e7\u00e3o Ordin\u00e1ria 1.338 de 14 de mar\u00e7o de 2022"},"content":{"rendered":"<a href=\"https:\/\/guarai.to.gov.br\/portal\/wp-content\/uploads\/2022\/03\/DOM-1338.pdf\" class=\"pdfemb-viewer\" style=\"width:1200px;height:1500px;\" data-width=\"1200\" data-height=\"1500\" data-toolbar=\"both\" data-toolbar-fixed=\"on\">DOM-1338<\/a>\n<p class=\"wp-block-pdfemb-pdf-embedder-viewer\"><\/p>\n\n\n\n<p><a href=\"http:\/\/O crime de homic\u00eddio simples (Matar algu\u00e9m) \u00e9 punido com pena de 6 a 20 anos de reclus\u00e3o). H\u00e1 a possibilidade de Caso de diminui\u00e7\u00e3o de pena em caso de o agente cometer o crime impelido por motivo de relevante valor social ou moral, ou sob o dom\u00ednio de violenta emo\u00e7\u00e3o, logo em seguida a injusta provoca\u00e7\u00e3o da v\u00edtima, essa diminui\u00e7\u00e3o pode ser de um sexto a um ter\u00e7o. O crime de homic\u00eddio ser\u00e1 qualificado se o homic\u00eddio \u00e9 cometido mediante paga ou promessa de recompensa, ou por outro motivo torpe, por motivo f\u00fatil, com emprego de veneno, fogo, explosivo, asfixia, tortura ou outro meio insidioso ou cruel, ou de que possa resultar perigo comum; Qualificadoras objetivas: com emprego de veneno, fogo, explosivo, asfixia, tortura ou outro meio insidioso ou cruel Qualificadoras subjetivas          IV - \u00e0 trai\u00e7\u00e3o, de emboscada, ou mediante dissimula\u00e7\u00e3o ou outro recurso que dificulte ou torne impossivel a defesa do ofendido;         V - para assegurar a execu\u00e7\u00e3o, a oculta\u00e7\u00e3o, a impunidade ou vantagem de outro crime:         Pena - reclus\u00e3o, de doze a trinta anos. Feminic\u00eddio       (Inclu\u00eddo pela Lei n\u00ba 13.104, de 2015) VI - contra a mulher por raz\u00f5es da condi\u00e7\u00e3o de sexo feminino:      (Inclu\u00eddo pela Lei n\u00ba 13.104, de 2015) VII \u2013 contra autoridade ou agente descrito nos arts. 142 e 144 da Constitui\u00e7\u00e3o Federal, integrantes do sistema prisional e da For\u00e7a Nacional de Seguran\u00e7a P\u00fablica, no exerc\u00edcio da fun\u00e7\u00e3o ou em decorr\u00eancia dela, ou contra seu c\u00f4njuge, companheiro ou parente consangu\u00edneo at\u00e9 terceiro grau, em raz\u00e3o dessa condi\u00e7\u00e3o:     (Inclu\u00eddo pela Lei n\u00ba 13.142, de 2015) VIII - com emprego de arma de fogo de uso restrito ou proibido:         (Inclu\u00eddo pela Lei n\u00ba 13.964, de 2019)       (Vig\u00eancia) Pena - reclus\u00e3o, de doze a trinta anos. \u00a7 2o-A Considera-se que h\u00e1 raz\u00f5es de condi\u00e7\u00e3o de sexo feminino quando o crime envolve:      (Inclu\u00eddo pela Lei n\u00ba 13.104, de 2015) I - viol\u00eancia dom\u00e9stica e familiar;      (Inclu\u00eddo pela Lei n\u00ba 13.104, de 2015) II - menosprezo ou discrimina\u00e7\u00e3o \u00e0 condi\u00e7\u00e3o de mulher.      (Inclu\u00eddo pela Lei n\u00ba 13.104, de 2015)         Homic\u00eddio culposo         \u00a7 3\u00ba Se o homic\u00eddio \u00e9 culposo: (Vide Lei n\u00ba 4.611, de 1965)         Pena - deten\u00e7\u00e3o, de um a tr\u00eas anos.         Aumento de pena         \u00a7 4o No homic\u00eddio culposo, a pena \u00e9 aumentada de 1\/3 (um ter\u00e7o), se o crime resulta de inobserv\u00e2ncia de regra t\u00e9cnica de profiss\u00e3o, arte ou of\u00edcio, ou se o agente deixa de prestar imediato socorro \u00e0 v\u00edtima, n\u00e3o procura diminuir as conseq\u00fc\u00eancias do seu ato, ou foge para evitar pris\u00e3o em flagrante. Sendo doloso o homic\u00eddio, a pena \u00e9 aumentada de 1\/3 (um ter\u00e7o) se o crime \u00e9 praticado contra pessoa menor de 14 (quatorze) ou maior de 60 (sessenta) anos. (Reda\u00e7\u00e3o dada pela Lei n\u00ba 10.741, de 2003)         \u00a7 5\u00ba - Na hip\u00f3tese de homic\u00eddio culposo, o juiz poder\u00e1 deixar de aplicar a pena, se as conseq\u00fc\u00eancias da infra\u00e7\u00e3o atingirem o pr\u00f3prio agente de forma t\u00e3o grave que a san\u00e7\u00e3o penal se torne desnecess\u00e1ria. (Inclu\u00eddo pela Lei n\u00ba 6.416, de 24.5.1977)          \u00a7 6o  A pena \u00e9 aumentada de 1\/3 (um ter\u00e7o) at\u00e9 a metade se o crime for praticado por mil\u00edcia privada, sob o pretexto de presta\u00e7\u00e3o de servi\u00e7o de seguran\u00e7a, ou por grupo de exterm\u00ednio.       (Inclu\u00eddo pela Lei n\u00ba 12.720, de 2012) \u00a7 7o A pena do feminic\u00eddio \u00e9 aumentada de 1\/3 (um ter\u00e7o) at\u00e9 a metade se o crime for praticado:      (Inclu\u00eddo pela Lei n\u00ba 13.104, de 2015) I - durante a gesta\u00e7\u00e3o ou nos 3 (tr\u00eas) meses posteriores ao parto;      (Inclu\u00eddo pela Lei n\u00ba 13.104, de 2015) II - contra pessoa menor de 14 (catorze) anos, maior de 60 (sessenta) anos, com defici\u00eancia ou portadora de doen\u00e7as degenerativas que acarretem condi\u00e7\u00e3o limitante ou de vulnerabilidade f\u00edsica ou mental;   (Reda\u00e7\u00e3o dada pela Lei n\u00ba 13.771, de 2018) III - na presen\u00e7a f\u00edsica ou virtual de descendente ou de ascendente da v\u00edtima;   (Reda\u00e7\u00e3o dada pela Lei n\u00ba 13.771, de 2018) IV - em descumprimento das medidas protetivas de urg\u00eancia previstas nos incisos I, II e III do caput do art. 22 da Lei n\u00ba 11.340, de 7 de agosto de 2006.   (Inclu\u00eddo pela Lei n\u00ba 13.771, de 2018)\">.<\/a><\/p>\n\n\n\n<p>BAIXAR PDF: <a href=\"https:\/\/guarai.to.gov.br\/portal\/wp-content\/uploads\/2022\/03\/DOM-1338.pdf\">Edi\u00e7\u00e3o Ordin\u00e1ria 1.338 de 14 de mar\u00e7o de 2022<\/a><\/p>\n","protected":false},"excerpt":{"rendered":"<p>. BAIXAR PDF: Edi\u00e7\u00e3o Ordin\u00e1ria 1.338 de 14 de mar\u00e7o de 2022<\/p>\n","protected":false},"author":28,"featured_media":31680,"comment_status":"closed","ping_status":"closed","sticky":false,"template":"","format":"standard","meta":{"footnotes":""},"categories":[90],"tags":[197],"class_list":["post-42405","post","type-post","status-publish","format-standard","has-post-thumbnail","hentry","category-diario-oficial","tag-diario-oficial","entry"],"_links":{"self":[{"href":"https:\/\/guarai.to.gov.br\/portal\/wp-json\/wp\/v2\/posts\/42405","targetHints":{"allow":["GET"]}}],"collection":[{"href":"https:\/\/guarai.to.gov.br\/portal\/wp-json\/wp\/v2\/posts"}],"about":[{"href":"https:\/\/guarai.to.gov.br\/portal\/wp-json\/wp\/v2\/types\/post"}],"author":[{"embeddable":true,"href":"https:\/\/guarai.to.gov.br\/portal\/wp-json\/wp\/v2\/users\/28"}],"replies":[{"embeddable":true,"href":"https:\/\/guarai.to.gov.br\/portal\/wp-json\/wp\/v2\/comments?post=42405"}],"version-history":[{"count":1,"href":"https:\/\/guarai.to.gov.br\/portal\/wp-json\/wp\/v2\/posts\/42405\/revisions"}],"predecessor-version":[{"id":42407,"href":"https:\/\/guarai.to.gov.br\/portal\/wp-json\/wp\/v2\/posts\/42405\/revisions\/42407"}],"wp:featuredmedia":[{"embeddable":true,"href":"https:\/\/guarai.to.gov.br\/portal\/wp-json\/wp\/v2\/media\/31680"}],"wp:attachment":[{"href":"https:\/\/guarai.to.gov.br\/portal\/wp-json\/wp\/v2\/media?parent=42405"}],"wp:term":[{"taxonomy":"category","embeddable":true,"href":"https:\/\/guarai.to.gov.br\/portal\/wp-json\/wp\/v2\/categories?post=42405"},{"taxonomy":"post_tag","embeddable":true,"href":"https:\/\/guarai.to.gov.br\/portal\/wp-json\/wp\/v2\/tags?post=42405"}],"curies":[{"name":"wp","href":"https:\/\/api.w.org\/{rel}","templated":true}]}}