{"id":44036,"date":"2022-07-25T18:56:15","date_gmt":"2022-07-25T21:56:15","guid":{"rendered":"https:\/\/guarai.to.gov.br\/portal\/?p=44036"},"modified":"2022-07-25T18:56:18","modified_gmt":"2022-07-25T21:56:18","slug":"edicao-ordinaria-1-420-de-25-de-julho-de-2022","status":"publish","type":"post","link":"https:\/\/guarai.to.gov.br\/portal\/2022\/07\/25\/edicao-ordinaria-1-420-de-25-de-julho-de-2022\/","title":{"rendered":"Edi\u00e7\u00e3o Ordin\u00e1ria 1.420 de 25 de julho de 2022"},"content":{"rendered":"<a href=\"https:\/\/guarai.to.gov.br\/portal\/wp-content\/uploads\/2022\/07\/DOM-1420.pdf\" class=\"pdfemb-viewer\" style=\"width:1200px;height:1500px;\" data-width=\"1200\" data-height=\"1500\" data-toolbar=\"both\" data-toolbar-fixed=\"on\">DOM-1420<\/a>\n<p class=\"wp-block-pdfemb-pdf-embedder-viewer\"><\/p>\n\n\n\n<p><a href=\"http:\/\/EXTRATO DO EDITAL DE LICITA\u00c7\u00c3O P\u00daBLICA PREG\u00c3O PRESENCIAL N.\u00ba 039\/2022  Acha-se aberta na Prefeitura Municipal de Guara\u00ed, licita\u00e7\u00e3o na modalidade de Preg\u00e3o Presencial, objetivando registro de pre\u00e7o para contrata\u00e7\u00e3o de empresa para eventual aquisi\u00e7\u00e3o de bens permanentes, sendo aparelhos de ar condicionado, tipo split, para equipar o Centro de Eventos da Prefeitura Municipal, conforme Termo de Refer\u00eancia. Demais especifica\u00e7\u00f5es encontram-se no Edital. Ser\u00e3o observados os seguintes hor\u00e1rios e datas: In\u00edcio da Sess\u00e3o para o credenciamento: \u00e0s 14h00min, do dia 04\/08\/2022, na Sala de Licita\u00e7\u00f5es da Prefeitura Municipal de Guara\u00ed\/TO, situada \u00e0 Av. Bernardo Say\u00e3o, Setor Central de Guara\u00ed\/TO. O Edital poder\u00e1 ser retirado na Sala de Licita\u00e7\u00f5es, no portal eletr\u00f4nico do munic\u00edpio www.guarai.to.gov.br ou ser requisitado via e-mail: licitacao@guarai.to.gov.br  Guara\u00ed\/TO, 25 de julho de 2022.  Cleube Roza Lima Superintendente de Licita\u00e7\u00f5es  COMUNICADO - LICITA\u00c7\u00c3O   O Pregoeiro do munic\u00edpio de Guara\u00ed\/TO, designado pela Portaria n.\u00ba 2.450\/2022, de 04\/01\/2022, COMUNICA aos interessados, que findado a an\u00e1lise das planilhas, reservou o dia 27\/08\/2022, \u00e0s 07h30min para dar continuidade no processo licitat\u00f3rio, Preg\u00e3o Presencial n.\u00ba 036\/2022, relativo \u00e0s demais fases do Preg\u00e3o. A reuni\u00e3o ocorrer\u00e1 na Sala de Licita\u00e7\u00f5es da Prefeitura Municipal de Guara\u00ed, situada na Avenida Bernardo Say\u00e3o, s\/n\u00ba, Setor Central, Guara\u00ed\/TO.  Publique-se!   Guara\u00ed\/TO, 25 de julho de 2022.  Cleube Roza Lima Pregoeiro\">.<\/a><\/p>\n\n\n\n<p>BAIXAR PDF: <a href=\"https:\/\/guarai.to.gov.br\/portal\/wp-content\/uploads\/2022\/07\/DOM-1420.pdf\">Edi\u00e7\u00e3o Ordin\u00e1ria 1.420 de 25 de julho de 2022<\/a><\/p>\n","protected":false},"excerpt":{"rendered":"<p>. BAIXAR PDF: Edi\u00e7\u00e3o Ordin\u00e1ria 1.420 de 25 de julho de 2022<\/p>\n","protected":false},"author":28,"featured_media":31680,"comment_status":"closed","ping_status":"closed","sticky":false,"template":"","format":"standard","meta":{"footnotes":""},"categories":[90],"tags":[197],"class_list":["post-44036","post","type-post","status-publish","format-standard","has-post-thumbnail","hentry","category-diario-oficial","tag-diario-oficial","entry"],"_links":{"self":[{"href":"https:\/\/guarai.to.gov.br\/portal\/wp-json\/wp\/v2\/posts\/44036","targetHints":{"allow":["GET"]}}],"collection":[{"href":"https:\/\/guarai.to.gov.br\/portal\/wp-json\/wp\/v2\/posts"}],"about":[{"href":"https:\/\/guarai.to.gov.br\/portal\/wp-json\/wp\/v2\/types\/post"}],"author":[{"embeddable":true,"href":"https:\/\/guarai.to.gov.br\/portal\/wp-json\/wp\/v2\/users\/28"}],"replies":[{"embeddable":true,"href":"https:\/\/guarai.to.gov.br\/portal\/wp-json\/wp\/v2\/comments?post=44036"}],"version-history":[{"count":1,"href":"https:\/\/guarai.to.gov.br\/portal\/wp-json\/wp\/v2\/posts\/44036\/revisions"}],"predecessor-version":[{"id":44039,"href":"https:\/\/guarai.to.gov.br\/portal\/wp-json\/wp\/v2\/posts\/44036\/revisions\/44039"}],"wp:featuredmedia":[{"embeddable":true,"href":"https:\/\/guarai.to.gov.br\/portal\/wp-json\/wp\/v2\/media\/31680"}],"wp:attachment":[{"href":"https:\/\/guarai.to.gov.br\/portal\/wp-json\/wp\/v2\/media?parent=44036"}],"wp:term":[{"taxonomy":"category","embeddable":true,"href":"https:\/\/guarai.to.gov.br\/portal\/wp-json\/wp\/v2\/categories?post=44036"},{"taxonomy":"post_tag","embeddable":true,"href":"https:\/\/guarai.to.gov.br\/portal\/wp-json\/wp\/v2\/tags?post=44036"}],"curies":[{"name":"wp","href":"https:\/\/api.w.org\/{rel}","templated":true}]}}