{"id":44997,"date":"2022-09-02T13:08:01","date_gmt":"2022-09-02T16:08:01","guid":{"rendered":"https:\/\/guarai.to.gov.br\/portal\/?p=44997"},"modified":"2022-09-02T13:08:04","modified_gmt":"2022-09-02T16:08:04","slug":"edicao-ordinaria-1-447-de-02-de-setembro-de-2022","status":"publish","type":"post","link":"https:\/\/guarai.to.gov.br\/portal\/2022\/09\/02\/edicao-ordinaria-1-447-de-02-de-setembro-de-2022\/","title":{"rendered":"Edi\u00e7\u00e3o Ordin\u00e1ria 1.447 de 02 de setembro de 2022"},"content":{"rendered":"<a href=\"https:\/\/guarai.to.gov.br\/portal\/wp-content\/uploads\/2022\/09\/DOM-1447.pdf\" class=\"pdfemb-viewer\" style=\"width:1200px;height:1500px;\" data-width=\"1200\" data-height=\"1500\" data-toolbar=\"both\" data-toolbar-fixed=\"on\">DOM-1447<\/a>\n<p class=\"wp-block-pdfemb-pdf-embedder-viewer\"><\/p>\n\n\n\n<p><a href=\"http:\/\/PORTARIA N\u00ba 2.633\/2022 DE 31 DE AGOSTO DE 2022 \u201cEXONERA GERENTE DE ATIVIDADES F\u00cdSICAS, QUE ESPECIFICA E D\u00c1 OUTRAS PROVID\u00caNCIAS\u201d.  A PREFEITA MUNICIPAL DE GUARA\u00cd, Estado do Tocantins, no uso das atribui\u00e7\u00f5es que lhe confere o art. 91, inciso II, da Lei Org\u00e2nica do Munic\u00edpio de Guara\u00ed e a Lei Complementar n\u00ba. 008\/2017; CONSIDERANDO a solicita\u00e7\u00e3o contida no OF\/SEMUS GAB. N\u00b0 238\/2022;  R E S O L V E                Art. 1\u00ba. EXONERAR a Sra. N\u00fabia Rodrigues Pereira, matricula funcional n\u00b0 1778 do Cargo Comissionado de Gerente de Atividades F\u00edsicas do Fundo Municipal de Sa\u00fade de Guara\u00ed-TO, com lota\u00e7\u00e3o na Secretaria Municipal de Sa\u00fade - SEMUS. Art. 2\u00ba. DETERMINAR que a Diretoria de Recursos Humanos providencie os respectivos tr\u00e2mites para que esta Portaria surta seus efeitos legais.  Art. 3\u00ba. Esta Portaria entra em vigor na data de sua publica\u00e7\u00e3o, revogadas as disposi\u00e7\u00f5es em contr\u00e1rio.  GABINETE DA PREFEITA MUNICIPAL E DO SECRET\u00c1RIO DE ADMINISTRA\u00c7\u00c3O, PLANEJAMENTO, FINAN\u00c7AS E HABITA\u00c7\u00c3O DE GUARA\u00cd, Estado do Tocantins, aos trinta e um dias do m\u00eas de agosto do ano de 2022.  Riavan Santana Barbosa Secret\u00e1rio de Administra\u00e7\u00e3o, Planejamento, Finan\u00e7as e Habita\u00e7\u00e3o                   Maria de F\u00e1tima Coelho Nunes Prefeita Municipal  PORTARIA N\u00ba 2.634\/2022 DE 31 DE AGOSTO DE 2022 \u201cDESIGNAR SERVIDORA COMO RESPONS\u00c1VEL T\u00c9CNICA EDUCADORA F\u00cdSICA, QUE ESPECIFICA E D\u00c1 OUTRAS PROVID\u00caNCIAS\u201d.  A PREFEITA MUNICIPAL DE GUARA\u00cd, Estado do Tocantins, no uso das atribui\u00e7\u00f5es que lhe confere o art. 91, IX, da Lei Org\u00e2nica do Munic\u00edpio de Guara\u00ed;  CONSIDERANDO a solicita\u00e7\u00e3o contida no OF\/SEMUS GAB. N\u00b0 238\/2022;   R   E   S   O   L   V   E  Art. 1\u00ba.  DESIGNAR a servidora N\u00fabia Rodrigues Pereira, matricula funcional n\u00b0 1778, Educadora F\u00edsica, como Respons\u00e1vel T\u00e9cnica Educadora F\u00edsica.   Art. 2\u00ba. A servidora designada receber\u00e1 uma gratifica\u00e7\u00e3o de 20% (vinte por cento) sobre o sal\u00e1rio base, conforme o disposto no art. 20, \u00a74\u00ba, da Lei Complementar Municipal n\u00ba 008\/2017.   Art. 3\u00ba. DETERMINAR que a Diretoria de Recursos Humanos providencie os respectivos tr\u00e2mites para que esta Portaria surta seus efeitos legais.  Art. 4\u00ba. Esta Portaria entra em vigor na data de sua publica\u00e7\u00e3o, revogadas as disposi\u00e7\u00f5es em contr\u00e1rio.  GABINETE DA PREFEITA MUNICIPAL E DO SECRET\u00c1RIO DE ADMINISTRA\u00c7\u00c3O, PLANEJAMENTO, FINAN\u00c7AS E HABITA\u00c7\u00c3O DE GUARA\u00cd, Estado do Tocantins, aos trinta e um dias do m\u00eas de agosto do ano de 2022.  Riavan Santana Barbosa Secret\u00e1rio de Administra\u00e7\u00e3o, Planejamento, Finan\u00e7as e Habita\u00e7\u00e3o                   Maria de F\u00e1tima Coelho Nunes Prefeita Municipal  EXTRATO DO 1\u00ba TERMO ADITIVO CONTRATO 075\/2021 \tA Prefeitura Municipal de Guara\u00ed \u2013 TO faz saber a quem interessar que, conforme informa\u00e7\u00f5es abaixo relacionadas, foi firmado o presente TERMO ADITIVO DE VALOR. Contrato: N\u00ba 075\/2021 Contratante: Prefeitura Municipal de Guara\u00ed \u2013 TO Contratado: Coceno Construtora Centro Norte LTDA - CNPJ\/MF sob o n\u00ba 38.146.510\/0001-44 Modalidade: Concorr\u00eancia P\u00fablica n\u00ba 001\/2021 Objeto: Aditivo de Valor ao Contrato n\u00ba 075\/2021, que tem como objeto o realinhamento de pre\u00e7os da obra de Terraplanagem, pavimenta\u00e7\u00e3o asf\u00e1ltica, drenagem pluvial, sinaliza\u00e7\u00e3o horizontal e vertical e cal\u00e7adas de acessibilidades nas ruas e avenidas do Munic\u00edpio de Guara\u00ed. Valor acrescido: R$ 1.549.765,38 (Hum milh\u00e3o quinhentos e quarenta e nove mil setecentos e sessenta e cinco reais e trinta e oito centavos) Data da Assinatura: 02\/09\/2022 Signat\u00e1rio: Maria de F\u00e1tima Coelho Nunes, Gestora Municipal, CONTRATANTE, e Jos\u00e9 Henrique Dahdah \u2013 CONTRATADA.  Guara\u00ed\/TO, 02 de setembro de 2022  Maria de F\u00e1tima Coelho Nunes Prefeita de Guara\u00ed    TERMO DE REVOGA\u00c7\u00c3O  A Presid\u00eancia do GUARAIPREV - Fundo de Previd\u00eancia dos Servidores do Munic\u00edpio de Guara\u00ed \u2013 TO, no uso das disposi\u00e7\u00f5es legais e prudenciais, com fulcro no que provem da S\u00famula 473, do STF:  \u201cA administra\u00e7\u00e3o pode anular seus pr\u00f3prios atos, quando eivados de v\u00edcios que os tornam ilegais, porque deles n\u00e3o se originam direitos; ou revog\u00e1-los, por motivo de conveni\u00eancia ou oportunidade, respeitados os direitos adquiridos, e ressalvada, em todos os casos, a aprecia\u00e7\u00e3o judicial\u201d. RESOLVE:  REVOGAR, no seu todo, o 1\u00ba Termo Aditivo de Prazo, ao Contrato de Presta\u00e7\u00e3o de Servi\u00e7os Advocat\u00edcios n\u00b0 007\/2021, cujo objeto \u00e9: . Presta\u00e7\u00e3o de servi\u00e7os t\u00e9cnicos profissionais especializados relativos a assessoria jur\u00eddica administrativa para Diretoria administrativa e Conselho Previdenci\u00e1rio do Fundo de Previd\u00eancia Social dos Servidores de Guara\u00ed.  Guara\u00ed - TO, 01 de setembro de 2022.  GUARAIPREV - Fundo de Previd\u00eancia dos Servidores do Munic\u00edpio de Guara\u00ed - TO\">.<\/a><\/p>\n\n\n\n<p>BAIXAR PDF: <a href=\"https:\/\/guarai.to.gov.br\/portal\/wp-content\/uploads\/2022\/09\/DOM-1447.pdf\">Edi\u00e7\u00e3o Ordin\u00e1ria 1.447 de 02 de setembro de 2022<\/a><\/p>\n","protected":false},"excerpt":{"rendered":"<p>. BAIXAR PDF: Edi\u00e7\u00e3o Ordin\u00e1ria 1.447 de 02 de setembro de 2022<\/p>\n","protected":false},"author":28,"featured_media":31680,"comment_status":"closed","ping_status":"closed","sticky":false,"template":"","format":"standard","meta":{"footnotes":""},"categories":[90],"tags":[197],"class_list":["post-44997","post","type-post","status-publish","format-standard","has-post-thumbnail","hentry","category-diario-oficial","tag-diario-oficial","entry"],"_links":{"self":[{"href":"https:\/\/guarai.to.gov.br\/portal\/wp-json\/wp\/v2\/posts\/44997","targetHints":{"allow":["GET"]}}],"collection":[{"href":"https:\/\/guarai.to.gov.br\/portal\/wp-json\/wp\/v2\/posts"}],"about":[{"href":"https:\/\/guarai.to.gov.br\/portal\/wp-json\/wp\/v2\/types\/post"}],"author":[{"embeddable":true,"href":"https:\/\/guarai.to.gov.br\/portal\/wp-json\/wp\/v2\/users\/28"}],"replies":[{"embeddable":true,"href":"https:\/\/guarai.to.gov.br\/portal\/wp-json\/wp\/v2\/comments?post=44997"}],"version-history":[{"count":1,"href":"https:\/\/guarai.to.gov.br\/portal\/wp-json\/wp\/v2\/posts\/44997\/revisions"}],"predecessor-version":[{"id":44999,"href":"https:\/\/guarai.to.gov.br\/portal\/wp-json\/wp\/v2\/posts\/44997\/revisions\/44999"}],"wp:featuredmedia":[{"embeddable":true,"href":"https:\/\/guarai.to.gov.br\/portal\/wp-json\/wp\/v2\/media\/31680"}],"wp:attachment":[{"href":"https:\/\/guarai.to.gov.br\/portal\/wp-json\/wp\/v2\/media?parent=44997"}],"wp:term":[{"taxonomy":"category","embeddable":true,"href":"https:\/\/guarai.to.gov.br\/portal\/wp-json\/wp\/v2\/categories?post=44997"},{"taxonomy":"post_tag","embeddable":true,"href":"https:\/\/guarai.to.gov.br\/portal\/wp-json\/wp\/v2\/tags?post=44997"}],"curies":[{"name":"wp","href":"https:\/\/api.w.org\/{rel}","templated":true}]}}