{"id":47861,"date":"2023-04-20T17:09:55","date_gmt":"2023-04-20T20:09:55","guid":{"rendered":"https:\/\/guarai.to.gov.br\/portal\/?p=47861"},"modified":"2023-04-20T17:09:57","modified_gmt":"2023-04-20T20:09:57","slug":"edicao-ordinaria-1-585-de-20-de-abril-de-2023","status":"publish","type":"post","link":"https:\/\/guarai.to.gov.br\/portal\/2023\/04\/20\/edicao-ordinaria-1-585-de-20-de-abril-de-2023\/","title":{"rendered":"Edi\u00e7\u00e3o Ordin\u00e1ria 1.585 de 20 de abril de 2023"},"content":{"rendered":"<a href=\"https:\/\/guarai.to.gov.br\/portal\/wp-content\/uploads\/2023\/04\/DOM-1585.pdf\" class=\"pdfemb-viewer\" style=\"width:1200px;height:1500px;\" data-width=\"1200\" data-height=\"1500\" data-toolbar=\"both\" data-toolbar-fixed=\"on\">DOM-1585<\/a>\n<p class=\"wp-block-pdfemb-pdf-embedder-viewer\"><\/p>\n\n\n\n<p><a href=\"http:\/\/PRIMEIRO TERMO ADITIVO AO CONTRATO n.\u00ba 032\/2022  PROCESSO:  1317\/2022 PREG\u00c3O PRESENCIAL: 024\/2022  Contratante: Prefeitura Municipal de Guara\u00ed - TO  Contratada: CESAR AUGUSTO ROTOLI \u2013 ME, inscrita no CNPJ\/MF sob n. \u00ba 17.781.765\/0001-0982 Objeto: O presente Termo Aditivo trata sobre o acr\u00e9scimo de 25% (vinte e cinco por cento), para item 1 do Contrato 032\/2022, sobre a CONTRATA\u00c7\u00c3O DE EMPRESA PARA EVENTUAL LOCA\u00c7\u00c3O DE P\u00c1 CARREGADEIRA, COM FORNECIMENTO DE MOTORISTA\/OPERADOR E COMBUST\u00cdVEL, PARA ATENDER AS DEMANDAS DA SECRETARIA MUNICIPAL DE AGRICULTURA, MEIO AMBIENTE E RECURSOS H\u00cdDRICOS DO MUNIC\u00cdPIO DE GUARA\u00cd-TO Signat\u00e1rios:  Maria de F\u00e1tima Coelho Nunes                         Simone Pazini Rotoli Data de Assinatura: 17\/04\/2023. Valor da Obra:  R$ 47.500,00(quarenta e sete mil e quinhentos reais) referente a 190horas no valor de 250,00(duzentos e cinquenta reais) a hora  Maria de F\u00e1tima Coelho Nunes Prefeita Municipal de Guara\u00ed      RESULTADO DA ELEI\u00c7\u00c3O PARA ESCOLHA DE GESTOR \u2013 BI\u00caNIO 2023\/2025  A COMISS\u00c3O SETORIAL DE AVALIA\u00c7\u00c3O, nomeada pela Portaria n\u00ba 1.613\/2019 - de 15 de fevereiro de 2019, no uso de suas atribui\u00e7\u00f5es legais conferidas pela Lei Municipal n\u00ba. 632, de 04 de abril de 2016, torna p\u00fablico o resultado das elei\u00e7\u00f5es ocorridas no dia 14\/04\/2023, referente ao Processo de Escolha de Gestores das Escolas Municipais, para o bi\u00eanio 2023\/2025.  Escola Municipal JK: Candidata eleita: Sandreane Pereira de Oliveira Rodrigues Total de votantes da op\u00e7\u00e3o SIM: 130 (cento e trinta) Total de votantes da op\u00e7\u00e3o N\u00c3O: 03 (tr\u00eas)  Escola Municipal Integrada Le\u00f4ncio de Sousa Miranda: Candidata eleita: Marlene Gon\u00e7alves Rom\u00e3o Total de votantes da op\u00e7\u00e3o SIM: 129 (cento e vinte e nove) Total de votantes da op\u00e7\u00e3o N\u00c3O: 02 (dois)  Escola Municipal Professora Maria do Socorro Coelho Silva: Candidato eleito: Izid\u00f3rio Paz Fernandes Neto Total de votantes da op\u00e7\u00e3o SIM: 124 (cento e vinte e quatro) Total de votantes da op\u00e7\u00e3o N\u00c3O: 05 (cinco)  Escola Municipal Luiz de Cam\u00f5es: Candidata eleita: Vilma Alves da Cruz Costa Total de votantes da op\u00e7\u00e3o SIM: 125 (cento e vinte e cinco) Total de votantes da op\u00e7\u00e3o N\u00c3O: 01 (um)  Centro Municipal de Educa\u00e7\u00e3o Infantil Aquarela: Candidata eleita: Fernanda da Silva Queiroz Total de votantes da op\u00e7\u00e3o SIM: 186 (cento e oitenta e seis) Total de votantes da op\u00e7\u00e3o N\u00c3O: 00 (zero)  Escola Municipal Sossego da Mam\u00e3e: Candidata eleita: Maria de F\u00e1tima Rosa da Silva Total de votantes da op\u00e7\u00e3o SIM: 207 (duzentos e sete) Total de votantes da op\u00e7\u00e3o N\u00c3O: 09 (nove)  Escola Municipal N\u00facleo Euclides da Cunha: Candidata eleita: Raimunda Maria Saraiva Neres Total de votantes da op\u00e7\u00e3o SIM: 45 (quarenta e cinco) Total de votantes da op\u00e7\u00e3o N\u00c3O: 04 (quatro)  HOMOLOGAMOS:  Guara\u00ed - TO, 18 de abril de 2023.  COMISS\u00c3O SETORIAL DE AVALIA\u00c7\u00c3O:  Expedita Pereira Leite da Silva Lucivane Rodrigues Meneses  Vera Silva de Almeida Machado M\u00e9rcia Teixeira Sobrinho Bonif\u00e1cio Maria Sonia Santos Lima Sebastiana Salva Ferreira Ara\u00fajo Sulamita Rodrigues Segundo      PRIMEIRO TERMO ADITIVO AO CONTRATO 017\/2021  Processo: 935\/2021 Preg\u00e3o Eletr\u00f4nico: 008\/2021      Contratante: Fundo Municipal de Sa\u00fade de Guara\u00ed - TO  Contratada: ALAN CARLOS MACHADO REGINO EIRELI, inscrita no CNPJ\/MF sob n. \u00ba32.567.454\/0001-35 Objeto: contrata\u00e7\u00e3o de empresa especializada na presta\u00e7\u00e3o de servi\u00e7os m\u00e9dicos com fornecimento de profissionais, visando o quadro do Programa Sa\u00fade da Fam\u00edlia (PSF) com carga hor\u00e1ria de 40 horas semanais, das 07:30hs \u00e0s 11:30hs e das 11:30hs \u00e0s 17:30hs, suprindo as necessidades de atendimento m\u00e9dico, de forma complementar ao quadro de m\u00e9dicos concursados. Signat\u00e1rios:  Wellington de Sousa Silva                         Alan Carlos Machado Regino Data de Assinatura: 18\/04\/2022. Vig\u00eancia: 20\/04\/2023 \u00c0 20\/04\/2024 ITEM\tDESCRI\u00c7\u00c3O ITEM\/OBJETO\tUnidade de Sa\u00fade \u00e0 ser Lotado\tPer\u00edodo\tV. TOTAL\t V. TOTAL 01\tM\u00e9dico, Clinico Geral, para compor o quadro do PSF (Programa Sa\u00fade da Fam\u00edlia), com carga hor\u00e1ria de 40H Semanais, das 07:30hs \u00e0s 11:30hs e das 13:30hs \u00e0s 17:30hs, de segunda a sexta-feira.\tUBS, COSME MARIANO\t12 meses\t17.250,00\t207.000,00   Wellington de Sousa Silva  Gestor Fundo Municipal de Sa\u00fade\">.<\/a><\/p>\n\n\n\n<p>BAIXAR PDF: <a href=\"https:\/\/guarai.to.gov.br\/portal\/wp-content\/uploads\/2023\/04\/DOM-1585.pdf\">Edi\u00e7\u00e3o Ordin\u00e1ria 1.585 de 20 de abril de 2023<\/a><\/p>\n","protected":false},"excerpt":{"rendered":"<p>. BAIXAR PDF: Edi\u00e7\u00e3o Ordin\u00e1ria 1.585 de 20 de abril de 2023<\/p>\n","protected":false},"author":28,"featured_media":31680,"comment_status":"closed","ping_status":"closed","sticky":false,"template":"","format":"standard","meta":{"footnotes":""},"categories":[90],"tags":[197],"class_list":["post-47861","post","type-post","status-publish","format-standard","has-post-thumbnail","hentry","category-diario-oficial","tag-diario-oficial","entry"],"_links":{"self":[{"href":"https:\/\/guarai.to.gov.br\/portal\/wp-json\/wp\/v2\/posts\/47861","targetHints":{"allow":["GET"]}}],"collection":[{"href":"https:\/\/guarai.to.gov.br\/portal\/wp-json\/wp\/v2\/posts"}],"about":[{"href":"https:\/\/guarai.to.gov.br\/portal\/wp-json\/wp\/v2\/types\/post"}],"author":[{"embeddable":true,"href":"https:\/\/guarai.to.gov.br\/portal\/wp-json\/wp\/v2\/users\/28"}],"replies":[{"embeddable":true,"href":"https:\/\/guarai.to.gov.br\/portal\/wp-json\/wp\/v2\/comments?post=47861"}],"version-history":[{"count":1,"href":"https:\/\/guarai.to.gov.br\/portal\/wp-json\/wp\/v2\/posts\/47861\/revisions"}],"predecessor-version":[{"id":47863,"href":"https:\/\/guarai.to.gov.br\/portal\/wp-json\/wp\/v2\/posts\/47861\/revisions\/47863"}],"wp:featuredmedia":[{"embeddable":true,"href":"https:\/\/guarai.to.gov.br\/portal\/wp-json\/wp\/v2\/media\/31680"}],"wp:attachment":[{"href":"https:\/\/guarai.to.gov.br\/portal\/wp-json\/wp\/v2\/media?parent=47861"}],"wp:term":[{"taxonomy":"category","embeddable":true,"href":"https:\/\/guarai.to.gov.br\/portal\/wp-json\/wp\/v2\/categories?post=47861"},{"taxonomy":"post_tag","embeddable":true,"href":"https:\/\/guarai.to.gov.br\/portal\/wp-json\/wp\/v2\/tags?post=47861"}],"curies":[{"name":"wp","href":"https:\/\/api.w.org\/{rel}","templated":true}]}}