{"id":48116,"date":"2023-05-31T17:05:53","date_gmt":"2023-05-31T20:05:53","guid":{"rendered":"https:\/\/guarai.to.gov.br\/portal\/?p=48116"},"modified":"2023-05-31T17:05:55","modified_gmt":"2023-05-31T20:05:55","slug":"edicao-ordinaria-1-610-de-31-de-maio-de-2023","status":"publish","type":"post","link":"https:\/\/guarai.to.gov.br\/portal\/2023\/05\/31\/edicao-ordinaria-1-610-de-31-de-maio-de-2023\/","title":{"rendered":"Edi\u00e7\u00e3o Ordin\u00e1ria 1.610 de 31 de maio de 2023"},"content":{"rendered":"<a href=\"https:\/\/guarai.to.gov.br\/portal\/wp-content\/uploads\/2023\/05\/DOM-1610.pdf\" class=\"pdfemb-viewer\" style=\"width:1200px;height:1500px;\" data-width=\"1200\" data-height=\"1500\" data-toolbar=\"both\" data-toolbar-fixed=\"on\">DOM-1610<\/a>\n<p class=\"wp-block-pdfemb-pdf-embedder-viewer\"><\/p>\n\n\n\n<p><a href=\"http:\/\/MEDIDA PROVIS\u00d3RIA N\u00ba 04\/2023 DE 23 DE MAIO DE 2023  \u201cALTERA\u00c7\u00c3O DE CARGO NO ANEXO I DA LEI N\u00ba 755, DE 28 DE ABRIL DE 2021, E D\u00c1 OUTRAS PROVID\u00caNCIAS\u201d.  A PREFEITA MUNICIPAL DE GUARA\u00cd -TO, no uso da atribui\u00e7\u00e3o que lhe confere o art. 56 da Lei Org\u00e2nica Municipal, adota a seguinte Medida Provis\u00f3ria, com for\u00e7a de lei:  Art. 1\u00ba. Fica alterado o ANEXO I da Lei n\u00ba 755, de 28 de abril de 2021, que passar\u00e1 a vigorar com a reda\u00e7\u00e3o constante nos anexos abaixo, mantendo os demais cargos j\u00e1 criados na mencionada lei.  SECRETARIA MUNICIPAL DE AGRICULTURA, MEIO AMBIENTE E RECURSOS H\u00cdDRICOS. QUANTIDADES\tCARGO\tCARGA HOR\u00c1RIA\tVALOR MENSAL (R$)\tATAULIZA\u00c7\u00c3O SALARIAL-R$  04\tOPERADOR DE M\u00c1QUINAS PESADAS\t 40 HORAS\t R$ 1.574,89\tR$ 2.450,00   Art. 2\u00ba. Esta Medida Provis\u00f3ria entra em vigor na data de sua publica\u00e7\u00e3o, retroagindo seus efeitos legais ao dia 01\/05\/2023, revogadas as disposi\u00e7\u00f5es em contr\u00e1rio.   PAL\u00c1CIO PAC\u00cdFICO SILVA, GABINETE DA PREFEITA MUNICIPAL DE GUARA\u00cd, aos 23 (vinte e tr\u00eas) dias do m\u00eas de maio do ano de 2023 (dois mil e vinte e tr\u00eas).  Maria de F\u00e1tima Coelho Nunes\u00a0 Prefeita Municipal\u00a0  ANEXO I DA MEDIDA PROVIS\u00d3RIA N\u00b0 04\/2023 SECRETARIA MUNICIPAL DE AGRICULTURA, MEIO AMBIENTE E RECURSOS H\u00cdDRICOS. QUANTIDADES\tCARGO\tCARGA HOR\u00c1RIA\tVALOR MENSAL (R$) 04\tOPERADOR DE M\u00c1QUINAS PESADAS\t40 HORAS\tR$ 2.450,00   PORTARIA N\u00ba 2.838\/2023 DE 31 DE MAIO DE 2023.  \u201cNOMEIA SERVIDOR EM CARGO COMISSIONADO, QUE ESPECIFICA E D\u00c1 OUTRAS PROVID\u00caNCIAS\u201d.  A PREFEITA MUNICIPAL DE GUARA\u00cd, Estado do Tocantins, no uso das atribui\u00e7\u00f5es que lhe confere o art. 91, inciso II, da Lei Org\u00e2nica do Munic\u00edpio de Guara\u00ed e a Lei Complementar n\u00ba. 008\/2017;  R E S O L V E  Art. 1\u00ba. NOMEAR o Sr. Valdeli Alves da Luz, no Cargo Comissionado de Gerente de Limpeza e Paisagismo, com lota\u00e7\u00e3o na Secretaria Municipal de Agricultura, Meio Ambiente e Recursos H\u00eddricos.  Art. 2\u00ba. DETERMINAR que a Diretoria de Recursos Humanos providencie os respectivos tr\u00e2mites para que esta Portaria surta seus efeitos legais.   Art. 3\u00ba. Esta Portaria entra em vigor na data de sua publica\u00e7\u00e3o, surtindo seus efeitos legais a partir do dia 01\/06\/2023, revogadas as disposi\u00e7\u00f5es em contr\u00e1rio.  PAL\u00c1CIO PAC\u00cdFICO SILVA, GABINETE DA PREFEITA MUNICIPAL E DO SECRET\u00c1RIO DE ADMINISTRA\u00c7\u00c3O, PLANEJAMENTO, FINAN\u00c7AS E HABITA\u00c7\u00c3O, Estado do Tocantins, aos trinta e um dias do m\u00eas de maio do ano de 2023.              Riavan Santana Barbosa Secret\u00e1rio de Administra\u00e7\u00e3o, Planejamento, Finan\u00e7as e Habita\u00e7\u00e3o  Maria de F\u00e1tima Coelho Nunes Prefeita Municipal  DECRETO N\u00ba 1.818\/2023 DE 31 DE MAIO DE 2023  \u201cDISP\u00d5E SOBRE A CONVOCA\u00c7\u00c3O DA IX CONFER\u00caNCIA MUNICIPAL DE ASSIST\u00caNCIA SOCIAL, QUE ESPECIFICA E D\u00c1 OUTRAS PROVID\u00caNCIAS. \u201d  A PREFEITA MUNICIPAL DE GUARA\u00cd, Estado do Tocantins, em conjunto com a Secretaria Municipal de Assist\u00eancia Social, no uso de suas atribui\u00e7\u00f5es;  D E C R E T A  Art. 1\u00ba. Fica convocada a IX Confer\u00eancia Municipal de Assist\u00eancia Social de Guara\u00ed, a realizar-se no dia 14 de junho de 2023, no espa\u00e7o f\u00edsico da Loja Ma\u00e7\u00f4nica M\u00e1rio Behring 08.  Art. 2\u00ba. Este Decreto entrar\u00e1 em vigor na data de sua publica\u00e7\u00e3o, revogadas as disposi\u00e7\u00f5es em contr\u00e1rio.  Registre-se, Publique-se e Cumpra-se.  PAL\u00c1CIO PAC\u00cdFICO SILVA, GABINETE DA PREFEITA MUNICIPAL E DO SECRET\u00c1RIO DE ADMINSTRA\u00c7\u00c3O, PLANEJAMENTO E FINAN\u00c7AS DE GUARA\u00cd. Estado do Tocantins, aos trinta e um dias do m\u00eas de maio do ano de 2023.  Riavan Santana Barbosa Secret\u00e1rio de Administra\u00e7\u00e3o, Planejamento, Finan\u00e7as e Habita\u00e7\u00e3o  Maria de F\u00e1tima Coelho Nunes Prefeita Munic\u00edpio\">.<\/a><\/p>\n\n\n\n<p>BAIXAR PDF: <a href=\"https:\/\/guarai.to.gov.br\/portal\/wp-content\/uploads\/2023\/05\/DOM-1610.pdf\">Edi\u00e7\u00e3o Ordin\u00e1ria 1.610 de 31 de maio de 2023<\/a><\/p>\n","protected":false},"excerpt":{"rendered":"<p>. BAIXAR PDF: Edi\u00e7\u00e3o Ordin\u00e1ria 1.610 de 31 de maio de 2023<\/p>\n","protected":false},"author":28,"featured_media":31680,"comment_status":"closed","ping_status":"closed","sticky":false,"template":"","format":"standard","meta":{"footnotes":""},"categories":[90],"tags":[197],"class_list":["post-48116","post","type-post","status-publish","format-standard","has-post-thumbnail","hentry","category-diario-oficial","tag-diario-oficial","entry"],"_links":{"self":[{"href":"https:\/\/guarai.to.gov.br\/portal\/wp-json\/wp\/v2\/posts\/48116","targetHints":{"allow":["GET"]}}],"collection":[{"href":"https:\/\/guarai.to.gov.br\/portal\/wp-json\/wp\/v2\/posts"}],"about":[{"href":"https:\/\/guarai.to.gov.br\/portal\/wp-json\/wp\/v2\/types\/post"}],"author":[{"embeddable":true,"href":"https:\/\/guarai.to.gov.br\/portal\/wp-json\/wp\/v2\/users\/28"}],"replies":[{"embeddable":true,"href":"https:\/\/guarai.to.gov.br\/portal\/wp-json\/wp\/v2\/comments?post=48116"}],"version-history":[{"count":1,"href":"https:\/\/guarai.to.gov.br\/portal\/wp-json\/wp\/v2\/posts\/48116\/revisions"}],"predecessor-version":[{"id":48119,"href":"https:\/\/guarai.to.gov.br\/portal\/wp-json\/wp\/v2\/posts\/48116\/revisions\/48119"}],"wp:featuredmedia":[{"embeddable":true,"href":"https:\/\/guarai.to.gov.br\/portal\/wp-json\/wp\/v2\/media\/31680"}],"wp:attachment":[{"href":"https:\/\/guarai.to.gov.br\/portal\/wp-json\/wp\/v2\/media?parent=48116"}],"wp:term":[{"taxonomy":"category","embeddable":true,"href":"https:\/\/guarai.to.gov.br\/portal\/wp-json\/wp\/v2\/categories?post=48116"},{"taxonomy":"post_tag","embeddable":true,"href":"https:\/\/guarai.to.gov.br\/portal\/wp-json\/wp\/v2\/tags?post=48116"}],"curies":[{"name":"wp","href":"https:\/\/api.w.org\/{rel}","templated":true}]}}