{"id":52685,"date":"2025-03-26T20:43:16","date_gmt":"2025-03-26T23:43:16","guid":{"rendered":"https:\/\/guarai.to.gov.br\/portal\/?p=52685"},"modified":"2025-03-26T20:43:25","modified_gmt":"2025-03-26T23:43:25","slug":"edicao-extraordinaria-2-028-a-de-26-de-marco-de-2025","status":"publish","type":"post","link":"https:\/\/guarai.to.gov.br\/portal\/2025\/03\/26\/edicao-extraordinaria-2-028-a-de-26-de-marco-de-2025\/","title":{"rendered":"Edi\u00e7\u00e3o Extraordin\u00e1ria 2.028-A de 26 de mar\u00e7o de 2025"},"content":{"rendered":"\n<div data-wp-interactive=\"core\/file\" class=\"wp-block-file\"><object data-wp-bind--hidden=\"!state.hasPdfPreview\" hidden class=\"wp-block-file__embed\" data=\"https:\/\/guarai.to.gov.br\/portal\/wp-content\/uploads\/2025\/03\/DOM-2028-A.pdf\" type=\"application\/pdf\" style=\"width:100%;height:600px\" aria-label=\"Incorporado de DOM 2028 A.\"><\/object><a id=\"wp-block-file--media-d05c3678-dd85-4a45-8a30-131851ec7161\" href=\"https:\/\/guarai.to.gov.br\/portal\/wp-content\/uploads\/2025\/03\/DOM-2028-A.pdf\">DOM 2028 A<\/a><a href=\"https:\/\/guarai.to.gov.br\/portal\/wp-content\/uploads\/2025\/03\/DOM-2028-A.pdf\" class=\"wp-block-file__button wp-element-button\" download aria-describedby=\"wp-block-file--media-d05c3678-dd85-4a45-8a30-131851ec7161\">Baixar<\/a><\/div>\n\n\n\n<p><a href=\"http:\/\/LISTA DE CONVOCA\u00c7\u00c3O SECRETARIA MUNICIPAL DE EDUCA\u00c7\u00c3O E CULTURA  Conforme lista de selecionados seguindo crit\u00e9rios do EDITAL N\u00b0 01\/2025 de 07 de mar\u00e7o de 2025, publicado no Di\u00e1rio Oficial do Munic\u00edpio de Guara\u00ed n\u00b0 2.016, de 07 de mar\u00e7o de 2025 que tornou p\u00fablico o: PROCESSO P\u00daBLICO DE SELE\u00c7\u00c3O DE QUADRO DE RESERVA PARA ESTAGI\u00c1RIOS EM N\u00cdVEL SUPERIOR\/T\u00c9CNICO\/PROFISSIONALIZANTE, PARA CREDENCIAMENTO JUNTO A PREFEITURA MUNICIPAL DE GUARA\u00cd, SECRETARIAS E DEPARTAMENTOS MUNICIPAIS, REFERENTE AO PROGRAMA DE EST\u00c1GIO REMUNERADO N\u00c3O OBRIGAT\u00d3RIO, AQUI DENOMINADO PROGRAMA DE EST\u00c1GIO PLANTAR HOJE, COLHER AMANH\u00c3.  TORNA P\u00daBLICO A LISTA DE CLASSIFICA\u00c7\u00c3O DOS ESTAGI\u00c1RIOS POR AREA\/CURSO DE INSCRI\u00c7\u00c3O  Observa\u00e7\u00e3o: OS CONVOCADOS, DEVER\u00c3O SE APRESENTAR NA SECRET\u00c1RIA MUNICIPAL DE EDUCA\u00c7\u00c3O E CULTURA (ANTIGO FORUM DE GUARA\u00cd), NOS DIAS 27\/03 (8H \u00c0S 11H30 E DAS 13H30 \u00c0S 17H) E NO DIA 28\/03 ( 8H \u00c0S 11H).  \tCURSO: PEDAGOGIA - PSICOPEDAGOGIA ORDEM\tNOME\tFUN\u00c7\u00c3O\tLOCAL \tCLEIDE NUNES MONTEIRO DA SILVA CUNHA\tAuxiliar de sala\tCreche Aquarela \tHELLEN MAYSA PERIERA DE SOUSA\tAuxiliar de sala\tCreche Aquarela \tRAYSSA AZEVEDO DA SILVA\tAuxiliar de sala\tEsc. Le\u00f4ncio Miranda \tGILVANA CIRQUEIRA ALVES MOREIRA\tAuxiliar de sala\tEsc. Maria do Socorro \tROSILENE QUIXABEIRA\tAuxiliar de sala\tEsc. Municipal JK \tSIMARA LEITE RODRIGUES\tAuxiliar de sala\tEsc. Sossego da Mam\u00e3e \tNARYANNA BARBOSA NONTES\tAuxiliar de sala\tEsc. Sossego da Mam\u00e3e \tYASMIM SANTOS BATISTA MELO\tAuxiliar de sala\tEsc. Maria do Socorro \tCRHISLEY CRHISTINY OLIVEIRA DA SILVA\tAuxiliar de sala\tEsc. Municipal JK \tBEATRIZ ALENCAR MOREIRA\tAuxiliar de sala\tEsc. Luiz de Cam\u00f5es \tDANILA MORAIS MARINHO\tAuxiliar de sala\tEsc. Sossego da Mam\u00e3e \tGUILHERME AUGUSTO ALVES DA SILVA\tAuxiliar de sala\tEsc. Maria do Socorro \tKEYLLA DA SILVA ARAUJO\tAuxiliar de sala\tEsc. Luiz de Cam\u00f5es  \tCURSO: EDUCA\u00c7\u00c3O F\u00cdSICA ORDEM\tNOME\tFUN\u00c7\u00c3O\tLOCAL \tVIT\u00d3RIA LOPES PICAN\u00c7O\tAuxiliar de sala\tEsc. Mun Le\u00f4ncio Miranda \tCAIO PERES LIMA DE \u00c1VILA\tAuxiliar de sala\tEsc. Sossego da Mam\u00e3e \tJULLIANY CONCEI\u00c7\u00c3O DA SILVA PADOVAN\tAuxiliar de sala\tEsc. Municipal JK   Guara\u00ed \u2013 TO, 26 de mar\u00e7o de 2025   Coordena\u00e7\u00e3o Representante do Programa de Est\u00e1gio N\u00e3o Obrigat\u00f3rio\">.<\/a><\/p>\n\n\n\n<p><a href=\"https:\/\/guarai.to.gov.br\/portal\/wp-content\/uploads\/2025\/03\/DOM-2028-A.pdf\">Edi\u00e7\u00e3o Extraordin\u00e1ria 2.028-A de 26 de mar\u00e7o de 2025<\/a><\/p>\n","protected":false},"excerpt":{"rendered":"<p>. Edi\u00e7\u00e3o Extraordin\u00e1ria 2.028-A de 26 de mar\u00e7o de 2025<\/p>\n","protected":false},"author":40,"featured_media":0,"comment_status":"closed","ping_status":"closed","sticky":false,"template":"","format":"standard","meta":{"footnotes":""},"categories":[90],"tags":[197],"class_list":["post-52685","post","type-post","status-publish","format-standard","hentry","category-diario-oficial","tag-diario-oficial","entry"],"_links":{"self":[{"href":"https:\/\/guarai.to.gov.br\/portal\/wp-json\/wp\/v2\/posts\/52685","targetHints":{"allow":["GET"]}}],"collection":[{"href":"https:\/\/guarai.to.gov.br\/portal\/wp-json\/wp\/v2\/posts"}],"about":[{"href":"https:\/\/guarai.to.gov.br\/portal\/wp-json\/wp\/v2\/types\/post"}],"author":[{"embeddable":true,"href":"https:\/\/guarai.to.gov.br\/portal\/wp-json\/wp\/v2\/users\/40"}],"replies":[{"embeddable":true,"href":"https:\/\/guarai.to.gov.br\/portal\/wp-json\/wp\/v2\/comments?post=52685"}],"version-history":[{"count":1,"href":"https:\/\/guarai.to.gov.br\/portal\/wp-json\/wp\/v2\/posts\/52685\/revisions"}],"predecessor-version":[{"id":52687,"href":"https:\/\/guarai.to.gov.br\/portal\/wp-json\/wp\/v2\/posts\/52685\/revisions\/52687"}],"wp:attachment":[{"href":"https:\/\/guarai.to.gov.br\/portal\/wp-json\/wp\/v2\/media?parent=52685"}],"wp:term":[{"taxonomy":"category","embeddable":true,"href":"https:\/\/guarai.to.gov.br\/portal\/wp-json\/wp\/v2\/categories?post=52685"},{"taxonomy":"post_tag","embeddable":true,"href":"https:\/\/guarai.to.gov.br\/portal\/wp-json\/wp\/v2\/tags?post=52685"}],"curies":[{"name":"wp","href":"https:\/\/api.w.org\/{rel}","templated":true}]}}