{"id":53611,"date":"2026-04-23T21:15:07","date_gmt":"2026-04-24T00:15:07","guid":{"rendered":"https:\/\/guarai.to.gov.br\/portal\/?p=53611"},"modified":"2026-04-23T21:15:07","modified_gmt":"2026-04-24T00:15:07","slug":"edicao-ordinaria-2-279-de-23-de-abril-de-2026","status":"publish","type":"post","link":"https:\/\/guarai.to.gov.br\/portal\/2026\/04\/23\/edicao-ordinaria-2-279-de-23-de-abril-de-2026\/","title":{"rendered":"Edi\u00e7\u00e3o Ordin\u00e1ria 2.279 de 23 de abril de 2026"},"content":{"rendered":"\n<div data-wp-interactive=\"core\/file\" class=\"wp-block-file\"><object data-wp-bind--hidden=\"!state.hasPdfPreview\" hidden class=\"wp-block-file__embed\" data=\"https:\/\/guarai.to.gov.br\/portal\/wp-content\/uploads\/2026\/04\/DOM-2279.pdf\" type=\"application\/pdf\" style=\"width:100%;height:1256px\" aria-label=\"Incorporado de DOM 2279.\"><\/object><a id=\"wp-block-file--media-fd2b25ac-aab2-4634-ae04-19ff733d57f7\" href=\"https:\/\/guarai.to.gov.br\/portal\/wp-content\/uploads\/2026\/04\/DOM-2279.pdf\">DOM 2279<\/a><a href=\"https:\/\/guarai.to.gov.br\/portal\/wp-content\/uploads\/2026\/04\/DOM-2279.pdf\" class=\"wp-block-file__button wp-element-button\" download aria-describedby=\"wp-block-file--media-fd2b25ac-aab2-4634-ae04-19ff733d57f7\">Baixar<\/a><\/div>\n\n\n\n<p><a href=\"http:\/\/EXTRATO DO SEGUNDO TERMO ADITIVO DE ALTERA\u00c7\u00c3O CONTRATUAL  CONTRATO N.\u00ba 069\/2024   Processo: 4312\/2023 CONCORRENCIA 003\/2023 Contratante: Prefeitura Municipal de Guara\u00ed - TO  Contratada: ECOLUR - EMPRESA DE COLETA DE LIXO URBANO LTDA, inscrita no CNPJ\/MF sob o n.\u00ba 17.361.393\/0001-61 Objeto:  Contrata\u00e7\u00e3o de empresa especializada para execu\u00e7\u00e3o cont\u00ednua dos servi\u00e7os de Limpeza e Manuten\u00e7\u00e3o de \u00e1reas verdes p\u00fablicas (pra\u00e7as e jardins) e do Cemit\u00e9rio municipal, Retirada de Entulhos e restos de poda (galhadas) e Pintura de meio-fio, em todo o per\u00edmetro urbano e no Distrito de Canto da Vazante, para presta\u00e7\u00e3o de servi\u00e7os junto \u00e0 Secretaria Municipal de Agricultura e Meio Ambiente. Altera\u00e7\u00e3o contratual: O presente Termo Aditivo, tem por objeto Alterar o valor do contrato 069\/2024, baseada na Conven\u00e7\u00e3o Coletiva de Trabalho da Categoria Profissional vinculada \u00e0 execu\u00e7\u00e3o contratual. Com a aplica\u00e7\u00e3o da CCT 2025, o valor contratual passou a ser R$ 2.185.802,88(dois milh\u00f5es cento e oitenta e cinco mil, oitocentos e dois reais e oitenta e oito centavos) e baseado com a aplica\u00e7\u00e3o da CCT de 2026, o valor contratual passar\u00e1 a ser R$ 2.305.848,96 (dois milh\u00f5es trezentos e cinco mil, oitocentos e quarenta e oito reais e noventa e seis centavos), esse valor contratual ser\u00e1 contabilizado a partir de janeiro de 2026 \u00e0 dezembro de 2026 Signat\u00e1rios:  Maria de F\u00e1tima Coelho Nunes                         Adrielle Sousa Le\u00e3o Rodrigues Data de Assinatura: 22\/04\/2026  F\u00e1tima Coelho Nunes  Prefeita Municipal de Guara\u00ed  EXTRATO DO CONTRATO N.\u00ba 043\/2026  Processo:  1179\/2026 Dispensa de Licita\u00e7\u00e3o: 021\/2026   \u00d3rg\u00e3o: Prefeitura Municipal de Guara\u00ed - TO. Locador: GEOVANE EULALIO DA COSTA, inscrita no CNPJ\/MF sob o n.\u00ba 12.046.468\/0001-04 Objeto: contrata\u00e7\u00e3o de empresa especializada para a execu\u00e7\u00e3o de servi\u00e7os de monitoramento de sistemas de seguran\u00e7a eletr\u00f4nica, por meio de loca\u00e7\u00e3o de kit de c\u00e2meras de videomonitoramento, com o objetivo de refor\u00e7ar a seguran\u00e7a patrimonial dos pr\u00e9dios, ve\u00edculos, m\u00e1quinas e equipamentos vinculados \u00e0 Secretaria de Obras e Infraestrutura do Munic\u00edpio de Guara\u00ed \u2013 TO Signat\u00e1rios: Maria de F\u00e1tima Coelho Nunes  \t         Geovanne Eulalio da Costa Data de Assinatura: 23\/04\/2026 ITEM\tQTD\tUND\tDESCRITIVO\tV. UNIT\tV. TOTAL  01\t12\t meses\tServi\u00e7o de V\u00eddeo Monitoramento 24h: Loca\u00e7\u00e3o de Kit de 08 (oito) c\u00e2meras FULL HD, com gravador digital de v\u00eddeo.\t1.380,00\t16.560,00 \t16.560,00   Maria de F\u00e1tima Coelho Nunes Prefeita Municipal  EXTRATO 3\u00ba TERMO ADITIVO  \tA Prefeitura Municipal de Guara\u00ed \u2013 TO faz saber a quem interessar que, conforme informa\u00e7\u00f5es abaixo relacionadas, foi firmado o presente TERMO ADITIVO  Contrato: 070\/2024 Contratante: Prefeitura Municipal de Guara\u00ed \u2013 TO Contratado: Construtora ALJA LTDA - CNPJ\/MF sob o n\u00ba 25.050.261\/0001-47 Modalidade: Concorr\u00eancia Eletr\u00f4nica n\u00ba 005\/2024 Objeto: Prorroga\u00e7\u00e3o do prazo de vig\u00eancia do contrato de Pavimenta\u00e7\u00e3o Asf\u00e1ltica em via urbana com drenagem e cal\u00e7ada no Setor Novo Horizonte no Munic\u00edpio de Guara\u00ed\/TO. Prazo de vig\u00eancia: 24\/08\/2026 (a contar o prazo de vig\u00eancia a partir de 26\/04\/2026)  Data da assinatura: 23\/04\/2026 Signat\u00e1rio: Maria de F\u00e1tima Coelho Nunes \u2013 Gestora Municipal, CONTRATANTE, e Ronaldo Alves Japiass\u00fa Filho \u2013 CONTRATADA. Guara\u00ed\/TO, 23 de abril de 2026  Maria de F\u00e1tima Coelho Nunes Prefeita de Guara\u00ed  EXTRATO 3\u00ba TERMO ADITIVO \t A Prefeitura Municipal de Guara\u00ed \u2013 TO faz saber a quem interessar que, conforme informa\u00e7\u00f5es abaixo relacionadas, foi firmado o presente TERMO ADITIVO  Contrato: 070\/2024 Contratante: Prefeitura Municipal de Guara\u00ed \u2013 TO Contratado: Construtora ALJA LTDA - CNPJ\/MF sob o n\u00ba 25.050.261\/0001-47 Modalidade: Concorr\u00eancia Eletr\u00f4nica n\u00ba 005\/2024 Objeto: Prorroga\u00e7\u00e3o do prazo de vig\u00eancia do contrato de Pavimenta\u00e7\u00e3o Asf\u00e1ltica em via urbana com drenagem e cal\u00e7ada no Setor Novo Horizonte no Munic\u00edpio de Guara\u00ed\/TO. Prazo de vig\u00eancia: 24\/08\/2026 (a contar o prazo de vig\u00eancia a partir de 26\/04\/2026)  Data da assinatura: 23\/04\/2026 Signat\u00e1rio: Maria de F\u00e1tima Coelho Nunes \u2013 Gestora Municipal, CONTRATANTE, e Ronaldo Alves Japiass\u00fa Filho \u2013 CONTRATADA. Guara\u00ed\/TO, 23 de abril de 2026  Maria de F\u00e1tima Coelho Nunes Prefeita de Guara\u00ed     RETIFICA\u00c7\u00c3O EXTRATO DE CONTRATO INSTRUMENTO CONTRATUAL n\u00ba 003\/2026 Dispensa de Licita\u00e7\u00e3o N\u00ba 002\/2026  \u201cOBJETO:  Aquisi\u00e7\u00e3o e instala\u00e7\u00e3o de cortinas e persianas para nova sede e anexo I do Guara\u00ed Prev\u201d.  (...)  Valor Global: R$ 8,576,60 (oito mil quinhentos e setenta e seis reais e sessenta centavos),   (...)  Guara\u00ed TO, 22 de abril de 2026.   MARIA APARECIDA DOS SANTOS SOBRINHO, Presidente do Guara\u00edprev \u2013 Guara\u00ed TO\">.<\/a><\/p>\n\n\n\n<p><a href=\"https:\/\/guarai.to.gov.br\/portal\/wp-content\/uploads\/2026\/04\/DOM-2279.pdf\">Edi\u00e7\u00e3o Ordin\u00e1ria 2.279 de 23 de abril de 2026<\/a><\/p>\n","protected":false},"excerpt":{"rendered":"<p>. Edi\u00e7\u00e3o Ordin\u00e1ria 2.279 de 23 de abril de 2026<\/p>\n","protected":false},"author":40,"featured_media":0,"comment_status":"closed","ping_status":"closed","sticky":false,"template":"","format":"standard","meta":{"footnotes":""},"categories":[90],"tags":[197],"class_list":["post-53611","post","type-post","status-publish","format-standard","hentry","category-diario-oficial","tag-diario-oficial","entry"],"_links":{"self":[{"href":"https:\/\/guarai.to.gov.br\/portal\/wp-json\/wp\/v2\/posts\/53611","targetHints":{"allow":["GET"]}}],"collection":[{"href":"https:\/\/guarai.to.gov.br\/portal\/wp-json\/wp\/v2\/posts"}],"about":[{"href":"https:\/\/guarai.to.gov.br\/portal\/wp-json\/wp\/v2\/types\/post"}],"author":[{"embeddable":true,"href":"https:\/\/guarai.to.gov.br\/portal\/wp-json\/wp\/v2\/users\/40"}],"replies":[{"embeddable":true,"href":"https:\/\/guarai.to.gov.br\/portal\/wp-json\/wp\/v2\/comments?post=53611"}],"version-history":[{"count":1,"href":"https:\/\/guarai.to.gov.br\/portal\/wp-json\/wp\/v2\/posts\/53611\/revisions"}],"predecessor-version":[{"id":53613,"href":"https:\/\/guarai.to.gov.br\/portal\/wp-json\/wp\/v2\/posts\/53611\/revisions\/53613"}],"wp:attachment":[{"href":"https:\/\/guarai.to.gov.br\/portal\/wp-json\/wp\/v2\/media?parent=53611"}],"wp:term":[{"taxonomy":"category","embeddable":true,"href":"https:\/\/guarai.to.gov.br\/portal\/wp-json\/wp\/v2\/categories?post=53611"},{"taxonomy":"post_tag","embeddable":true,"href":"https:\/\/guarai.to.gov.br\/portal\/wp-json\/wp\/v2\/tags?post=53611"}],"curies":[{"name":"wp","href":"https:\/\/api.w.org\/{rel}","templated":true}]}}