{"id":54364,"date":"2026-09-01T17:44:56","date_gmt":"2026-09-01T20:44:56","guid":{"rendered":"https:\/\/guarai.to.gov.br\/portal\/?p=54364"},"modified":"2026-09-01T17:44:57","modified_gmt":"2026-09-01T20:44:57","slug":"edicao-ordinaria-2-367-de-01-de-setembro-de-2026","status":"publish","type":"post","link":"https:\/\/guarai.to.gov.br\/portal\/2026\/09\/01\/edicao-ordinaria-2-367-de-01-de-setembro-de-2026\/","title":{"rendered":"Edi\u00e7\u00e3o Ordin\u00e1ria 2.367 de 01 de setembro de 2026"},"content":{"rendered":"\n<div data-wp-interactive=\"core\/file\" class=\"wp-block-file\"><object data-wp-bind--hidden=\"!state.hasPdfPreview\" hidden class=\"wp-block-file__embed\" data=\"https:\/\/guarai.to.gov.br\/portal\/wp-content\/uploads\/2026\/09\/DOM-2367.pdf\" type=\"application\/pdf\" style=\"width:100%;height:1173px\" aria-label=\"Incorporado de DOM 2367.\"><\/object><a id=\"wp-block-file--media-5a2e668f-dab1-4b02-a3ef-6cc6f36ef6f9\" href=\"https:\/\/guarai.to.gov.br\/portal\/wp-content\/uploads\/2026\/09\/DOM-2367.pdf\">DOM 2367<\/a><a href=\"https:\/\/guarai.to.gov.br\/portal\/wp-content\/uploads\/2026\/09\/DOM-2367.pdf\" class=\"wp-block-file__button wp-element-button\" download aria-describedby=\"wp-block-file--media-5a2e668f-dab1-4b02-a3ef-6cc6f36ef6f9\"><\/a><\/div>\n\n\n\n<div class=\"texto-pesquisavel-diario-oficial\" aria-hidden=\"true\">\n\n\n\n\n\nAVISO DE ANULA\u00c7\u00c3O DE LICITA\u00c7\u00c3O\nCONCORR\u00caNCIA ELETR\u00d4NICA N\u00ba 010\/2026\nPROCESSO N\u00ba 1981\/2026.\n\nO Munic\u00edpio de Guara\u00ed\/TO torna p\u00fablico que, ap\u00f3s julgamento do recurso administrativo interposto no \u00e2mbito da Concorr\u00eancia Eletr\u00f4nica n\u00ba 010\/2026, cujo objeto consiste na contrata\u00e7\u00e3o de empresa para execu\u00e7\u00e3o de obras e servi\u00e7os de engenharia destinados \u00e0 constru\u00e7\u00e3o de Campo de Futebol Society, e constatada irregularidade na aplica\u00e7\u00e3o da exig\u00eancia prevista no item 6.2.4 do instrumento convocat\u00f3rio, especialmente quanto \u00e0 apresenta\u00e7\u00e3o de ART constitu\u00edda posteriormente ao momento juridicamente pertinente, fica ANULADO o procedimento licitat\u00f3rio, nos termos do art. 71, III, da Lei Federal n\u00ba 14.133\/2021. \nConsiderando, ainda, a inexist\u00eancia de licitante remanescente apta \u00e0 convoca\u00e7\u00e3o, fica o certame ENCERRADO, determinando-se a ado\u00e7\u00e3o das provid\u00eancias necess\u00e1rias \u00e0 instaura\u00e7\u00e3o de novo procedimento licitat\u00f3rio. Os fundamentos encontram-se integralmente consignados no Ato de Anula\u00e7\u00e3o e no Julgamento do Recurso Administrativo constantes dos autos.\nGuara\u00ed\/TO, 1\u00ba de setembro de 2026.\n\nMaria de F\u00e1tima Coelho Nunes\nAutoridade Competente\n\nAVISO SUSPENS\u00c3O DE LICITA\u00c7\u00c3O &#8211; \u201cSINE DIE\u201d\nCONCORR\u00caNCIA ELETR\u00d4NICA N\u00ba 011\/2026\n\nA Prefeitura Municipal de Guara\u00ed, por meio da Superintend\u00eancia de Licita\u00e7\u00f5es, TORNA P\u00daBLICO a suspen\u00e7\u00e3o \u201cSine Die\u201d, do processo licitat\u00f3rio acima, que tem por objeto a contrata\u00e7\u00e3o de empresa especializada para execu\u00e7\u00e3o cont\u00ednua dos servi\u00e7os de Limpeza e Varri\u00e7\u00e3o de Vias Urbanas, Coleta e Transporte de Res\u00edduos S\u00f3lidos domiciliares, comerciais e industriais inertes (com caracter\u00edstica de domiciliar) e dos res\u00edduos gerados nos servi\u00e7os de varri\u00e7\u00e3o de vias p\u00fablicas, abrangendo toda \u00e1rea urbana e o distrito de Canto da Vazante.\nCOMUNICA que a prorroga\u00e7\u00e3o se d\u00e1 pelo recebimento de pedidos de esclarecimentos que merecem an\u00e1lises t\u00e9cnicas\/jur\u00eddicas.\n\nGuara\u00ed\/TO, 1\u00ba de setembro de 2026\n\nCleube Roza Lima\nSuperintendente de Licita\u00e7\u00f5es\n\nAVISO SUSPENS\u00c3O DE LICITA\u00c7\u00c3O &#8211; \u201cSINE DIE\u201d\nPREG\u00c3O ELETR\u00d4NICO N\u00ba 040\/2026\n\nA Prefeitura Municipal de Guara\u00ed, por meio da Superintend\u00eancia de Licita\u00e7\u00f5es, TORNA P\u00daBLICO a suspen\u00e7\u00e3o \u201cSine Die\u201d, do processo licitat\u00f3rio acima, que tem por objeto a contrata\u00e7\u00e3o de empresa para eventual confec\u00e7\u00e3o e fornecimento de material gr\u00e1fico em geral, impressos e faixa tipo banner, destinados ao atendimento das demandas operacionais da secretaria municipal de sa\u00fade de Guara\u00ed\/TO.\nCOMUNICA que a prorroga\u00e7\u00e3o se d\u00e1 pelo recebimento de pedidos de esclarecimentos que merecem an\u00e1lises t\u00e9cnicas\/jur\u00eddicas.\n\nGuara\u00ed\/TO, 1\u00ba de setembro de 2026.\n\nCleube Roza Lima\nSuperintendente de Licita\u00e7\u00f5es\n<\/div>\n\n\n\n<p class=\"wp-block-paragraph\"><a href=\"https:\/\/guarai.to.gov.br\/portal\/wp-content\/uploads\/2026\/09\/DOM-2367.pdf\">Edi\u00e7\u00e3o Ordin\u00e1ria 2.367 de 01 de setembro de 2026<\/a><\/p>\n","protected":false},"excerpt":{"rendered":"<p>AVISO DE ANULA\u00c7\u00c3O DE LICITA\u00c7\u00c3O CONCORR\u00caNCIA ELETR\u00d4NICA N\u00ba 010\/2026 PROCESSO N\u00ba 1981\/2026. O Munic\u00edpio de Guara\u00ed\/TO torna p\u00fablico que, ap\u00f3s julgamento do recurso administrativo interposto no \u00e2mbito da Concorr\u00eancia Eletr\u00f4nica n\u00ba 010\/2026, cujo objeto consiste na contrata\u00e7\u00e3o de empresa para execu\u00e7\u00e3o de obras e servi\u00e7os de engenharia destinados \u00e0 constru\u00e7\u00e3o de Campo de Futebol Society, [&hellip;]<\/p>\n","protected":false},"author":40,"featured_media":0,"comment_status":"closed","ping_status":"closed","sticky":false,"template":"","format":"standard","meta":{"footnotes":""},"categories":[90],"tags":[197],"class_list":["post-54364","post","type-post","status-publish","format-standard","hentry","category-diario-oficial","tag-diario-oficial"],"_links":{"self":[{"href":"https:\/\/guarai.to.gov.br\/portal\/wp-json\/wp\/v2\/posts\/54364","targetHints":{"allow":["GET"]}}],"collection":[{"href":"https:\/\/guarai.to.gov.br\/portal\/wp-json\/wp\/v2\/posts"}],"about":[{"href":"https:\/\/guarai.to.gov.br\/portal\/wp-json\/wp\/v2\/types\/post"}],"author":[{"embeddable":true,"href":"https:\/\/guarai.to.gov.br\/portal\/wp-json\/wp\/v2\/users\/40"}],"replies":[{"embeddable":true,"href":"https:\/\/guarai.to.gov.br\/portal\/wp-json\/wp\/v2\/comments?post=54364"}],"version-history":[{"count":1,"href":"https:\/\/guarai.to.gov.br\/portal\/wp-json\/wp\/v2\/posts\/54364\/revisions"}],"predecessor-version":[{"id":54366,"href":"https:\/\/guarai.to.gov.br\/portal\/wp-json\/wp\/v2\/posts\/54364\/revisions\/54366"}],"wp:attachment":[{"href":"https:\/\/guarai.to.gov.br\/portal\/wp-json\/wp\/v2\/media?parent=54364"}],"wp:term":[{"taxonomy":"category","embeddable":true,"href":"https:\/\/guarai.to.gov.br\/portal\/wp-json\/wp\/v2\/categories?post=54364"},{"taxonomy":"post_tag","embeddable":true,"href":"https:\/\/guarai.to.gov.br\/portal\/wp-json\/wp\/v2\/tags?post=54364"}],"curies":[{"name":"wp","href":"https:\/\/api.w.org\/{rel}","templated":true}]}}