{"id":2701,"date":"2025-11-03T18:37:24","date_gmt":"2025-11-03T21:37:24","guid":{"rendered":"https:\/\/guarai.to.gov.br\/transparencia\/?p=2701"},"modified":"2025-11-03T18:37:26","modified_gmt":"2025-11-03T21:37:26","slug":"prefeitura-de-guarai-inicia-campanha-novembro-azul-com-acoes-voltadas-a-saude-do-homem","status":"publish","type":"post","link":"https:\/\/guarai.to.gov.br\/transparencia\/prefeitura-de-guarai-inicia-campanha-novembro-azul-com-acoes-voltadas-a-saude-do-homem\/","title":{"rendered":"Prefeitura de Guara\u00ed inicia campanha Novembro Azul com a\u00e7\u00f5es voltadas \u00e0 sa\u00fade do homem"},"content":{"rendered":"\n<p class=\"wp-block-paragraph\">A Prefeitura de Guara\u00ed, por meio da Secretaria Municipal de Sa\u00fade, deu in\u00edcio \u00e0s a\u00e7\u00f5es da campanha Novembro Azul, m\u00eas dedicado \u00e0 conscientiza\u00e7\u00e3o sobre a sa\u00fade do homem e \u00e0 preven\u00e7\u00e3o do c\u00e2ncer de pr\u00f3stata.<\/p>\n\n\n\n<p class=\"wp-block-paragraph\">Durante todo o m\u00eas, ser\u00e3o realizadas palestras, rodas de conversa, atendimentos e a\u00e7\u00f5es educativas em diversas unidades de sa\u00fade, com foco na import\u00e2ncia da preven\u00e7\u00e3o, do autocuidado e da busca por atendimento m\u00e9dico regular.<\/p>\n\n\n\n<p class=\"wp-block-paragraph\">O objetivo da campanha \u00e9 quebrar tabus e incentivar os homens a cuidarem mais de si mesmos, refor\u00e7ando que a preven\u00e7\u00e3o e o diagn\u00f3stico precoce salvam vidas.<\/p>\n\n\n\n<p class=\"wp-block-paragraph\">De acordo com a Secretaria de Sa\u00fade, as equipes est\u00e3o preparando uma programa\u00e7\u00e3o especial para intensificar os atendimentos e aproximar ainda mais o p\u00fablico masculino das unidades b\u00e1sicas de sa\u00fade.<\/p>\n\n\n\n<p class=\"wp-block-paragraph\">A Prefeitura de Guara\u00ed refor\u00e7a seu compromisso com a promo\u00e7\u00e3o da sa\u00fade e o bem-estar de toda a popula\u00e7\u00e3o, destacando que cuidar da sa\u00fade tamb\u00e9m \u00e9 um ato de coragem e amor \u00e0 vida.<\/p>\n\n\n\n<figure class=\"wp-block-image size-full\"><img loading=\"lazy\" decoding=\"async\" width=\"1024\" height=\"1280\" src=\"https:\/\/guarai.to.gov.br\/transparencia\/wp-content\/uploads\/2025\/11\/banner-azul.jpg\" alt=\"\" class=\"wp-image-2702\" srcset=\"https:\/\/guarai.to.gov.br\/transparencia\/wp-content\/uploads\/2025\/11\/banner-azul.jpg 1024w, https:\/\/guarai.to.gov.br\/transparencia\/wp-content\/uploads\/2025\/11\/banner-azul-460x575.jpg 460w, https:\/\/guarai.to.gov.br\/transparencia\/wp-content\/uploads\/2025\/11\/banner-azul-128x160.jpg 128w, https:\/\/guarai.to.gov.br\/transparencia\/wp-content\/uploads\/2025\/11\/banner-azul-768x960.jpg 768w\" sizes=\"auto, (max-width: 1024px) 100vw, 1024px\" \/><\/figure>\n","protected":false},"excerpt":{"rendered":"<p>A Prefeitura de Guara\u00ed, por meio da Secretaria Municipal de Sa\u00fade, deu in\u00edcio \u00e0s a\u00e7\u00f5es da campanha Novembro Azul, m\u00eas dedicado \u00e0 conscientiza\u00e7\u00e3o sobre a sa\u00fade do homem e \u00e0 preven\u00e7\u00e3o do\u2026<\/p>\n","protected":false},"author":2,"featured_media":2703,"comment_status":"closed","ping_status":"closed","sticky":false,"template":"","format":"standard","meta":{"cybocfi_hide_featured_image":"","footnotes":""},"categories":[1],"tags":[26],"class_list":["post-2701","post","type-post","status-publish","format-standard","has-post-thumbnail","hentry","category-noticias","tag-guarai"],"_links":{"self":[{"href":"https:\/\/guarai.to.gov.br\/transparencia\/wp-json\/wp\/v2\/posts\/2701","targetHints":{"allow":["GET"]}}],"collection":[{"href":"https:\/\/guarai.to.gov.br\/transparencia\/wp-json\/wp\/v2\/posts"}],"about":[{"href":"https:\/\/guarai.to.gov.br\/transparencia\/wp-json\/wp\/v2\/types\/post"}],"author":[{"embeddable":true,"href":"https:\/\/guarai.to.gov.br\/transparencia\/wp-json\/wp\/v2\/users\/2"}],"replies":[{"embeddable":true,"href":"https:\/\/guarai.to.gov.br\/transparencia\/wp-json\/wp\/v2\/comments?post=2701"}],"version-history":[{"count":1,"href":"https:\/\/guarai.to.gov.br\/transparencia\/wp-json\/wp\/v2\/posts\/2701\/revisions"}],"predecessor-version":[{"id":2704,"href":"https:\/\/guarai.to.gov.br\/transparencia\/wp-json\/wp\/v2\/posts\/2701\/revisions\/2704"}],"wp:featuredmedia":[{"embeddable":true,"href":"https:\/\/guarai.to.gov.br\/transparencia\/wp-json\/wp\/v2\/media\/2703"}],"wp:attachment":[{"href":"https:\/\/guarai.to.gov.br\/transparencia\/wp-json\/wp\/v2\/media?parent=2701"}],"wp:term":[{"taxonomy":"category","embeddable":true,"href":"https:\/\/guarai.to.gov.br\/transparencia\/wp-json\/wp\/v2\/categories?post=2701"},{"taxonomy":"post_tag","embeddable":true,"href":"https:\/\/guarai.to.gov.br\/transparencia\/wp-json\/wp\/v2\/tags?post=2701"}],"curies":[{"name":"wp","href":"https:\/\/api.w.org\/{rel}","templated":true}]}}