{"id":4542,"date":"2026-04-01T10:25:36","date_gmt":"2026-04-01T13:25:36","guid":{"rendered":"https:\/\/guarai.to.gov.br\/transparencia\/?p=4542"},"modified":"2026-04-01T12:01:03","modified_gmt":"2026-04-01T15:01:03","slug":"secretaria-de-assistencia-social-de-guarai-divulga-programacao-de-abril-com-foco-em-protecao-e-inclusao-social","status":"publish","type":"post","link":"https:\/\/guarai.to.gov.br\/transparencia\/secretaria-de-assistencia-social-de-guarai-divulga-programacao-de-abril-com-foco-em-protecao-e-inclusao-social\/","title":{"rendered":"Secretaria de Assist\u00eancia Social de Guara\u00ed divulga programa\u00e7\u00e3o de abril com foco em prote\u00e7\u00e3o e inclus\u00e3o social."},"content":{"rendered":"\n<p class=\"wp-block-paragraph\"><\/p>\n\n\n\n<p class=\"wp-block-paragraph\">A Prefeitura de Guara\u00ed, por meio da Secretaria Municipal de Assist\u00eancia Social, apresenta o cronograma de a\u00e7\u00f5es para o m\u00eas de abril de 2026, com foco no fortalecimento de v\u00ednculos, garantia de direitos e atendimento \u00e0s fam\u00edlias em situa\u00e7\u00e3o de vulnerabilidade social.<\/p>\n\n\n\n<p class=\"wp-block-paragraph\">Entre as principais iniciativas, destacam-se as inscri\u00e7\u00f5es para o Casamento Comunit\u00e1rio, al\u00e9m da execu\u00e7\u00e3o do projeto Esta\u00e7\u00f5es Mulheres, voltado ao fortalecimento do protagonismo feminino, com \u00eanfase em orienta\u00e7\u00e3o sobre direitos, gera\u00e7\u00e3o de renda e sa\u00fade mental.<\/p>\n\n\n\n<p class=\"wp-block-paragraph\">No \u00e2mbito do PAIF, ser\u00e3o realizadas oficinas com fam\u00edlias abordando temas como alimenta\u00e7\u00e3o saud\u00e1vel, planejamento familiar e empatia. J\u00e1 o Servi\u00e7o de Conviv\u00eancia e Fortalecimento de V\u00ednculos (SCFV) promover\u00e1 atividades como celebra\u00e7\u00e3o de P\u00e1scoa, rodas de conversa para a terceira idade e oficinas educativas para crian\u00e7as e adolescentes.<\/p>\n\n\n\n<p class=\"wp-block-paragraph\">O CREAS seguir\u00e1 com atendimentos especializados a fam\u00edlias e indiv\u00edduos com direitos violados, ofertando acompanhamento psicossocial, orienta\u00e7\u00e3o e encaminhamentos, al\u00e9m de a\u00e7\u00f5es de enfrentamento \u00e0 viol\u00eancia e ao trabalho infantil.<\/p>\n\n\n\n<p class=\"wp-block-paragraph\">Durante todo o m\u00eas, o Cadastro \u00danico estar\u00e1 ativo com atendimentos na zona urbana e rural, incluindo visitas domiciliares, atualiza\u00e7\u00e3o cadastral e acesso a programas sociais como Bolsa Fam\u00edlia, BPC e outros benef\u00edcios.<\/p>\n\n\n\n<p class=\"wp-block-paragraph\">De acordo com a secret\u00e1ria municipal de Assist\u00eancia Social, Simonya Mariano, as a\u00e7\u00f5es refor\u00e7am o compromisso da gest\u00e3o com o cuidado \u00e0s pessoas. \u201cNosso trabalho \u00e9 garantir que os servi\u00e7os cheguem a quem mais precisa, promovendo dignidade, inclus\u00e3o e oportunidades\u201d, destacou.<\/p>\n\n\n\n<p class=\"wp-block-paragraph\">A Secretaria segue atuando de forma integrada para ampliar o acesso \u00e0s pol\u00edticas p\u00fablicas e fortalecer a rede de prote\u00e7\u00e3o social no munic\u00edpio.<\/p>\n\n\n\n<figure class=\"wp-block-image size-large\"><img fetchpriority=\"high\" decoding=\"async\" width=\"1024\" height=\"1024\" src=\"https:\/\/guarai.to.gov.br\/transparencia\/wp-content\/uploads\/2026\/04\/Foto-Capa-Secretaria-de-Assistencia-Social-Acoes-Abril-1024x1024.jpg\" alt=\"\" class=\"wp-image-4549\" srcset=\"https:\/\/guarai.to.gov.br\/transparencia\/wp-content\/uploads\/2026\/04\/Foto-Capa-Secretaria-de-Assistencia-Social-Acoes-Abril-1024x1024.jpg 1024w, https:\/\/guarai.to.gov.br\/transparencia\/wp-content\/uploads\/2026\/04\/Foto-Capa-Secretaria-de-Assistencia-Social-Acoes-Abril-460x460.jpg 460w, https:\/\/guarai.to.gov.br\/transparencia\/wp-content\/uploads\/2026\/04\/Foto-Capa-Secretaria-de-Assistencia-Social-Acoes-Abril-160x160.jpg 160w, https:\/\/guarai.to.gov.br\/transparencia\/wp-content\/uploads\/2026\/04\/Foto-Capa-Secretaria-de-Assistencia-Social-Acoes-Abril-768x768.jpg 768w, https:\/\/guarai.to.gov.br\/transparencia\/wp-content\/uploads\/2026\/04\/Foto-Capa-Secretaria-de-Assistencia-Social-Acoes-Abril.jpg 1080w\" sizes=\"(max-width: 1024px) 100vw, 1024px\" \/><\/figure>\n\n\n\n<figure class=\"wp-block-image size-full\"><img decoding=\"async\" width=\"1024\" height=\"577\" src=\"https:\/\/guarai.to.gov.br\/transparencia\/wp-content\/uploads\/2026\/04\/Foto-Capa-Secretaria-de-Assistencia-Social-Acoes-Abril-3.jpg\" alt=\"\" class=\"wp-image-4548\" srcset=\"https:\/\/guarai.to.gov.br\/transparencia\/wp-content\/uploads\/2026\/04\/Foto-Capa-Secretaria-de-Assistencia-Social-Acoes-Abril-3.jpg 1024w, https:\/\/guarai.to.gov.br\/transparencia\/wp-content\/uploads\/2026\/04\/Foto-Capa-Secretaria-de-Assistencia-Social-Acoes-Abril-3-460x259.jpg 460w, https:\/\/guarai.to.gov.br\/transparencia\/wp-content\/uploads\/2026\/04\/Foto-Capa-Secretaria-de-Assistencia-Social-Acoes-Abril-3-160x90.jpg 160w, https:\/\/guarai.to.gov.br\/transparencia\/wp-content\/uploads\/2026\/04\/Foto-Capa-Secretaria-de-Assistencia-Social-Acoes-Abril-3-768x433.jpg 768w\" sizes=\"(max-width: 1024px) 100vw, 1024px\" \/><\/figure>\n\n\n\n<figure class=\"wp-block-image size-full\"><img decoding=\"async\" width=\"1024\" height=\"577\" src=\"https:\/\/guarai.to.gov.br\/transparencia\/wp-content\/uploads\/2026\/04\/Foto-texto-Secretaria-de-Assistencia-Social-Acoes-Abril.jpg\" alt=\"\" class=\"wp-image-4550\" srcset=\"https:\/\/guarai.to.gov.br\/transparencia\/wp-content\/uploads\/2026\/04\/Foto-texto-Secretaria-de-Assistencia-Social-Acoes-Abril.jpg 1024w, https:\/\/guarai.to.gov.br\/transparencia\/wp-content\/uploads\/2026\/04\/Foto-texto-Secretaria-de-Assistencia-Social-Acoes-Abril-460x259.jpg 460w, https:\/\/guarai.to.gov.br\/transparencia\/wp-content\/uploads\/2026\/04\/Foto-texto-Secretaria-de-Assistencia-Social-Acoes-Abril-160x90.jpg 160w, https:\/\/guarai.to.gov.br\/transparencia\/wp-content\/uploads\/2026\/04\/Foto-texto-Secretaria-de-Assistencia-Social-Acoes-Abril-768x433.jpg 768w\" sizes=\"(max-width: 1024px) 100vw, 1024px\" \/><\/figure>\n","protected":false},"excerpt":{"rendered":"<p>A Prefeitura de Guara\u00ed, por meio da Secretaria Municipal de Assist\u00eancia Social, apresenta o cronograma de a\u00e7\u00f5es para o m\u00eas de abril de 2026, com foco no fortalecimento de v\u00ednculos, garantia de direitos e atendimento \u00e0s fam\u00edlias em situa\u00e7\u00e3o de vulnerabilidade social. Entre as principais iniciativas, destacam-se as inscri\u00e7\u00f5es para o Casamento Comunit\u00e1rio, al\u00e9m da&hellip; <a class=\"more-link\" href=\"https:\/\/guarai.to.gov.br\/transparencia\/secretaria-de-assistencia-social-de-guarai-divulga-programacao-de-abril-com-foco-em-protecao-e-inclusao-social\/\">Continue lendo <span class=\"screen-reader-text\">Secretaria de Assist\u00eancia Social de Guara\u00ed divulga programa\u00e7\u00e3o de abril com foco em prote\u00e7\u00e3o e inclus\u00e3o social.<\/span><\/a><\/p>\n","protected":false},"author":2,"featured_media":4547,"comment_status":"closed","ping_status":"closed","sticky":false,"template":"","format":"standard","meta":{"_acf_changed":false,"_eb_attr":"","_crdt_document":"","cybocfi_hide_featured_image":"","footnotes":""},"categories":[1],"tags":[],"class_list":["post-4542","post","type-post","status-publish","format-standard","has-post-thumbnail","hentry","category-noticias","entry"],"acf":[],"yoast_head":"<!-- This site is optimized with the Yoast SEO Premium plugin v27.3 (Yoast SEO v27.3) - https:\/\/yoast.com\/product\/yoast-seo-premium-wordpress\/ -->\n<title>Secretaria de Assist\u00eancia Social de Guara\u00ed divulga programa\u00e7\u00e3o de abril com foco em prote\u00e7\u00e3o e inclus\u00e3o social. - Prefeitura Municipal de Guara\u00ed<\/title>\n<meta name=\"robots\" content=\"index, follow, max-snippet:-1, max-image-preview:large, max-video-preview:-1\" \/>\n<link rel=\"canonical\" href=\"https:\/\/guarai.to.gov.br\/transparencia\/secretaria-de-assistencia-social-de-guarai-divulga-programacao-de-abril-com-foco-em-protecao-e-inclusao-social\/\" \/>\n<meta property=\"og:locale\" content=\"pt_BR\" \/>\n<meta property=\"og:type\" content=\"article\" \/>\n<meta property=\"og:title\" content=\"Secretaria de Assist\u00eancia Social de Guara\u00ed divulga programa\u00e7\u00e3o de abril com foco em prote\u00e7\u00e3o e inclus\u00e3o social.\" \/>\n<meta property=\"og:description\" content=\"A Prefeitura de Guara\u00ed, por meio da Secretaria Municipal de Assist\u00eancia Social, apresenta o cronograma de a\u00e7\u00f5es para o m\u00eas de abril de 2026, com foco no fortalecimento de v\u00ednculos, garantia de direitos e atendimento \u00e0s fam\u00edlias em situa\u00e7\u00e3o de vulnerabilidade social. Entre as principais iniciativas, destacam-se as inscri\u00e7\u00f5es para o Casamento Comunit\u00e1rio, al\u00e9m da&hellip; Continue lendo Secretaria de Assist\u00eancia Social de Guara\u00ed divulga programa\u00e7\u00e3o de abril com foco em prote\u00e7\u00e3o e inclus\u00e3o social.\" \/>\n<meta property=\"og:url\" content=\"https:\/\/guarai.to.gov.br\/transparencia\/secretaria-de-assistencia-social-de-guarai-divulga-programacao-de-abril-com-foco-em-protecao-e-inclusao-social\/\" \/>\n<meta property=\"og:site_name\" content=\"Prefeitura Municipal de Guara\u00ed\" \/>\n<meta property=\"article:published_time\" content=\"2026-04-01T13:25:36+00:00\" \/>\n<meta property=\"article:modified_time\" content=\"2026-04-01T15:01:03+00:00\" \/>\n<meta property=\"og:image\" content=\"https:\/\/guarai.to.gov.br\/transparencia\/wp-content\/uploads\/2026\/04\/Foto-Capa-Secretaria-de-Assistencia-Social-Acoes-Abril-2.jpg\" \/>\n\t<meta property=\"og:image:width\" content=\"1080\" \/>\n\t<meta property=\"og:image:height\" content=\"1080\" \/>\n\t<meta property=\"og:image:type\" content=\"image\/jpeg\" \/>\n<meta name=\"author\" content=\"Comunica\u00e7\u00e3o Guara\u00ed\" \/>\n<meta name=\"twitter:card\" content=\"summary_large_image\" \/>\n<meta name=\"twitter:label1\" content=\"Escrito por\" \/>\n\t<meta name=\"twitter:data1\" content=\"Comunica\u00e7\u00e3o Guara\u00ed\" \/>\n\t<meta name=\"twitter:label2\" content=\"Est. tempo de leitura\" \/>\n\t<meta name=\"twitter:data2\" content=\"3 minutos\" \/>\n<script type=\"application\/ld+json\" class=\"yoast-schema-graph\">{\"@context\":\"https:\\\/\\\/schema.org\",\"@graph\":[{\"@type\":\"Article\",\"@id\":\"https:\\\/\\\/guarai.to.gov.br\\\/transparencia\\\/secretaria-de-assistencia-social-de-guarai-divulga-programacao-de-abril-com-foco-em-protecao-e-inclusao-social\\\/#article\",\"isPartOf\":{\"@id\":\"https:\\\/\\\/guarai.to.gov.br\\\/transparencia\\\/secretaria-de-assistencia-social-de-guarai-divulga-programacao-de-abril-com-foco-em-protecao-e-inclusao-social\\\/\"},\"author\":{\"name\":\"Comunica\u00e7\u00e3o Guara\u00ed\",\"@id\":\"https:\\\/\\\/guarai.to.gov.br\\\/transparencia\\\/#\\\/schema\\\/person\\\/dcdb75887661c2650574d9d0792d95f2\"},\"headline\":\"Secretaria de Assist\u00eancia Social de Guara\u00ed divulga programa\u00e7\u00e3o de abril com foco em prote\u00e7\u00e3o e inclus\u00e3o social.\",\"datePublished\":\"2026-04-01T13:25:36+00:00\",\"dateModified\":\"2026-04-01T15:01:03+00:00\",\"mainEntityOfPage\":{\"@id\":\"https:\\\/\\\/guarai.to.gov.br\\\/transparencia\\\/secretaria-de-assistencia-social-de-guarai-divulga-programacao-de-abril-com-foco-em-protecao-e-inclusao-social\\\/\"},\"wordCount\":316,\"publisher\":{\"@id\":\"https:\\\/\\\/guarai.to.gov.br\\\/transparencia\\\/#organization\"},\"image\":{\"@id\":\"https:\\\/\\\/guarai.to.gov.br\\\/transparencia\\\/secretaria-de-assistencia-social-de-guarai-divulga-programacao-de-abril-com-foco-em-protecao-e-inclusao-social\\\/#primaryimage\"},\"thumbnailUrl\":\"https:\\\/\\\/guarai.to.gov.br\\\/transparencia\\\/wp-content\\\/uploads\\\/2026\\\/04\\\/Foto-Capa-Secretaria-de-Assistencia-Social-Acoes-Abril-2.jpg\",\"articleSection\":[\"NOTICIAS\"],\"inLanguage\":\"pt-BR\"},{\"@type\":\"WebPage\",\"@id\":\"https:\\\/\\\/guarai.to.gov.br\\\/transparencia\\\/secretaria-de-assistencia-social-de-guarai-divulga-programacao-de-abril-com-foco-em-protecao-e-inclusao-social\\\/\",\"url\":\"https:\\\/\\\/guarai.to.gov.br\\\/transparencia\\\/secretaria-de-assistencia-social-de-guarai-divulga-programacao-de-abril-com-foco-em-protecao-e-inclusao-social\\\/\",\"name\":\"Secretaria de Assist\u00eancia Social de Guara\u00ed divulga programa\u00e7\u00e3o de abril com foco em prote\u00e7\u00e3o e inclus\u00e3o social. - Prefeitura Municipal de Guara\u00ed\",\"isPartOf\":{\"@id\":\"https:\\\/\\\/guarai.to.gov.br\\\/transparencia\\\/#website\"},\"primaryImageOfPage\":{\"@id\":\"https:\\\/\\\/guarai.to.gov.br\\\/transparencia\\\/secretaria-de-assistencia-social-de-guarai-divulga-programacao-de-abril-com-foco-em-protecao-e-inclusao-social\\\/#primaryimage\"},\"image\":{\"@id\":\"https:\\\/\\\/guarai.to.gov.br\\\/transparencia\\\/secretaria-de-assistencia-social-de-guarai-divulga-programacao-de-abril-com-foco-em-protecao-e-inclusao-social\\\/#primaryimage\"},\"thumbnailUrl\":\"https:\\\/\\\/guarai.to.gov.br\\\/transparencia\\\/wp-content\\\/uploads\\\/2026\\\/04\\\/Foto-Capa-Secretaria-de-Assistencia-Social-Acoes-Abril-2.jpg\",\"datePublished\":\"2026-04-01T13:25:36+00:00\",\"dateModified\":\"2026-04-01T15:01:03+00:00\",\"breadcrumb\":{\"@id\":\"https:\\\/\\\/guarai.to.gov.br\\\/transparencia\\\/secretaria-de-assistencia-social-de-guarai-divulga-programacao-de-abril-com-foco-em-protecao-e-inclusao-social\\\/#breadcrumb\"},\"inLanguage\":\"pt-BR\",\"potentialAction\":[{\"@type\":\"ReadAction\",\"target\":[\"https:\\\/\\\/guarai.to.gov.br\\\/transparencia\\\/secretaria-de-assistencia-social-de-guarai-divulga-programacao-de-abril-com-foco-em-protecao-e-inclusao-social\\\/\"]}]},{\"@type\":\"ImageObject\",\"inLanguage\":\"pt-BR\",\"@id\":\"https:\\\/\\\/guarai.to.gov.br\\\/transparencia\\\/secretaria-de-assistencia-social-de-guarai-divulga-programacao-de-abril-com-foco-em-protecao-e-inclusao-social\\\/#primaryimage\",\"url\":\"https:\\\/\\\/guarai.to.gov.br\\\/transparencia\\\/wp-content\\\/uploads\\\/2026\\\/04\\\/Foto-Capa-Secretaria-de-Assistencia-Social-Acoes-Abril-2.jpg\",\"contentUrl\":\"https:\\\/\\\/guarai.to.gov.br\\\/transparencia\\\/wp-content\\\/uploads\\\/2026\\\/04\\\/Foto-Capa-Secretaria-de-Assistencia-Social-Acoes-Abril-2.jpg\",\"width\":1080,\"height\":1080,\"caption\":\"Foto: Gabriel Borges\"},{\"@type\":\"BreadcrumbList\",\"@id\":\"https:\\\/\\\/guarai.to.gov.br\\\/transparencia\\\/secretaria-de-assistencia-social-de-guarai-divulga-programacao-de-abril-com-foco-em-protecao-e-inclusao-social\\\/#breadcrumb\",\"itemListElement\":[{\"@type\":\"ListItem\",\"position\":1,\"name\":\"In\u00edcio\",\"item\":\"https:\\\/\\\/guarai.to.gov.br\\\/transparencia\\\/\"},{\"@type\":\"ListItem\",\"position\":2,\"name\":\"Secretaria de Assist\u00eancia Social de Guara\u00ed divulga programa\u00e7\u00e3o de abril com foco em prote\u00e7\u00e3o e inclus\u00e3o social.\"}]},{\"@type\":\"WebSite\",\"@id\":\"https:\\\/\\\/guarai.to.gov.br\\\/transparencia\\\/#website\",\"url\":\"https:\\\/\\\/guarai.to.gov.br\\\/transparencia\\\/\",\"name\":\"Prefeitura Municipal de Guara\u00ed\",\"description\":\"\",\"publisher\":{\"@id\":\"https:\\\/\\\/guarai.to.gov.br\\\/transparencia\\\/#organization\"},\"alternateName\":\"https:\\\/\\\/guarai.to.gov.br\\\/transparencia\",\"potentialAction\":[{\"@type\":\"SearchAction\",\"target\":{\"@type\":\"EntryPoint\",\"urlTemplate\":\"https:\\\/\\\/guarai.to.gov.br\\\/transparencia\\\/?s={search_term_string}\"},\"query-input\":{\"@type\":\"PropertyValueSpecification\",\"valueRequired\":true,\"valueName\":\"search_term_string\"}}],\"inLanguage\":\"pt-BR\"},{\"@type\":\"Organization\",\"@id\":\"https:\\\/\\\/guarai.to.gov.br\\\/transparencia\\\/#organization\",\"name\":\"Prefeitura Municipal de Guara\u00ed\",\"alternateName\":\"Prefeitura Municipal de Guara\u00ed\",\"url\":\"https:\\\/\\\/guarai.to.gov.br\\\/transparencia\\\/\",\"logo\":{\"@type\":\"ImageObject\",\"inLanguage\":\"pt-BR\",\"@id\":\"https:\\\/\\\/guarai.to.gov.br\\\/transparencia\\\/#\\\/schema\\\/logo\\\/image\\\/\",\"url\":\"https:\\\/\\\/guarai.to.gov.br\\\/transparencia\\\/wp-content\\\/uploads\\\/2024\\\/11\\\/brasao_atualizado.png\",\"contentUrl\":\"https:\\\/\\\/guarai.to.gov.br\\\/transparencia\\\/wp-content\\\/uploads\\\/2024\\\/11\\\/brasao_atualizado.png\",\"width\":50,\"height\":53,\"caption\":\"Prefeitura Municipal de Guara\u00ed\"},\"image\":{\"@id\":\"https:\\\/\\\/guarai.to.gov.br\\\/transparencia\\\/#\\\/schema\\\/logo\\\/image\\\/\"},\"description\":\"Av. Bernardo Say\u00e3o, S\\\/N - Centro, Guara\u00ed - TO, 77700-000\",\"email\":\"gabinetedoprefeito@guarai.to.gov.br\",\"telephone\":\"6334641030, 6334641018, 34644620\",\"legalName\":\"Prefeitura Municipal de Guara\u00ed\",\"foundingDate\":\"1970-04-11\",\"vatID\":\"02.070.548\\\/0001-33\",\"numberOfEmployees\":{\"@type\":\"QuantitativeValue\",\"minValue\":\"1001\",\"maxValue\":\"5000\"}},{\"@type\":\"Person\",\"@id\":\"https:\\\/\\\/guarai.to.gov.br\\\/transparencia\\\/#\\\/schema\\\/person\\\/dcdb75887661c2650574d9d0792d95f2\",\"name\":\"Comunica\u00e7\u00e3o Guara\u00ed\",\"image\":{\"@type\":\"ImageObject\",\"inLanguage\":\"pt-BR\",\"@id\":\"https:\\\/\\\/secure.gravatar.com\\\/avatar\\\/91ad7257fa34385f5a31b716113984a42b882ef420e2b650958be17b318f6d8d?s=96&d=mm&r=g\",\"url\":\"https:\\\/\\\/secure.gravatar.com\\\/avatar\\\/91ad7257fa34385f5a31b716113984a42b882ef420e2b650958be17b318f6d8d?s=96&d=mm&r=g\",\"contentUrl\":\"https:\\\/\\\/secure.gravatar.com\\\/avatar\\\/91ad7257fa34385f5a31b716113984a42b882ef420e2b650958be17b318f6d8d?s=96&d=mm&r=g\",\"caption\":\"Comunica\u00e7\u00e3o Guara\u00ed\"},\"url\":\"https:\\\/\\\/guarai.to.gov.br\\\/transparencia\\\/author\\\/comunicacaoguarai\\\/\"}]}<\/script>\n<!-- \/ Yoast SEO Premium plugin. -->","yoast_head_json":{"title":"Secretaria de Assist\u00eancia Social de Guara\u00ed divulga programa\u00e7\u00e3o de abril com foco em prote\u00e7\u00e3o e inclus\u00e3o social. - Prefeitura Municipal de Guara\u00ed","robots":{"index":"index","follow":"follow","max-snippet":"max-snippet:-1","max-image-preview":"max-image-preview:large","max-video-preview":"max-video-preview:-1"},"canonical":"https:\/\/guarai.to.gov.br\/transparencia\/secretaria-de-assistencia-social-de-guarai-divulga-programacao-de-abril-com-foco-em-protecao-e-inclusao-social\/","og_locale":"pt_BR","og_type":"article","og_title":"Secretaria de Assist\u00eancia Social de Guara\u00ed divulga programa\u00e7\u00e3o de abril com foco em prote\u00e7\u00e3o e inclus\u00e3o social.","og_description":"A Prefeitura de Guara\u00ed, por meio da Secretaria Municipal de Assist\u00eancia Social, apresenta o cronograma de a\u00e7\u00f5es para o m\u00eas de abril de 2026, com foco no fortalecimento de v\u00ednculos, garantia de direitos e atendimento \u00e0s fam\u00edlias em situa\u00e7\u00e3o de vulnerabilidade social. Entre as principais iniciativas, destacam-se as inscri\u00e7\u00f5es para o Casamento Comunit\u00e1rio, al\u00e9m da&hellip; Continue lendo Secretaria de Assist\u00eancia Social de Guara\u00ed divulga programa\u00e7\u00e3o de abril com foco em prote\u00e7\u00e3o e inclus\u00e3o social.","og_url":"https:\/\/guarai.to.gov.br\/transparencia\/secretaria-de-assistencia-social-de-guarai-divulga-programacao-de-abril-com-foco-em-protecao-e-inclusao-social\/","og_site_name":"Prefeitura Municipal de Guara\u00ed","article_published_time":"2026-04-01T13:25:36+00:00","article_modified_time":"2026-04-01T15:01:03+00:00","og_image":[{"width":1080,"height":1080,"url":"https:\/\/guarai.to.gov.br\/transparencia\/wp-content\/uploads\/2026\/04\/Foto-Capa-Secretaria-de-Assistencia-Social-Acoes-Abril-2.jpg","type":"image\/jpeg"}],"author":"Comunica\u00e7\u00e3o Guara\u00ed","twitter_card":"summary_large_image","twitter_misc":{"Escrito por":"Comunica\u00e7\u00e3o Guara\u00ed","Est. tempo de leitura":"3 minutos"},"schema":{"@context":"https:\/\/schema.org","@graph":[{"@type":"Article","@id":"https:\/\/guarai.to.gov.br\/transparencia\/secretaria-de-assistencia-social-de-guarai-divulga-programacao-de-abril-com-foco-em-protecao-e-inclusao-social\/#article","isPartOf":{"@id":"https:\/\/guarai.to.gov.br\/transparencia\/secretaria-de-assistencia-social-de-guarai-divulga-programacao-de-abril-com-foco-em-protecao-e-inclusao-social\/"},"author":{"name":"Comunica\u00e7\u00e3o Guara\u00ed","@id":"https:\/\/guarai.to.gov.br\/transparencia\/#\/schema\/person\/dcdb75887661c2650574d9d0792d95f2"},"headline":"Secretaria de Assist\u00eancia Social de Guara\u00ed divulga programa\u00e7\u00e3o de abril com foco em prote\u00e7\u00e3o e inclus\u00e3o social.","datePublished":"2026-04-01T13:25:36+00:00","dateModified":"2026-04-01T15:01:03+00:00","mainEntityOfPage":{"@id":"https:\/\/guarai.to.gov.br\/transparencia\/secretaria-de-assistencia-social-de-guarai-divulga-programacao-de-abril-com-foco-em-protecao-e-inclusao-social\/"},"wordCount":316,"publisher":{"@id":"https:\/\/guarai.to.gov.br\/transparencia\/#organization"},"image":{"@id":"https:\/\/guarai.to.gov.br\/transparencia\/secretaria-de-assistencia-social-de-guarai-divulga-programacao-de-abril-com-foco-em-protecao-e-inclusao-social\/#primaryimage"},"thumbnailUrl":"https:\/\/guarai.to.gov.br\/transparencia\/wp-content\/uploads\/2026\/04\/Foto-Capa-Secretaria-de-Assistencia-Social-Acoes-Abril-2.jpg","articleSection":["NOTICIAS"],"inLanguage":"pt-BR"},{"@type":"WebPage","@id":"https:\/\/guarai.to.gov.br\/transparencia\/secretaria-de-assistencia-social-de-guarai-divulga-programacao-de-abril-com-foco-em-protecao-e-inclusao-social\/","url":"https:\/\/guarai.to.gov.br\/transparencia\/secretaria-de-assistencia-social-de-guarai-divulga-programacao-de-abril-com-foco-em-protecao-e-inclusao-social\/","name":"Secretaria de Assist\u00eancia Social de Guara\u00ed divulga programa\u00e7\u00e3o de abril com foco em prote\u00e7\u00e3o e inclus\u00e3o social. - Prefeitura Municipal de Guara\u00ed","isPartOf":{"@id":"https:\/\/guarai.to.gov.br\/transparencia\/#website"},"primaryImageOfPage":{"@id":"https:\/\/guarai.to.gov.br\/transparencia\/secretaria-de-assistencia-social-de-guarai-divulga-programacao-de-abril-com-foco-em-protecao-e-inclusao-social\/#primaryimage"},"image":{"@id":"https:\/\/guarai.to.gov.br\/transparencia\/secretaria-de-assistencia-social-de-guarai-divulga-programacao-de-abril-com-foco-em-protecao-e-inclusao-social\/#primaryimage"},"thumbnailUrl":"https:\/\/guarai.to.gov.br\/transparencia\/wp-content\/uploads\/2026\/04\/Foto-Capa-Secretaria-de-Assistencia-Social-Acoes-Abril-2.jpg","datePublished":"2026-04-01T13:25:36+00:00","dateModified":"2026-04-01T15:01:03+00:00","breadcrumb":{"@id":"https:\/\/guarai.to.gov.br\/transparencia\/secretaria-de-assistencia-social-de-guarai-divulga-programacao-de-abril-com-foco-em-protecao-e-inclusao-social\/#breadcrumb"},"inLanguage":"pt-BR","potentialAction":[{"@type":"ReadAction","target":["https:\/\/guarai.to.gov.br\/transparencia\/secretaria-de-assistencia-social-de-guarai-divulga-programacao-de-abril-com-foco-em-protecao-e-inclusao-social\/"]}]},{"@type":"ImageObject","inLanguage":"pt-BR","@id":"https:\/\/guarai.to.gov.br\/transparencia\/secretaria-de-assistencia-social-de-guarai-divulga-programacao-de-abril-com-foco-em-protecao-e-inclusao-social\/#primaryimage","url":"https:\/\/guarai.to.gov.br\/transparencia\/wp-content\/uploads\/2026\/04\/Foto-Capa-Secretaria-de-Assistencia-Social-Acoes-Abril-2.jpg","contentUrl":"https:\/\/guarai.to.gov.br\/transparencia\/wp-content\/uploads\/2026\/04\/Foto-Capa-Secretaria-de-Assistencia-Social-Acoes-Abril-2.jpg","width":1080,"height":1080,"caption":"Foto: Gabriel Borges"},{"@type":"BreadcrumbList","@id":"https:\/\/guarai.to.gov.br\/transparencia\/secretaria-de-assistencia-social-de-guarai-divulga-programacao-de-abril-com-foco-em-protecao-e-inclusao-social\/#breadcrumb","itemListElement":[{"@type":"ListItem","position":1,"name":"In\u00edcio","item":"https:\/\/guarai.to.gov.br\/transparencia\/"},{"@type":"ListItem","position":2,"name":"Secretaria de Assist\u00eancia Social de Guara\u00ed divulga programa\u00e7\u00e3o de abril com foco em prote\u00e7\u00e3o e inclus\u00e3o social."}]},{"@type":"WebSite","@id":"https:\/\/guarai.to.gov.br\/transparencia\/#website","url":"https:\/\/guarai.to.gov.br\/transparencia\/","name":"Prefeitura Municipal de Guara\u00ed","description":"","publisher":{"@id":"https:\/\/guarai.to.gov.br\/transparencia\/#organization"},"alternateName":"https:\/\/guarai.to.gov.br\/transparencia","potentialAction":[{"@type":"SearchAction","target":{"@type":"EntryPoint","urlTemplate":"https:\/\/guarai.to.gov.br\/transparencia\/?s={search_term_string}"},"query-input":{"@type":"PropertyValueSpecification","valueRequired":true,"valueName":"search_term_string"}}],"inLanguage":"pt-BR"},{"@type":"Organization","@id":"https:\/\/guarai.to.gov.br\/transparencia\/#organization","name":"Prefeitura Municipal de Guara\u00ed","alternateName":"Prefeitura Municipal de Guara\u00ed","url":"https:\/\/guarai.to.gov.br\/transparencia\/","logo":{"@type":"ImageObject","inLanguage":"pt-BR","@id":"https:\/\/guarai.to.gov.br\/transparencia\/#\/schema\/logo\/image\/","url":"https:\/\/guarai.to.gov.br\/transparencia\/wp-content\/uploads\/2024\/11\/brasao_atualizado.png","contentUrl":"https:\/\/guarai.to.gov.br\/transparencia\/wp-content\/uploads\/2024\/11\/brasao_atualizado.png","width":50,"height":53,"caption":"Prefeitura Municipal de Guara\u00ed"},"image":{"@id":"https:\/\/guarai.to.gov.br\/transparencia\/#\/schema\/logo\/image\/"},"description":"Av. Bernardo Say\u00e3o, S\/N - Centro, Guara\u00ed - TO, 77700-000","email":"gabinetedoprefeito@guarai.to.gov.br","telephone":"6334641030, 6334641018, 34644620","legalName":"Prefeitura Municipal de Guara\u00ed","foundingDate":"1970-04-11","vatID":"02.070.548\/0001-33","numberOfEmployees":{"@type":"QuantitativeValue","minValue":"1001","maxValue":"5000"}},{"@type":"Person","@id":"https:\/\/guarai.to.gov.br\/transparencia\/#\/schema\/person\/dcdb75887661c2650574d9d0792d95f2","name":"Comunica\u00e7\u00e3o Guara\u00ed","image":{"@type":"ImageObject","inLanguage":"pt-BR","@id":"https:\/\/secure.gravatar.com\/avatar\/91ad7257fa34385f5a31b716113984a42b882ef420e2b650958be17b318f6d8d?s=96&d=mm&r=g","url":"https:\/\/secure.gravatar.com\/avatar\/91ad7257fa34385f5a31b716113984a42b882ef420e2b650958be17b318f6d8d?s=96&d=mm&r=g","contentUrl":"https:\/\/secure.gravatar.com\/avatar\/91ad7257fa34385f5a31b716113984a42b882ef420e2b650958be17b318f6d8d?s=96&d=mm&r=g","caption":"Comunica\u00e7\u00e3o Guara\u00ed"},"url":"https:\/\/guarai.to.gov.br\/transparencia\/author\/comunicacaoguarai\/"}]}},"_links":{"self":[{"href":"https:\/\/guarai.to.gov.br\/transparencia\/wp-json\/wp\/v2\/posts\/4542","targetHints":{"allow":["GET"]}}],"collection":[{"href":"https:\/\/guarai.to.gov.br\/transparencia\/wp-json\/wp\/v2\/posts"}],"about":[{"href":"https:\/\/guarai.to.gov.br\/transparencia\/wp-json\/wp\/v2\/types\/post"}],"author":[{"embeddable":true,"href":"https:\/\/guarai.to.gov.br\/transparencia\/wp-json\/wp\/v2\/users\/2"}],"replies":[{"embeddable":true,"href":"https:\/\/guarai.to.gov.br\/transparencia\/wp-json\/wp\/v2\/comments?post=4542"}],"version-history":[{"count":3,"href":"https:\/\/guarai.to.gov.br\/transparencia\/wp-json\/wp\/v2\/posts\/4542\/revisions"}],"predecessor-version":[{"id":4552,"href":"https:\/\/guarai.to.gov.br\/transparencia\/wp-json\/wp\/v2\/posts\/4542\/revisions\/4552"}],"wp:featuredmedia":[{"embeddable":true,"href":"https:\/\/guarai.to.gov.br\/transparencia\/wp-json\/wp\/v2\/media\/4547"}],"wp:attachment":[{"href":"https:\/\/guarai.to.gov.br\/transparencia\/wp-json\/wp\/v2\/media?parent=4542"}],"wp:term":[{"taxonomy":"category","embeddable":true,"href":"https:\/\/guarai.to.gov.br\/transparencia\/wp-json\/wp\/v2\/categories?post=4542"},{"taxonomy":"post_tag","embeddable":true,"href":"https:\/\/guarai.to.gov.br\/transparencia\/wp-json\/wp\/v2\/tags?post=4542"}],"curies":[{"name":"wp","href":"https:\/\/api.w.org\/{rel}","templated":true}]}}