{"id":4562,"date":"2026-04-02T16:18:11","date_gmt":"2026-04-02T19:18:11","guid":{"rendered":"https:\/\/guarai.to.gov.br\/transparencia\/?p=4562"},"modified":"2026-04-02T16:18:12","modified_gmt":"2026-04-02T19:18:12","slug":"prefeitura-de-guarai-amplia-acesso-a-saude-com-acoes-integradas-no-primeiro-trimestre-de-2026","status":"publish","type":"post","link":"https:\/\/guarai.to.gov.br\/transparencia\/prefeitura-de-guarai-amplia-acesso-a-saude-com-acoes-integradas-no-primeiro-trimestre-de-2026\/","title":{"rendered":"Prefeitura de Guara\u00ed amplia acesso \u00e0 sa\u00fade com a\u00e7\u00f5es integradas no primeiro trimestre de 2026"},"content":{"rendered":"\n<p class=\"wp-block-paragraph\">A Prefeitura de Guara\u00ed, por meio da Secretaria Municipal de Sa\u00fade, intensificou no primeiro trimestre de 2026 um conjunto de a\u00e7\u00f5es estrat\u00e9gicas voltadas \u00e0 amplia\u00e7\u00e3o do acesso \u00e0 sa\u00fade, com iniciativas que envolveram planejamento, preven\u00e7\u00e3o, atendimento e promo\u00e7\u00e3o da qualidade de vida da popula\u00e7\u00e3o.<\/p>\n\n\n\n<p class=\"wp-block-paragraph\">No campo da Aten\u00e7\u00e3o B\u00e1sica, foram fortalecidas as a\u00e7\u00f5es do Programa Hiperdia, com acompanhamento cont\u00ednuo de pacientes com hipertens\u00e3o e diabetes, al\u00e9m da realiza\u00e7\u00e3o da A\u00e7\u00e3o de Sa\u00fade do Homem, que ampliou o acesso do p\u00fablico masculino a servi\u00e7os preventivos, consultas, testes r\u00e1pidos e atualiza\u00e7\u00e3o vacinal.<\/p>\n\n\n\n<p class=\"wp-block-paragraph\">As equipes tamb\u00e9m desenvolveram atividades educativas em diversas Unidades B\u00e1sicas de Sa\u00fade, com foco em sa\u00fade mental, atividade f\u00edsica e controle de doen\u00e7as cr\u00f4nicas.<\/p>\n\n\n\n<figure class=\"wp-block-image size-large is-resized\"><img fetchpriority=\"high\" decoding=\"async\" width=\"1024\" height=\"1024\" src=\"https:\/\/guarai.to.gov.br\/transparencia\/wp-content\/uploads\/2026\/01\/WhatsApp-Image-2026-01-21-at-15.15.13-1024x1024.jpeg\" alt=\"\" class=\"wp-image-3423\" style=\"width:853px;height:auto\" srcset=\"https:\/\/guarai.to.gov.br\/transparencia\/wp-content\/uploads\/2026\/01\/WhatsApp-Image-2026-01-21-at-15.15.13-1024x1024.jpeg 1024w, https:\/\/guarai.to.gov.br\/transparencia\/wp-content\/uploads\/2026\/01\/WhatsApp-Image-2026-01-21-at-15.15.13-460x460.jpeg 460w, https:\/\/guarai.to.gov.br\/transparencia\/wp-content\/uploads\/2026\/01\/WhatsApp-Image-2026-01-21-at-15.15.13-160x160.jpeg 160w, https:\/\/guarai.to.gov.br\/transparencia\/wp-content\/uploads\/2026\/01\/WhatsApp-Image-2026-01-21-at-15.15.13-768x768.jpeg 768w, https:\/\/guarai.to.gov.br\/transparencia\/wp-content\/uploads\/2026\/01\/WhatsApp-Image-2026-01-21-at-15.15.13-1536x1536.jpeg 1536w, https:\/\/guarai.to.gov.br\/transparencia\/wp-content\/uploads\/2026\/01\/WhatsApp-Image-2026-01-21-at-15.15.13-1568x1568.jpeg 1568w, https:\/\/guarai.to.gov.br\/transparencia\/wp-content\/uploads\/2026\/01\/WhatsApp-Image-2026-01-21-at-15.15.13.jpeg 1600w\" sizes=\"(max-width: 1024px) 100vw, 1024px\" \/><\/figure>\n\n\n\n<p class=\"wp-block-paragraph\">As a\u00e7\u00f5es do Programa Sa\u00fade na Escola (PSE) tamb\u00e9m ganharam destaque, com planejamento estrat\u00e9gico iniciado ainda em janeiro, incluindo reuni\u00f5es t\u00e9cnicas, elabora\u00e7\u00e3o de materiais orientativos e constru\u00e7\u00e3o do cronograma anual. Em mar\u00e7o, as equipes atuaram diretamente nas escolas da rede municipal com a\u00e7\u00f5es voltadas \u00e0 preven\u00e7\u00e3o da dengue, sa\u00fade ambiental e sa\u00fade ocular, alcan\u00e7ando diversas unidades escolares e ampliando a conscientiza\u00e7\u00e3o entre estudantes e comunidade escolar.<\/p>\n\n\n\n<figure class=\"wp-block-gallery has-nested-images columns-default is-cropped wp-block-gallery-1 is-layout-flex wp-block-gallery-is-layout-flex\">\n<figure class=\"wp-block-image size-large\"><img decoding=\"async\" width=\"1024\" height=\"1024\" data-id=\"4390\" src=\"https:\/\/guarai.to.gov.br\/transparencia\/wp-content\/uploads\/2026\/03\/Design-sem-nome-1-1024x1024.jpg\" alt=\"\" class=\"wp-image-4390\" srcset=\"https:\/\/guarai.to.gov.br\/transparencia\/wp-content\/uploads\/2026\/03\/Design-sem-nome-1-1024x1024.jpg 1024w, https:\/\/guarai.to.gov.br\/transparencia\/wp-content\/uploads\/2026\/03\/Design-sem-nome-1-460x460.jpg 460w, https:\/\/guarai.to.gov.br\/transparencia\/wp-content\/uploads\/2026\/03\/Design-sem-nome-1-160x160.jpg 160w, https:\/\/guarai.to.gov.br\/transparencia\/wp-content\/uploads\/2026\/03\/Design-sem-nome-1-768x768.jpg 768w, https:\/\/guarai.to.gov.br\/transparencia\/wp-content\/uploads\/2026\/03\/Design-sem-nome-1.jpg 1080w\" sizes=\"(max-width: 1024px) 100vw, 1024px\" \/><\/figure>\n\n\n\n<figure class=\"wp-block-image size-large\"><img decoding=\"async\" width=\"1024\" height=\"768\" data-id=\"4387\" src=\"https:\/\/guarai.to.gov.br\/transparencia\/wp-content\/uploads\/2026\/03\/WhatsApp-Image-2026-03-16-at-11.51.52-1024x768.jpeg\" alt=\"\" class=\"wp-image-4387\" srcset=\"https:\/\/guarai.to.gov.br\/transparencia\/wp-content\/uploads\/2026\/03\/WhatsApp-Image-2026-03-16-at-11.51.52-1024x768.jpeg 1024w, https:\/\/guarai.to.gov.br\/transparencia\/wp-content\/uploads\/2026\/03\/WhatsApp-Image-2026-03-16-at-11.51.52-460x345.jpeg 460w, https:\/\/guarai.to.gov.br\/transparencia\/wp-content\/uploads\/2026\/03\/WhatsApp-Image-2026-03-16-at-11.51.52-160x120.jpeg 160w, https:\/\/guarai.to.gov.br\/transparencia\/wp-content\/uploads\/2026\/03\/WhatsApp-Image-2026-03-16-at-11.51.52-768x576.jpeg 768w, https:\/\/guarai.to.gov.br\/transparencia\/wp-content\/uploads\/2026\/03\/WhatsApp-Image-2026-03-16-at-11.51.52-1536x1152.jpeg 1536w, https:\/\/guarai.to.gov.br\/transparencia\/wp-content\/uploads\/2026\/03\/WhatsApp-Image-2026-03-16-at-11.51.52-1568x1176.jpeg 1568w, https:\/\/guarai.to.gov.br\/transparencia\/wp-content\/uploads\/2026\/03\/WhatsApp-Image-2026-03-16-at-11.51.52.jpeg 1600w\" sizes=\"(max-width: 1024px) 100vw, 1024px\" \/><\/figure>\n<\/figure>\n\n\n\n<p class=\"wp-block-paragraph\">Na \u00e1rea de imuniza\u00e7\u00e3o, foram realizadas campanhas em espa\u00e7os p\u00fablicos e eventos, al\u00e9m do Dia D de vacina\u00e7\u00e3o contra a influenza. As equipes de sa\u00fade bucal promoveram avalia\u00e7\u00f5es cl\u00ednicas, a\u00e7\u00f5es educativas e entrega de kits odontol\u00f3gicos a alunos da rede municipal. Paralelamente, o Servi\u00e7o de Atendimento M\u00f3vel de Urg\u00eancia (SAMU) registrou 128 atendimentos no per\u00edodo, atendendo ocorr\u00eancias cl\u00ednicas, traum\u00e1ticas e outras demandas de urg\u00eancia.<\/p>\n\n\n\n<p class=\"wp-block-paragraph\">O munic\u00edpio tamb\u00e9m avan\u00e7ou na oferta de servi\u00e7os especializados por meio da regula\u00e7\u00e3o, com a implanta\u00e7\u00e3o de unidade m\u00f3vel para exames preventivos, realiza\u00e7\u00e3o de mutir\u00f5es de cirurgias oftalmol\u00f3gicas e amplia\u00e7\u00e3o no n\u00famero de consultas e exames autorizados. As a\u00e7\u00f5es refor\u00e7am o compromisso da gest\u00e3o municipal com um sistema de sa\u00fade mais acess\u00edvel, resolutivo e humanizado, garantindo atendimento integral \u00e0 popula\u00e7\u00e3o de Guara\u00ed.<\/p>\n","protected":false},"excerpt":{"rendered":"<p>A Prefeitura de Guara\u00ed, por meio da Secretaria Municipal de Sa\u00fade, intensificou no primeiro trimestre de 2026 um conjunto de a\u00e7\u00f5es estrat\u00e9gicas voltadas \u00e0 amplia\u00e7\u00e3o do acesso \u00e0 sa\u00fade, com iniciativas que envolveram planejamento, preven\u00e7\u00e3o, atendimento e promo\u00e7\u00e3o da qualidade de vida da popula\u00e7\u00e3o. No campo da Aten\u00e7\u00e3o B\u00e1sica, foram fortalecidas as a\u00e7\u00f5es do Programa&hellip; <a class=\"more-link\" href=\"https:\/\/guarai.to.gov.br\/transparencia\/prefeitura-de-guarai-amplia-acesso-a-saude-com-acoes-integradas-no-primeiro-trimestre-de-2026\/\">Continue lendo <span class=\"screen-reader-text\">Prefeitura de Guara\u00ed amplia acesso \u00e0 sa\u00fade com a\u00e7\u00f5es integradas no primeiro trimestre de 2026<\/span><\/a><\/p>\n","protected":false},"author":2,"featured_media":4295,"comment_status":"closed","ping_status":"closed","sticky":false,"template":"","format":"standard","meta":{"_acf_changed":false,"_eb_attr":"","_crdt_document":"","cybocfi_hide_featured_image":"","footnotes":""},"categories":[1],"tags":[],"class_list":["post-4562","post","type-post","status-publish","format-standard","has-post-thumbnail","hentry","category-noticias","entry"],"acf":[],"yoast_head":"<!-- This site is optimized with the Yoast SEO Premium plugin v27.3 (Yoast SEO v27.3) - https:\/\/yoast.com\/product\/yoast-seo-premium-wordpress\/ -->\n<title>Prefeitura de Guara\u00ed amplia acesso \u00e0 sa\u00fade com a\u00e7\u00f5es integradas no primeiro trimestre de 2026 - Prefeitura Municipal de Guara\u00ed<\/title>\n<meta name=\"robots\" content=\"index, follow, max-snippet:-1, max-image-preview:large, max-video-preview:-1\" \/>\n<link rel=\"canonical\" href=\"https:\/\/guarai.to.gov.br\/transparencia\/prefeitura-de-guarai-amplia-acesso-a-saude-com-acoes-integradas-no-primeiro-trimestre-de-2026\/\" \/>\n<meta property=\"og:locale\" content=\"pt_BR\" \/>\n<meta property=\"og:type\" content=\"article\" \/>\n<meta property=\"og:title\" content=\"Prefeitura de Guara\u00ed amplia acesso \u00e0 sa\u00fade com a\u00e7\u00f5es integradas no primeiro trimestre de 2026\" \/>\n<meta property=\"og:description\" content=\"A Prefeitura de Guara\u00ed, por meio da Secretaria Municipal de Sa\u00fade, intensificou no primeiro trimestre de 2026 um conjunto de a\u00e7\u00f5es estrat\u00e9gicas voltadas \u00e0 amplia\u00e7\u00e3o do acesso \u00e0 sa\u00fade, com iniciativas que envolveram planejamento, preven\u00e7\u00e3o, atendimento e promo\u00e7\u00e3o da qualidade de vida da popula\u00e7\u00e3o. No campo da Aten\u00e7\u00e3o B\u00e1sica, foram fortalecidas as a\u00e7\u00f5es do Programa&hellip; Continue lendo Prefeitura de Guara\u00ed amplia acesso \u00e0 sa\u00fade com a\u00e7\u00f5es integradas no primeiro trimestre de 2026\" \/>\n<meta property=\"og:url\" content=\"https:\/\/guarai.to.gov.br\/transparencia\/prefeitura-de-guarai-amplia-acesso-a-saude-com-acoes-integradas-no-primeiro-trimestre-de-2026\/\" \/>\n<meta property=\"og:site_name\" content=\"Prefeitura Municipal de Guara\u00ed\" \/>\n<meta property=\"article:published_time\" content=\"2026-04-02T19:18:11+00:00\" \/>\n<meta property=\"article:modified_time\" content=\"2026-04-02T19:18:12+00:00\" \/>\n<meta property=\"og:image\" content=\"https:\/\/guarai.to.gov.br\/transparencia\/wp-content\/uploads\/2026\/03\/FOTO-TELEMEDICINA-CAPA.jfif_.jpeg\" \/>\n\t<meta property=\"og:image:width\" content=\"1080\" \/>\n\t<meta property=\"og:image:height\" content=\"1080\" \/>\n\t<meta property=\"og:image:type\" content=\"image\/jpeg\" \/>\n<meta name=\"author\" content=\"Comunica\u00e7\u00e3o Guara\u00ed\" \/>\n<meta name=\"twitter:card\" content=\"summary_large_image\" \/>\n<meta name=\"twitter:label1\" content=\"Escrito por\" \/>\n\t<meta name=\"twitter:data1\" content=\"Comunica\u00e7\u00e3o Guara\u00ed\" \/>\n\t<meta name=\"twitter:label2\" content=\"Est. tempo de leitura\" \/>\n\t<meta name=\"twitter:data2\" content=\"3 minutos\" \/>\n<script type=\"application\/ld+json\" class=\"yoast-schema-graph\">{\"@context\":\"https:\\\/\\\/schema.org\",\"@graph\":[{\"@type\":\"Article\",\"@id\":\"https:\\\/\\\/guarai.to.gov.br\\\/transparencia\\\/prefeitura-de-guarai-amplia-acesso-a-saude-com-acoes-integradas-no-primeiro-trimestre-de-2026\\\/#article\",\"isPartOf\":{\"@id\":\"https:\\\/\\\/guarai.to.gov.br\\\/transparencia\\\/prefeitura-de-guarai-amplia-acesso-a-saude-com-acoes-integradas-no-primeiro-trimestre-de-2026\\\/\"},\"author\":{\"name\":\"Comunica\u00e7\u00e3o Guara\u00ed\",\"@id\":\"https:\\\/\\\/guarai.to.gov.br\\\/transparencia\\\/#\\\/schema\\\/person\\\/dcdb75887661c2650574d9d0792d95f2\"},\"headline\":\"Prefeitura de Guara\u00ed amplia acesso \u00e0 sa\u00fade com a\u00e7\u00f5es integradas no primeiro trimestre de 2026\",\"datePublished\":\"2026-04-02T19:18:11+00:00\",\"dateModified\":\"2026-04-02T19:18:12+00:00\",\"mainEntityOfPage\":{\"@id\":\"https:\\\/\\\/guarai.to.gov.br\\\/transparencia\\\/prefeitura-de-guarai-amplia-acesso-a-saude-com-acoes-integradas-no-primeiro-trimestre-de-2026\\\/\"},\"wordCount\":394,\"publisher\":{\"@id\":\"https:\\\/\\\/guarai.to.gov.br\\\/transparencia\\\/#organization\"},\"image\":{\"@id\":\"https:\\\/\\\/guarai.to.gov.br\\\/transparencia\\\/prefeitura-de-guarai-amplia-acesso-a-saude-com-acoes-integradas-no-primeiro-trimestre-de-2026\\\/#primaryimage\"},\"thumbnailUrl\":\"https:\\\/\\\/guarai.to.gov.br\\\/transparencia\\\/wp-content\\\/uploads\\\/2026\\\/03\\\/FOTO-TELEMEDICINA-CAPA.jfif_.jpeg\",\"articleSection\":[\"NOTICIAS\"],\"inLanguage\":\"pt-BR\"},{\"@type\":\"WebPage\",\"@id\":\"https:\\\/\\\/guarai.to.gov.br\\\/transparencia\\\/prefeitura-de-guarai-amplia-acesso-a-saude-com-acoes-integradas-no-primeiro-trimestre-de-2026\\\/\",\"url\":\"https:\\\/\\\/guarai.to.gov.br\\\/transparencia\\\/prefeitura-de-guarai-amplia-acesso-a-saude-com-acoes-integradas-no-primeiro-trimestre-de-2026\\\/\",\"name\":\"Prefeitura de Guara\u00ed amplia acesso \u00e0 sa\u00fade com a\u00e7\u00f5es integradas no primeiro trimestre de 2026 - Prefeitura Municipal de Guara\u00ed\",\"isPartOf\":{\"@id\":\"https:\\\/\\\/guarai.to.gov.br\\\/transparencia\\\/#website\"},\"primaryImageOfPage\":{\"@id\":\"https:\\\/\\\/guarai.to.gov.br\\\/transparencia\\\/prefeitura-de-guarai-amplia-acesso-a-saude-com-acoes-integradas-no-primeiro-trimestre-de-2026\\\/#primaryimage\"},\"image\":{\"@id\":\"https:\\\/\\\/guarai.to.gov.br\\\/transparencia\\\/prefeitura-de-guarai-amplia-acesso-a-saude-com-acoes-integradas-no-primeiro-trimestre-de-2026\\\/#primaryimage\"},\"thumbnailUrl\":\"https:\\\/\\\/guarai.to.gov.br\\\/transparencia\\\/wp-content\\\/uploads\\\/2026\\\/03\\\/FOTO-TELEMEDICINA-CAPA.jfif_.jpeg\",\"datePublished\":\"2026-04-02T19:18:11+00:00\",\"dateModified\":\"2026-04-02T19:18:12+00:00\",\"breadcrumb\":{\"@id\":\"https:\\\/\\\/guarai.to.gov.br\\\/transparencia\\\/prefeitura-de-guarai-amplia-acesso-a-saude-com-acoes-integradas-no-primeiro-trimestre-de-2026\\\/#breadcrumb\"},\"inLanguage\":\"pt-BR\",\"potentialAction\":[{\"@type\":\"ReadAction\",\"target\":[\"https:\\\/\\\/guarai.to.gov.br\\\/transparencia\\\/prefeitura-de-guarai-amplia-acesso-a-saude-com-acoes-integradas-no-primeiro-trimestre-de-2026\\\/\"]}]},{\"@type\":\"ImageObject\",\"inLanguage\":\"pt-BR\",\"@id\":\"https:\\\/\\\/guarai.to.gov.br\\\/transparencia\\\/prefeitura-de-guarai-amplia-acesso-a-saude-com-acoes-integradas-no-primeiro-trimestre-de-2026\\\/#primaryimage\",\"url\":\"https:\\\/\\\/guarai.to.gov.br\\\/transparencia\\\/wp-content\\\/uploads\\\/2026\\\/03\\\/FOTO-TELEMEDICINA-CAPA.jfif_.jpeg\",\"contentUrl\":\"https:\\\/\\\/guarai.to.gov.br\\\/transparencia\\\/wp-content\\\/uploads\\\/2026\\\/03\\\/FOTO-TELEMEDICINA-CAPA.jfif_.jpeg\",\"width\":1080,\"height\":1080,\"caption\":\"Munic\u00edpio registra maior n\u00famero de atendimentos especializados em fevereiro de 2026 e reafirma compromisso com a sa\u00fade e qualidade de vida da popula\u00e7\u00e3o.\"},{\"@type\":\"BreadcrumbList\",\"@id\":\"https:\\\/\\\/guarai.to.gov.br\\\/transparencia\\\/prefeitura-de-guarai-amplia-acesso-a-saude-com-acoes-integradas-no-primeiro-trimestre-de-2026\\\/#breadcrumb\",\"itemListElement\":[{\"@type\":\"ListItem\",\"position\":1,\"name\":\"In\u00edcio\",\"item\":\"https:\\\/\\\/guarai.to.gov.br\\\/transparencia\\\/\"},{\"@type\":\"ListItem\",\"position\":2,\"name\":\"Prefeitura de Guara\u00ed amplia acesso \u00e0 sa\u00fade com a\u00e7\u00f5es integradas no primeiro trimestre de 2026\"}]},{\"@type\":\"WebSite\",\"@id\":\"https:\\\/\\\/guarai.to.gov.br\\\/transparencia\\\/#website\",\"url\":\"https:\\\/\\\/guarai.to.gov.br\\\/transparencia\\\/\",\"name\":\"Prefeitura Municipal de Guara\u00ed\",\"description\":\"\",\"publisher\":{\"@id\":\"https:\\\/\\\/guarai.to.gov.br\\\/transparencia\\\/#organization\"},\"alternateName\":\"https:\\\/\\\/guarai.to.gov.br\\\/transparencia\",\"potentialAction\":[{\"@type\":\"SearchAction\",\"target\":{\"@type\":\"EntryPoint\",\"urlTemplate\":\"https:\\\/\\\/guarai.to.gov.br\\\/transparencia\\\/?s={search_term_string}\"},\"query-input\":{\"@type\":\"PropertyValueSpecification\",\"valueRequired\":true,\"valueName\":\"search_term_string\"}}],\"inLanguage\":\"pt-BR\"},{\"@type\":\"Organization\",\"@id\":\"https:\\\/\\\/guarai.to.gov.br\\\/transparencia\\\/#organization\",\"name\":\"Prefeitura Municipal de Guara\u00ed\",\"alternateName\":\"Prefeitura Municipal de Guara\u00ed\",\"url\":\"https:\\\/\\\/guarai.to.gov.br\\\/transparencia\\\/\",\"logo\":{\"@type\":\"ImageObject\",\"inLanguage\":\"pt-BR\",\"@id\":\"https:\\\/\\\/guarai.to.gov.br\\\/transparencia\\\/#\\\/schema\\\/logo\\\/image\\\/\",\"url\":\"https:\\\/\\\/guarai.to.gov.br\\\/transparencia\\\/wp-content\\\/uploads\\\/2024\\\/11\\\/brasao_atualizado.png\",\"contentUrl\":\"https:\\\/\\\/guarai.to.gov.br\\\/transparencia\\\/wp-content\\\/uploads\\\/2024\\\/11\\\/brasao_atualizado.png\",\"width\":50,\"height\":53,\"caption\":\"Prefeitura Municipal de Guara\u00ed\"},\"image\":{\"@id\":\"https:\\\/\\\/guarai.to.gov.br\\\/transparencia\\\/#\\\/schema\\\/logo\\\/image\\\/\"},\"description\":\"Av. Bernardo Say\u00e3o, S\\\/N - Centro, Guara\u00ed - TO, 77700-000\",\"email\":\"gabinetedoprefeito@guarai.to.gov.br\",\"telephone\":\"6334641030, 6334641018, 34644620\",\"legalName\":\"Prefeitura Municipal de Guara\u00ed\",\"foundingDate\":\"1970-04-11\",\"vatID\":\"02.070.548\\\/0001-33\",\"numberOfEmployees\":{\"@type\":\"QuantitativeValue\",\"minValue\":\"1001\",\"maxValue\":\"5000\"}},{\"@type\":\"Person\",\"@id\":\"https:\\\/\\\/guarai.to.gov.br\\\/transparencia\\\/#\\\/schema\\\/person\\\/dcdb75887661c2650574d9d0792d95f2\",\"name\":\"Comunica\u00e7\u00e3o Guara\u00ed\",\"image\":{\"@type\":\"ImageObject\",\"inLanguage\":\"pt-BR\",\"@id\":\"https:\\\/\\\/secure.gravatar.com\\\/avatar\\\/91ad7257fa34385f5a31b716113984a42b882ef420e2b650958be17b318f6d8d?s=96&d=mm&r=g\",\"url\":\"https:\\\/\\\/secure.gravatar.com\\\/avatar\\\/91ad7257fa34385f5a31b716113984a42b882ef420e2b650958be17b318f6d8d?s=96&d=mm&r=g\",\"contentUrl\":\"https:\\\/\\\/secure.gravatar.com\\\/avatar\\\/91ad7257fa34385f5a31b716113984a42b882ef420e2b650958be17b318f6d8d?s=96&d=mm&r=g\",\"caption\":\"Comunica\u00e7\u00e3o Guara\u00ed\"},\"url\":\"https:\\\/\\\/guarai.to.gov.br\\\/transparencia\\\/author\\\/comunicacaoguarai\\\/\"}]}<\/script>\n<!-- \/ Yoast SEO Premium plugin. -->","yoast_head_json":{"title":"Prefeitura de Guara\u00ed amplia acesso \u00e0 sa\u00fade com a\u00e7\u00f5es integradas no primeiro trimestre de 2026 - Prefeitura Municipal de Guara\u00ed","robots":{"index":"index","follow":"follow","max-snippet":"max-snippet:-1","max-image-preview":"max-image-preview:large","max-video-preview":"max-video-preview:-1"},"canonical":"https:\/\/guarai.to.gov.br\/transparencia\/prefeitura-de-guarai-amplia-acesso-a-saude-com-acoes-integradas-no-primeiro-trimestre-de-2026\/","og_locale":"pt_BR","og_type":"article","og_title":"Prefeitura de Guara\u00ed amplia acesso \u00e0 sa\u00fade com a\u00e7\u00f5es integradas no primeiro trimestre de 2026","og_description":"A Prefeitura de Guara\u00ed, por meio da Secretaria Municipal de Sa\u00fade, intensificou no primeiro trimestre de 2026 um conjunto de a\u00e7\u00f5es estrat\u00e9gicas voltadas \u00e0 amplia\u00e7\u00e3o do acesso \u00e0 sa\u00fade, com iniciativas que envolveram planejamento, preven\u00e7\u00e3o, atendimento e promo\u00e7\u00e3o da qualidade de vida da popula\u00e7\u00e3o. No campo da Aten\u00e7\u00e3o B\u00e1sica, foram fortalecidas as a\u00e7\u00f5es do Programa&hellip; Continue lendo Prefeitura de Guara\u00ed amplia acesso \u00e0 sa\u00fade com a\u00e7\u00f5es integradas no primeiro trimestre de 2026","og_url":"https:\/\/guarai.to.gov.br\/transparencia\/prefeitura-de-guarai-amplia-acesso-a-saude-com-acoes-integradas-no-primeiro-trimestre-de-2026\/","og_site_name":"Prefeitura Municipal de Guara\u00ed","article_published_time":"2026-04-02T19:18:11+00:00","article_modified_time":"2026-04-02T19:18:12+00:00","og_image":[{"width":1080,"height":1080,"url":"https:\/\/guarai.to.gov.br\/transparencia\/wp-content\/uploads\/2026\/03\/FOTO-TELEMEDICINA-CAPA.jfif_.jpeg","type":"image\/jpeg"}],"author":"Comunica\u00e7\u00e3o Guara\u00ed","twitter_card":"summary_large_image","twitter_misc":{"Escrito por":"Comunica\u00e7\u00e3o Guara\u00ed","Est. tempo de leitura":"3 minutos"},"schema":{"@context":"https:\/\/schema.org","@graph":[{"@type":"Article","@id":"https:\/\/guarai.to.gov.br\/transparencia\/prefeitura-de-guarai-amplia-acesso-a-saude-com-acoes-integradas-no-primeiro-trimestre-de-2026\/#article","isPartOf":{"@id":"https:\/\/guarai.to.gov.br\/transparencia\/prefeitura-de-guarai-amplia-acesso-a-saude-com-acoes-integradas-no-primeiro-trimestre-de-2026\/"},"author":{"name":"Comunica\u00e7\u00e3o Guara\u00ed","@id":"https:\/\/guarai.to.gov.br\/transparencia\/#\/schema\/person\/dcdb75887661c2650574d9d0792d95f2"},"headline":"Prefeitura de Guara\u00ed amplia acesso \u00e0 sa\u00fade com a\u00e7\u00f5es integradas no primeiro trimestre de 2026","datePublished":"2026-04-02T19:18:11+00:00","dateModified":"2026-04-02T19:18:12+00:00","mainEntityOfPage":{"@id":"https:\/\/guarai.to.gov.br\/transparencia\/prefeitura-de-guarai-amplia-acesso-a-saude-com-acoes-integradas-no-primeiro-trimestre-de-2026\/"},"wordCount":394,"publisher":{"@id":"https:\/\/guarai.to.gov.br\/transparencia\/#organization"},"image":{"@id":"https:\/\/guarai.to.gov.br\/transparencia\/prefeitura-de-guarai-amplia-acesso-a-saude-com-acoes-integradas-no-primeiro-trimestre-de-2026\/#primaryimage"},"thumbnailUrl":"https:\/\/guarai.to.gov.br\/transparencia\/wp-content\/uploads\/2026\/03\/FOTO-TELEMEDICINA-CAPA.jfif_.jpeg","articleSection":["NOTICIAS"],"inLanguage":"pt-BR"},{"@type":"WebPage","@id":"https:\/\/guarai.to.gov.br\/transparencia\/prefeitura-de-guarai-amplia-acesso-a-saude-com-acoes-integradas-no-primeiro-trimestre-de-2026\/","url":"https:\/\/guarai.to.gov.br\/transparencia\/prefeitura-de-guarai-amplia-acesso-a-saude-com-acoes-integradas-no-primeiro-trimestre-de-2026\/","name":"Prefeitura de Guara\u00ed amplia acesso \u00e0 sa\u00fade com a\u00e7\u00f5es integradas no primeiro trimestre de 2026 - Prefeitura Municipal de Guara\u00ed","isPartOf":{"@id":"https:\/\/guarai.to.gov.br\/transparencia\/#website"},"primaryImageOfPage":{"@id":"https:\/\/guarai.to.gov.br\/transparencia\/prefeitura-de-guarai-amplia-acesso-a-saude-com-acoes-integradas-no-primeiro-trimestre-de-2026\/#primaryimage"},"image":{"@id":"https:\/\/guarai.to.gov.br\/transparencia\/prefeitura-de-guarai-amplia-acesso-a-saude-com-acoes-integradas-no-primeiro-trimestre-de-2026\/#primaryimage"},"thumbnailUrl":"https:\/\/guarai.to.gov.br\/transparencia\/wp-content\/uploads\/2026\/03\/FOTO-TELEMEDICINA-CAPA.jfif_.jpeg","datePublished":"2026-04-02T19:18:11+00:00","dateModified":"2026-04-02T19:18:12+00:00","breadcrumb":{"@id":"https:\/\/guarai.to.gov.br\/transparencia\/prefeitura-de-guarai-amplia-acesso-a-saude-com-acoes-integradas-no-primeiro-trimestre-de-2026\/#breadcrumb"},"inLanguage":"pt-BR","potentialAction":[{"@type":"ReadAction","target":["https:\/\/guarai.to.gov.br\/transparencia\/prefeitura-de-guarai-amplia-acesso-a-saude-com-acoes-integradas-no-primeiro-trimestre-de-2026\/"]}]},{"@type":"ImageObject","inLanguage":"pt-BR","@id":"https:\/\/guarai.to.gov.br\/transparencia\/prefeitura-de-guarai-amplia-acesso-a-saude-com-acoes-integradas-no-primeiro-trimestre-de-2026\/#primaryimage","url":"https:\/\/guarai.to.gov.br\/transparencia\/wp-content\/uploads\/2026\/03\/FOTO-TELEMEDICINA-CAPA.jfif_.jpeg","contentUrl":"https:\/\/guarai.to.gov.br\/transparencia\/wp-content\/uploads\/2026\/03\/FOTO-TELEMEDICINA-CAPA.jfif_.jpeg","width":1080,"height":1080,"caption":"Munic\u00edpio registra maior n\u00famero de atendimentos especializados em fevereiro de 2026 e reafirma compromisso com a sa\u00fade e qualidade de vida da popula\u00e7\u00e3o."},{"@type":"BreadcrumbList","@id":"https:\/\/guarai.to.gov.br\/transparencia\/prefeitura-de-guarai-amplia-acesso-a-saude-com-acoes-integradas-no-primeiro-trimestre-de-2026\/#breadcrumb","itemListElement":[{"@type":"ListItem","position":1,"name":"In\u00edcio","item":"https:\/\/guarai.to.gov.br\/transparencia\/"},{"@type":"ListItem","position":2,"name":"Prefeitura de Guara\u00ed amplia acesso \u00e0 sa\u00fade com a\u00e7\u00f5es integradas no primeiro trimestre de 2026"}]},{"@type":"WebSite","@id":"https:\/\/guarai.to.gov.br\/transparencia\/#website","url":"https:\/\/guarai.to.gov.br\/transparencia\/","name":"Prefeitura Municipal de Guara\u00ed","description":"","publisher":{"@id":"https:\/\/guarai.to.gov.br\/transparencia\/#organization"},"alternateName":"https:\/\/guarai.to.gov.br\/transparencia","potentialAction":[{"@type":"SearchAction","target":{"@type":"EntryPoint","urlTemplate":"https:\/\/guarai.to.gov.br\/transparencia\/?s={search_term_string}"},"query-input":{"@type":"PropertyValueSpecification","valueRequired":true,"valueName":"search_term_string"}}],"inLanguage":"pt-BR"},{"@type":"Organization","@id":"https:\/\/guarai.to.gov.br\/transparencia\/#organization","name":"Prefeitura Municipal de Guara\u00ed","alternateName":"Prefeitura Municipal de Guara\u00ed","url":"https:\/\/guarai.to.gov.br\/transparencia\/","logo":{"@type":"ImageObject","inLanguage":"pt-BR","@id":"https:\/\/guarai.to.gov.br\/transparencia\/#\/schema\/logo\/image\/","url":"https:\/\/guarai.to.gov.br\/transparencia\/wp-content\/uploads\/2024\/11\/brasao_atualizado.png","contentUrl":"https:\/\/guarai.to.gov.br\/transparencia\/wp-content\/uploads\/2024\/11\/brasao_atualizado.png","width":50,"height":53,"caption":"Prefeitura Municipal de Guara\u00ed"},"image":{"@id":"https:\/\/guarai.to.gov.br\/transparencia\/#\/schema\/logo\/image\/"},"description":"Av. Bernardo Say\u00e3o, S\/N - Centro, Guara\u00ed - TO, 77700-000","email":"gabinetedoprefeito@guarai.to.gov.br","telephone":"6334641030, 6334641018, 34644620","legalName":"Prefeitura Municipal de Guara\u00ed","foundingDate":"1970-04-11","vatID":"02.070.548\/0001-33","numberOfEmployees":{"@type":"QuantitativeValue","minValue":"1001","maxValue":"5000"}},{"@type":"Person","@id":"https:\/\/guarai.to.gov.br\/transparencia\/#\/schema\/person\/dcdb75887661c2650574d9d0792d95f2","name":"Comunica\u00e7\u00e3o Guara\u00ed","image":{"@type":"ImageObject","inLanguage":"pt-BR","@id":"https:\/\/secure.gravatar.com\/avatar\/91ad7257fa34385f5a31b716113984a42b882ef420e2b650958be17b318f6d8d?s=96&d=mm&r=g","url":"https:\/\/secure.gravatar.com\/avatar\/91ad7257fa34385f5a31b716113984a42b882ef420e2b650958be17b318f6d8d?s=96&d=mm&r=g","contentUrl":"https:\/\/secure.gravatar.com\/avatar\/91ad7257fa34385f5a31b716113984a42b882ef420e2b650958be17b318f6d8d?s=96&d=mm&r=g","caption":"Comunica\u00e7\u00e3o Guara\u00ed"},"url":"https:\/\/guarai.to.gov.br\/transparencia\/author\/comunicacaoguarai\/"}]}},"_links":{"self":[{"href":"https:\/\/guarai.to.gov.br\/transparencia\/wp-json\/wp\/v2\/posts\/4562","targetHints":{"allow":["GET"]}}],"collection":[{"href":"https:\/\/guarai.to.gov.br\/transparencia\/wp-json\/wp\/v2\/posts"}],"about":[{"href":"https:\/\/guarai.to.gov.br\/transparencia\/wp-json\/wp\/v2\/types\/post"}],"author":[{"embeddable":true,"href":"https:\/\/guarai.to.gov.br\/transparencia\/wp-json\/wp\/v2\/users\/2"}],"replies":[{"embeddable":true,"href":"https:\/\/guarai.to.gov.br\/transparencia\/wp-json\/wp\/v2\/comments?post=4562"}],"version-history":[{"count":1,"href":"https:\/\/guarai.to.gov.br\/transparencia\/wp-json\/wp\/v2\/posts\/4562\/revisions"}],"predecessor-version":[{"id":4563,"href":"https:\/\/guarai.to.gov.br\/transparencia\/wp-json\/wp\/v2\/posts\/4562\/revisions\/4563"}],"wp:featuredmedia":[{"embeddable":true,"href":"https:\/\/guarai.to.gov.br\/transparencia\/wp-json\/wp\/v2\/media\/4295"}],"wp:attachment":[{"href":"https:\/\/guarai.to.gov.br\/transparencia\/wp-json\/wp\/v2\/media?parent=4562"}],"wp:term":[{"taxonomy":"category","embeddable":true,"href":"https:\/\/guarai.to.gov.br\/transparencia\/wp-json\/wp\/v2\/categories?post=4562"},{"taxonomy":"post_tag","embeddable":true,"href":"https:\/\/guarai.to.gov.br\/transparencia\/wp-json\/wp\/v2\/tags?post=4562"}],"curies":[{"name":"wp","href":"https:\/\/api.w.org\/{rel}","templated":true}]}}