{"id":4948,"date":"2026-04-27T12:34:36","date_gmt":"2026-04-27T15:34:36","guid":{"rendered":"https:\/\/guarai.to.gov.br\/transparencia\/?p=4948"},"modified":"2026-04-27T12:34:36","modified_gmt":"2026-04-27T15:34:36","slug":"prefeitura-de-guarai-nomeia-marivania-fernandes-santiago-para-responder-interinamente-pela-secretaria-de-financas-e-desenvolvimento","status":"publish","type":"post","link":"https:\/\/guarai.to.gov.br\/transparencia\/prefeitura-de-guarai-nomeia-marivania-fernandes-santiago-para-responder-interinamente-pela-secretaria-de-financas-e-desenvolvimento\/","title":{"rendered":"Prefeitura de Guara\u00ed nomeia Mariv\u00e2nia Fernandes Santiago para responder interinamente pela Secretaria de Finan\u00e7as e Desenvolvimento"},"content":{"rendered":"\n<p class=\"wp-block-paragraph\"><\/p>\n\n\n\n<p class=\"has-text-align-center wp-block-paragraph\"><em><strong>Medida garante continuidade administrativa ap\u00f3s sa\u00edda do secret\u00e1rio Riavan Santana e mant\u00e9m o equil\u00edbrio na gest\u00e3o financeira do munic\u00edpio<\/strong><\/em><\/p>\n\n\n\n<p class=\"wp-block-paragraph\">A Prefeitura de Guara\u00ed publicou, nesta segunda-feira (27), a Portaria n\u00ba 6.015\/2026, que nomeia a secret\u00e1ria municipal de Administra\u00e7\u00e3o e Planejamento, Mariv\u00e2nia Fernandes Santiago, para responder, de forma interina, pela Secretaria de Finan\u00e7as e Desenvolvimento.<\/p>\n\n\n\n<p class=\"wp-block-paragraph\">A medida ocorre ap\u00f3s o ent\u00e3o secret\u00e1rio Riavan Santana deixar o cargo na \u00faltima sexta-feira. Com a nomea\u00e7\u00e3o, Mariv\u00e2nia passa a acumular mais uma fun\u00e7\u00e3o estrat\u00e9gica na gest\u00e3o municipal, sem preju\u00edzo de suas atribui\u00e7\u00f5es \u00e0 frente da Secretaria de Administra\u00e7\u00e3o e Planejamento, al\u00e9m da Secretaria da Mulher, Habita\u00e7\u00e3o e Regulariza\u00e7\u00e3o Fundi\u00e1ria.<\/p>\n\n\n\n<p class=\"wp-block-paragraph\"><strong>Continuidade administrativa e responsabilidade fiscal<\/strong><\/p>\n\n\n\n<p class=\"wp-block-paragraph\">A Prefeitura destaca que a designa\u00e7\u00e3o interina assegura a continuidade dos servi\u00e7os e o pleno funcionamento da \u00e1rea financeira do munic\u00edpio, mantendo o equil\u00edbrio administrativo e o compromisso com a responsabilidade fiscal.<\/p>\n\n\n\n<p class=\"wp-block-paragraph\">A portaria entra em vigor na data de sua publica\u00e7\u00e3o.<\/p>\n","protected":false},"excerpt":{"rendered":"<p>Medida garante continuidade administrativa ap\u00f3s sa\u00edda do secret\u00e1rio Riavan Santana e mant\u00e9m o equil\u00edbrio na gest\u00e3o financeira do munic\u00edpio A Prefeitura de Guara\u00ed publicou, nesta segunda-feira (27), a Portaria n\u00ba 6.015\/2026, que nomeia a secret\u00e1ria municipal de Administra\u00e7\u00e3o e Planejamento, Mariv\u00e2nia Fernandes Santiago, para responder, de forma interina, pela Secretaria de Finan\u00e7as e Desenvolvimento. A&hellip; <a class=\"more-link\" href=\"https:\/\/guarai.to.gov.br\/transparencia\/prefeitura-de-guarai-nomeia-marivania-fernandes-santiago-para-responder-interinamente-pela-secretaria-de-financas-e-desenvolvimento\/\">Continue lendo <span class=\"screen-reader-text\">Prefeitura de Guara\u00ed nomeia Mariv\u00e2nia Fernandes Santiago para responder interinamente pela Secretaria de Finan\u00e7as e Desenvolvimento<\/span><\/a><\/p>\n","protected":false},"author":2,"featured_media":4950,"comment_status":"closed","ping_status":"closed","sticky":false,"template":"","format":"standard","meta":{"_acf_changed":false,"_eb_attr":"","_crdt_document":"{\"document\":\"AAAH5dTeqxiKAXYGAwAEAwcEAwEWAQcYBAEBCABIAghKmAQBAQgCQkgApAQBAQgCQkgAnggBAQgCQkgAuAoBAQgCQkgAugEBAQgCQkgAkAcBAQgCQkjuJgcAAwAEAgYDAaYJliLGDYINBPorlC8M2i+IBUYEAgCeVgLIUq4lDMowFggEBwADAAQCBgMAlAW6F\/oXqiaaAwyNASgBIQAnAAQAhA8nASgGJwAoCicAKAAHACgCJwEoACcAqAAEAIcAKAInAQQAKAAnAIcAKAInAQQAKAAnAIcAKAInAQQAKAAnAIcAKAInAQQAKAAnAIcAKAInAQQAKAAnAIcAKAInAQQAKAAnAEQAxAmEAEQAhAFEAIQAxAEEAIQBqAAoAKgBKAGoAsQBqK4fnx5zdGF0ZXZlcnNpb25kb2N1bWVudGRhdGVkb2N1bWVudHN0YXR1c2RvY3VtZW50dGl0bGVSYXNjdW5obyBhdXRvbcOhdGljb2RvY3VtZW50Y29udGVudGRvY3VtZW50ZXhjZXJwdGRvY3VtZW50YXV0aG9yZG9jdW1lbnRmZWF0dXJlZF9tZWRpYWRvY3VtZW50Y29tbWVudF9zdGF0dXNkb2N1bWVudHBpbmdfc3RhdHVzZG9jdW1lbnRzdGlja3lkb2N1bWVudHRlbXBsYXRlZG9jdW1lbnRmb3JtYXRkb2N1bWVudG1ldGFfYWNmX2NoYW5nZWRfZWJfYXR0cmN5Ym9jZmlfaGlkZV9mZWF0dXJlZF9pbWFnZWZvb3Rub3Rlc19lbGVtZW50b3JfZWRpdF9tb2RlX2VsZW1lbnRvcl90ZW1wbGF0ZV90eXBlX2VsZW1lbnRvcl9kYXRhX2VsZW1lbnRvcl9wYWdlX3NldHRpbmdzX2VsZW1lbnRvcl9jb25kaXRpb25zZG9jdW1lbnRjYXRlZ29yaWVzZG9jdW1lbnR0YWdzZG9jdW1lbnRibG9ja3NfZWJfbWV0YV9kYXRhY2xpZW50SWRpc1ZhbGlkbmFtZWF0dHJpYnV0ZXNjb250ZW50ZHJvcENhcGlubmVyQmxvY2tzUHJlZmVpdHVyYSBkZSBHdWFyYcOtIG5vbWVpYSBNYXJpdsOibmlhIEZlcm5hbmRlcyBTYW50aWFnbyBwYXJhIHJlc3BvbmRlciBpbnRlcmluYW1lbnRlIHBlbGEgU2VjcmV0YXJpYSBkZSBGaW5hbsOnYXMgZSBEZXNlbnZvbHZpbWVudG9jbGllbnRJZGlzVmFsaWRuYW1lYXR0cmlidXRlc2NvbnRlbnRNZWRpZGEgZ2FyYW50ZSBjb250aW51aWRhZGUgYWRtaW5pc3RyYXRpdmEgYXDDs3Mgc2HDrWRhIGRvIHNlY3JldMOhcmlvIFJpYXZhbiBTYW50YW5hIGUgbWFudMOpbSBvIGVxdWlsw61icmlvIG5hIGdlc3TDo28gZmluYW5jZWlyYSBkbyBtdW5pY8OtcGlvZHJvcENhcGlubmVyQmxvY2tzY2xpZW50SWRpc1ZhbGlkbmFtZWF0dHJpYnV0ZXNjb250ZW50QSBQcmVmZWl0dXJhIGRlIEd1YXJhw60gcHVibGljb3UsIG5lc3RhIHNlZ3VuZGEtZmVpcmEgKDI3KSwgYSBQb3J0YXJpYSBuwrogNi4wMTUvMjAyNiwgcXVlIG5vbWVpYSBhIHNlY3JldMOhcmlhIG11bmljaXBhbCBkZSBBZG1pbmlzdHJhw6fDo28gZSBQbGFuZWphbWVudG8sIE1hcml2w6JuaWEgRmVybmFuZGVzIFNhbnRpYWdvLCBwYXJhIHJlc3BvbmRlciwgZGUgZm9ybWEgaW50ZXJpbmEsIHBlbGEgU2VjcmV0YXJpYSBkZSBGaW5hbsOnYXMgZSBEZXNlbnZvbHZpbWVudG8uZHJvcENhcGlubmVyQmxvY2tzY2xpZW50SWRpc1ZhbGlkbmFtZWF0dHJpYnV0ZXNjb250ZW50QSBtZWRpZGEgb2NvcnJlIGFww7NzIG8gZW50w6NvIHNlY3JldMOhcmlvIFJpYXZhbiBTYW50YW5hIGRlaXhhciBvIGNhcmdvIG5hIMO6bHRpbWEgc2V4dGEtZmVpcmEuIENvbSBhIG5vbWVhw6fDo28sIE1hcml2w6JuaWEgcGFzc2EgYSBhY3VtdWxhciBtYWlzIHVtYSBmdW7Dp8OjbyBlc3RyYXTDqWdpY2EgbmEgZ2VzdMOjbyBtdW5pY2lwYWwsIHNlbSBwcmVqdcOtem8gZGUgc3VhcyBhdHJpYnVpw6fDtWVzIMOgIGZyZW50ZSBkYSBTZWNyZXRhcmlhIGRlIEFkbWluaXN0cmHDp8OjbyBlIFBsYW5lamFtZW50bywgYWzDqW0gZGEgU2VjcmV0YXJpYSBkYSBNdWxoZXIsIEhhYml0YcOnw6NvIGUgUmVndWxhcml6YcOnw6NvIEZ1bmRpw6FyaWEuZHJvcENhcGlubmVyQmxvY2tzY2xpZW50SWRpc1ZhbGlkbmFtZWF0dHJpYnV0ZXNjb250ZW50Q29udGludWlkYWRlIGFkbWluaXN0cmF0aXZhIGUgcmVzcG9uc2FiaWxpZGFkZSBmaXNjYWxkcm9wQ2FwaW5uZXJCbG9ja3NjbGllbnRJZGlzVmFsaWRuYW1lYXR0cmlidXRlc2NvbnRlbnRBIFByZWZlaXR1cmEgZGVzdGFjYSBxdWUgYSBkZXNpZ25hw6fDo28gaW50ZXJpbmEgYXNzZWd1cmEgYSBjb250aW51aWRhZGUgZG9zIHNlcnZpw6dvcyBlIG8gcGxlbm8gZnVuY2lvbmFtZW50byBkYSDDoXJlYSBmaW5hbmNlaXJhIGRvIG11bmljw61waW8sIG1hbnRlbmRvIG8gZXF1aWzDrWJyaW8gYWRtaW5pc3RyYXRpdm8gZSBvIGNvbXByb21pc3NvIGNvbSBhIHJlc3BvbnNhYmlsaWRhZGUgZmlzY2FsLmRyb3BDYXBpbm5lckJsb2Nrc2NsaWVudElkaXNWYWxpZG5hbWVhdHRyaWJ1dGVzY29udGVudEEgcG9ydGFyaWEgZW50cmEgZW0gdmlnb3IgbmEgZGF0YSBkZSBzdWEgcHVibGljYcOnw6NvLmRyb3BDYXBpbm5lckJsb2Nrc1ByZWZlaXR1ciBkZSBHYXJhw60gbWVpYU1yaXbDom5pYSBGZXJuYW5kZXMgU2FuaWFnIHBhcmEgcmVzcG9uZGVyIGluZXJuYW1lbnRlIHBlbGEgU2VyZXRhcmlhIGRlIEZpbmFuw6dhcyBlIERlc2Vudmx2aW1lbnRvPGVtPjwvZW0+PHN0cm9uZz48L3N0cm9uZz48c3Ryb25nPnN0cm9uZz48LzwhLS0gd3A6cGFyYWdyYXBoIC0tPgo8cD48L3A+CjwhLS0gL3dwOnBhcmFncmFwaCAtLT4KCjwhLS0gd3A6cGFyYWdyYXBoIC0tPgo8cD48ZW0+PHN0cm9uZz5NZWRpZGEgZ2FyYW50ZSBjb250aW51aWRhZGUgYWRtaW5pc3RyYXRpdmEgYXDDs3Mgc2HDrWRhIGRvIHNlY3JldMOhcmlvIFJpYXZhbiBTYW50YW5hIGUgbWFudMOpbSBvIGVxdWlsw61icmlvIG5hIGdlc3TDo28gZmluYW5jZWlyYSBkbyBtdW5pY8OtcGlvPC9zdHJvbmc+PC9lbT48L3A+CjwhLS0gL3dwOnBhcmFncmFwaCAtLT4KCjwhLS0gd3A6cGFyYWdyYXBoIC0tPgo8cD5BIFByZWZlaXR1cmEgZGUgR3VhcmHDrSBwdWJsaWNvdSwgbmVzdGEgc2VndW5kYS1mZWlyYSAoMjcpLCBhIFBvcnRhcmlhIG7CuiA2LjAxNS8yMDI2LCBxdWUgbm9tZWlhIGEgc2VjcmV0w6FyaWEgbXVuaWNpcGFsIGRlIEFkbWluaXN0cmHDp8OjbyBlIFBsYW5lamFtZW50bywgTWFyaXbDom5pYSBGZXJuYW5kZXMgU2FudGlhZ28sIHBhcmEgcmVzcG9uZGVyLCBkZSBmb3JtYSBpbnRlcmluYSwgcGVsYSBTZWNyZXRhcmlhIGRlIEZpbmFuw6dhcyBlIERlc2Vudm9sdmltZW50by48L3A+CjwhLS0gL3dwOnBhcmFncmFwaCAtLT4KCjwhLS0gd3A6cGFyYWdyYXBoIC0tPgo8cD5BIG1lZGlkYSBvY29ycmUgYXDDs3MgbyBlbnTDo28gc2VjcmV0w6FyaW8gUmlhdmFuIFNhbnRhbmEgZGVpeGFyIG8gY2FyZ28gbmEgw7psdGltYSBzZXh0YS1mZWlyYS4gQ29tIGEgbm9tZWHDp8OjbywgTWFyaXbDom5pYSBwYXNzYSBhIGFjdW11bGFyIG1haXMgdW1hIGZ1bsOnw6NvIGVzdHJhdMOpZ2ljYSBuYSBnZXN0w6NvIG11bmljaXBhbCwgc2VtIHByZWp1w616byBkZSBzdWFzIGF0cmlidWnDp8O1ZXMgw6AgZnJlbnRlIGRhIFNlY3JldGFyaWEgZGUgQWRtaW5pc3RyYcOnw6NvIGUgUGxhbmVqYW1lbnRvLCBhbMOpbSBkYSBTZWNyZXRhcmlhIGRhIE11bGhlciwgSGFiaXRhw6fDo28gZSBSZWd1bGFyaXphw6fDo28gRnVuZGnDoXJpYS48L3A+CjwhLS0gL3dwOnBhcmFncmFwaCAtLT4KCjwhLS0gd3A6cGFyYWdyYXBoIC0tPgo8cD48c3Ryb25nPkNvbnRpbnVpZGFkZSBhZG1pbmlzdHJhdGl2YSBlIHJlc3BvbnNhYmlsaWRhZGUgZmlzY2FsPC9zdHJvbmc+PC9wPgo8IS0tIC93cDpwYXJhZ3JhcGggLS0+Cgo8IS0tIHdwOnBhcmFncmFwaCAtLT4KPHA+QSBQcmVmZWl0dXJhIGRlc3RhY2EgcXVlIGEgZGVzaWduYcOnw6NvIGludGVyaW5hIGFzc2VndXJhIGEgY29udGludWlkYWRlIGRvcyBzZXJ2acOnb3MgZSBvIHBsZW5vIGZ1bmNpb25hbWVudG8gZGEgw6FyZWEgZmluYW5jZWlyYSBkbyBtdW5pY8OtcGlvLCBtYW50ZW5kbyBvIGVxdWlsw61icmlvIGFkbWluaXN0cmF0aXZvIGUgbyBjb21wcm9taXNzbyBjb20gYSByZXNwb25zYWJpbGlkYWRlIGZpc2NhbC48L3A+CjwhLS0gL3dwOnBhcmFncmFwaCAtLT4KCjwhLS0gd3A6cGFyYWdyYXBoIC0tPgo8cD5BIHBvcnRhcmlhIGVudHJhIGVtIHZpZ29yIG5hIGRhdGEgZGUgc3VhIHB1YmxpY2HDp8Ojby48L3A+CjwhLS0gL3dwOnBhcmFncmFwaCAtLT5zdHlsZWxldmVsYW5jaG9yeyJzdHlsZSI6eyJ0eXBvZ3JhcGh5Ijp7InRleHRBbGlnbiI6ImNlbnRlciJ9fX0gIGNsYXNzPSJoYXMtdGV4dC1hbGlnbi1jZW50ZXIiBQcIBAgGCAVBAAJBBwJBAggHCAcIBggOCA4ICwgGSAEGCAQMCBsJFBgPGBUICggECAYNCAcECkcAC4MCCAcECgeKAgcLCAcECgeHBAcLCAcECgeUBQcLCAcECgc1BwsIBwQKB6ADBwsIBwQKBzQHCwlFAAQBFQMSAg8cCAQCAwgJCAmIAQaDFkUABjAeCwEDAAABCQAIAQIAIEIBAQBBAAIAQQACAEEAAgBBAAIAQQACAEEAAgBBAAIAAkE7AY4BAH0BdxMyMDI2LTA0LTI3VDEyOjMxOjMzfQJ9AHcAdwB5dwB3CHN0YW5kYXJkeXcAdwB3AHcAdwB3AH51AHUAdQB9AXckMWFhOTJlNDYtZmE4Mi00NDhhLTk2NTItN2I0YjdmYTNkODMyeHcOY29yZS9wYXJhZ3JhcGh5dyQxMzM2YWIzZC1hNDc1LTQ4YmMtYjVlMC00YjFjMTNhZTM4MmF3JDEzZjljMGJjLWZiNzUtNDk5Ni05YjM3LWFlNjgwZjQ0NmJlZXh3DmNvcmUvcGFyYWdyYXBoeXckMTBmMzRmNTYtN2QwMy00OGVlLWI5YjMtNWQ1NzE5YjcwOGEyeHcOY29yZS9wYXJhZ3JhcGh5dyQ4Yzk0OThhZi0xNDIwLTRhNjYtYjM1OC05ZTc2OTFjMzY1MWZ4dw5jb3JlL3BhcmFncmFwaHl3JDhiMjRmYTBmLTYwNGMtNDg5OC1iODYwLTRhZmJjY2EzNTU4Mnh3DmNvcmUvcGFyYWdyYXBoeXckYjUxODIzMWQtODYwMC00Mzk1LTllODItMzlkZjcwNmYxM2U3eHcOY29yZS9wYXJhZ3JhcGh5dyQ5MGM2N2U3Yi1hMGM0LTRlM2ItOGM1MS0xNmQwODZiZGQzOGZ4dw5jb3JlL3BhcmFncmFwaHl9lk12AQp0eXBvZ3JhcGh5dgEJdGV4dEFsaWdudwZjZW50ZXJ3JDliYjgwODhkLWIzZTYtNDU2Mi1iZmUwLWJlNDhkYjQ5ZWMxZncMY29yZS9oZWFkaW5nfQJ3jAFoLW1lZGlkYS1nYXJhbnRlLWNvbnRpbnVpZGFkZS1hZG1pbmlzdHJhdGl2YS1hcG9zLXNhaWRhLWRvLXNlY3JldGFyaW8tcmlhdmFuLXNhbnRhbmEtZS1tYW50ZW0tby1lcXVpbGlicmlvLW5hLWdlc3Rhby1maW5hbmNlaXJhLWRvLW11bmljaXBpb3ckMTNmOWMwYmMtZmI3NS00OTk2LTliMzctYWU2ODBmNDQ2YmVldw5jb3JlL3BhcmFncmFwaHl3B3B1Ymxpc2gBparvlQwNAgABAAEBAgADAAIBBwAUAAeCAQEAAQCMAQDCFAM=\",\"updateId\":258316738}","cybocfi_hide_featured_image":"","footnotes":""},"categories":[1],"tags":[],"class_list":["post-4948","post","type-post","status-publish","format-standard","has-post-thumbnail","hentry","category-noticias","entry"],"acf":[],"yoast_head":"<!-- This site is optimized with the Yoast SEO Premium plugin v27.3 (Yoast SEO v27.3) - https:\/\/yoast.com\/product\/yoast-seo-premium-wordpress\/ -->\n<title>Prefeitura de Guara\u00ed nomeia Mariv\u00e2nia Fernandes Santiago para responder interinamente pela Secretaria de Finan\u00e7as e Desenvolvimento - Prefeitura Municipal de Guara\u00ed<\/title>\n<meta name=\"robots\" content=\"index, follow, max-snippet:-1, max-image-preview:large, max-video-preview:-1\" \/>\n<link rel=\"canonical\" href=\"https:\/\/guarai.to.gov.br\/transparencia\/prefeitura-de-guarai-nomeia-marivania-fernandes-santiago-para-responder-interinamente-pela-secretaria-de-financas-e-desenvolvimento\/\" \/>\n<meta property=\"og:locale\" content=\"pt_BR\" \/>\n<meta property=\"og:type\" content=\"article\" \/>\n<meta property=\"og:title\" content=\"Prefeitura de Guara\u00ed nomeia Mariv\u00e2nia Fernandes Santiago para responder interinamente pela Secretaria de Finan\u00e7as e Desenvolvimento\" \/>\n<meta property=\"og:description\" content=\"Medida garante continuidade administrativa ap\u00f3s sa\u00edda do secret\u00e1rio Riavan Santana e mant\u00e9m o equil\u00edbrio na gest\u00e3o financeira do munic\u00edpio A Prefeitura de Guara\u00ed publicou, nesta segunda-feira (27), a Portaria n\u00ba 6.015\/2026, que nomeia a secret\u00e1ria municipal de Administra\u00e7\u00e3o e Planejamento, Mariv\u00e2nia Fernandes Santiago, para responder, de forma interina, pela Secretaria de Finan\u00e7as e Desenvolvimento. A&hellip; Continue lendo Prefeitura de Guara\u00ed nomeia Mariv\u00e2nia Fernandes Santiago para responder interinamente pela Secretaria de Finan\u00e7as e Desenvolvimento\" \/>\n<meta property=\"og:url\" content=\"https:\/\/guarai.to.gov.br\/transparencia\/prefeitura-de-guarai-nomeia-marivania-fernandes-santiago-para-responder-interinamente-pela-secretaria-de-financas-e-desenvolvimento\/\" \/>\n<meta property=\"og:site_name\" content=\"Prefeitura Municipal de Guara\u00ed\" \/>\n<meta property=\"article:published_time\" content=\"2026-04-27T15:34:36+00:00\" \/>\n<meta property=\"og:image\" content=\"https:\/\/guarai.to.gov.br\/transparencia\/wp-content\/uploads\/2026\/04\/FOTO-CAPA-MATERIA-1.jpg\" \/>\n\t<meta property=\"og:image:width\" content=\"600\" \/>\n\t<meta property=\"og:image:height\" content=\"600\" \/>\n\t<meta property=\"og:image:type\" content=\"image\/jpeg\" \/>\n<meta name=\"author\" content=\"Comunica\u00e7\u00e3o Guara\u00ed\" \/>\n<meta name=\"twitter:card\" content=\"summary_large_image\" \/>\n<meta name=\"twitter:label1\" content=\"Escrito por\" \/>\n\t<meta name=\"twitter:data1\" content=\"Comunica\u00e7\u00e3o Guara\u00ed\" \/>\n\t<meta name=\"twitter:label2\" content=\"Est. tempo de leitura\" \/>\n\t<meta name=\"twitter:data2\" content=\"2 minutos\" \/>\n<script type=\"application\/ld+json\" class=\"yoast-schema-graph\">{\"@context\":\"https:\\\/\\\/schema.org\",\"@graph\":[{\"@type\":\"Article\",\"@id\":\"https:\\\/\\\/guarai.to.gov.br\\\/transparencia\\\/prefeitura-de-guarai-nomeia-marivania-fernandes-santiago-para-responder-interinamente-pela-secretaria-de-financas-e-desenvolvimento\\\/#article\",\"isPartOf\":{\"@id\":\"https:\\\/\\\/guarai.to.gov.br\\\/transparencia\\\/prefeitura-de-guarai-nomeia-marivania-fernandes-santiago-para-responder-interinamente-pela-secretaria-de-financas-e-desenvolvimento\\\/\"},\"author\":{\"name\":\"Comunica\u00e7\u00e3o Guara\u00ed\",\"@id\":\"https:\\\/\\\/guarai.to.gov.br\\\/transparencia\\\/#\\\/schema\\\/person\\\/dcdb75887661c2650574d9d0792d95f2\"},\"headline\":\"Prefeitura de Guara\u00ed nomeia Mariv\u00e2nia Fernandes Santiago para responder interinamente pela Secretaria de Finan\u00e7as e Desenvolvimento\",\"datePublished\":\"2026-04-27T15:34:36+00:00\",\"mainEntityOfPage\":{\"@id\":\"https:\\\/\\\/guarai.to.gov.br\\\/transparencia\\\/prefeitura-de-guarai-nomeia-marivania-fernandes-santiago-para-responder-interinamente-pela-secretaria-de-financas-e-desenvolvimento\\\/\"},\"wordCount\":198,\"publisher\":{\"@id\":\"https:\\\/\\\/guarai.to.gov.br\\\/transparencia\\\/#organization\"},\"image\":{\"@id\":\"https:\\\/\\\/guarai.to.gov.br\\\/transparencia\\\/prefeitura-de-guarai-nomeia-marivania-fernandes-santiago-para-responder-interinamente-pela-secretaria-de-financas-e-desenvolvimento\\\/#primaryimage\"},\"thumbnailUrl\":\"https:\\\/\\\/guarai.to.gov.br\\\/transparencia\\\/wp-content\\\/uploads\\\/2026\\\/04\\\/FOTO-CAPA-MATERIA-1.jpg\",\"articleSection\":[\"NOTICIAS\"],\"inLanguage\":\"pt-BR\"},{\"@type\":\"WebPage\",\"@id\":\"https:\\\/\\\/guarai.to.gov.br\\\/transparencia\\\/prefeitura-de-guarai-nomeia-marivania-fernandes-santiago-para-responder-interinamente-pela-secretaria-de-financas-e-desenvolvimento\\\/\",\"url\":\"https:\\\/\\\/guarai.to.gov.br\\\/transparencia\\\/prefeitura-de-guarai-nomeia-marivania-fernandes-santiago-para-responder-interinamente-pela-secretaria-de-financas-e-desenvolvimento\\\/\",\"name\":\"Prefeitura de Guara\u00ed nomeia Mariv\u00e2nia Fernandes Santiago para responder interinamente pela Secretaria de Finan\u00e7as e Desenvolvimento - Prefeitura Municipal de Guara\u00ed\",\"isPartOf\":{\"@id\":\"https:\\\/\\\/guarai.to.gov.br\\\/transparencia\\\/#website\"},\"primaryImageOfPage\":{\"@id\":\"https:\\\/\\\/guarai.to.gov.br\\\/transparencia\\\/prefeitura-de-guarai-nomeia-marivania-fernandes-santiago-para-responder-interinamente-pela-secretaria-de-financas-e-desenvolvimento\\\/#primaryimage\"},\"image\":{\"@id\":\"https:\\\/\\\/guarai.to.gov.br\\\/transparencia\\\/prefeitura-de-guarai-nomeia-marivania-fernandes-santiago-para-responder-interinamente-pela-secretaria-de-financas-e-desenvolvimento\\\/#primaryimage\"},\"thumbnailUrl\":\"https:\\\/\\\/guarai.to.gov.br\\\/transparencia\\\/wp-content\\\/uploads\\\/2026\\\/04\\\/FOTO-CAPA-MATERIA-1.jpg\",\"datePublished\":\"2026-04-27T15:34:36+00:00\",\"breadcrumb\":{\"@id\":\"https:\\\/\\\/guarai.to.gov.br\\\/transparencia\\\/prefeitura-de-guarai-nomeia-marivania-fernandes-santiago-para-responder-interinamente-pela-secretaria-de-financas-e-desenvolvimento\\\/#breadcrumb\"},\"inLanguage\":\"pt-BR\",\"potentialAction\":[{\"@type\":\"ReadAction\",\"target\":[\"https:\\\/\\\/guarai.to.gov.br\\\/transparencia\\\/prefeitura-de-guarai-nomeia-marivania-fernandes-santiago-para-responder-interinamente-pela-secretaria-de-financas-e-desenvolvimento\\\/\"]}]},{\"@type\":\"ImageObject\",\"inLanguage\":\"pt-BR\",\"@id\":\"https:\\\/\\\/guarai.to.gov.br\\\/transparencia\\\/prefeitura-de-guarai-nomeia-marivania-fernandes-santiago-para-responder-interinamente-pela-secretaria-de-financas-e-desenvolvimento\\\/#primaryimage\",\"url\":\"https:\\\/\\\/guarai.to.gov.br\\\/transparencia\\\/wp-content\\\/uploads\\\/2026\\\/04\\\/FOTO-CAPA-MATERIA-1.jpg\",\"contentUrl\":\"https:\\\/\\\/guarai.to.gov.br\\\/transparencia\\\/wp-content\\\/uploads\\\/2026\\\/04\\\/FOTO-CAPA-MATERIA-1.jpg\",\"width\":600,\"height\":600,\"caption\":\"Foto: Hugo Ribeiro\"},{\"@type\":\"BreadcrumbList\",\"@id\":\"https:\\\/\\\/guarai.to.gov.br\\\/transparencia\\\/prefeitura-de-guarai-nomeia-marivania-fernandes-santiago-para-responder-interinamente-pela-secretaria-de-financas-e-desenvolvimento\\\/#breadcrumb\",\"itemListElement\":[{\"@type\":\"ListItem\",\"position\":1,\"name\":\"In\u00edcio\",\"item\":\"https:\\\/\\\/guarai.to.gov.br\\\/transparencia\\\/\"},{\"@type\":\"ListItem\",\"position\":2,\"name\":\"Prefeitura de Guara\u00ed nomeia Mariv\u00e2nia Fernandes Santiago para responder interinamente pela Secretaria de Finan\u00e7as e Desenvolvimento\"}]},{\"@type\":\"WebSite\",\"@id\":\"https:\\\/\\\/guarai.to.gov.br\\\/transparencia\\\/#website\",\"url\":\"https:\\\/\\\/guarai.to.gov.br\\\/transparencia\\\/\",\"name\":\"Prefeitura Municipal de Guara\u00ed\",\"description\":\"\",\"publisher\":{\"@id\":\"https:\\\/\\\/guarai.to.gov.br\\\/transparencia\\\/#organization\"},\"alternateName\":\"https:\\\/\\\/guarai.to.gov.br\\\/transparencia\",\"potentialAction\":[{\"@type\":\"SearchAction\",\"target\":{\"@type\":\"EntryPoint\",\"urlTemplate\":\"https:\\\/\\\/guarai.to.gov.br\\\/transparencia\\\/?s={search_term_string}\"},\"query-input\":{\"@type\":\"PropertyValueSpecification\",\"valueRequired\":true,\"valueName\":\"search_term_string\"}}],\"inLanguage\":\"pt-BR\"},{\"@type\":\"Organization\",\"@id\":\"https:\\\/\\\/guarai.to.gov.br\\\/transparencia\\\/#organization\",\"name\":\"Prefeitura Municipal de Guara\u00ed\",\"alternateName\":\"Prefeitura Municipal de Guara\u00ed\",\"url\":\"https:\\\/\\\/guarai.to.gov.br\\\/transparencia\\\/\",\"logo\":{\"@type\":\"ImageObject\",\"inLanguage\":\"pt-BR\",\"@id\":\"https:\\\/\\\/guarai.to.gov.br\\\/transparencia\\\/#\\\/schema\\\/logo\\\/image\\\/\",\"url\":\"https:\\\/\\\/guarai.to.gov.br\\\/transparencia\\\/wp-content\\\/uploads\\\/2024\\\/11\\\/brasao_atualizado.png\",\"contentUrl\":\"https:\\\/\\\/guarai.to.gov.br\\\/transparencia\\\/wp-content\\\/uploads\\\/2024\\\/11\\\/brasao_atualizado.png\",\"width\":50,\"height\":53,\"caption\":\"Prefeitura Municipal de Guara\u00ed\"},\"image\":{\"@id\":\"https:\\\/\\\/guarai.to.gov.br\\\/transparencia\\\/#\\\/schema\\\/logo\\\/image\\\/\"},\"description\":\"Av. Bernardo Say\u00e3o, S\\\/N - Centro, Guara\u00ed - TO, 77700-000\",\"email\":\"gabinetedoprefeito@guarai.to.gov.br\",\"telephone\":\"6334641030, 6334641018, 34644620\",\"legalName\":\"Prefeitura Municipal de Guara\u00ed\",\"foundingDate\":\"1970-04-11\",\"vatID\":\"02.070.548\\\/0001-33\",\"numberOfEmployees\":{\"@type\":\"QuantitativeValue\",\"minValue\":\"1001\",\"maxValue\":\"5000\"}},{\"@type\":\"Person\",\"@id\":\"https:\\\/\\\/guarai.to.gov.br\\\/transparencia\\\/#\\\/schema\\\/person\\\/dcdb75887661c2650574d9d0792d95f2\",\"name\":\"Comunica\u00e7\u00e3o Guara\u00ed\",\"image\":{\"@type\":\"ImageObject\",\"inLanguage\":\"pt-BR\",\"@id\":\"https:\\\/\\\/secure.gravatar.com\\\/avatar\\\/91ad7257fa34385f5a31b716113984a42b882ef420e2b650958be17b318f6d8d?s=96&d=mm&r=g\",\"url\":\"https:\\\/\\\/secure.gravatar.com\\\/avatar\\\/91ad7257fa34385f5a31b716113984a42b882ef420e2b650958be17b318f6d8d?s=96&d=mm&r=g\",\"contentUrl\":\"https:\\\/\\\/secure.gravatar.com\\\/avatar\\\/91ad7257fa34385f5a31b716113984a42b882ef420e2b650958be17b318f6d8d?s=96&d=mm&r=g\",\"caption\":\"Comunica\u00e7\u00e3o Guara\u00ed\"},\"url\":\"https:\\\/\\\/guarai.to.gov.br\\\/transparencia\\\/author\\\/comunicacaoguarai\\\/\"}]}<\/script>\n<!-- \/ Yoast SEO Premium plugin. -->","yoast_head_json":{"title":"Prefeitura de Guara\u00ed nomeia Mariv\u00e2nia Fernandes Santiago para responder interinamente pela Secretaria de Finan\u00e7as e Desenvolvimento - Prefeitura Municipal de Guara\u00ed","robots":{"index":"index","follow":"follow","max-snippet":"max-snippet:-1","max-image-preview":"max-image-preview:large","max-video-preview":"max-video-preview:-1"},"canonical":"https:\/\/guarai.to.gov.br\/transparencia\/prefeitura-de-guarai-nomeia-marivania-fernandes-santiago-para-responder-interinamente-pela-secretaria-de-financas-e-desenvolvimento\/","og_locale":"pt_BR","og_type":"article","og_title":"Prefeitura de Guara\u00ed nomeia Mariv\u00e2nia Fernandes Santiago para responder interinamente pela Secretaria de Finan\u00e7as e Desenvolvimento","og_description":"Medida garante continuidade administrativa ap\u00f3s sa\u00edda do secret\u00e1rio Riavan Santana e mant\u00e9m o equil\u00edbrio na gest\u00e3o financeira do munic\u00edpio A Prefeitura de Guara\u00ed publicou, nesta segunda-feira (27), a Portaria n\u00ba 6.015\/2026, que nomeia a secret\u00e1ria municipal de Administra\u00e7\u00e3o e Planejamento, Mariv\u00e2nia Fernandes Santiago, para responder, de forma interina, pela Secretaria de Finan\u00e7as e Desenvolvimento. A&hellip; Continue lendo Prefeitura de Guara\u00ed nomeia Mariv\u00e2nia Fernandes Santiago para responder interinamente pela Secretaria de Finan\u00e7as e Desenvolvimento","og_url":"https:\/\/guarai.to.gov.br\/transparencia\/prefeitura-de-guarai-nomeia-marivania-fernandes-santiago-para-responder-interinamente-pela-secretaria-de-financas-e-desenvolvimento\/","og_site_name":"Prefeitura Municipal de Guara\u00ed","article_published_time":"2026-04-27T15:34:36+00:00","og_image":[{"width":600,"height":600,"url":"https:\/\/guarai.to.gov.br\/transparencia\/wp-content\/uploads\/2026\/04\/FOTO-CAPA-MATERIA-1.jpg","type":"image\/jpeg"}],"author":"Comunica\u00e7\u00e3o Guara\u00ed","twitter_card":"summary_large_image","twitter_misc":{"Escrito por":"Comunica\u00e7\u00e3o Guara\u00ed","Est. tempo de leitura":"2 minutos"},"schema":{"@context":"https:\/\/schema.org","@graph":[{"@type":"Article","@id":"https:\/\/guarai.to.gov.br\/transparencia\/prefeitura-de-guarai-nomeia-marivania-fernandes-santiago-para-responder-interinamente-pela-secretaria-de-financas-e-desenvolvimento\/#article","isPartOf":{"@id":"https:\/\/guarai.to.gov.br\/transparencia\/prefeitura-de-guarai-nomeia-marivania-fernandes-santiago-para-responder-interinamente-pela-secretaria-de-financas-e-desenvolvimento\/"},"author":{"name":"Comunica\u00e7\u00e3o Guara\u00ed","@id":"https:\/\/guarai.to.gov.br\/transparencia\/#\/schema\/person\/dcdb75887661c2650574d9d0792d95f2"},"headline":"Prefeitura de Guara\u00ed nomeia Mariv\u00e2nia Fernandes Santiago para responder interinamente pela Secretaria de Finan\u00e7as e Desenvolvimento","datePublished":"2026-04-27T15:34:36+00:00","mainEntityOfPage":{"@id":"https:\/\/guarai.to.gov.br\/transparencia\/prefeitura-de-guarai-nomeia-marivania-fernandes-santiago-para-responder-interinamente-pela-secretaria-de-financas-e-desenvolvimento\/"},"wordCount":198,"publisher":{"@id":"https:\/\/guarai.to.gov.br\/transparencia\/#organization"},"image":{"@id":"https:\/\/guarai.to.gov.br\/transparencia\/prefeitura-de-guarai-nomeia-marivania-fernandes-santiago-para-responder-interinamente-pela-secretaria-de-financas-e-desenvolvimento\/#primaryimage"},"thumbnailUrl":"https:\/\/guarai.to.gov.br\/transparencia\/wp-content\/uploads\/2026\/04\/FOTO-CAPA-MATERIA-1.jpg","articleSection":["NOTICIAS"],"inLanguage":"pt-BR"},{"@type":"WebPage","@id":"https:\/\/guarai.to.gov.br\/transparencia\/prefeitura-de-guarai-nomeia-marivania-fernandes-santiago-para-responder-interinamente-pela-secretaria-de-financas-e-desenvolvimento\/","url":"https:\/\/guarai.to.gov.br\/transparencia\/prefeitura-de-guarai-nomeia-marivania-fernandes-santiago-para-responder-interinamente-pela-secretaria-de-financas-e-desenvolvimento\/","name":"Prefeitura de Guara\u00ed nomeia Mariv\u00e2nia Fernandes Santiago para responder interinamente pela Secretaria de Finan\u00e7as e Desenvolvimento - Prefeitura Municipal de Guara\u00ed","isPartOf":{"@id":"https:\/\/guarai.to.gov.br\/transparencia\/#website"},"primaryImageOfPage":{"@id":"https:\/\/guarai.to.gov.br\/transparencia\/prefeitura-de-guarai-nomeia-marivania-fernandes-santiago-para-responder-interinamente-pela-secretaria-de-financas-e-desenvolvimento\/#primaryimage"},"image":{"@id":"https:\/\/guarai.to.gov.br\/transparencia\/prefeitura-de-guarai-nomeia-marivania-fernandes-santiago-para-responder-interinamente-pela-secretaria-de-financas-e-desenvolvimento\/#primaryimage"},"thumbnailUrl":"https:\/\/guarai.to.gov.br\/transparencia\/wp-content\/uploads\/2026\/04\/FOTO-CAPA-MATERIA-1.jpg","datePublished":"2026-04-27T15:34:36+00:00","breadcrumb":{"@id":"https:\/\/guarai.to.gov.br\/transparencia\/prefeitura-de-guarai-nomeia-marivania-fernandes-santiago-para-responder-interinamente-pela-secretaria-de-financas-e-desenvolvimento\/#breadcrumb"},"inLanguage":"pt-BR","potentialAction":[{"@type":"ReadAction","target":["https:\/\/guarai.to.gov.br\/transparencia\/prefeitura-de-guarai-nomeia-marivania-fernandes-santiago-para-responder-interinamente-pela-secretaria-de-financas-e-desenvolvimento\/"]}]},{"@type":"ImageObject","inLanguage":"pt-BR","@id":"https:\/\/guarai.to.gov.br\/transparencia\/prefeitura-de-guarai-nomeia-marivania-fernandes-santiago-para-responder-interinamente-pela-secretaria-de-financas-e-desenvolvimento\/#primaryimage","url":"https:\/\/guarai.to.gov.br\/transparencia\/wp-content\/uploads\/2026\/04\/FOTO-CAPA-MATERIA-1.jpg","contentUrl":"https:\/\/guarai.to.gov.br\/transparencia\/wp-content\/uploads\/2026\/04\/FOTO-CAPA-MATERIA-1.jpg","width":600,"height":600,"caption":"Foto: Hugo Ribeiro"},{"@type":"BreadcrumbList","@id":"https:\/\/guarai.to.gov.br\/transparencia\/prefeitura-de-guarai-nomeia-marivania-fernandes-santiago-para-responder-interinamente-pela-secretaria-de-financas-e-desenvolvimento\/#breadcrumb","itemListElement":[{"@type":"ListItem","position":1,"name":"In\u00edcio","item":"https:\/\/guarai.to.gov.br\/transparencia\/"},{"@type":"ListItem","position":2,"name":"Prefeitura de Guara\u00ed nomeia Mariv\u00e2nia Fernandes Santiago para responder interinamente pela Secretaria de Finan\u00e7as e Desenvolvimento"}]},{"@type":"WebSite","@id":"https:\/\/guarai.to.gov.br\/transparencia\/#website","url":"https:\/\/guarai.to.gov.br\/transparencia\/","name":"Prefeitura Municipal de Guara\u00ed","description":"","publisher":{"@id":"https:\/\/guarai.to.gov.br\/transparencia\/#organization"},"alternateName":"https:\/\/guarai.to.gov.br\/transparencia","potentialAction":[{"@type":"SearchAction","target":{"@type":"EntryPoint","urlTemplate":"https:\/\/guarai.to.gov.br\/transparencia\/?s={search_term_string}"},"query-input":{"@type":"PropertyValueSpecification","valueRequired":true,"valueName":"search_term_string"}}],"inLanguage":"pt-BR"},{"@type":"Organization","@id":"https:\/\/guarai.to.gov.br\/transparencia\/#organization","name":"Prefeitura Municipal de Guara\u00ed","alternateName":"Prefeitura Municipal de Guara\u00ed","url":"https:\/\/guarai.to.gov.br\/transparencia\/","logo":{"@type":"ImageObject","inLanguage":"pt-BR","@id":"https:\/\/guarai.to.gov.br\/transparencia\/#\/schema\/logo\/image\/","url":"https:\/\/guarai.to.gov.br\/transparencia\/wp-content\/uploads\/2024\/11\/brasao_atualizado.png","contentUrl":"https:\/\/guarai.to.gov.br\/transparencia\/wp-content\/uploads\/2024\/11\/brasao_atualizado.png","width":50,"height":53,"caption":"Prefeitura Municipal de Guara\u00ed"},"image":{"@id":"https:\/\/guarai.to.gov.br\/transparencia\/#\/schema\/logo\/image\/"},"description":"Av. Bernardo Say\u00e3o, S\/N - Centro, Guara\u00ed - TO, 77700-000","email":"gabinetedoprefeito@guarai.to.gov.br","telephone":"6334641030, 6334641018, 34644620","legalName":"Prefeitura Municipal de Guara\u00ed","foundingDate":"1970-04-11","vatID":"02.070.548\/0001-33","numberOfEmployees":{"@type":"QuantitativeValue","minValue":"1001","maxValue":"5000"}},{"@type":"Person","@id":"https:\/\/guarai.to.gov.br\/transparencia\/#\/schema\/person\/dcdb75887661c2650574d9d0792d95f2","name":"Comunica\u00e7\u00e3o Guara\u00ed","image":{"@type":"ImageObject","inLanguage":"pt-BR","@id":"https:\/\/secure.gravatar.com\/avatar\/91ad7257fa34385f5a31b716113984a42b882ef420e2b650958be17b318f6d8d?s=96&d=mm&r=g","url":"https:\/\/secure.gravatar.com\/avatar\/91ad7257fa34385f5a31b716113984a42b882ef420e2b650958be17b318f6d8d?s=96&d=mm&r=g","contentUrl":"https:\/\/secure.gravatar.com\/avatar\/91ad7257fa34385f5a31b716113984a42b882ef420e2b650958be17b318f6d8d?s=96&d=mm&r=g","caption":"Comunica\u00e7\u00e3o Guara\u00ed"},"url":"https:\/\/guarai.to.gov.br\/transparencia\/author\/comunicacaoguarai\/"}]}},"_links":{"self":[{"href":"https:\/\/guarai.to.gov.br\/transparencia\/wp-json\/wp\/v2\/posts\/4948","targetHints":{"allow":["GET"]}}],"collection":[{"href":"https:\/\/guarai.to.gov.br\/transparencia\/wp-json\/wp\/v2\/posts"}],"about":[{"href":"https:\/\/guarai.to.gov.br\/transparencia\/wp-json\/wp\/v2\/types\/post"}],"author":[{"embeddable":true,"href":"https:\/\/guarai.to.gov.br\/transparencia\/wp-json\/wp\/v2\/users\/2"}],"replies":[{"embeddable":true,"href":"https:\/\/guarai.to.gov.br\/transparencia\/wp-json\/wp\/v2\/comments?post=4948"}],"version-history":[{"count":2,"href":"https:\/\/guarai.to.gov.br\/transparencia\/wp-json\/wp\/v2\/posts\/4948\/revisions"}],"predecessor-version":[{"id":4952,"href":"https:\/\/guarai.to.gov.br\/transparencia\/wp-json\/wp\/v2\/posts\/4948\/revisions\/4952"}],"wp:featuredmedia":[{"embeddable":true,"href":"https:\/\/guarai.to.gov.br\/transparencia\/wp-json\/wp\/v2\/media\/4950"}],"wp:attachment":[{"href":"https:\/\/guarai.to.gov.br\/transparencia\/wp-json\/wp\/v2\/media?parent=4948"}],"wp:term":[{"taxonomy":"category","embeddable":true,"href":"https:\/\/guarai.to.gov.br\/transparencia\/wp-json\/wp\/v2\/categories?post=4948"},{"taxonomy":"post_tag","embeddable":true,"href":"https:\/\/guarai.to.gov.br\/transparencia\/wp-json\/wp\/v2\/tags?post=4948"}],"curies":[{"name":"wp","href":"https:\/\/api.w.org\/{rel}","templated":true}]}}