{"id":4962,"date":"2026-04-28T20:47:52","date_gmt":"2026-04-28T23:47:52","guid":{"rendered":"https:\/\/guarai.to.gov.br\/transparencia\/?p=4962"},"modified":"2026-04-28T20:47:53","modified_gmt":"2026-04-28T23:47:53","slug":"guarai-promove-evento-gospel-com-programacao-especial-no-dia-30-de-abril","status":"publish","type":"post","link":"https:\/\/guarai.to.gov.br\/transparencia\/guarai-promove-evento-gospel-com-programacao-especial-no-dia-30-de-abril\/","title":{"rendered":"Guara\u00ed promove evento gospel com programa\u00e7\u00e3o especial no dia 30 de abril"},"content":{"rendered":"\n<p class=\"wp-block-paragraph\">A Prefeitura de Guara\u00ed, em parceria com a C\u00e2mara Municipal, realiza no pr\u00f3ximo dia 30 de abril o GuaraF\u00e9, evento especial de adora\u00e7\u00e3o que reunir\u00e1 a comunidade em uma noite de f\u00e9, louvor e comunh\u00e3o.<\/p>\n\n\n\n<p class=\"wp-block-paragraph\">A programa\u00e7\u00e3o ser\u00e1 realizada na Pra\u00e7a da Prefeitura, a partir das 19h30, com a participa\u00e7\u00e3o de Jefferson e Suellen, Novo Som, Sara Evellyn, al\u00e9m de Lucas Roque e Gabriel, nomes que integram a cena da m\u00fasica gospel e prometem uma noite de celebra\u00e7\u00e3o e espiritualidade.<\/p>\n\n\n\n<p class=\"wp-block-paragraph\">O evento conta com o apoio do Governo do Estado do Tocantins e \u00e9 viabilizado por meio de emendas parlamentares, refor\u00e7ando a import\u00e2ncia da parceria entre as institui\u00e7\u00f5es na promo\u00e7\u00e3o de a\u00e7\u00f5es voltadas \u00e0 cultura, \u00e0 f\u00e9 e \u00e0 integra\u00e7\u00e3o social.<\/p>\n\n\n\n<p class=\"wp-block-paragraph\">A iniciativa integra a programa\u00e7\u00e3o comemorativa do per\u00edodo e reafirma o compromisso com a valoriza\u00e7\u00e3o de eventos que fortalecem os v\u00ednculos comunit\u00e1rios e incentivam a participa\u00e7\u00e3o popular.<\/p>\n","protected":false},"excerpt":{"rendered":"<p>A Prefeitura de Guara\u00ed, em parceria com a C\u00e2mara Municipal, realiza no pr\u00f3ximo dia 30 de abril o GuaraF\u00e9, evento especial de adora\u00e7\u00e3o que reunir\u00e1 a comunidade em uma noite de f\u00e9, louvor e comunh\u00e3o. A programa\u00e7\u00e3o ser\u00e1 realizada na Pra\u00e7a da Prefeitura, a partir das 19h30, com a participa\u00e7\u00e3o de Jefferson e Suellen, Novo&hellip; <a class=\"more-link\" href=\"https:\/\/guarai.to.gov.br\/transparencia\/guarai-promove-evento-gospel-com-programacao-especial-no-dia-30-de-abril\/\">Continue lendo <span class=\"screen-reader-text\">Guara\u00ed promove evento gospel com programa\u00e7\u00e3o especial no dia 30 de abril<\/span><\/a><\/p>\n","protected":false},"author":2,"featured_media":4964,"comment_status":"closed","ping_status":"closed","sticky":false,"template":"","format":"standard","meta":{"_acf_changed":false,"_eb_attr":"","_crdt_document":"{\"document\":\"AAAG2bjphAtPQQYDAgYDAAYDAAYCFgEHdgIKAggCCAIsggIBAQgASAIISpwGAQEIAkJIAKYIAQEIAkJIAK4HAQEIAkJI3BkGINABCAgEAgoCCAIIUSgBIQAnAAQAhAsnASgGJwAoCicAKABEAMQGhAAHACgCJwEoACcAqAAEAIcAKAInAQQAKAAnAIcAKAInAQQAKAAnAIcAKAInAQQAKAAnAAQAqOgWgRZzdGF0ZXZlcnNpb25kb2N1bWVudGRhdGVkb2N1bWVudHN0YXR1c2RvY3VtZW50dGl0bGVSYXNjdW5obyBhdXRvbcOhdGljb2RvY3VtZW50Y29udGVudGRvY3VtZW50ZXhjZXJwdGRvY3VtZW50YXV0aG9yZG9jdW1lbnRmZWF0dXJlZF9tZWRpYWRvY3VtZW50Y29tbWVudF9zdGF0dXNkb2N1bWVudHBpbmdfc3RhdHVzZG9jdW1lbnRzdGlja3lkb2N1bWVudHRlbXBsYXRlZG9jdW1lbnRmb3JtYXRkb2N1bWVudG1ldGFfYWNmX2NoYW5nZWRfZWJfYXR0cmN5Ym9jZmlfaGlkZV9mZWF0dXJlZF9pbWFnZWZvb3Rub3Rlc19lbGVtZW50b3JfZWRpdF9tb2RlX2VsZW1lbnRvcl90ZW1wbGF0ZV90eXBlX2VsZW1lbnRvcl9kYXRhX2VsZW1lbnRvcl9wYWdlX3NldHRpbmdzX2VsZW1lbnRvcl9jb25kaXRpb25zZG9jdW1lbnRjYXRlZ29yaWVzZG9jdW1lbnR0YWdzZG9jdW1lbnRibG9ja3NfZWJfbWV0YV9kYXRhR3VyYcOtIHByb21vdmUgZXZlbnRvIGdvcGVsIG1wcmdyYWHDp8OjbyBlc3BlaWFsIG4gZGlhIDMwIGRlIGFicmlsY2xpZW50SWRpc1ZhbGlkbmFtZWF0dHJpYnV0ZXNjb250ZW50ZHJvcENhcGlubmVyQmxvY2tzQSBQcmVmZWl0dXJhIGRlIEd1YXJhw60sIGVtIHBhcmNlcmlhIGNvbSBhIEPDom1hcmEgTXVuaWNpcGFsLCByZWFsaXphIG5vIHByw7N4aW1vIGRpYSAzMCBkZSBhYnJpbCBvIEd1YXJhRsOpLCBldmVudG8gZXNwZWNpYWwgZGUgYWRvcmHDp8OjbyBxdWUgcmV1bmlyw6EgYSBjb211bmlkYWRlIGVtIHVtYSBub2l0ZSBkZSBmw6ksIGxvdXZvciBlIGNvbXVuaMOjby5jbGllbnRJZGlzVmFsaWRuYW1lYXR0cmlidXRlc2NvbnRlbnRBIHByb2dyYW1hw6fDo28gc2Vyw6EgcmVhbGl6YWRhIG5hIFByYcOnYSBkYSBQcmVmZWl0dXJhLCBhIHBhcnRpciBkYXMgMTloMzAsIGNvbSBhIHBhcnRpY2lwYcOnw6NvIGRlIEplZmZlcnNvbiBlIFN1ZWxsZW4sIE5vdm8gU29tLCBTYXJhIEV2ZWxseW4sIGFsw6ltIGRlIEx1Y2FzIFJvcXVlIGUgR2FicmllbCwgbm9tZXMgcXVlIGludGVncmFtIGEgY2VuYSBkYSBtw7pzaWNhIGdvc3BlbCBlIHByb21ldGVtIHVtYSBub2l0ZSBkZSBjZWxlYnJhw6fDo28gZSBlc3Bpcml0dWFsaWRhZGUuZHJvcENhcGlubmVyQmxvY2tzY2xpZW50SWRpc1ZhbGlkbmFtZWF0dHJpYnV0ZXNjb250ZW50TyBldmVudG8gY29udGEgY29tIG8gYXBvaW8gZG8gR292ZXJubyBkbyBFc3RhZG8gZG8gVG9jYW50aW5zIGUgw6kgdmlhYmlsaXphZG8gcG9yIG1laW8gZGUgZW1lbmRhcyBwYXJsYW1lbnRhcmVzLCByZWZvcsOnYW5kbyBhIGltcG9ydMOibmNpYSBkYSBwYXJjZXJpYSBlbnRyZSBhcyBpbnN0aXR1acOnw7VlcyBuYSBwcm9tb8Onw6NvIGRlIGHDp8O1ZXMgdm9sdGFkYXMgw6AgY3VsdHVyYSwgw6AgZsOpIGUgw6AgaW50ZWdyYcOnw6NvIHNvY2lhbC5kcm9wQ2FwaW5uZXJCbG9ja3NjbGllbnRJZGlzVmFsaWRuYW1lYXR0cmlidXRlc2NvbnRlbnRBIGluaWNpYXRpdmEgaW50ZWdyYSBhIHByb2dyYW1hw6fDo28gY29tZW1vcmF0aXZhIGRvIHBlcsOtb2RvIGUgcmVhZmlybWEgbyBjb21wcm9taXNzbyBjb20gYSB2YWxvcml6YcOnw6NvIGRlIGV2ZW50b3MgcXVlIGZvcnRhbGVjZW0gb3MgdsOtbmN1bG9zIGNvbXVuaXTDoXJpb3MgZSBpbmNlbnRpdmFtIGEgcGFydGljaXBhw6fDo28gcG9wdWxhci5kcm9wQ2FwaW5uZXJCbG9ja3M8IS0tIHdwOnBhcmFncmFwaCAtLT4KPHA+QSBQcmVmZWl0dXJhIGRlIEd1YXJhw60sIGVtIHBhcmNlcmlhIGNvbSBhIEPDom1hcmEgTXVuaWNpcGFsLCByZWFsaXphIG5vIHByw7N4aW1vIGRpYSAzMCBkZSBhYnJpbCBvIEd1YXJhRsOpLCBldmVudG8gZXNwZWNpYWwgZGUgYWRvcmHDp8OjbyBxdWUgcmV1bmlyw6EgYSBjb211bmlkYWRlIGVtIHVtYSBub2l0ZSBkZSBmw6ksIGxvdXZvciBlIGNvbXVuaMOjby48L3A+CjwhLS0gL3dwOnBhcmFncmFwaCAtLT4KCjwhLS0gd3A6cGFyYWdyYXBoIC0tPgo8cD5BIHByb2dyYW1hw6fDo28gc2Vyw6EgcmVhbGl6YWRhIG5hIFByYcOnYSBkYSBQcmVmZWl0dXJhLCBhIHBhcnRpciBkYXMgMTloMzAsIGNvbSBhIHBhcnRpY2lwYcOnw6NvIGRlIEplZmZlcnNvbiBlIFN1ZWxsZW4sIE5vdm8gU29tLCBTYXJhIEV2ZWxseW4sIGFsw6ltIGRlIEx1Y2FzIFJvcXVlIGUgR2FicmllbCwgbm9tZXMgcXVlIGludGVncmFtIGEgY2VuYSBkYSBtw7pzaWNhIGdvc3BlbCBlIHByb21ldGVtIHVtYSBub2l0ZSBkZSBjZWxlYnJhw6fDo28gZSBlc3Bpcml0dWFsaWRhZGUuPC9wPgo8IS0tIC93cDpwYXJhZ3JhcGggLS0+Cgo8IS0tIHdwOnBhcmFncmFwaCAtLT4KPHA+TyBldmVudG8gY29udGEgY29tIG8gYXBvaW8gZG8gR292ZXJubyBkbyBFc3RhZG8gZG8gVG9jYW50aW5zIGUgw6kgdmlhYmlsaXphZG8gcG9yIG1laW8gZGUgZW1lbmRhcyBwYXJsYW1lbnRhcmVzLCByZWZvcsOnYW5kbyBhIGltcG9ydMOibmNpYSBkYSBwYXJjZXJpYSBlbnRyZSBhcyBpbnN0aXR1acOnw7VlcyBuYSBwcm9tb8Onw6NvIGRlIGHDp8O1ZXMgdm9sdGFkYXMgw6AgY3VsdHVyYSwgw6AgZsOpIGUgw6AgaW50ZWdyYcOnw6NvIHNvY2lhbC48L3A+CjwhLS0gL3dwOnBhcmFncmFwaCAtLT4KCjwhLS0gd3A6cGFyYWdyYXBoIC0tPgo8cD5BIGluaWNpYXRpdmEgaW50ZWdyYSBhIHByb2dyYW1hw6fDo28gY29tZW1vcmF0aXZhIGRvIHBlcsOtb2RvIGUgcmVhZmlybWEgbyBjb21wcm9taXNzbyBjb20gYSB2YWxvcml6YcOnw6NvIGRlIGV2ZW50b3MgcXVlIGZvcnRhbGVjZW0gb3MgdsOtbmN1bG9zIGNvbXVuaXTDoXJpb3MgZSBpbmNlbnRpdmFtIGEgcGFydGljaXBhw6fDo28gcG9wdWxhci48L3A+CjwhLS0gL3dwOnBhcmFncmFwaCAtLT4FBwgECAYIBUECA0EAA0EAA0EACAcIBwgGCA4IDggLCAZIAQYIBAwIGwkUGA8YFQgKCAQIBg0CFQQBAgMJBRAIBwQKRwALhQMIBwQKB4sEBwsIBwQKB68DBwsIBwQKB70CBwuSEQsBAwAAAQkACAECABRCAQEAQQACAEEAAgBBAAIAQQACAAJBKAFaAH0BdxMyMDI2LTA0LTI4VDIwOjQ2OjEwfQJ9AHcAdwB5dwB3CHN0YW5kYXJkeXcAdwB3AHcAdwB3AH51AHUAdQB9AXckODFjMjEzMmMtYzkxNi00NWQyLTlkMzYtZmE0ZDJlYzc0NjE5eHcOY29yZS9wYXJhZ3JhcGh5dyRiNGEzZWYwYy0yNjFkLTQ0MjMtODg5ZC0xY2YzYzEyOTM0MzZ3JDYxMDM5ZmI3LTAyMmYtNDIwOC05NDJmLWQwZTczMTM5YTMzNnh3DmNvcmUvcGFyYWdyYXBoeXckYzc2NzdhYjAtZTk1Mi00YTA5LWIwYmMtNGQ5YWEzZDgxMGNheHcOY29yZS9wYXJhZ3JhcGh5dyRhZDUyYmJmZS0zYWUzLTQ3NjEtODM5My1mZDBkNzBlZDZmYmV4dw5jb3JlL3BhcmFncmFwaHl9pE11AX0BdwdwdWJsaXNoAZnctMIFCAIAAQADAgICAgIFAA8AQwA=\",\"updateId\":236180916}","cybocfi_hide_featured_image":"","footnotes":""},"categories":[1],"tags":[],"class_list":["post-4962","post","type-post","status-publish","format-standard","has-post-thumbnail","hentry","category-noticias","entry"],"acf":[],"yoast_head":"<!-- This site is optimized with the Yoast SEO Premium plugin v27.3 (Yoast SEO v27.3) - https:\/\/yoast.com\/product\/yoast-seo-premium-wordpress\/ -->\n<title>Guara\u00ed promove evento gospel com programa\u00e7\u00e3o especial no dia 30 de abril - Prefeitura Municipal de Guara\u00ed<\/title>\n<meta name=\"robots\" content=\"index, follow, max-snippet:-1, max-image-preview:large, max-video-preview:-1\" \/>\n<link rel=\"canonical\" href=\"https:\/\/guarai.to.gov.br\/transparencia\/guarai-promove-evento-gospel-com-programacao-especial-no-dia-30-de-abril\/\" \/>\n<meta property=\"og:locale\" content=\"pt_BR\" \/>\n<meta property=\"og:type\" content=\"article\" \/>\n<meta property=\"og:title\" content=\"Guara\u00ed promove evento gospel com programa\u00e7\u00e3o especial no dia 30 de abril\" \/>\n<meta property=\"og:description\" content=\"A Prefeitura de Guara\u00ed, em parceria com a C\u00e2mara Municipal, realiza no pr\u00f3ximo dia 30 de abril o GuaraF\u00e9, evento especial de adora\u00e7\u00e3o que reunir\u00e1 a comunidade em uma noite de f\u00e9, louvor e comunh\u00e3o. A programa\u00e7\u00e3o ser\u00e1 realizada na Pra\u00e7a da Prefeitura, a partir das 19h30, com a participa\u00e7\u00e3o de Jefferson e Suellen, Novo&hellip; Continue lendo Guara\u00ed promove evento gospel com programa\u00e7\u00e3o especial no dia 30 de abril\" \/>\n<meta property=\"og:url\" content=\"https:\/\/guarai.to.gov.br\/transparencia\/guarai-promove-evento-gospel-com-programacao-especial-no-dia-30-de-abril\/\" \/>\n<meta property=\"og:site_name\" content=\"Prefeitura Municipal de Guara\u00ed\" \/>\n<meta property=\"article:published_time\" content=\"2026-04-28T23:47:52+00:00\" \/>\n<meta property=\"article:modified_time\" content=\"2026-04-28T23:47:53+00:00\" \/>\n<meta property=\"og:image\" content=\"https:\/\/guarai.to.gov.br\/transparencia\/wp-content\/uploads\/2026\/04\/CAPAMATERIAGUARAFE.png\" \/>\n\t<meta property=\"og:image:width\" content=\"555\" \/>\n\t<meta property=\"og:image:height\" content=\"600\" \/>\n\t<meta property=\"og:image:type\" content=\"image\/png\" \/>\n<meta name=\"author\" content=\"Comunica\u00e7\u00e3o Guara\u00ed\" \/>\n<meta name=\"twitter:card\" content=\"summary_large_image\" \/>\n<meta name=\"twitter:label1\" content=\"Escrito por\" \/>\n\t<meta name=\"twitter:data1\" content=\"Comunica\u00e7\u00e3o Guara\u00ed\" \/>\n\t<meta name=\"twitter:label2\" content=\"Est. tempo de leitura\" \/>\n\t<meta name=\"twitter:data2\" content=\"2 minutos\" \/>\n<script type=\"application\/ld+json\" class=\"yoast-schema-graph\">{\"@context\":\"https:\\\/\\\/schema.org\",\"@graph\":[{\"@type\":\"Article\",\"@id\":\"https:\\\/\\\/guarai.to.gov.br\\\/transparencia\\\/guarai-promove-evento-gospel-com-programacao-especial-no-dia-30-de-abril\\\/#article\",\"isPartOf\":{\"@id\":\"https:\\\/\\\/guarai.to.gov.br\\\/transparencia\\\/guarai-promove-evento-gospel-com-programacao-especial-no-dia-30-de-abril\\\/\"},\"author\":{\"name\":\"Comunica\u00e7\u00e3o Guara\u00ed\",\"@id\":\"https:\\\/\\\/guarai.to.gov.br\\\/transparencia\\\/#\\\/schema\\\/person\\\/dcdb75887661c2650574d9d0792d95f2\"},\"headline\":\"Guara\u00ed promove evento gospel com programa\u00e7\u00e3o especial no dia 30 de abril\",\"datePublished\":\"2026-04-28T23:47:52+00:00\",\"dateModified\":\"2026-04-28T23:47:53+00:00\",\"mainEntityOfPage\":{\"@id\":\"https:\\\/\\\/guarai.to.gov.br\\\/transparencia\\\/guarai-promove-evento-gospel-com-programacao-especial-no-dia-30-de-abril\\\/\"},\"wordCount\":177,\"publisher\":{\"@id\":\"https:\\\/\\\/guarai.to.gov.br\\\/transparencia\\\/#organization\"},\"image\":{\"@id\":\"https:\\\/\\\/guarai.to.gov.br\\\/transparencia\\\/guarai-promove-evento-gospel-com-programacao-especial-no-dia-30-de-abril\\\/#primaryimage\"},\"thumbnailUrl\":\"https:\\\/\\\/guarai.to.gov.br\\\/transparencia\\\/wp-content\\\/uploads\\\/2026\\\/04\\\/CAPAMATERIAGUARAFE.png\",\"articleSection\":[\"NOTICIAS\"],\"inLanguage\":\"pt-BR\"},{\"@type\":\"WebPage\",\"@id\":\"https:\\\/\\\/guarai.to.gov.br\\\/transparencia\\\/guarai-promove-evento-gospel-com-programacao-especial-no-dia-30-de-abril\\\/\",\"url\":\"https:\\\/\\\/guarai.to.gov.br\\\/transparencia\\\/guarai-promove-evento-gospel-com-programacao-especial-no-dia-30-de-abril\\\/\",\"name\":\"Guara\u00ed promove evento gospel com programa\u00e7\u00e3o especial no dia 30 de abril - Prefeitura Municipal de Guara\u00ed\",\"isPartOf\":{\"@id\":\"https:\\\/\\\/guarai.to.gov.br\\\/transparencia\\\/#website\"},\"primaryImageOfPage\":{\"@id\":\"https:\\\/\\\/guarai.to.gov.br\\\/transparencia\\\/guarai-promove-evento-gospel-com-programacao-especial-no-dia-30-de-abril\\\/#primaryimage\"},\"image\":{\"@id\":\"https:\\\/\\\/guarai.to.gov.br\\\/transparencia\\\/guarai-promove-evento-gospel-com-programacao-especial-no-dia-30-de-abril\\\/#primaryimage\"},\"thumbnailUrl\":\"https:\\\/\\\/guarai.to.gov.br\\\/transparencia\\\/wp-content\\\/uploads\\\/2026\\\/04\\\/CAPAMATERIAGUARAFE.png\",\"datePublished\":\"2026-04-28T23:47:52+00:00\",\"dateModified\":\"2026-04-28T23:47:53+00:00\",\"breadcrumb\":{\"@id\":\"https:\\\/\\\/guarai.to.gov.br\\\/transparencia\\\/guarai-promove-evento-gospel-com-programacao-especial-no-dia-30-de-abril\\\/#breadcrumb\"},\"inLanguage\":\"pt-BR\",\"potentialAction\":[{\"@type\":\"ReadAction\",\"target\":[\"https:\\\/\\\/guarai.to.gov.br\\\/transparencia\\\/guarai-promove-evento-gospel-com-programacao-especial-no-dia-30-de-abril\\\/\"]}]},{\"@type\":\"ImageObject\",\"inLanguage\":\"pt-BR\",\"@id\":\"https:\\\/\\\/guarai.to.gov.br\\\/transparencia\\\/guarai-promove-evento-gospel-com-programacao-especial-no-dia-30-de-abril\\\/#primaryimage\",\"url\":\"https:\\\/\\\/guarai.to.gov.br\\\/transparencia\\\/wp-content\\\/uploads\\\/2026\\\/04\\\/CAPAMATERIAGUARAFE.png\",\"contentUrl\":\"https:\\\/\\\/guarai.to.gov.br\\\/transparencia\\\/wp-content\\\/uploads\\\/2026\\\/04\\\/CAPAMATERIAGUARAFE.png\",\"width\":555,\"height\":600},{\"@type\":\"BreadcrumbList\",\"@id\":\"https:\\\/\\\/guarai.to.gov.br\\\/transparencia\\\/guarai-promove-evento-gospel-com-programacao-especial-no-dia-30-de-abril\\\/#breadcrumb\",\"itemListElement\":[{\"@type\":\"ListItem\",\"position\":1,\"name\":\"In\u00edcio\",\"item\":\"https:\\\/\\\/guarai.to.gov.br\\\/transparencia\\\/\"},{\"@type\":\"ListItem\",\"position\":2,\"name\":\"Guara\u00ed promove evento gospel com programa\u00e7\u00e3o especial no dia 30 de abril\"}]},{\"@type\":\"WebSite\",\"@id\":\"https:\\\/\\\/guarai.to.gov.br\\\/transparencia\\\/#website\",\"url\":\"https:\\\/\\\/guarai.to.gov.br\\\/transparencia\\\/\",\"name\":\"Prefeitura Municipal de Guara\u00ed\",\"description\":\"\",\"publisher\":{\"@id\":\"https:\\\/\\\/guarai.to.gov.br\\\/transparencia\\\/#organization\"},\"alternateName\":\"https:\\\/\\\/guarai.to.gov.br\\\/transparencia\",\"potentialAction\":[{\"@type\":\"SearchAction\",\"target\":{\"@type\":\"EntryPoint\",\"urlTemplate\":\"https:\\\/\\\/guarai.to.gov.br\\\/transparencia\\\/?s={search_term_string}\"},\"query-input\":{\"@type\":\"PropertyValueSpecification\",\"valueRequired\":true,\"valueName\":\"search_term_string\"}}],\"inLanguage\":\"pt-BR\"},{\"@type\":\"Organization\",\"@id\":\"https:\\\/\\\/guarai.to.gov.br\\\/transparencia\\\/#organization\",\"name\":\"Prefeitura Municipal de Guara\u00ed\",\"alternateName\":\"Prefeitura Municipal de Guara\u00ed\",\"url\":\"https:\\\/\\\/guarai.to.gov.br\\\/transparencia\\\/\",\"logo\":{\"@type\":\"ImageObject\",\"inLanguage\":\"pt-BR\",\"@id\":\"https:\\\/\\\/guarai.to.gov.br\\\/transparencia\\\/#\\\/schema\\\/logo\\\/image\\\/\",\"url\":\"https:\\\/\\\/guarai.to.gov.br\\\/transparencia\\\/wp-content\\\/uploads\\\/2024\\\/11\\\/brasao_atualizado.png\",\"contentUrl\":\"https:\\\/\\\/guarai.to.gov.br\\\/transparencia\\\/wp-content\\\/uploads\\\/2024\\\/11\\\/brasao_atualizado.png\",\"width\":50,\"height\":53,\"caption\":\"Prefeitura Municipal de Guara\u00ed\"},\"image\":{\"@id\":\"https:\\\/\\\/guarai.to.gov.br\\\/transparencia\\\/#\\\/schema\\\/logo\\\/image\\\/\"},\"description\":\"Av. Bernardo Say\u00e3o, S\\\/N - Centro, Guara\u00ed - TO, 77700-000\",\"email\":\"gabinetedoprefeito@guarai.to.gov.br\",\"telephone\":\"6334641030, 6334641018, 34644620\",\"legalName\":\"Prefeitura Municipal de Guara\u00ed\",\"foundingDate\":\"1970-04-11\",\"vatID\":\"02.070.548\\\/0001-33\",\"numberOfEmployees\":{\"@type\":\"QuantitativeValue\",\"minValue\":\"1001\",\"maxValue\":\"5000\"}},{\"@type\":\"Person\",\"@id\":\"https:\\\/\\\/guarai.to.gov.br\\\/transparencia\\\/#\\\/schema\\\/person\\\/dcdb75887661c2650574d9d0792d95f2\",\"name\":\"Comunica\u00e7\u00e3o Guara\u00ed\",\"image\":{\"@type\":\"ImageObject\",\"inLanguage\":\"pt-BR\",\"@id\":\"https:\\\/\\\/secure.gravatar.com\\\/avatar\\\/91ad7257fa34385f5a31b716113984a42b882ef420e2b650958be17b318f6d8d?s=96&d=mm&r=g\",\"url\":\"https:\\\/\\\/secure.gravatar.com\\\/avatar\\\/91ad7257fa34385f5a31b716113984a42b882ef420e2b650958be17b318f6d8d?s=96&d=mm&r=g\",\"contentUrl\":\"https:\\\/\\\/secure.gravatar.com\\\/avatar\\\/91ad7257fa34385f5a31b716113984a42b882ef420e2b650958be17b318f6d8d?s=96&d=mm&r=g\",\"caption\":\"Comunica\u00e7\u00e3o Guara\u00ed\"},\"url\":\"https:\\\/\\\/guarai.to.gov.br\\\/transparencia\\\/author\\\/comunicacaoguarai\\\/\"}]}<\/script>\n<!-- \/ Yoast SEO Premium plugin. -->","yoast_head_json":{"title":"Guara\u00ed promove evento gospel com programa\u00e7\u00e3o especial no dia 30 de abril - Prefeitura Municipal de Guara\u00ed","robots":{"index":"index","follow":"follow","max-snippet":"max-snippet:-1","max-image-preview":"max-image-preview:large","max-video-preview":"max-video-preview:-1"},"canonical":"https:\/\/guarai.to.gov.br\/transparencia\/guarai-promove-evento-gospel-com-programacao-especial-no-dia-30-de-abril\/","og_locale":"pt_BR","og_type":"article","og_title":"Guara\u00ed promove evento gospel com programa\u00e7\u00e3o especial no dia 30 de abril","og_description":"A Prefeitura de Guara\u00ed, em parceria com a C\u00e2mara Municipal, realiza no pr\u00f3ximo dia 30 de abril o GuaraF\u00e9, evento especial de adora\u00e7\u00e3o que reunir\u00e1 a comunidade em uma noite de f\u00e9, louvor e comunh\u00e3o. A programa\u00e7\u00e3o ser\u00e1 realizada na Pra\u00e7a da Prefeitura, a partir das 19h30, com a participa\u00e7\u00e3o de Jefferson e Suellen, Novo&hellip; Continue lendo Guara\u00ed promove evento gospel com programa\u00e7\u00e3o especial no dia 30 de abril","og_url":"https:\/\/guarai.to.gov.br\/transparencia\/guarai-promove-evento-gospel-com-programacao-especial-no-dia-30-de-abril\/","og_site_name":"Prefeitura Municipal de Guara\u00ed","article_published_time":"2026-04-28T23:47:52+00:00","article_modified_time":"2026-04-28T23:47:53+00:00","og_image":[{"width":555,"height":600,"url":"https:\/\/guarai.to.gov.br\/transparencia\/wp-content\/uploads\/2026\/04\/CAPAMATERIAGUARAFE.png","type":"image\/png"}],"author":"Comunica\u00e7\u00e3o Guara\u00ed","twitter_card":"summary_large_image","twitter_misc":{"Escrito por":"Comunica\u00e7\u00e3o Guara\u00ed","Est. tempo de leitura":"2 minutos"},"schema":{"@context":"https:\/\/schema.org","@graph":[{"@type":"Article","@id":"https:\/\/guarai.to.gov.br\/transparencia\/guarai-promove-evento-gospel-com-programacao-especial-no-dia-30-de-abril\/#article","isPartOf":{"@id":"https:\/\/guarai.to.gov.br\/transparencia\/guarai-promove-evento-gospel-com-programacao-especial-no-dia-30-de-abril\/"},"author":{"name":"Comunica\u00e7\u00e3o Guara\u00ed","@id":"https:\/\/guarai.to.gov.br\/transparencia\/#\/schema\/person\/dcdb75887661c2650574d9d0792d95f2"},"headline":"Guara\u00ed promove evento gospel com programa\u00e7\u00e3o especial no dia 30 de abril","datePublished":"2026-04-28T23:47:52+00:00","dateModified":"2026-04-28T23:47:53+00:00","mainEntityOfPage":{"@id":"https:\/\/guarai.to.gov.br\/transparencia\/guarai-promove-evento-gospel-com-programacao-especial-no-dia-30-de-abril\/"},"wordCount":177,"publisher":{"@id":"https:\/\/guarai.to.gov.br\/transparencia\/#organization"},"image":{"@id":"https:\/\/guarai.to.gov.br\/transparencia\/guarai-promove-evento-gospel-com-programacao-especial-no-dia-30-de-abril\/#primaryimage"},"thumbnailUrl":"https:\/\/guarai.to.gov.br\/transparencia\/wp-content\/uploads\/2026\/04\/CAPAMATERIAGUARAFE.png","articleSection":["NOTICIAS"],"inLanguage":"pt-BR"},{"@type":"WebPage","@id":"https:\/\/guarai.to.gov.br\/transparencia\/guarai-promove-evento-gospel-com-programacao-especial-no-dia-30-de-abril\/","url":"https:\/\/guarai.to.gov.br\/transparencia\/guarai-promove-evento-gospel-com-programacao-especial-no-dia-30-de-abril\/","name":"Guara\u00ed promove evento gospel com programa\u00e7\u00e3o especial no dia 30 de abril - Prefeitura Municipal de Guara\u00ed","isPartOf":{"@id":"https:\/\/guarai.to.gov.br\/transparencia\/#website"},"primaryImageOfPage":{"@id":"https:\/\/guarai.to.gov.br\/transparencia\/guarai-promove-evento-gospel-com-programacao-especial-no-dia-30-de-abril\/#primaryimage"},"image":{"@id":"https:\/\/guarai.to.gov.br\/transparencia\/guarai-promove-evento-gospel-com-programacao-especial-no-dia-30-de-abril\/#primaryimage"},"thumbnailUrl":"https:\/\/guarai.to.gov.br\/transparencia\/wp-content\/uploads\/2026\/04\/CAPAMATERIAGUARAFE.png","datePublished":"2026-04-28T23:47:52+00:00","dateModified":"2026-04-28T23:47:53+00:00","breadcrumb":{"@id":"https:\/\/guarai.to.gov.br\/transparencia\/guarai-promove-evento-gospel-com-programacao-especial-no-dia-30-de-abril\/#breadcrumb"},"inLanguage":"pt-BR","potentialAction":[{"@type":"ReadAction","target":["https:\/\/guarai.to.gov.br\/transparencia\/guarai-promove-evento-gospel-com-programacao-especial-no-dia-30-de-abril\/"]}]},{"@type":"ImageObject","inLanguage":"pt-BR","@id":"https:\/\/guarai.to.gov.br\/transparencia\/guarai-promove-evento-gospel-com-programacao-especial-no-dia-30-de-abril\/#primaryimage","url":"https:\/\/guarai.to.gov.br\/transparencia\/wp-content\/uploads\/2026\/04\/CAPAMATERIAGUARAFE.png","contentUrl":"https:\/\/guarai.to.gov.br\/transparencia\/wp-content\/uploads\/2026\/04\/CAPAMATERIAGUARAFE.png","width":555,"height":600},{"@type":"BreadcrumbList","@id":"https:\/\/guarai.to.gov.br\/transparencia\/guarai-promove-evento-gospel-com-programacao-especial-no-dia-30-de-abril\/#breadcrumb","itemListElement":[{"@type":"ListItem","position":1,"name":"In\u00edcio","item":"https:\/\/guarai.to.gov.br\/transparencia\/"},{"@type":"ListItem","position":2,"name":"Guara\u00ed promove evento gospel com programa\u00e7\u00e3o especial no dia 30 de abril"}]},{"@type":"WebSite","@id":"https:\/\/guarai.to.gov.br\/transparencia\/#website","url":"https:\/\/guarai.to.gov.br\/transparencia\/","name":"Prefeitura Municipal de Guara\u00ed","description":"","publisher":{"@id":"https:\/\/guarai.to.gov.br\/transparencia\/#organization"},"alternateName":"https:\/\/guarai.to.gov.br\/transparencia","potentialAction":[{"@type":"SearchAction","target":{"@type":"EntryPoint","urlTemplate":"https:\/\/guarai.to.gov.br\/transparencia\/?s={search_term_string}"},"query-input":{"@type":"PropertyValueSpecification","valueRequired":true,"valueName":"search_term_string"}}],"inLanguage":"pt-BR"},{"@type":"Organization","@id":"https:\/\/guarai.to.gov.br\/transparencia\/#organization","name":"Prefeitura Municipal de Guara\u00ed","alternateName":"Prefeitura Municipal de Guara\u00ed","url":"https:\/\/guarai.to.gov.br\/transparencia\/","logo":{"@type":"ImageObject","inLanguage":"pt-BR","@id":"https:\/\/guarai.to.gov.br\/transparencia\/#\/schema\/logo\/image\/","url":"https:\/\/guarai.to.gov.br\/transparencia\/wp-content\/uploads\/2024\/11\/brasao_atualizado.png","contentUrl":"https:\/\/guarai.to.gov.br\/transparencia\/wp-content\/uploads\/2024\/11\/brasao_atualizado.png","width":50,"height":53,"caption":"Prefeitura Municipal de Guara\u00ed"},"image":{"@id":"https:\/\/guarai.to.gov.br\/transparencia\/#\/schema\/logo\/image\/"},"description":"Av. Bernardo Say\u00e3o, S\/N - Centro, Guara\u00ed - TO, 77700-000","email":"gabinetedoprefeito@guarai.to.gov.br","telephone":"6334641030, 6334641018, 34644620","legalName":"Prefeitura Municipal de Guara\u00ed","foundingDate":"1970-04-11","vatID":"02.070.548\/0001-33","numberOfEmployees":{"@type":"QuantitativeValue","minValue":"1001","maxValue":"5000"}},{"@type":"Person","@id":"https:\/\/guarai.to.gov.br\/transparencia\/#\/schema\/person\/dcdb75887661c2650574d9d0792d95f2","name":"Comunica\u00e7\u00e3o Guara\u00ed","image":{"@type":"ImageObject","inLanguage":"pt-BR","@id":"https:\/\/secure.gravatar.com\/avatar\/91ad7257fa34385f5a31b716113984a42b882ef420e2b650958be17b318f6d8d?s=96&d=mm&r=g","url":"https:\/\/secure.gravatar.com\/avatar\/91ad7257fa34385f5a31b716113984a42b882ef420e2b650958be17b318f6d8d?s=96&d=mm&r=g","contentUrl":"https:\/\/secure.gravatar.com\/avatar\/91ad7257fa34385f5a31b716113984a42b882ef420e2b650958be17b318f6d8d?s=96&d=mm&r=g","caption":"Comunica\u00e7\u00e3o Guara\u00ed"},"url":"https:\/\/guarai.to.gov.br\/transparencia\/author\/comunicacaoguarai\/"}]}},"_links":{"self":[{"href":"https:\/\/guarai.to.gov.br\/transparencia\/wp-json\/wp\/v2\/posts\/4962","targetHints":{"allow":["GET"]}}],"collection":[{"href":"https:\/\/guarai.to.gov.br\/transparencia\/wp-json\/wp\/v2\/posts"}],"about":[{"href":"https:\/\/guarai.to.gov.br\/transparencia\/wp-json\/wp\/v2\/types\/post"}],"author":[{"embeddable":true,"href":"https:\/\/guarai.to.gov.br\/transparencia\/wp-json\/wp\/v2\/users\/2"}],"replies":[{"embeddable":true,"href":"https:\/\/guarai.to.gov.br\/transparencia\/wp-json\/wp\/v2\/comments?post=4962"}],"version-history":[{"count":2,"href":"https:\/\/guarai.to.gov.br\/transparencia\/wp-json\/wp\/v2\/posts\/4962\/revisions"}],"predecessor-version":[{"id":4966,"href":"https:\/\/guarai.to.gov.br\/transparencia\/wp-json\/wp\/v2\/posts\/4962\/revisions\/4966"}],"wp:featuredmedia":[{"embeddable":true,"href":"https:\/\/guarai.to.gov.br\/transparencia\/wp-json\/wp\/v2\/media\/4964"}],"wp:attachment":[{"href":"https:\/\/guarai.to.gov.br\/transparencia\/wp-json\/wp\/v2\/media?parent=4962"}],"wp:term":[{"taxonomy":"category","embeddable":true,"href":"https:\/\/guarai.to.gov.br\/transparencia\/wp-json\/wp\/v2\/categories?post=4962"},{"taxonomy":"post_tag","embeddable":true,"href":"https:\/\/guarai.to.gov.br\/transparencia\/wp-json\/wp\/v2\/tags?post=4962"}],"curies":[{"name":"wp","href":"https:\/\/api.w.org\/{rel}","templated":true}]}}