{"id":4968,"date":"2026-04-29T13:39:35","date_gmt":"2026-04-29T16:39:35","guid":{"rendered":"https:\/\/guarai.to.gov.br\/transparencia\/?p=4968"},"modified":"2026-04-29T13:39:41","modified_gmt":"2026-04-29T16:39:41","slug":"formacao-continuada-fortalece-alfabetizacao-inclusiva-na-rede-municipal-de-guarai","status":"publish","type":"post","link":"https:\/\/guarai.to.gov.br\/transparencia\/formacao-continuada-fortalece-alfabetizacao-inclusiva-na-rede-municipal-de-guarai\/","title":{"rendered":"Forma\u00e7\u00e3o continuada fortalece alfabetiza\u00e7\u00e3o inclusiva na rede municipal de Guara\u00ed"},"content":{"rendered":"\n<p class=\"wp-block-paragraph\">A Prefeitura de Guara\u00ed, por meio da Secretaria Municipal de Educa\u00e7\u00e3o e Cultura, realizou entre os dias 24 de fevereiro e 28 de abril de 2026 o curso \u201cMetodologia Estruturada de Alfabetiza\u00e7\u00e3o para estudantes com transtornos do neurodesenvolvimento e atraso na aprendizagem\u201d. A forma\u00e7\u00e3o foi voltada aos professores do Atendimento Educacional Especializado (AEE), que atuam nas salas multifuncionais da rede municipal.<\/p>\n\n\n\n<p class=\"wp-block-paragraph\">Conduzido pela pedagoga K\u00e1cia Fonseca Carvalho da Silva, especialista em psicopedagogia, neuropsicopedagogia e transtornos de aprendizagem, o curso ocorreu em encontros semanais, integrando teoria e pr\u00e1tica, com acompanhamento cont\u00ednuo por meio de mentoria.<\/p>\n\n\n\n<p class=\"wp-block-paragraph\">A iniciativa teve como objetivo capacitar os profissionais para atuarem de forma estruturada, assertiva e baseada em evid\u00eancias cient\u00edficas, promovendo o desenvolvimento da leitura e da escrita de estudantes com transtornos do neurodesenvolvimento e dificuldades de aprendizagem.<\/p>\n\n\n\n<p class=\"wp-block-paragraph\">A metodologia adotada combinou diferentes abordagens educacionais, como a An\u00e1lise do Comportamento Aplicada (ABA), o construtivismo, o ensino estruturado (TEACCH) e o letramento multimodal. O processo pedag\u00f3gico foi organizado em etapas progressivas, partindo do uso de imagens at\u00e9 a constru\u00e7\u00e3o de palavras, s\u00edlabas e textos, respeitando o ritmo de aprendizagem dos estudantes.<\/p>\n\n\n\n<p class=\"wp-block-paragraph\">Um dos principais diferenciais da forma\u00e7\u00e3o foi a mentoria individualizada, que possibilitou aos professores aplicar o m\u00e9todo diretamente com seus alunos, ajustar pr\u00e1ticas conforme as necessidades reais e acompanhar os avan\u00e7os por meio de registros cont\u00ednuos. O trabalho tamb\u00e9m incluiu avalia\u00e7\u00e3o diagn\u00f3stica inicial, considerando habilidades essenciais como aten\u00e7\u00e3o, foco e discrimina\u00e7\u00e3o de est\u00edmulos.<\/p>\n\n\n\n<p class=\"wp-block-paragraph\">Como resultado, a forma\u00e7\u00e3o busca fortalecer a atua\u00e7\u00e3o dos profissionais do AEE, promovendo interven\u00e7\u00f5es mais organizadas e eficazes, contribuindo para a redu\u00e7\u00e3o das dificuldades de aprendizagem e ampliando a inclus\u00e3o educacional na rede municipal.<\/p>\n\n\n\n<figure class=\"wp-block-gallery has-nested-images columns-default is-cropped wp-block-gallery-1 is-layout-flex wp-block-gallery-is-layout-flex\">\n<figure class=\"wp-block-image size-large\"><img fetchpriority=\"high\" decoding=\"async\" width=\"1024\" height=\"576\" data-id=\"4972\" src=\"https:\/\/guarai.to.gov.br\/transparencia\/wp-content\/uploads\/2026\/04\/CAPACITACAO-INCLUSIVA-1-1024x576.jpeg\" alt=\"\" class=\"wp-image-4972\" srcset=\"https:\/\/guarai.to.gov.br\/transparencia\/wp-content\/uploads\/2026\/04\/CAPACITACAO-INCLUSIVA-1-1024x576.jpeg 1024w, https:\/\/guarai.to.gov.br\/transparencia\/wp-content\/uploads\/2026\/04\/CAPACITACAO-INCLUSIVA-1-460x259.jpeg 460w, https:\/\/guarai.to.gov.br\/transparencia\/wp-content\/uploads\/2026\/04\/CAPACITACAO-INCLUSIVA-1-160x90.jpeg 160w, https:\/\/guarai.to.gov.br\/transparencia\/wp-content\/uploads\/2026\/04\/CAPACITACAO-INCLUSIVA-1-768x432.jpeg 768w, https:\/\/guarai.to.gov.br\/transparencia\/wp-content\/uploads\/2026\/04\/CAPACITACAO-INCLUSIVA-1-1536x864.jpeg 1536w, https:\/\/guarai.to.gov.br\/transparencia\/wp-content\/uploads\/2026\/04\/CAPACITACAO-INCLUSIVA-1-1568x882.jpeg 1568w, https:\/\/guarai.to.gov.br\/transparencia\/wp-content\/uploads\/2026\/04\/CAPACITACAO-INCLUSIVA-1.jpeg 1600w\" sizes=\"(max-width: 1024px) 100vw, 1024px\" \/><\/figure>\n\n\n\n<figure class=\"wp-block-image size-large\"><img decoding=\"async\" width=\"1024\" height=\"576\" data-id=\"4973\" src=\"https:\/\/guarai.to.gov.br\/transparencia\/wp-content\/uploads\/2026\/04\/CAPACITACAO-INCLUSIVA-2-1024x576.jpeg\" alt=\"\" class=\"wp-image-4973\" srcset=\"https:\/\/guarai.to.gov.br\/transparencia\/wp-content\/uploads\/2026\/04\/CAPACITACAO-INCLUSIVA-2-1024x576.jpeg 1024w, https:\/\/guarai.to.gov.br\/transparencia\/wp-content\/uploads\/2026\/04\/CAPACITACAO-INCLUSIVA-2-460x259.jpeg 460w, https:\/\/guarai.to.gov.br\/transparencia\/wp-content\/uploads\/2026\/04\/CAPACITACAO-INCLUSIVA-2-160x90.jpeg 160w, https:\/\/guarai.to.gov.br\/transparencia\/wp-content\/uploads\/2026\/04\/CAPACITACAO-INCLUSIVA-2-768x432.jpeg 768w, https:\/\/guarai.to.gov.br\/transparencia\/wp-content\/uploads\/2026\/04\/CAPACITACAO-INCLUSIVA-2-1536x864.jpeg 1536w, https:\/\/guarai.to.gov.br\/transparencia\/wp-content\/uploads\/2026\/04\/CAPACITACAO-INCLUSIVA-2-1568x882.jpeg 1568w, https:\/\/guarai.to.gov.br\/transparencia\/wp-content\/uploads\/2026\/04\/CAPACITACAO-INCLUSIVA-2.jpeg 1600w\" sizes=\"(max-width: 1024px) 100vw, 1024px\" \/><\/figure>\n\n\n\n<figure class=\"wp-block-image size-large\"><img decoding=\"async\" width=\"1024\" height=\"576\" data-id=\"4975\" src=\"https:\/\/guarai.to.gov.br\/transparencia\/wp-content\/uploads\/2026\/04\/CAPACITACAO-INCLUSIVA-5-1024x576.jpeg\" alt=\"\" class=\"wp-image-4975\" srcset=\"https:\/\/guarai.to.gov.br\/transparencia\/wp-content\/uploads\/2026\/04\/CAPACITACAO-INCLUSIVA-5-1024x576.jpeg 1024w, https:\/\/guarai.to.gov.br\/transparencia\/wp-content\/uploads\/2026\/04\/CAPACITACAO-INCLUSIVA-5-460x259.jpeg 460w, https:\/\/guarai.to.gov.br\/transparencia\/wp-content\/uploads\/2026\/04\/CAPACITACAO-INCLUSIVA-5-160x90.jpeg 160w, https:\/\/guarai.to.gov.br\/transparencia\/wp-content\/uploads\/2026\/04\/CAPACITACAO-INCLUSIVA-5-768x432.jpeg 768w, https:\/\/guarai.to.gov.br\/transparencia\/wp-content\/uploads\/2026\/04\/CAPACITACAO-INCLUSIVA-5-1536x864.jpeg 1536w, https:\/\/guarai.to.gov.br\/transparencia\/wp-content\/uploads\/2026\/04\/CAPACITACAO-INCLUSIVA-5-1568x882.jpeg 1568w, https:\/\/guarai.to.gov.br\/transparencia\/wp-content\/uploads\/2026\/04\/CAPACITACAO-INCLUSIVA-5.jpeg 1600w\" sizes=\"(max-width: 1024px) 100vw, 1024px\" \/><\/figure>\n<\/figure>\n","protected":false},"excerpt":{"rendered":"<p>A Prefeitura de Guara\u00ed, por meio da Secretaria Municipal de Educa\u00e7\u00e3o e Cultura, realizou entre os dias 24 de fevereiro e 28 de abril de 2026 o curso \u201cMetodologia Estruturada de Alfabetiza\u00e7\u00e3o para estudantes com transtornos do neurodesenvolvimento e atraso na aprendizagem\u201d. A forma\u00e7\u00e3o foi voltada aos professores do Atendimento Educacional Especializado (AEE), que atuam&hellip; <a class=\"more-link\" href=\"https:\/\/guarai.to.gov.br\/transparencia\/formacao-continuada-fortalece-alfabetizacao-inclusiva-na-rede-municipal-de-guarai\/\">Continue lendo <span class=\"screen-reader-text\">Forma\u00e7\u00e3o continuada fortalece alfabetiza\u00e7\u00e3o inclusiva na rede municipal de Guara\u00ed<\/span><\/a><\/p>\n","protected":false},"author":2,"featured_media":4971,"comment_status":"closed","ping_status":"closed","sticky":false,"template":"","format":"standard","meta":{"_acf_changed":false,"_eb_attr":"","_crdt_document":"{\"document\":\"AAAH6\/e3nxCXAqABBgMGBAMCBQAWAQcYBAEBCABIAghKkA0BAQgCQkgAkggBAQgCQkgAvggBAQgCQkgAggwBAQgCQkgAsAwBAQgCQkjAOGQFAwMACAq6N75RAQEIAEjQArICAwsEAwQUAwr2AQQCAQkGigIBAQgBAUgAFAEBCAEBSAAUAQEIAQFIZghCAQEOCEIBAQ4IQgEB8I0BiosBAwsEAwQUAwvkjAE0HhEIBQQDAAikigEDCwQDBBQDCskBKAAhAScABACEDicBKAEhACgDJwAoCCEAKAAnACgABwAoAicBKAAnAKgABACHACgCJwEEACgAJwCHACgCJwEEACgAJwCHACgCJwEEACgAJwCHACgCJwEEACgAJwCHACgCJwEEACgAJwAEAEQAxAioAIcAKAInASgAJwCEIqgBJwAoAicAKAYHACgCJwAoAScAKAAnAIcAKAInACgBJwAoACcAhwAoAicAKAEnACgAJwCoASgDqAEoA6gBKAOoAMQhhACoACgAqAEooDa4NHN0YXRldmVyc2lvbmRvY3VtZW50ZGF0ZWRvY3VtZW50c3RhdHVzZG9jdW1lbnR0aXRsZVJhc2N1bmhvIGF1dG9tw6F0aWNvZG9jdW1lbnRjb250ZW50ZG9jdW1lbnRleGNlcnB0ZG9jdW1lbnRhdXRob3Jkb2N1bWVudGZlYXR1cmVkX21lZGlhZG9jdW1lbnRjb21tZW50X3N0YXR1c2RvY3VtZW50cGluZ19zdGF0dXNkb2N1bWVudHN0aWNreWRvY3VtZW50dGVtcGxhdGVkb2N1bWVudGZvcm1hdGRvY3VtZW50bWV0YV9hY2ZfY2hhbmdlZF9lYl9hdHRyY3lib2NmaV9oaWRlX2ZlYXR1cmVkX2ltYWdlZm9vdG5vdGVzX2VsZW1lbnRvcl9lZGl0X21vZGVfZWxlbWVudG9yX3RlbXBsYXRlX3R5cGVfZWxlbWVudG9yX2RhdGFfZWxlbWVudG9yX3BhZ2Vfc2V0dGluZ3NfZWxlbWVudG9yX2NvbmRpdGlvbnNkb2N1bWVudGNhdGVnb3JpZXNkb2N1bWVudHRhZ3Nkb2N1bWVudGJsb2Nrc19lYl9tZXRhX2RhdGFjbGllbnRJZGlzVmFsaWRuYW1lYXR0cmlidXRlc2NvbnRlbnRkcm9wQ2FwaW5uZXJCbG9ja3NBIFByZWZlaXR1cmEgZGUgR3VhcmHDrSwgcG9yIG1laW8gZGEgU2VjcmV0YXJpYSBNdW5pY2lwYWwgZGUgRWR1Y2HDp8OjbyBlIEN1bHR1cmEsIHJlYWxpem91IGVudHJlIG9zIGRpYXMgMjQgZGUgZmV2ZXJlaXJvIGUgMjggZGUgYWJyaWwgZGUgMjAyNiBvIGN1cnNvIOKAnE1ldG9kb2xvZ2lhIEVzdHJ1dHVyYWRhIGRlIEFsZmFiZXRpemHDp8OjbyBwYXJhIGVzdHVkYW50ZXMgY29tIHRyYW5zdG9ybm9zIGRvIG5ldXJvZGVzZW52b2x2aW1lbnRvIGUgYXRyYXNvIG5hIGFwcmVuZGl6YWdlbeKAnS4gQSBmb3JtYcOnw6NvIGZvaSB2b2x0YWRhIGFvcyBwcm9mZXNzb3JlcyBkbyBBdGVuZGltZW50byBFZHVjYWNpb25hbCBFc3BlY2lhbGl6YWRvIChBRUUpLCBxdWUgYXR1YW0gbmFzIHNhbGFzIG11bHRpZnVuY2lvbmFpcyBkYSByZWRlIG11bmljaXBhbC5jbGllbnRJZGlzVmFsaWRuYW1lYXR0cmlidXRlc2NvbnRlbnRDb25kdXppZG8gcGVsYSBwZWRhZ29nYSBLw6FjaWEgRm9uc2VjYSBDYXJ2YWxobyBkYSBTaWx2YSwgZXNwZWNpYWxpc3RhIGVtIHBzaWNvcGVkYWdvZ2lhLCBuZXVyb3BzaWNvcGVkYWdvZ2lhIGUgdHJhbnN0b3Jub3MgZGUgYXByZW5kaXphZ2VtLCBvIGN1cnNvIG9jb3JyZXUgZW0gZW5jb250cm9zIHNlbWFuYWlzLCBpbnRlZ3JhbmRvIHRlb3JpYSBlIHByw6F0aWNhLCBjb20gYWNvbXBhbmhhbWVudG8gY29udMOtbnVvIHBvciBtZWlvIGRlIG1lbnRvcmlhLmRyb3BDYXBpbm5lckJsb2Nrc2NsaWVudElkaXNWYWxpZG5hbWVhdHRyaWJ1dGVzY29udGVudEEgaW5pY2lhdGl2YSB0ZXZlIGNvbW8gb2JqZXRpdm8gY2FwYWNpdGFyIG9zIHByb2Zpc3Npb25haXMgcGFyYSBhdHVhcmVtIGRlIGZvcm1hIGVzdHJ1dHVyYWRhLCBhc3NlcnRpdmEgZSBiYXNlYWRhIGVtIGV2aWTDqm5jaWFzIGNpZW50w61maWNhcywgcHJvbW92ZW5kbyBvIGRlc2Vudm9sdmltZW50byBkYSBsZWl0dXJhIGUgZGEgZXNjcml0YSBkZSBlc3R1ZGFudGVzIGNvbSB0cmFuc3Rvcm5vcyBkbyBuZXVyb2Rlc2Vudm9sdmltZW50byBlIGRpZmljdWxkYWRlcyBkZSBhcHJlbmRpemFnZW0uZHJvcENhcGlubmVyQmxvY2tzY2xpZW50SWRpc1ZhbGlkbmFtZWF0dHJpYnV0ZXNjb250ZW50QSBtZXRvZG9sb2dpYSBhZG90YWRhIGNvbWJpbm91IGRpZmVyZW50ZXMgYWJvcmRhZ2VucyBlZHVjYWNpb25haXMsIGNvbW8gYSBBbsOhbGlzZSBkbyBDb21wb3J0YW1lbnRvIEFwbGljYWRhIChBQkEpLCBvIGNvbnN0cnV0aXZpc21vLCBvIGVuc2lubyBlc3RydXR1cmFkbyAoVEVBQ0NIKSBlIG8gbGV0cmFtZW50byBtdWx0aW1vZGFsLiBPIHByb2Nlc3NvIHBlZGFnw7NnaWNvIGZvaSBvcmdhbml6YWRvIGVtIGV0YXBhcyBwcm9ncmVzc2l2YXMsIHBhcnRpbmRvIGRvIHVzbyBkZSBpbWFnZW5zIGF0w6kgYSBjb25zdHJ1w6fDo28gZGUgcGFsYXZyYXMsIHPDrWxhYmFzIGUgdGV4dG9zLCByZXNwZWl0YW5kbyBvIHJpdG1vIGRlIGFwcmVuZGl6YWdlbSBkb3MgZXN0dWRhbnRlcy5kcm9wQ2FwaW5uZXJCbG9ja3NjbGllbnRJZGlzVmFsaWRuYW1lYXR0cmlidXRlc2NvbnRlbnRVbSBkb3MgcHJpbmNpcGFpcyBkaWZlcmVuY2lhaXMgZGEgZm9ybWHDp8OjbyBmb2kgYSBtZW50b3JpYSBpbmRpdmlkdWFsaXphZGEsIHF1ZSBwb3NzaWJpbGl0b3UgYW9zIHByb2Zlc3NvcmVzIGFwbGljYXIgbyBtw6l0b2RvIGRpcmV0YW1lbnRlIGNvbSBzZXVzIGFsdW5vcywgYWp1c3RhciBwcsOhdGljYXMgY29uZm9ybWUgYXMgbmVjZXNzaWRhZGVzIHJlYWlzIGUgYWNvbXBhbmhhciBvcyBhdmFuw6dvcyBwb3IgbWVpbyBkZSByZWdpc3Ryb3MgY29udMOtbnVvcy4gTyB0cmFiYWxobyB0YW1iw6ltIGluY2x1aXUgYXZhbGlhw6fDo28gZGlhZ27Ds3N0aWNhIGluaWNpYWwsIGNvbnNpZGVyYW5kbyBoYWJpbGlkYWRlcyBlc3NlbmNpYWlzIGNvbW8gYXRlbsOnw6NvLCBmb2NvIGUgZGlzY3JpbWluYcOnw6NvIGRlIGVzdMOtbXVsb3MuZHJvcENhcGlubmVyQmxvY2tzY2xpZW50SWRpc1ZhbGlkbmFtZWF0dHJpYnV0ZXNjb250ZW50Q29tbyByZXN1bHRhZG8sIGEgZm9ybWHDp8OjbyBidXNjYSBmb3J0YWxlY2VyIGEgYXR1YcOnw6NvIGRvcyBwcm9maXNzaW9uYWlzIGRvIEFFRSwgcHJvbW92ZW5kbyBpbnRlcnZlbsOnw7VlcyBtYWlzIG9yZ2FuaXphZGFzIGUgZWZpY2F6ZXMsIGNvbnRyaWJ1aW5kbyBwYXJhIGEgcmVkdcOnw6NvIGRhcyBkaWZpY3VsZGFkZXMgZGUgYXByZW5kaXphZ2VtIGUgYW1wbGlhbmRvIGEgaW5jbHVzw6NvIGVkdWNhY2lvbmFsIG5hIHJlZGUgbXVuaWNpcGFsLmRyb3BDYXBpbm5lckJsb2NrczwhLS0gd3A6cGFyYWdyYXBoIC0tPgo8cD5BIFByZWZlaXR1cmEgZGUgR3VhcmHDrSwgcG9yIG1laW8gZGEgU2VjcmV0YXJpYSBNdW5pY2lwYWwgZGUgRWR1Y2HDp8OjbyBlIEN1bHR1cmEsIHJlYWxpem91IGVudHJlIG9zIGRpYXMgMjQgZGUgZmV2ZXJlaXJvIGUgMjggZGUgYWJyaWwgZGUgMjAyNiBvIGN1cnNvIOKAnE1ldG9kb2xvZ2lhIEVzdHJ1dHVyYWRhIGRlIEFsZmFiZXRpemHDp8OjbyBwYXJhIGVzdHVkYW50ZXMgY29tIHRyYW5zdG9ybm9zIGRvIG5ldXJvZGVzZW52b2x2aW1lbnRvIGUgYXRyYXNvIG5hIGFwcmVuZGl6YWdlbeKAnS4gQSBmb3JtYcOnw6NvIGZvaSB2b2x0YWRhIGFvcyBwcm9mZXNzb3JlcyBkbyBBdGVuZGltZW50byBFZHVjYWNpb25hbCBFc3BlY2lhbGl6YWRvIChBRUUpLCBxdWUgYXR1YW0gbmFzIHNhbGFzIG11bHRpZnVuY2lvbmFpcyBkYSByZWRlIG11bmljaXBhbC48L3A+CjwhLS0gL3dwOnBhcmFncmFwaCAtLT4KCjwhLS0gd3A6cGFyYWdyYXBoIC0tPgo8cD5Db25kdXppZG8gcGVsYSBwZWRhZ29nYSBLw6FjaWEgRm9uc2VjYSBDYXJ2YWxobyBkYSBTaWx2YSwgZXNwZWNpYWxpc3RhIGVtIHBzaWNvcGVkYWdvZ2lhLCBuZXVyb3BzaWNvcGVkYWdvZ2lhIGUgdHJhbnN0b3Jub3MgZGUgYXByZW5kaXphZ2VtLCBvIGN1cnNvIG9jb3JyZXUgZW0gZW5jb250cm9zIHNlbWFuYWlzLCBpbnRlZ3JhbmRvIHRlb3JpYSBlIHByw6F0aWNhLCBjb20gYWNvbXBhbmhhbWVudG8gY29udMOtbnVvIHBvciBtZWlvIGRlIG1lbnRvcmlhLjwvcD4KPCEtLSAvd3A6cGFyYWdyYXBoIC0tPgoKPCEtLSB3cDpwYXJhZ3JhcGggLS0+CjxwPkEgaW5pY2lhdGl2YSB0ZXZlIGNvbW8gb2JqZXRpdm8gY2FwYWNpdGFyIG9zIHByb2Zpc3Npb25haXMgcGFyYSBhdHVhcmVtIGRlIGZvcm1hIGVzdHJ1dHVyYWRhLCBhc3NlcnRpdmEgZSBiYXNlYWRhIGVtIGV2aWTDqm5jaWFzIGNpZW50w61maWNhcywgcHJvbW92ZW5kbyBvIGRlc2Vudm9sdmltZW50byBkYSBsZWl0dXJhIGUgZGEgZXNjcml0YSBkZSBlc3R1ZGFudGVzIGNvbSB0cmFuc3Rvcm5vcyBkbyBuZXVyb2Rlc2Vudm9sdmltZW50byBlIGRpZmljdWxkYWRlcyBkZSBhcHJlbmRpemFnZW0uPC9wPgo8IS0tIC93cDpwYXJhZ3JhcGggLS0+Cgo8IS0tIHdwOnBhcmFncmFwaCAtLT4KPHA+QSBtZXRvZG9sb2dpYSBhZG90YWRhIGNvbWJpbm91IGRpZmVyZW50ZXMgYWJvcmRhZ2VucyBlZHVjYWNpb25haXMsIGNvbW8gYSBBbsOhbGlzZSBkbyBDb21wb3J0YW1lbnRvIEFwbGljYWRhIChBQkEpLCBvIGNvbnN0cnV0aXZpc21vLCBvIGVuc2lubyBlc3RydXR1cmFkbyAoVEVBQ0NIKSBlIG8gbGV0cmFtZW50byBtdWx0aW1vZGFsLiBPIHByb2Nlc3NvIHBlZGFnw7NnaWNvIGZvaSBvcmdhbml6YWRvIGVtIGV0YXBhcyBwcm9ncmVzc2l2YXMsIHBhcnRpbmRvIGRvIHVzbyBkZSBpbWFnZW5zIGF0w6kgYSBjb25zdHJ1w6fDo28gZGUgcGFsYXZyYXMsIHPDrWxhYmFzIGUgdGV4dG9zLCByZXNwZWl0YW5kbyBvIHJpdG1vIGRlIGFwcmVuZGl6YWdlbSBkb3MgZXN0dWRhbnRlcy48L3A+CjwhLS0gL3dwOnBhcmFncmFwaCAtLT4KCjwhLS0gd3A6cGFyYWdyYXBoIC0tPgo8cD5VbSBkb3MgcHJpbmNpcGFpcyBkaWZlcmVuY2lhaXMgZGEgZm9ybWHDp8OjbyBmb2kgYSBtZW50b3JpYSBpbmRpdmlkdWFsaXphZGEsIHF1ZSBwb3NzaWJpbGl0b3UgYW9zIHByb2Zlc3NvcmVzIGFwbGljYXIgbyBtw6l0b2RvIGRpcmV0YW1lbnRlIGNvbSBzZXVzIGFsdW5vcywgYWp1c3RhciBwcsOhdGljYXMgY29uZm9ybWUgYXMgbmVjZXNzaWRhZGVzIHJlYWlzIGUgYWNvbXBhbmhhciBvcyBhdmFuw6dvcyBwb3IgbWVpbyBkZSByZWdpc3Ryb3MgY29udMOtbnVvcy4gTyB0cmFiYWxobyB0YW1iw6ltIGluY2x1aXUgYXZhbGlhw6fDo28gZGlhZ27Ds3N0aWNhIGluaWNpYWwsIGNvbnNpZGVyYW5kbyBoYWJpbGlkYWRlcyBlc3NlbmNpYWlzIGNvbW8gYXRlbsOnw6NvLCBmb2NvIGUgZGlzY3JpbWluYcOnw6NvIGRlIGVzdMOtbXVsb3MuPC9wPgo8IS0tIC93cDpwYXJhZ3JhcGggLS0+Cgo8IS0tIHdwOnBhcmFncmFwaCAtLT4KPHA+Q29tbyByZXN1bHRhZG8sIGEgZm9ybWHDp8OjbyBidXNjYSBmb3J0YWxlY2VyIGEgYXR1YcOnw6NvIGRvcyBwcm9maXNzaW9uYWlzIGRvIEFFRSwgcHJvbW92ZW5kbyBpbnRlcnZlbsOnw7VlcyBtYWlzIG9yZ2FuaXphZGFzIGUgZWZpY2F6ZXMsIGNvbnRyaWJ1aW5kbyBwYXJhIGEgcmVkdcOnw6NvIGRhcyBkaWZpY3VsZGFkZXMgZGUgYXByZW5kaXphZ2VtIGUgYW1wbGlhbmRvIGEgaW5jbHVzw6NvIGVkdWNhY2lvbmFsIG5hIHJlZGUgbXVuaWNpcGFsLjwvcD4KPCEtLSAvd3A6cGFyYWdyYXBoIC0tPkZvcm3Dp8OjbyBvdGludWFkYSBmcnRhbGVjZWxmYWJlaXphw6fDoyBpbmNsdXNpdmEgbmEgcmVkZSB1bmlwYWwgZGUgR3VhcmHDrWNsaWVudElkaXNWYWxpZG5hbWVhdHRyaWJ1dGVzY29udGVudGRyb3BDYXBpbm5lckJsb2NrcwoKPCEtLSB3cDpwYXJhZ3JhcGggLS0+CjxwPjwvcD4KPCEtLSAvd3A6cGFyYWdyYXBoIC0tPmltYWdlc2lkc25hdmlnYXRpb25CdXR0b25UeXBlc2hvcnRDb2RlVHJhbnNmb3Jtc2NhcHRpb25pbWFnZUNyb3ByYW5kb21PcmRlcmZpeGVkSGVpZ2h0c2l6ZVNsdWdhbGxvd1Jlc2l6ZWFzcGVjdFJhdGlvbGlua1RvY2xpZW50SWRpc1ZhbGlkbmFtZWF0dHJpYnV0ZXN1cmxhbHRjYXB0aW9uaWRpbm5lckJsb2Nrc2NsaWVudElkaXNWYWxpZG5hbWVhdHRyaWJ1dGVzdXJsYWx0Y2FwdGlvbmlkaW5uZXJCbG9ja3NjbGllbnRJZGlzVmFsaWRuYW1lYXR0cmlidXRlc3VybGFsdGNhcHRpb25pZGlubmVyQmxvY2tzbGlua2Z1bGxVcmxsaW5rRGVzdGluYXRpb25zaXplU2x1Z2xpbmtmdWxsVXJsbGlua0Rlc3RpbmF0aW9uc2l6ZVNsdWdsaW5rZnVsbFVybGxpbmtEZXN0aW5hdGlvbnNpemVTbHVnZ2FsbGVyeSB7ImxpbmtUbyI6Im5vbmUifSAtLT4KPGZpZ3VyZSBjbGFzcz0idy1ibG9jay1nbGxleSBocy1uZXN0ZWQtaW1hZXMgY29sdW1ucy1kZWZhdWx0IGlzLWNvcHBlZCI+PCEtLSB3cDppbWdlIHsiaWQiOjQ5NzIsInNpemVTbHVnIjoibGFyZ2UiLCJsaW5rRGVzdGluYXRpb24iOiJub25lIn0gLS0+CjxmaWd1cmUgY2xhc3M9InctYmxvY2staW1hZ2Ugc2l6ZS1sYXJnZSI+PGltZyBzcmM9InR0cHM6Ly9ndWFyYWkudG8uZ292LmJyL3RyYW5zcGFyZW5jaWEvd3AtY29udGVudC91cGxvYWRzLzIwMjYvMDQvQ0FQQUNJVEFDQU8tSU5DTFVTSVZBLTEtMTAyNHg1NzYuanBlZyJhbHQ9IiIgY2xhc3M9IndwaW1hZ2U0OTcyIi88L2ZpZ3VyZT4hLS0gL3c6aW1hZ2UgLS0KCiEtLSB3cDppbWFnZSB7ImlkIjo0OTczLCJzaXplU2x1ZyI6ImxhcmdlIiwibGlua0Rlc3RpbmF0aW9uIjoibm9uZSJ9IC0tPgo8ZmlndXJlIGNsYXNzPSJ3cC1ibG9jay1pbWFnZSBzaXplLWxhcmdlIj48aW1nIHNyYz0iaHR0cHM6L2d1YXJhaS50by5nb3YuYnIvdHJhbnNhcmVuY2lhL3dwLWNvbnRlbnQvdXBsb2Fkcy8yMDI2LzA0L0NBUEFDSVRBQ0FPLUlOQ0xVU0lWQS0yLTEwMjR4NTc2LmpwZWciIGFsdD0iIiBjbGFzcz0id3AtaW1hZ2UtNDk3MyIvPC9maWd1cmU+aW1hZ2UgLS0+Cgo8IS0tIHc6aW1nZSB7ImlkIjo0OTc1LCJzaXplU2x1ZyI6ImxhZ2UiLCJsaW5rRGVzdGludGlvbiI6Im5vbmUifSAtLT4KPGZpdWUgY2xzcz0idy1ibG9jay1pbWFnZSBzaXplLWxhcmdlIj48aW1nIHNyYz0idHRwczovL2d1YXJhaS50by5nb3YuYnIvdHJhbnNwYXJlbmNpYS93cC1jb250ZW50L3VwbG9hZHMvMjAyNi8wNC9DQVBBQ0lUQUNBTy1JTkNMVVNJVkEtNS0xMDI0eDU3Ni5qcGVnImFsdD0iIiBjbGFzcz0id3BpbWFnZTQ5NzUiLzwvZmlndXJlPgo8IS0tIC93cDppbWFnZSAtLT48L2ZpZ3VyZT4KPCEtLSAvd3A6Z2FsbGVyeSAtLT5kb2N1bWVudHNsdWdzdGF0ZXNhdmVkQXRzdGF0ZXNhdmVkQnkFBwgECAYIBUEGAkECQgABCAcIBwgGCA4IDggLCAZIAQYIBAwIGwkUGA8YFQgKCAQIBg0IBwQKRwALnwYIBwQKB4EEBwsIBwQKB5cEBwsIBwQKB7kFBwsIBwQKB5AGBwsIBwQKB7cDBwu5I0QAAQkHRQATAg4IBwQKRwALCkELAkEECkELBgMUEwcJSwAISwAGCAcECkMABwILCAcECkMABwILCAcECkMABwILBAcPCAQHDwgEBw8ILghDAAwXEY8BI6cBEAUGCQYJAoMCF6cBCREDHA8VAQQFI6cBEAUGOggEBQcFBw0BAwAAAQkACAECAG0BLkIBAQBBAAIAQQACAEEAAgBBAAIAQQACAEEAAgBBAAJAAAJBAAIAQQACAEEAAgACQWkBgQIAfQF9An0AdwB5dwB3CHN0YW5kYXJkeXcAdwB3AHcAdwB3AH51AHUAfQF3JDE5MDQyMjE2LTQzODYtNGE4YS1hZjhiLWI1NjQxNmZmOWE5MHh3DmNvcmUvcGFyYWdyYXBoeXckYjc2MmM4YjktOWRjYy00Yzk1LWEyZDgtYjY2OTY3NmM0ZjY1dyQ4M2UyYjA2Zi01MzE1LTQwMzQtYWVhYi1lNWM2NGQ0YmQyYWZ4dw5jb3JlL3BhcmFncmFwaHl3JDZlMjY2ZjRjLWRlZTYtNGM5YS1hNmM2LTQ2MDEwY2UxNmMwMnh3DmNvcmUvcGFyYWdyYXBoeXckZWI2MTJmM2UtMmRmOC00ZTQ4LWEyMTktMzkzMmM2OGI2ZGEzeHcOY29yZS9wYXJhZ3JhcGh5dyRhOWZmYWIwMC02NDNjLTRjODYtOGVhNy0wMjAyYzM0ZDdlZDl4dw5jb3JlL3BhcmFncmFwaHl3JGI0M2MzZDI5LWFiNTAtNDlmZi05ZDk4LWJhYzc1OGRhMTkyN3h3DmNvcmUvcGFyYWdyYXBoeX2rTXckNTRiNWM3YWItMjYwZS00OTk4LTllNmQtMzQ2OWQyNjA0OWNmeHcOY29yZS9wYXJhZ3JhcGh5dyRhZmVjN2ZmNy0yZTk4LTRkMjgtOWQ4MS1hZmNiM2FkODAxODN3DGNvcmUvZ2FsbGVyeXUAdwRpY29udQB4eXh3BWxhcmdleXcEYXV0b3cEbm9uZXckZDg3NmVlMmEtMDczZC00NjkwLWE5NWUtN2YwNWI3YTc3NTM4eHcKY29yZS9pbWFnZXdeaHR0cHM6Ly9ndWFyYWkudG8uZ292LmJyL3RyYW5zcGFyZW5jaWEvd3AtY29udGVudC91cGxvYWRzLzIwMjYvMDQvQ0FQQUNJVEFDQU8tSU5DTFVTSVZBLTEuanBlZ3cAfaxNdyRkNzFiNjJkOC0zNDgwLTQ0M2MtODAwYy0zMTEwMDcyZGVlOGJ4dwpjb3JlL2ltYWdld15odHRwczovL2d1YXJhaS50by5nb3YuYnIvdHJhbnNwYXJlbmNpYS93cC1jb250ZW50L3VwbG9hZHMvMjAyNi8wNC9DQVBBQ0lUQUNBTy1JTkNMVVNJVkEtMi5qcGVndwB9rU13JDA4MTNlYTkyLTRlYWUtNDliNC05MjMxLTQxMzAyMTllNDk1Nnh3CmNvcmUvaW1hZ2V3Xmh0dHBzOi8vZ3VhcmFpLnRvLmdvdi5ici90cmFuc3BhcmVuY2lhL3dwLWNvbnRlbnQvdXBsb2Fkcy8yMDI2LzA0L0NBUEFDSVRBQ0FPLUlOQ0xVU0lWQS01LmpwZWd3AH2vTXckYzY3YzRlYjMtMmNiYS00YTI3LTk3NmEtZjM1N2M4MzhjM2Y0d2dodHRwczovL2d1YXJhaS50by5nb3YuYnIvdHJhbnNwYXJlbmNpYS93cC1jb250ZW50L3VwbG9hZHMvMjAyNi8wNC9DQVBBQ0lUQUNBTy1JTkNMVVNJVkEtMS0xMDI0eDU3Ni5qcGVndzpodHRwczovL2d1YXJhaS50by5nb3YuYnIvdHJhbnNwYXJlbmNpYS8\/YXR0YWNobWVudF9pZD00OTcyd15odHRwczovL2d1YXJhaS50by5nb3YuYnIvdHJhbnNwYXJlbmNpYS93cC1jb250ZW50L3VwbG9hZHMvMjAyNi8wNC9DQVBBQ0lUQUNBTy1JTkNMVVNJVkEtMS5qcGVndwRub25ldwVsYXJnZXckNDY2MWQwMTctODU4Ni00MzBjLTljZjQtNWI2ZmRjZTQ0Y2Rhd2dodHRwczovL2d1YXJhaS50by5nb3YuYnIvdHJhbnNwYXJlbmNpYS93cC1jb250ZW50L3VwbG9hZHMvMjAyNi8wNC9DQVBBQ0lUQUNBTy1JTkNMVVNJVkEtMi0xMDI0eDU3Ni5qcGVndzpodHRwczovL2d1YXJhaS50by5nb3YuYnIvdHJhbnNwYXJlbmNpYS8\/YXR0YWNobWVudF9pZD00OTczd15odHRwczovL2d1YXJhaS50by5nb3YuYnIvdHJhbnNwYXJlbmNpYS93cC1jb250ZW50L3VwbG9hZHMvMjAyNi8wNC9DQVBBQ0lUQUNBTy1JTkNMVVNJVkEtMi5qcGVndwRub25ldwVsYXJnZXckMjRiNDNmMzctYTMzZC00ZDVmLTg5MGMtMTg0YTk3ZjI5ZmY0d2dodHRwczovL2d1YXJhaS50by5nb3YuYnIvdHJhbnNwYXJlbmNpYS93cC1jb250ZW50L3VwbG9hZHMvMjAyNi8wNC9DQVBBQ0lUQUNBTy1JTkNMVVNJVkEtNS0xMDI0eDU3Ni5qcGVndzpodHRwczovL2d1YXJhaS50by5nb3YuYnIvdHJhbnNwYXJlbmNpYS8\/YXR0YWNobWVudF9pZD00OTc1d15odHRwczovL2d1YXJhaS50by5nb3YuYnIvdHJhbnNwYXJlbmNpYS93cC1jb250ZW50L3VwbG9hZHMvMjAyNi8wNC9DQVBBQ0lUQUNBTy1JTkNMVVNJVkEtNS5qcGVndwRub25ldwVsYXJnZXcHcHVibGlzaHcTMjAyNi0wNC0yOVQxMzozOTozNXdRZm9ybWFjYW8tY29udGludWFkYS1mb3J0YWxlY2UtYWxmYWJldGl6YWNhby1pbmNsdXNpdmEtbmEtcmVkZS1tdW5pY2lwYWwtZGUtZ3VhcmFpdwZjbG9zZWR1AX0Be0J53aHDq6AAe0HgPt+9YAAAAev7248IFAEBAQABAAEAAQADAAMBAgADAQ4ABACnIgABAAEBRgADAAUAAwAFAAMA\",\"updateId\":588178415}","cybocfi_hide_featured_image":"","footnotes":""},"categories":[1],"tags":[],"class_list":["post-4968","post","type-post","status-publish","format-standard","has-post-thumbnail","hentry","category-noticias","entry"],"acf":[],"yoast_head":"<!-- This site is optimized with the Yoast SEO Premium plugin v27.3 (Yoast SEO v27.3) - https:\/\/yoast.com\/product\/yoast-seo-premium-wordpress\/ -->\n<title>Forma\u00e7\u00e3o continuada fortalece alfabetiza\u00e7\u00e3o inclusiva na rede municipal de Guara\u00ed - Prefeitura Municipal de Guara\u00ed<\/title>\n<meta name=\"robots\" content=\"index, follow, max-snippet:-1, max-image-preview:large, max-video-preview:-1\" \/>\n<link rel=\"canonical\" href=\"https:\/\/guarai.to.gov.br\/transparencia\/formacao-continuada-fortalece-alfabetizacao-inclusiva-na-rede-municipal-de-guarai\/\" \/>\n<meta property=\"og:locale\" content=\"pt_BR\" \/>\n<meta property=\"og:type\" content=\"article\" \/>\n<meta property=\"og:title\" content=\"Forma\u00e7\u00e3o continuada fortalece alfabetiza\u00e7\u00e3o inclusiva na rede municipal de Guara\u00ed\" \/>\n<meta property=\"og:description\" content=\"A Prefeitura de Guara\u00ed, por meio da Secretaria Municipal de Educa\u00e7\u00e3o e Cultura, realizou entre os dias 24 de fevereiro e 28 de abril de 2026 o curso \u201cMetodologia Estruturada de Alfabetiza\u00e7\u00e3o para estudantes com transtornos do neurodesenvolvimento e atraso na aprendizagem\u201d. A forma\u00e7\u00e3o foi voltada aos professores do Atendimento Educacional Especializado (AEE), que atuam&hellip; Continue lendo Forma\u00e7\u00e3o continuada fortalece alfabetiza\u00e7\u00e3o inclusiva na rede municipal de Guara\u00ed\" \/>\n<meta property=\"og:url\" content=\"https:\/\/guarai.to.gov.br\/transparencia\/formacao-continuada-fortalece-alfabetizacao-inclusiva-na-rede-municipal-de-guarai\/\" \/>\n<meta property=\"og:site_name\" content=\"Prefeitura Municipal de Guara\u00ed\" \/>\n<meta property=\"article:published_time\" content=\"2026-04-29T16:39:35+00:00\" \/>\n<meta property=\"article:modified_time\" content=\"2026-04-29T16:39:41+00:00\" \/>\n<meta property=\"og:image\" content=\"https:\/\/guarai.to.gov.br\/transparencia\/wp-content\/uploads\/2026\/04\/CAPACITACAO-INCLUSIVA-CAPA.jpeg\" \/>\n\t<meta property=\"og:image:width\" content=\"600\" \/>\n\t<meta property=\"og:image:height\" content=\"600\" \/>\n\t<meta property=\"og:image:type\" content=\"image\/jpeg\" \/>\n<meta name=\"author\" content=\"Comunica\u00e7\u00e3o Guara\u00ed\" \/>\n<meta name=\"twitter:card\" content=\"summary_large_image\" \/>\n<meta name=\"twitter:label1\" content=\"Escrito por\" \/>\n\t<meta name=\"twitter:data1\" content=\"Comunica\u00e7\u00e3o Guara\u00ed\" \/>\n\t<meta name=\"twitter:label2\" content=\"Est. tempo de leitura\" \/>\n\t<meta name=\"twitter:data2\" content=\"3 minutos\" \/>\n<script type=\"application\/ld+json\" class=\"yoast-schema-graph\">{\"@context\":\"https:\\\/\\\/schema.org\",\"@graph\":[{\"@type\":\"Article\",\"@id\":\"https:\\\/\\\/guarai.to.gov.br\\\/transparencia\\\/formacao-continuada-fortalece-alfabetizacao-inclusiva-na-rede-municipal-de-guarai\\\/#article\",\"isPartOf\":{\"@id\":\"https:\\\/\\\/guarai.to.gov.br\\\/transparencia\\\/formacao-continuada-fortalece-alfabetizacao-inclusiva-na-rede-municipal-de-guarai\\\/\"},\"author\":{\"name\":\"Comunica\u00e7\u00e3o Guara\u00ed\",\"@id\":\"https:\\\/\\\/guarai.to.gov.br\\\/transparencia\\\/#\\\/schema\\\/person\\\/dcdb75887661c2650574d9d0792d95f2\"},\"headline\":\"Forma\u00e7\u00e3o continuada fortalece alfabetiza\u00e7\u00e3o inclusiva na rede municipal de Guara\u00ed\",\"datePublished\":\"2026-04-29T16:39:35+00:00\",\"dateModified\":\"2026-04-29T16:39:41+00:00\",\"mainEntityOfPage\":{\"@id\":\"https:\\\/\\\/guarai.to.gov.br\\\/transparencia\\\/formacao-continuada-fortalece-alfabetizacao-inclusiva-na-rede-municipal-de-guarai\\\/\"},\"wordCount\":307,\"publisher\":{\"@id\":\"https:\\\/\\\/guarai.to.gov.br\\\/transparencia\\\/#organization\"},\"image\":{\"@id\":\"https:\\\/\\\/guarai.to.gov.br\\\/transparencia\\\/formacao-continuada-fortalece-alfabetizacao-inclusiva-na-rede-municipal-de-guarai\\\/#primaryimage\"},\"thumbnailUrl\":\"https:\\\/\\\/guarai.to.gov.br\\\/transparencia\\\/wp-content\\\/uploads\\\/2026\\\/04\\\/CAPACITACAO-INCLUSIVA-CAPA.jpeg\",\"articleSection\":[\"NOTICIAS\"],\"inLanguage\":\"pt-BR\"},{\"@type\":\"WebPage\",\"@id\":\"https:\\\/\\\/guarai.to.gov.br\\\/transparencia\\\/formacao-continuada-fortalece-alfabetizacao-inclusiva-na-rede-municipal-de-guarai\\\/\",\"url\":\"https:\\\/\\\/guarai.to.gov.br\\\/transparencia\\\/formacao-continuada-fortalece-alfabetizacao-inclusiva-na-rede-municipal-de-guarai\\\/\",\"name\":\"Forma\u00e7\u00e3o continuada fortalece alfabetiza\u00e7\u00e3o inclusiva na rede municipal de Guara\u00ed - Prefeitura Municipal de Guara\u00ed\",\"isPartOf\":{\"@id\":\"https:\\\/\\\/guarai.to.gov.br\\\/transparencia\\\/#website\"},\"primaryImageOfPage\":{\"@id\":\"https:\\\/\\\/guarai.to.gov.br\\\/transparencia\\\/formacao-continuada-fortalece-alfabetizacao-inclusiva-na-rede-municipal-de-guarai\\\/#primaryimage\"},\"image\":{\"@id\":\"https:\\\/\\\/guarai.to.gov.br\\\/transparencia\\\/formacao-continuada-fortalece-alfabetizacao-inclusiva-na-rede-municipal-de-guarai\\\/#primaryimage\"},\"thumbnailUrl\":\"https:\\\/\\\/guarai.to.gov.br\\\/transparencia\\\/wp-content\\\/uploads\\\/2026\\\/04\\\/CAPACITACAO-INCLUSIVA-CAPA.jpeg\",\"datePublished\":\"2026-04-29T16:39:35+00:00\",\"dateModified\":\"2026-04-29T16:39:41+00:00\",\"breadcrumb\":{\"@id\":\"https:\\\/\\\/guarai.to.gov.br\\\/transparencia\\\/formacao-continuada-fortalece-alfabetizacao-inclusiva-na-rede-municipal-de-guarai\\\/#breadcrumb\"},\"inLanguage\":\"pt-BR\",\"potentialAction\":[{\"@type\":\"ReadAction\",\"target\":[\"https:\\\/\\\/guarai.to.gov.br\\\/transparencia\\\/formacao-continuada-fortalece-alfabetizacao-inclusiva-na-rede-municipal-de-guarai\\\/\"]}]},{\"@type\":\"ImageObject\",\"inLanguage\":\"pt-BR\",\"@id\":\"https:\\\/\\\/guarai.to.gov.br\\\/transparencia\\\/formacao-continuada-fortalece-alfabetizacao-inclusiva-na-rede-municipal-de-guarai\\\/#primaryimage\",\"url\":\"https:\\\/\\\/guarai.to.gov.br\\\/transparencia\\\/wp-content\\\/uploads\\\/2026\\\/04\\\/CAPACITACAO-INCLUSIVA-CAPA.jpeg\",\"contentUrl\":\"https:\\\/\\\/guarai.to.gov.br\\\/transparencia\\\/wp-content\\\/uploads\\\/2026\\\/04\\\/CAPACITACAO-INCLUSIVA-CAPA.jpeg\",\"width\":600,\"height\":600,\"caption\":\"FOTO: GABRIEL BORGES\"},{\"@type\":\"BreadcrumbList\",\"@id\":\"https:\\\/\\\/guarai.to.gov.br\\\/transparencia\\\/formacao-continuada-fortalece-alfabetizacao-inclusiva-na-rede-municipal-de-guarai\\\/#breadcrumb\",\"itemListElement\":[{\"@type\":\"ListItem\",\"position\":1,\"name\":\"In\u00edcio\",\"item\":\"https:\\\/\\\/guarai.to.gov.br\\\/transparencia\\\/\"},{\"@type\":\"ListItem\",\"position\":2,\"name\":\"Forma\u00e7\u00e3o continuada fortalece alfabetiza\u00e7\u00e3o inclusiva na rede municipal de Guara\u00ed\"}]},{\"@type\":\"WebSite\",\"@id\":\"https:\\\/\\\/guarai.to.gov.br\\\/transparencia\\\/#website\",\"url\":\"https:\\\/\\\/guarai.to.gov.br\\\/transparencia\\\/\",\"name\":\"Prefeitura Municipal de Guara\u00ed\",\"description\":\"\",\"publisher\":{\"@id\":\"https:\\\/\\\/guarai.to.gov.br\\\/transparencia\\\/#organization\"},\"alternateName\":\"https:\\\/\\\/guarai.to.gov.br\\\/transparencia\",\"potentialAction\":[{\"@type\":\"SearchAction\",\"target\":{\"@type\":\"EntryPoint\",\"urlTemplate\":\"https:\\\/\\\/guarai.to.gov.br\\\/transparencia\\\/?s={search_term_string}\"},\"query-input\":{\"@type\":\"PropertyValueSpecification\",\"valueRequired\":true,\"valueName\":\"search_term_string\"}}],\"inLanguage\":\"pt-BR\"},{\"@type\":\"Organization\",\"@id\":\"https:\\\/\\\/guarai.to.gov.br\\\/transparencia\\\/#organization\",\"name\":\"Prefeitura Municipal de Guara\u00ed\",\"alternateName\":\"Prefeitura Municipal de Guara\u00ed\",\"url\":\"https:\\\/\\\/guarai.to.gov.br\\\/transparencia\\\/\",\"logo\":{\"@type\":\"ImageObject\",\"inLanguage\":\"pt-BR\",\"@id\":\"https:\\\/\\\/guarai.to.gov.br\\\/transparencia\\\/#\\\/schema\\\/logo\\\/image\\\/\",\"url\":\"https:\\\/\\\/guarai.to.gov.br\\\/transparencia\\\/wp-content\\\/uploads\\\/2024\\\/11\\\/brasao_atualizado.png\",\"contentUrl\":\"https:\\\/\\\/guarai.to.gov.br\\\/transparencia\\\/wp-content\\\/uploads\\\/2024\\\/11\\\/brasao_atualizado.png\",\"width\":50,\"height\":53,\"caption\":\"Prefeitura Municipal de Guara\u00ed\"},\"image\":{\"@id\":\"https:\\\/\\\/guarai.to.gov.br\\\/transparencia\\\/#\\\/schema\\\/logo\\\/image\\\/\"},\"description\":\"Av. Bernardo Say\u00e3o, S\\\/N - Centro, Guara\u00ed - TO, 77700-000\",\"email\":\"gabinetedoprefeito@guarai.to.gov.br\",\"telephone\":\"6334641030, 6334641018, 34644620\",\"legalName\":\"Prefeitura Municipal de Guara\u00ed\",\"foundingDate\":\"1970-04-11\",\"vatID\":\"02.070.548\\\/0001-33\",\"numberOfEmployees\":{\"@type\":\"QuantitativeValue\",\"minValue\":\"1001\",\"maxValue\":\"5000\"}},{\"@type\":\"Person\",\"@id\":\"https:\\\/\\\/guarai.to.gov.br\\\/transparencia\\\/#\\\/schema\\\/person\\\/dcdb75887661c2650574d9d0792d95f2\",\"name\":\"Comunica\u00e7\u00e3o Guara\u00ed\",\"image\":{\"@type\":\"ImageObject\",\"inLanguage\":\"pt-BR\",\"@id\":\"https:\\\/\\\/secure.gravatar.com\\\/avatar\\\/91ad7257fa34385f5a31b716113984a42b882ef420e2b650958be17b318f6d8d?s=96&d=mm&r=g\",\"url\":\"https:\\\/\\\/secure.gravatar.com\\\/avatar\\\/91ad7257fa34385f5a31b716113984a42b882ef420e2b650958be17b318f6d8d?s=96&d=mm&r=g\",\"contentUrl\":\"https:\\\/\\\/secure.gravatar.com\\\/avatar\\\/91ad7257fa34385f5a31b716113984a42b882ef420e2b650958be17b318f6d8d?s=96&d=mm&r=g\",\"caption\":\"Comunica\u00e7\u00e3o Guara\u00ed\"},\"url\":\"https:\\\/\\\/guarai.to.gov.br\\\/transparencia\\\/author\\\/comunicacaoguarai\\\/\"}]}<\/script>\n<!-- \/ Yoast SEO Premium plugin. -->","yoast_head_json":{"title":"Forma\u00e7\u00e3o continuada fortalece alfabetiza\u00e7\u00e3o inclusiva na rede municipal de Guara\u00ed - Prefeitura Municipal de Guara\u00ed","robots":{"index":"index","follow":"follow","max-snippet":"max-snippet:-1","max-image-preview":"max-image-preview:large","max-video-preview":"max-video-preview:-1"},"canonical":"https:\/\/guarai.to.gov.br\/transparencia\/formacao-continuada-fortalece-alfabetizacao-inclusiva-na-rede-municipal-de-guarai\/","og_locale":"pt_BR","og_type":"article","og_title":"Forma\u00e7\u00e3o continuada fortalece alfabetiza\u00e7\u00e3o inclusiva na rede municipal de Guara\u00ed","og_description":"A Prefeitura de Guara\u00ed, por meio da Secretaria Municipal de Educa\u00e7\u00e3o e Cultura, realizou entre os dias 24 de fevereiro e 28 de abril de 2026 o curso \u201cMetodologia Estruturada de Alfabetiza\u00e7\u00e3o para estudantes com transtornos do neurodesenvolvimento e atraso na aprendizagem\u201d. A forma\u00e7\u00e3o foi voltada aos professores do Atendimento Educacional Especializado (AEE), que atuam&hellip; Continue lendo Forma\u00e7\u00e3o continuada fortalece alfabetiza\u00e7\u00e3o inclusiva na rede municipal de Guara\u00ed","og_url":"https:\/\/guarai.to.gov.br\/transparencia\/formacao-continuada-fortalece-alfabetizacao-inclusiva-na-rede-municipal-de-guarai\/","og_site_name":"Prefeitura Municipal de Guara\u00ed","article_published_time":"2026-04-29T16:39:35+00:00","article_modified_time":"2026-04-29T16:39:41+00:00","og_image":[{"width":600,"height":600,"url":"https:\/\/guarai.to.gov.br\/transparencia\/wp-content\/uploads\/2026\/04\/CAPACITACAO-INCLUSIVA-CAPA.jpeg","type":"image\/jpeg"}],"author":"Comunica\u00e7\u00e3o Guara\u00ed","twitter_card":"summary_large_image","twitter_misc":{"Escrito por":"Comunica\u00e7\u00e3o Guara\u00ed","Est. tempo de leitura":"3 minutos"},"schema":{"@context":"https:\/\/schema.org","@graph":[{"@type":"Article","@id":"https:\/\/guarai.to.gov.br\/transparencia\/formacao-continuada-fortalece-alfabetizacao-inclusiva-na-rede-municipal-de-guarai\/#article","isPartOf":{"@id":"https:\/\/guarai.to.gov.br\/transparencia\/formacao-continuada-fortalece-alfabetizacao-inclusiva-na-rede-municipal-de-guarai\/"},"author":{"name":"Comunica\u00e7\u00e3o Guara\u00ed","@id":"https:\/\/guarai.to.gov.br\/transparencia\/#\/schema\/person\/dcdb75887661c2650574d9d0792d95f2"},"headline":"Forma\u00e7\u00e3o continuada fortalece alfabetiza\u00e7\u00e3o inclusiva na rede municipal de Guara\u00ed","datePublished":"2026-04-29T16:39:35+00:00","dateModified":"2026-04-29T16:39:41+00:00","mainEntityOfPage":{"@id":"https:\/\/guarai.to.gov.br\/transparencia\/formacao-continuada-fortalece-alfabetizacao-inclusiva-na-rede-municipal-de-guarai\/"},"wordCount":307,"publisher":{"@id":"https:\/\/guarai.to.gov.br\/transparencia\/#organization"},"image":{"@id":"https:\/\/guarai.to.gov.br\/transparencia\/formacao-continuada-fortalece-alfabetizacao-inclusiva-na-rede-municipal-de-guarai\/#primaryimage"},"thumbnailUrl":"https:\/\/guarai.to.gov.br\/transparencia\/wp-content\/uploads\/2026\/04\/CAPACITACAO-INCLUSIVA-CAPA.jpeg","articleSection":["NOTICIAS"],"inLanguage":"pt-BR"},{"@type":"WebPage","@id":"https:\/\/guarai.to.gov.br\/transparencia\/formacao-continuada-fortalece-alfabetizacao-inclusiva-na-rede-municipal-de-guarai\/","url":"https:\/\/guarai.to.gov.br\/transparencia\/formacao-continuada-fortalece-alfabetizacao-inclusiva-na-rede-municipal-de-guarai\/","name":"Forma\u00e7\u00e3o continuada fortalece alfabetiza\u00e7\u00e3o inclusiva na rede municipal de Guara\u00ed - Prefeitura Municipal de Guara\u00ed","isPartOf":{"@id":"https:\/\/guarai.to.gov.br\/transparencia\/#website"},"primaryImageOfPage":{"@id":"https:\/\/guarai.to.gov.br\/transparencia\/formacao-continuada-fortalece-alfabetizacao-inclusiva-na-rede-municipal-de-guarai\/#primaryimage"},"image":{"@id":"https:\/\/guarai.to.gov.br\/transparencia\/formacao-continuada-fortalece-alfabetizacao-inclusiva-na-rede-municipal-de-guarai\/#primaryimage"},"thumbnailUrl":"https:\/\/guarai.to.gov.br\/transparencia\/wp-content\/uploads\/2026\/04\/CAPACITACAO-INCLUSIVA-CAPA.jpeg","datePublished":"2026-04-29T16:39:35+00:00","dateModified":"2026-04-29T16:39:41+00:00","breadcrumb":{"@id":"https:\/\/guarai.to.gov.br\/transparencia\/formacao-continuada-fortalece-alfabetizacao-inclusiva-na-rede-municipal-de-guarai\/#breadcrumb"},"inLanguage":"pt-BR","potentialAction":[{"@type":"ReadAction","target":["https:\/\/guarai.to.gov.br\/transparencia\/formacao-continuada-fortalece-alfabetizacao-inclusiva-na-rede-municipal-de-guarai\/"]}]},{"@type":"ImageObject","inLanguage":"pt-BR","@id":"https:\/\/guarai.to.gov.br\/transparencia\/formacao-continuada-fortalece-alfabetizacao-inclusiva-na-rede-municipal-de-guarai\/#primaryimage","url":"https:\/\/guarai.to.gov.br\/transparencia\/wp-content\/uploads\/2026\/04\/CAPACITACAO-INCLUSIVA-CAPA.jpeg","contentUrl":"https:\/\/guarai.to.gov.br\/transparencia\/wp-content\/uploads\/2026\/04\/CAPACITACAO-INCLUSIVA-CAPA.jpeg","width":600,"height":600,"caption":"FOTO: GABRIEL BORGES"},{"@type":"BreadcrumbList","@id":"https:\/\/guarai.to.gov.br\/transparencia\/formacao-continuada-fortalece-alfabetizacao-inclusiva-na-rede-municipal-de-guarai\/#breadcrumb","itemListElement":[{"@type":"ListItem","position":1,"name":"In\u00edcio","item":"https:\/\/guarai.to.gov.br\/transparencia\/"},{"@type":"ListItem","position":2,"name":"Forma\u00e7\u00e3o continuada fortalece alfabetiza\u00e7\u00e3o inclusiva na rede municipal de Guara\u00ed"}]},{"@type":"WebSite","@id":"https:\/\/guarai.to.gov.br\/transparencia\/#website","url":"https:\/\/guarai.to.gov.br\/transparencia\/","name":"Prefeitura Municipal de Guara\u00ed","description":"","publisher":{"@id":"https:\/\/guarai.to.gov.br\/transparencia\/#organization"},"alternateName":"https:\/\/guarai.to.gov.br\/transparencia","potentialAction":[{"@type":"SearchAction","target":{"@type":"EntryPoint","urlTemplate":"https:\/\/guarai.to.gov.br\/transparencia\/?s={search_term_string}"},"query-input":{"@type":"PropertyValueSpecification","valueRequired":true,"valueName":"search_term_string"}}],"inLanguage":"pt-BR"},{"@type":"Organization","@id":"https:\/\/guarai.to.gov.br\/transparencia\/#organization","name":"Prefeitura Municipal de Guara\u00ed","alternateName":"Prefeitura Municipal de Guara\u00ed","url":"https:\/\/guarai.to.gov.br\/transparencia\/","logo":{"@type":"ImageObject","inLanguage":"pt-BR","@id":"https:\/\/guarai.to.gov.br\/transparencia\/#\/schema\/logo\/image\/","url":"https:\/\/guarai.to.gov.br\/transparencia\/wp-content\/uploads\/2024\/11\/brasao_atualizado.png","contentUrl":"https:\/\/guarai.to.gov.br\/transparencia\/wp-content\/uploads\/2024\/11\/brasao_atualizado.png","width":50,"height":53,"caption":"Prefeitura Municipal de Guara\u00ed"},"image":{"@id":"https:\/\/guarai.to.gov.br\/transparencia\/#\/schema\/logo\/image\/"},"description":"Av. Bernardo Say\u00e3o, S\/N - Centro, Guara\u00ed - TO, 77700-000","email":"gabinetedoprefeito@guarai.to.gov.br","telephone":"6334641030, 6334641018, 34644620","legalName":"Prefeitura Municipal de Guara\u00ed","foundingDate":"1970-04-11","vatID":"02.070.548\/0001-33","numberOfEmployees":{"@type":"QuantitativeValue","minValue":"1001","maxValue":"5000"}},{"@type":"Person","@id":"https:\/\/guarai.to.gov.br\/transparencia\/#\/schema\/person\/dcdb75887661c2650574d9d0792d95f2","name":"Comunica\u00e7\u00e3o Guara\u00ed","image":{"@type":"ImageObject","inLanguage":"pt-BR","@id":"https:\/\/secure.gravatar.com\/avatar\/91ad7257fa34385f5a31b716113984a42b882ef420e2b650958be17b318f6d8d?s=96&d=mm&r=g","url":"https:\/\/secure.gravatar.com\/avatar\/91ad7257fa34385f5a31b716113984a42b882ef420e2b650958be17b318f6d8d?s=96&d=mm&r=g","contentUrl":"https:\/\/secure.gravatar.com\/avatar\/91ad7257fa34385f5a31b716113984a42b882ef420e2b650958be17b318f6d8d?s=96&d=mm&r=g","caption":"Comunica\u00e7\u00e3o Guara\u00ed"},"url":"https:\/\/guarai.to.gov.br\/transparencia\/author\/comunicacaoguarai\/"}]}},"_links":{"self":[{"href":"https:\/\/guarai.to.gov.br\/transparencia\/wp-json\/wp\/v2\/posts\/4968","targetHints":{"allow":["GET"]}}],"collection":[{"href":"https:\/\/guarai.to.gov.br\/transparencia\/wp-json\/wp\/v2\/posts"}],"about":[{"href":"https:\/\/guarai.to.gov.br\/transparencia\/wp-json\/wp\/v2\/types\/post"}],"author":[{"embeddable":true,"href":"https:\/\/guarai.to.gov.br\/transparencia\/wp-json\/wp\/v2\/users\/2"}],"replies":[{"embeddable":true,"href":"https:\/\/guarai.to.gov.br\/transparencia\/wp-json\/wp\/v2\/comments?post=4968"}],"version-history":[{"count":3,"href":"https:\/\/guarai.to.gov.br\/transparencia\/wp-json\/wp\/v2\/posts\/4968\/revisions"}],"predecessor-version":[{"id":4979,"href":"https:\/\/guarai.to.gov.br\/transparencia\/wp-json\/wp\/v2\/posts\/4968\/revisions\/4979"}],"wp:featuredmedia":[{"embeddable":true,"href":"https:\/\/guarai.to.gov.br\/transparencia\/wp-json\/wp\/v2\/media\/4971"}],"wp:attachment":[{"href":"https:\/\/guarai.to.gov.br\/transparencia\/wp-json\/wp\/v2\/media?parent=4968"}],"wp:term":[{"taxonomy":"category","embeddable":true,"href":"https:\/\/guarai.to.gov.br\/transparencia\/wp-json\/wp\/v2\/categories?post=4968"},{"taxonomy":"post_tag","embeddable":true,"href":"https:\/\/guarai.to.gov.br\/transparencia\/wp-json\/wp\/v2\/tags?post=4968"}],"curies":[{"name":"wp","href":"https:\/\/api.w.org\/{rel}","templated":true}]}}