{"id":4980,"date":"2026-04-29T16:00:50","date_gmt":"2026-04-29T19:00:50","guid":{"rendered":"https:\/\/guarai.to.gov.br\/transparencia\/?p=4980"},"modified":"2026-04-29T17:55:00","modified_gmt":"2026-04-29T20:55:00","slug":"guarai-intensifica-acoes-sociais-com-foco-em-inclusao-protecao-e-fortalecimento-de-vinculos","status":"publish","type":"post","link":"https:\/\/guarai.to.gov.br\/transparencia\/guarai-intensifica-acoes-sociais-com-foco-em-inclusao-protecao-e-fortalecimento-de-vinculos\/","title":{"rendered":"Guara\u00ed intensifica a\u00e7\u00f5es sociais com foco em inclus\u00e3o, prote\u00e7\u00e3o e fortalecimento de v\u00ednculos"},"content":{"rendered":"\n<p class=\"wp-block-paragraph\"><\/p>\n\n\n\n<p class=\"wp-block-paragraph\">As a\u00e7\u00f5es da Prefeitura de Guara\u00ed, por meio da Secretaria Municipal de Assist\u00eancia Social, iniciadas no m\u00eas de abril, avan\u00e7am ao longo de maio com amplia\u00e7\u00e3o do alcance e intensifica\u00e7\u00e3o dos atendimentos, fortalecendo a presen\u00e7a da gest\u00e3o municipal junto \u00e0s comunidades urbanas e rurais e garantindo maior efetividade na execu\u00e7\u00e3o das pol\u00edticas p\u00fablicas de inclus\u00e3o e prote\u00e7\u00e3o social.<\/p>\n\n\n\n<p class=\"wp-block-paragraph\">Entre as principais iniciativas, est\u00e1 a intensifica\u00e7\u00e3o dos atendimentos do Cadastro \u00danico e Programa Bolsa Fam\u00edlia, com a\u00e7\u00f5es realizadas tanto na zona urbana quanto na zona rural, garantindo maior acesso da popula\u00e7\u00e3o aos programas sociais. As equipes promovem visitas domiciliares, atualiza\u00e7\u00e3o cadastral e busca ativa de fam\u00edlias em situa\u00e7\u00e3o de vulnerabilidade, ampliando o alcance das pol\u00edticas p\u00fablicas e assegurando que os benef\u00edcios cheguem a quem realmente precisa.<\/p>\n\n\n\n<p class=\"wp-block-paragraph\">A programa\u00e7\u00e3o tamb\u00e9m contempla atendimentos relacionados a diversos programas sociais, como Bolsa Fam\u00edlia, BPC\/LOAS, tarifa social de energia, habita\u00e7\u00e3o e outros benef\u00edcios, fortalecendo a rede de prote\u00e7\u00e3o social do munic\u00edpio.<\/p>\n\n\n\n<p class=\"wp-block-paragraph\">No \u00e2mbito do CREAS, as a\u00e7\u00f5es ganham refor\u00e7o com campanhas educativas e de conscientiza\u00e7\u00e3o, incluindo mobiliza\u00e7\u00f5es p\u00fablicas, atividades nas escolas e a\u00e7\u00f5es intersetoriais voltadas ao combate ao trabalho infantil e \u00e0 prote\u00e7\u00e3o de crian\u00e7as e adolescentes. Destaque para as atividades alusivas ao 18 de maio, data nacional de combate ao abuso e \u00e0 explora\u00e7\u00e3o sexual, com a\u00e7\u00f5es que envolvem toda a comunidade.<\/p>\n\n\n\n<p class=\"wp-block-paragraph\">J\u00e1 o CRAS desenvolve atividades focadas no fortalecimento dos v\u00ednculos familiares e comunit\u00e1rios, por meio de oficinas, rodas de conversa e a\u00e7\u00f5es educativas com fam\u00edlias, especialmente voltadas \u00e0 preven\u00e7\u00e3o da viol\u00eancia contra crian\u00e7as e adolescentes. As iniciativas tamb\u00e9m incluem parcerias com institui\u00e7\u00f5es de ensino, ampliando o alcance das a\u00e7\u00f5es de preven\u00e7\u00e3o e orienta\u00e7\u00e3o.<\/p>\n\n\n\n<p class=\"wp-block-paragraph\">O Servi\u00e7o de Conviv\u00eancia e Fortalecimento de V\u00ednculos segue com uma programa\u00e7\u00e3o cont\u00ednua, com atividades socioeducativas, culturais e recreativas, al\u00e9m de encontros por faixa et\u00e1ria e a\u00e7\u00f5es especiais, como comemora\u00e7\u00f5es e oficinas diversas, contribuindo para o desenvolvimento social, o bem-estar e a integra\u00e7\u00e3o dos usu\u00e1rios.<\/p>\n\n\n\n<p class=\"wp-block-paragraph\">As a\u00e7\u00f5es refor\u00e7am o compromisso da gest\u00e3o municipal com uma pol\u00edtica de assist\u00eancia social eficiente, humanizada e acess\u00edvel, promovendo inclus\u00e3o, preven\u00e7\u00e3o e garantia de direitos, al\u00e9m de fortalecer a rede de prote\u00e7\u00e3o e ampliar o alcance dos servi\u00e7os \u00e0 popula\u00e7\u00e3o.<\/p>\n\n\n\n<figure class=\"wp-block-gallery has-nested-images columns-default is-cropped wp-block-gallery-1 is-layout-flex wp-block-gallery-is-layout-flex\">\n<figure class=\"wp-block-image size-large\"><img fetchpriority=\"high\" decoding=\"async\" width=\"1024\" height=\"1365\" data-id=\"4986\" src=\"https:\/\/guarai.to.gov.br\/transparencia\/wp-content\/uploads\/2026\/04\/Simonya-3-1024x1365.jpeg\" alt=\"\" class=\"wp-image-4986\" srcset=\"https:\/\/guarai.to.gov.br\/transparencia\/wp-content\/uploads\/2026\/04\/Simonya-3-1024x1365.jpeg 1024w, https:\/\/guarai.to.gov.br\/transparencia\/wp-content\/uploads\/2026\/04\/Simonya-3-460x613.jpeg 460w, https:\/\/guarai.to.gov.br\/transparencia\/wp-content\/uploads\/2026\/04\/Simonya-3-120x160.jpeg 120w, https:\/\/guarai.to.gov.br\/transparencia\/wp-content\/uploads\/2026\/04\/Simonya-3-768x1024.jpeg 768w, https:\/\/guarai.to.gov.br\/transparencia\/wp-content\/uploads\/2026\/04\/Simonya-3-1152x1536.jpeg 1152w, https:\/\/guarai.to.gov.br\/transparencia\/wp-content\/uploads\/2026\/04\/Simonya-3.jpeg 1200w\" sizes=\"(max-width: 1024px) 100vw, 1024px\" \/><\/figure>\n\n\n\n<figure class=\"wp-block-image size-large\"><img decoding=\"async\" width=\"1024\" height=\"1537\" data-id=\"4987\" src=\"https:\/\/guarai.to.gov.br\/transparencia\/wp-content\/uploads\/2026\/04\/Centro-de-Convivencia-1-1024x1537.jpeg\" alt=\"\" class=\"wp-image-4987\" srcset=\"https:\/\/guarai.to.gov.br\/transparencia\/wp-content\/uploads\/2026\/04\/Centro-de-Convivencia-1-1024x1537.jpeg 1024w, https:\/\/guarai.to.gov.br\/transparencia\/wp-content\/uploads\/2026\/04\/Centro-de-Convivencia-1-460x690.jpeg 460w, https:\/\/guarai.to.gov.br\/transparencia\/wp-content\/uploads\/2026\/04\/Centro-de-Convivencia-1-107x160.jpeg 107w, https:\/\/guarai.to.gov.br\/transparencia\/wp-content\/uploads\/2026\/04\/Centro-de-Convivencia-1-768x1153.jpeg 768w, https:\/\/guarai.to.gov.br\/transparencia\/wp-content\/uploads\/2026\/04\/Centro-de-Convivencia-1-1023x1536.jpeg 1023w, https:\/\/guarai.to.gov.br\/transparencia\/wp-content\/uploads\/2026\/04\/Centro-de-Convivencia-1.jpeg 1066w\" sizes=\"(max-width: 1024px) 100vw, 1024px\" \/><\/figure>\n\n\n\n<figure class=\"wp-block-image size-large\"><img decoding=\"async\" width=\"900\" height=\"1600\" data-id=\"4988\" src=\"https:\/\/guarai.to.gov.br\/transparencia\/wp-content\/uploads\/2026\/04\/centro-de-convivencia-2.jpeg\" alt=\"\" class=\"wp-image-4988\" srcset=\"https:\/\/guarai.to.gov.br\/transparencia\/wp-content\/uploads\/2026\/04\/centro-de-convivencia-2.jpeg 900w, https:\/\/guarai.to.gov.br\/transparencia\/wp-content\/uploads\/2026\/04\/centro-de-convivencia-2-460x818.jpeg 460w, https:\/\/guarai.to.gov.br\/transparencia\/wp-content\/uploads\/2026\/04\/centro-de-convivencia-2-90x160.jpeg 90w, https:\/\/guarai.to.gov.br\/transparencia\/wp-content\/uploads\/2026\/04\/centro-de-convivencia-2-768x1365.jpeg 768w, https:\/\/guarai.to.gov.br\/transparencia\/wp-content\/uploads\/2026\/04\/centro-de-convivencia-2-864x1536.jpeg 864w\" sizes=\"(max-width: 900px) 100vw, 900px\" \/><\/figure>\n\n\n\n<figure class=\"wp-block-image size-large\"><img loading=\"lazy\" decoding=\"async\" width=\"1024\" height=\"1537\" data-id=\"4989\" src=\"https:\/\/guarai.to.gov.br\/transparencia\/wp-content\/uploads\/2026\/04\/centro-de-convivencia-3-1024x1537.jpeg\" alt=\"\" class=\"wp-image-4989\" srcset=\"https:\/\/guarai.to.gov.br\/transparencia\/wp-content\/uploads\/2026\/04\/centro-de-convivencia-3-1024x1537.jpeg 1024w, https:\/\/guarai.to.gov.br\/transparencia\/wp-content\/uploads\/2026\/04\/centro-de-convivencia-3-460x690.jpeg 460w, https:\/\/guarai.to.gov.br\/transparencia\/wp-content\/uploads\/2026\/04\/centro-de-convivencia-3-107x160.jpeg 107w, https:\/\/guarai.to.gov.br\/transparencia\/wp-content\/uploads\/2026\/04\/centro-de-convivencia-3-768x1153.jpeg 768w, https:\/\/guarai.to.gov.br\/transparencia\/wp-content\/uploads\/2026\/04\/centro-de-convivencia-3-1023x1536.jpeg 1023w, https:\/\/guarai.to.gov.br\/transparencia\/wp-content\/uploads\/2026\/04\/centro-de-convivencia-3.jpeg 1066w\" sizes=\"(max-width: 1024px) 100vw, 1024px\" \/><\/figure>\n\n\n\n<figure class=\"wp-block-image size-large\"><img loading=\"lazy\" decoding=\"async\" width=\"900\" height=\"1600\" data-id=\"4990\" src=\"https:\/\/guarai.to.gov.br\/transparencia\/wp-content\/uploads\/2026\/04\/centro-de-Convivencia-capa.jpeg\" alt=\"\" class=\"wp-image-4990\" srcset=\"https:\/\/guarai.to.gov.br\/transparencia\/wp-content\/uploads\/2026\/04\/centro-de-Convivencia-capa.jpeg 900w, https:\/\/guarai.to.gov.br\/transparencia\/wp-content\/uploads\/2026\/04\/centro-de-Convivencia-capa-460x818.jpeg 460w, https:\/\/guarai.to.gov.br\/transparencia\/wp-content\/uploads\/2026\/04\/centro-de-Convivencia-capa-90x160.jpeg 90w, https:\/\/guarai.to.gov.br\/transparencia\/wp-content\/uploads\/2026\/04\/centro-de-Convivencia-capa-768x1365.jpeg 768w, https:\/\/guarai.to.gov.br\/transparencia\/wp-content\/uploads\/2026\/04\/centro-de-Convivencia-capa-864x1536.jpeg 864w\" sizes=\"(max-width: 900px) 100vw, 900px\" \/><\/figure>\n\n\n\n<figure class=\"wp-block-image size-large\"><img loading=\"lazy\" decoding=\"async\" width=\"1024\" height=\"1365\" data-id=\"4991\" src=\"https:\/\/guarai.to.gov.br\/transparencia\/wp-content\/uploads\/2026\/04\/Simony-1-1024x1365.jpeg\" alt=\"\" class=\"wp-image-4991\" srcset=\"https:\/\/guarai.to.gov.br\/transparencia\/wp-content\/uploads\/2026\/04\/Simony-1-1024x1365.jpeg 1024w, https:\/\/guarai.to.gov.br\/transparencia\/wp-content\/uploads\/2026\/04\/Simony-1-460x613.jpeg 460w, https:\/\/guarai.to.gov.br\/transparencia\/wp-content\/uploads\/2026\/04\/Simony-1-120x160.jpeg 120w, https:\/\/guarai.to.gov.br\/transparencia\/wp-content\/uploads\/2026\/04\/Simony-1-768x1024.jpeg 768w, https:\/\/guarai.to.gov.br\/transparencia\/wp-content\/uploads\/2026\/04\/Simony-1-1152x1536.jpeg 1152w, https:\/\/guarai.to.gov.br\/transparencia\/wp-content\/uploads\/2026\/04\/Simony-1.jpeg 1200w\" sizes=\"(max-width: 1024px) 100vw, 1024px\" \/><\/figure>\n<\/figure>\n","protected":false},"excerpt":{"rendered":"<p>As a\u00e7\u00f5es da Prefeitura de Guara\u00ed, por meio da Secretaria Municipal de Assist\u00eancia Social, iniciadas no m\u00eas de abril, avan\u00e7am ao longo de maio com amplia\u00e7\u00e3o do alcance e intensifica\u00e7\u00e3o dos atendimentos, fortalecendo a presen\u00e7a da gest\u00e3o municipal junto \u00e0s comunidades urbanas e rurais e garantindo maior efetividade na execu\u00e7\u00e3o das pol\u00edticas p\u00fablicas de inclus\u00e3o&hellip; <a class=\"more-link\" href=\"https:\/\/guarai.to.gov.br\/transparencia\/guarai-intensifica-acoes-sociais-com-foco-em-inclusao-protecao-e-fortalecimento-de-vinculos\/\">Continue lendo <span class=\"screen-reader-text\">Guara\u00ed intensifica a\u00e7\u00f5es sociais com foco em inclus\u00e3o, prote\u00e7\u00e3o e fortalecimento de v\u00ednculos<\/span><\/a><\/p>\n","protected":false},"author":2,"featured_media":5000,"comment_status":"closed","ping_status":"closed","sticky":false,"template":"","format":"standard","meta":{"_acf_changed":false,"_eb_attr":"","_crdt_document":"{\"document\":\"AAAi8ZfwhR\/lAr2er9YG8ZfwhR8C\/Z6v1gYBm8263QW9nq\/WBvkBBgMCCAQDAQQDARYBBxgEAQEIAEgCCEqKDAEBCAJCSAC8DgEBCAJCSACUBwEBCAJCSAC0DAEBCAJCSAC+CwEBCAJCSACYCgEBCAJCSNJGok\/GUAMADAMBBgMBlqkBAQEIAEjyWdxPcEI0HqxFjmUBAQgASO4EkAUDCwQDBBQDCvYBBAIBCQaKAgEBCAEBSAAUAQEIAQFIABQBAQgBAUgAFAEBCAEBSAAUAQEIAQFIABQBAQgBAUgA4gEIQgEBDghCAQEOBgEBDghCAQEOBgEBDghCAQHiAwMLBAMEFAMLiDsEAoYEAqoDIgYCMuzxAZKrAQJO9qsBRAIEFwgEAwAMAwEGAwAwtk6gXAMLBAMEFAMK4QIoACEBJwABAIQCgQCEA4EAhAMnASgAIQIoAicAKAghACgAJwAoAAcAIQAoAScBKAAnAKgABACHACgCJwEEACgAJwCHACgCJwEEACgAJwCHACgCJwEEACgAJwCHACgCJwEEACgAJwCHACgCJwEEACgAJwCHACgCJwEEACgAJwAEAIQARADECYQARwAoAicBKAAnAMQAoQCoASgAqAEhAYcAIQAoACEAJwAhAScAhCKoAScAKAInACgGBwAhACgBJwAhACgAJwAoACcAhwAhACgBJwAhACgAJwAoACcAhwAhACgBJwAoAScAKAAnAIcAIQAoAScAIQAoACcAKAAnAIcAIQAoAScAKAEnACgAJwCHACEAKAEnACEAKAAnACgAJwCBAAAAqAEoA6gBKAOoACgDqAEoA6gAKAOoASgDAADEIYQAgQCEAIEAhACBAIQAgQCEAIEAhAAhAKgAoQKoAiEAqNhJrkdzdGF0ZXZlcnNpb25kb2N1bWVudGRhdGVkb2N1bWVudHN0YXR1c2RvY3VtZW50dGl0bGVhc2MgYXV0b3RpY29kb2N1bWVudGNvbnRlbnRkb2N1bWVudGV4Y2VycHRkb2N1bWVudGF1dGhvcmRvY3VtZW50ZmVhdHVyZWRfbWVkaWFkb2N1bWVudGNvbW1lbnRfc3RhdHVzZG9jdW1lbnRwaW5nX3N0YXR1c2RvY3VtZW50c3RpY2t5ZG9jdW1lbnR0ZW1wbGF0ZWRvY3VtZW50Zm9ybWF0ZG9jdW1lbnRtZXRhX2FjZl9jaGFuZ2VkX2ViX2F0dHJjeWJvY2ZpX2hpZGVfZmVhdHVyZWRfaW1hZ2Vmb290bm90ZXNfZWxlbWVudG9yX2VkaXRfbW9kZV9lbGVtZW50b3JfdGVtcGxhdGVfdHlwZV9lbGVtZW50b3JfZGF0YV9lbGVtZW50b3JfcGFnZV9zZXR0aW5nc19lbGVtZW50b3JfY29uZGl0aW9uc2RvY3VtZW50Y2F0ZWdvcmllc2RvY3VtZW50dGFnc2RvY3VtZW50YmxvY2tzX2ViX21ldGFfZGF0YWNsaWVudElkaXNWYWxpZG5hbWVhdHRyaWJ1dGVzY29udGVudGRyb3BDYXBpbm5lckJsb2Nrc0FzIGHDp8O1ZXMgZGEgUHJlZmVpdHVyYSBkZSBHdWFyYcOtLCBwb3IgbWVpbyBkYSBTZWNyZXRhcmlhIE11bmljaXBhbCBkZSBBc3Npc3TDqm5jaWEgU29jaWFsLCBpbmljaWFkYXMgbm8gbcOqcyBkZSBhYnJpbCwgYXZhbsOnYW0gYW8gbG9uZ28gZGUgbWFpbyBjb20gYW1wbGlhw6fDo28gZG8gYWxjYW5jZSBlIGludGVuc2lmaWNhw6fDo28gZG9zIGF0ZW5kaW1lbnRvcywgZm9ydGFsZWNlbmRvIGEgcHJlc2Vuw6dhIGRhIGdlc3TDo28gbXVuaWNpcGFsIGp1bnRvIMOgcyBjb211bmlkYWRlcyB1cmJhbmFzIGUgcnVyYWlzIGUgZ2FyYW50aW5kbyBtYWlvciBlZmV0aXZpZGFkZSBuYSBleGVjdcOnw6NvIGRhcyBwb2zDrXRpY2FzIHDDumJsaWNhcyBkZSBpbmNsdXPDo28gZSBwcm90ZcOnw6NvIHNvY2lhbC5jbGllbnRJZGlzVmFsaWRuYW1lYXR0cmlidXRlc2NvbnRlbnRFbnRyZSBhcyBwcmluY2lwYWlzIGluaWNpYXRpdmFzLCBlc3TDoSBhIGludGVuc2lmaWNhw6fDo28gZG9zIGF0ZW5kaW1lbnRvcyBkbyBDYWRhc3RybyDDmm5pY28gZSBQcm9ncmFtYSBCb2xzYSBGYW3DrWxpYSwgY29tIGHDp8O1ZXMgcmVhbGl6YWRhcyB0YW50byBuYSB6b25hIHVyYmFuYSBxdWFudG8gbmEgem9uYSBydXJhbCwgZ2FyYW50aW5kbyBtYWlvciBhY2Vzc28gZGEgcG9wdWxhw6fDo28gYW9zIHByb2dyYW1hcyBzb2NpYWlzLiBBcyBlcXVpcGVzIHByb21vdmVtIHZpc2l0YXMgZG9taWNpbGlhcmVzLCBhdHVhbGl6YcOnw6NvIGNhZGFzdHJhbCBlIGJ1c2NhIGF0aXZhIGRlIGZhbcOtbGlhcyBlbSBzaXR1YcOnw6NvIGRlIHZ1bG5lcmFiaWxpZGFkZSwgYW1wbGlhbmRvIG8gYWxjYW5jZSBkYXMgcG9sw610aWNhcyBww7pibGljYXMgZSBhc3NlZ3VyYW5kbyBxdWUgb3MgYmVuZWbDrWNpb3MgY2hlZ3VlbSBhIHF1ZW0gcmVhbG1lbnRlIHByZWNpc2EuZHJvcENhcGlubmVyQmxvY2tzY2xpZW50SWRpc1ZhbGlkbmFtZWF0dHJpYnV0ZXNjb250ZW50QSBwcm9ncmFtYcOnw6NvIHRhbWLDqW0gY29udGVtcGxhIGF0ZW5kaW1lbnRvcyByZWxhY2lvbmFkb3MgYSBkaXZlcnNvcyBwcm9ncmFtYXMgc29jaWFpcywgY29tbyBCb2xzYSBGYW3DrWxpYSwgQlBDL0xPQVMsIHRhcmlmYSBzb2NpYWwgZGUgZW5lcmdpYSwgaGFiaXRhw6fDo28gZSBvdXRyb3MgYmVuZWbDrWNpb3MsIGZvcnRhbGVjZW5kbyBhIHJlZGUgZGUgcHJvdGXDp8OjbyBzb2NpYWwgZG8gbXVuaWPDrXBpby5kcm9wQ2FwaW5uZXJCbG9ja3NjbGllbnRJZGlzVmFsaWRuYW1lYXR0cmlidXRlc2NvbnRlbnRObyDDom1iaXRvIGRvIENSRUFTLCBhcyBhw6fDtWVzIGdhbmhhbSByZWZvcsOnbyBjb20gY2FtcGFuaGFzIGVkdWNhdGl2YXMgZSBkZSBjb25zY2llbnRpemHDp8OjbywgaW5jbHVpbmRvIG1vYmlsaXphw6fDtWVzIHDDumJsaWNhcywgYXRpdmlkYWRlcyBuYXMgZXNjb2xhcyBlIGHDp8O1ZXMgaW50ZXJzZXRvcmlhaXMgdm9sdGFkYXMgYW8gY29tYmF0ZSBhbyB0cmFiYWxobyBpbmZhbnRpbCBlIMOgIHByb3Rlw6fDo28gZGUgY3JpYW7Dp2FzIGUgYWRvbGVzY2VudGVzLiBEZXN0YXF1ZSBwYXJhIGFzIGF0aXZpZGFkZXMgYWx1c2l2YXMgYW8gMTggZGUgbWFpbywgZGF0YSBuYWNpb25hbCBkZSBjb21iYXRlIGFvIGFidXNvIGUgw6AgZXhwbG9yYcOnw6NvIHNleHVhbCwgY29tIGHDp8O1ZXMgcXVlIGVudm9sdmVtIHRvZGEgYSBjb211bmlkYWRlLmRyb3BDYXBpbm5lckJsb2Nrc2NsaWVudElkaXNWYWxpZG5hbWVhdHRyaWJ1dGVzY29udGVudErDoSBvIENSQVMgZGVzZW52b2x2ZSBhdGl2aWRhZGVzIGZvY2FkYXMgbm8gZm9ydGFsZWNpbWVudG8gZG9zIHbDrW5jdWxvcyBmYW1pbGlhcmVzIGUgY29tdW5pdMOhcmlvcywgcG9yIG1laW8gZGUgb2ZpY2luYXMsIHJvZGFzIGRlIGNvbnZlcnNhIGUgYcOnw7VlcyBlZHVjYXRpdmFzIGNvbSBmYW3DrWxpYXMsIGVzcGVjaWFsbWVudGUgdm9sdGFkYXMgw6AgcHJldmVuw6fDo28gZGEgdmlvbMOqbmNpYSBjb250cmEgY3JpYW7Dp2FzIGUgYWRvbGVzY2VudGVzLiBBcyBpbmljaWF0aXZhcyB0YW1iw6ltIGluY2x1ZW0gcGFyY2VyaWFzIGNvbSBpbnN0aXR1acOnw7VlcyBkZSBlbnNpbm8sIGFtcGxpYW5kbyBvIGFsY2FuY2UgZGFzIGHDp8O1ZXMgZGUgcHJldmVuw6fDo28gZSBvcmllbnRhw6fDo28uZHJvcENhcGlubmVyQmxvY2tzY2xpZW50SWRpc1ZhbGlkbmFtZWF0dHJpYnV0ZXNjb250ZW50TyBTZXJ2acOnbyBkZSBDb252aXbDqm5jaWEgZSBGb3J0YWxlY2ltZW50byBkZSBWw61uY3Vsb3Mgc2VndWUgY29tIHVtYSBwcm9ncmFtYcOnw6NvIGNvbnTDrW51YSwgY29tIGF0aXZpZGFkZXMgc29jaW9lZHVjYXRpdmFzLCBjdWx0dXJhaXMgZSByZWNyZWF0aXZhcywgYWzDqW0gZGUgZW5jb250cm9zIHBvciBmYWl4YSBldMOhcmlhIGUgYcOnw7VlcyBlc3BlY2lhaXMsIGNvbW8gY29tZW1vcmHDp8O1ZXMgZSBvZmljaW5hcyBkaXZlcnNhcywgY29udHJpYnVpbmRvIHBhcmEgbyBkZXNlbnZvbHZpbWVudG8gc29jaWFsLCBvIGJlbS1lc3RhciBlIGEgaW50ZWdyYcOnw6NvIGRvcyB1c3XDoXJpb3MuZHJvcENhcGlubmVyQmxvY2tzY2xpZW50SWRpc1ZhbGlkbmFtZWF0dHJpYnV0ZXNjb250ZW50QXMgYcOnw7VlcyByZWZvcsOnYW0gbyBjb21wcm9taXNzbyBkYSBnZXN0w6NvIG11bmljaXBhbCBjb20gdW1hIHBvbMOtdGljYSBkZSBhc3Npc3TDqm5jaWEgc29jaWFsIGVmaWNpZW50ZSwgaHVtYW5pemFkYSBlIGFjZXNzw612ZWwsIHByb21vdmVuZG8gaW5jbHVzw6NvLCBwcmV2ZW7Dp8OjbyBlIGdhcmFudGlhIGRlIGRpcmVpdG9zLCBhbMOpbSBkZSBmb3J0YWxlY2VyIGEgcmVkZSBkZSBwcm90ZcOnw6NvIGUgYW1wbGlhciBvIGFsY2FuY2UgZG9zIHNlcnZpw6dvcyDDoCBwb3B1bGHDp8Ojby5kcm9wQ2FwaW5uZXJCbG9ja3M8IS0tIHdwOnBhcmFncmFwaCAtLT4KPHA+QXMgYcOnw7VlcyBkYSBQcmVmZWl0dXJhIGRlIEd1YXJhw60sIHBvciBtZWlvIGRhIFNlY3JldGFyaWEgTXVuaWNpcGFsIGRlIEFzc2lzdMOqbmNpYSBTb2NpYWwsIGluaWNpYWRhcyBubyBtw6pzIGRlIGFicmlsLCBhdmFuw6dhbSBhbyBsb25nbyBkZSBtYWlvIGNvbSBhbXBsaWHDp8OjbyBkbyBhbGNhbmNlIGUgaW50ZW5zaWZpY2HDp8OjbyBkb3MgYXRlbmRpbWVudG9zLCBmb3J0YWxlY2VuZG8gYSBwcmVzZW7Dp2EgZGEgZ2VzdMOjbyBtdW5pY2lwYWwganVudG8gw6BzIGNvbXVuaWRhZGVzIHVyYmFuYXMgZSBydXJhaXMgZSBnYXJhbnRpbmRvIG1haW9yIGVmZXRpdmlkYWRlIG5hIGV4ZWN1w6fDo28gZGFzIHBvbMOtdGljYXMgcMO6YmxpY2FzIGRlIGluY2x1c8OjbyBlIHByb3Rlw6fDo28gc29jaWFsLjwvcD4KPCEtLSAvd3A6cGFyYWdyYXBoIC0tPgoKPCEtLSB3cDpwYXJhZ3JhcGggLS0+CjxwPkVudHJlIGFzIHByaW5jaXBhaXMgaW5pY2lhdGl2YXMsIGVzdMOhIGEgaW50ZW5zaWZpY2HDp8OjbyBkb3MgYXRlbmRpbWVudG9zIGRvIENhZGFzdHJvIMOabmljbyBlIFByb2dyYW1hIEJvbHNhIEZhbcOtbGlhLCBjb20gYcOnw7VlcyByZWFsaXphZGFzIHRhbnRvIG5hIHpvbmEgdXJiYW5hIHF1YW50byBuYSB6b25hIHJ1cmFsLCBnYXJhbnRpbmRvIG1haW9yIGFjZXNzbyBkYSBwb3B1bGHDp8OjbyBhb3MgcHJvZ3JhbWFzIHNvY2lhaXMuIEFzIGVxdWlwZXMgcHJvbW92ZW0gdmlzaXRhcyBkb21pY2lsaWFyZXMsIGF0dWFsaXphw6fDo28gY2FkYXN0cmFsIGUgYnVzY2EgYXRpdmEgZGUgZmFtw61saWFzIGVtIHNpdHVhw6fDo28gZGUgdnVsbmVyYWJpbGlkYWRlLCBhbXBsaWFuZG8gbyBhbGNhbmNlIGRhcyBwb2zDrXRpY2FzIHDDumJsaWNhcyBlIGFzc2VndXJhbmRvIHF1ZSBvcyBiZW5lZsOtY2lvcyBjaGVndWVtIGEgcXVlbSByZWFsbWVudGUgcHJlY2lzYS48L3A+CjwhLS0gL3dwOnBhcmFncmFwaCAtLT4KCjwhLS0gd3A6cGFyYWdyYXBoIC0tPgo8cD5BIHByb2dyYW1hw6fDo28gdGFtYsOpbSBjb250ZW1wbGEgYXRlbmRpbWVudG9zIHJlbGFjaW9uYWRvcyBhIGRpdmVyc29zIHByb2dyYW1hcyBzb2NpYWlzLCBjb21vIEJvbHNhIEZhbcOtbGlhLCBCUEMvTE9BUywgdGFyaWZhIHNvY2lhbCBkZSBlbmVyZ2lhLCBoYWJpdGHDp8OjbyBlIG91dHJvcyBiZW5lZsOtY2lvcywgZm9ydGFsZWNlbmRvIGEgcmVkZSBkZSBwcm90ZcOnw6NvIHNvY2lhbCBkbyBtdW5pY8OtcGlvLjwvcD4KPCEtLSAvd3A6cGFyYWdyYXBoIC0tPgoKPCEtLSB3cDpwYXJhZ3JhcGggLS0+CjxwPk5vIMOibWJpdG8gZG8gQ1JFQVMsIGFzIGHDp8O1ZXMgZ2FuaGFtIHJlZm9yw6dvIGNvbSBjYW1wYW5oYXMgZWR1Y2F0aXZhcyBlIGRlIGNvbnNjaWVudGl6YcOnw6NvLCBpbmNsdWluZG8gbW9iaWxpemHDp8O1ZXMgcMO6YmxpY2FzLCBhdGl2aWRhZGVzIG5hcyBlc2NvbGFzIGUgYcOnw7VlcyBpbnRlcnNldG9yaWFpcyB2b2x0YWRhcyBhbyBjb21iYXRlIGFvIHRyYWJhbGhvIGluZmFudGlsIGUgw6AgcHJvdGXDp8OjbyBkZSBjcmlhbsOnYXMgZSBhZG9sZXNjZW50ZXMuIERlc3RhcXVlIHBhcmEgYXMgYXRpdmlkYWRlcyBhbHVzaXZhcyBhbyAxOCBkZSBtYWlvLCBkYXRhIG5hY2lvbmFsIGRlIGNvbWJhdGUgYW8gYWJ1c28gZSDDoCBleHBsb3Jhw6fDo28gc2V4dWFsLCBjb20gYcOnw7VlcyBxdWUgZW52b2x2ZW0gdG9kYSBhIGNvbXVuaWRhZGUuPC9wPgo8IS0tIC93cDpwYXJhZ3JhcGggLS0+Cgo8IS0tIHdwOnBhcmFncmFwaCAtLT4KPHA+SsOhIG8gQ1JBUyBkZXNlbnZvbHZlIGF0aXZpZGFkZXMgZm9jYWRhcyBubyBmb3J0YWxlY2ltZW50byBkb3MgdsOtbmN1bG9zIGZhbWlsaWFyZXMgZSBjb211bml0w6FyaW9zLCBwb3IgbWVpbyBkZSBvZmljaW5hcywgcm9kYXMgZGUgY29udmVyc2EgZSBhw6fDtWVzIGVkdWNhdGl2YXMgY29tIGZhbcOtbGlhcywgZXNwZWNpYWxtZW50ZSB2b2x0YWRhcyDDoCBwcmV2ZW7Dp8OjbyBkYSB2aW9sw6puY2lhIGNvbnRyYSBjcmlhbsOnYXMgZSBhZG9sZXNjZW50ZXMuIEFzIGluaWNpYXRpdmFzIHRhbWLDqW0gaW5jbHVlbSBwYXJjZXJpYXMgY29tIGluc3RpdHVpw6fDtWVzIGRlIGVuc2lubywgYW1wbGlhbmRvIG8gYWxjYW5jZSBkYXMgYcOnw7VlcyBkZSBwcmV2ZW7Dp8OjbyBlIG9yaWVudGHDp8Ojby48L3A+CjwhLS0gL3dwOnBhcmFncmFwaCAtLT4KCjwhLS0gd3A6cGFyYWdyYXBoIC0tPgo8cD5PIFNlcnZpw6dvIGRlIENvbnZpdsOqbmNpYSBlIEZvcnRhbGVjaW1lbnRvIGRlIFbDrW5jdWxvcyBzZWd1ZSBjb20gdW1hIHByb2dyYW1hw6fDo28gY29udMOtbnVhLCBjb20gYXRpdmlkYWRlcyBzb2Npb2VkdWNhdGl2YXMsIGN1bHR1cmFpcyBlIHJlY3JlYXRpdmFzLCBhbMOpbSBkZSBlbmNvbnRyb3MgcG9yIGZhaXhhIGV0w6FyaWEgZSBhw6fDtWVzIGVzcGVjaWFpcywgY29tbyBjb21lbW9yYcOnw7VlcyBlIG9maWNpbmFzIGRpdmVyc2FzLCBjb250cmlidWluZG8gcGFyYSBvIGRlc2Vudm9sdmltZW50byBzb2NpYWwsIG8gYmVtLWVzdGFyIGUgYSBpbnRlZ3Jhw6fDo28gZG9zIHVzdcOhcmlvcy48L3A+CjwhLS0gL3dwOnBhcmFncmFwaCAtLT4KCjwhLS0gd3A6cGFyYWdyYXBoIC0tPgo8cD5BcyBhw6fDtWVzIHJlZm9yw6dhbSBvIGNvbXByb21pc3NvIGRhIGdlc3TDo28gbXVuaWNpcGFsIGNvbSB1bWEgcG9sw610aWNhIGRlIGFzc2lzdMOqbmNpYSBzb2NpYWwgZWZpY2llbnRlLCBodW1hbml6YWRhIGUgYWNlc3PDrXZlbCwgcHJvbW92ZW5kbyBpbmNsdXPDo28sIHByZXZlbsOnw6NvIGUgZ2FyYW50aWEgZGUgZGlyZWl0b3MsIGFsw6ltIGRlIGZvcnRhbGVjZXIgYSByZWRlIGRlIHByb3Rlw6fDo28gZSBhbXBsaWFyIG8gYWxjYW5jZSBkb3Mgc2VydmnDp29zIMOgIHBvcHVsYcOnw6NvLjwvcD4KPCEtLSAvd3A6cGFyYWdyYXBoIC0tPkd1cmHDrSBpbnRlbmlmaWHDp8O1ZXMgc29jaWFpcyBjb20gZm9jbyBlbSBpbmNsc8OjbywgcHJvZcOnw6MgZSBmb3JhbGVjbWVudG8gZGUgdsOtbnVsc2NsaWVudElkaXNWYWxpZG5hbWVhdHRyaWJ1dGVzY29udGVudGRyb3BDYXBpbm5lckJsb2NrczwvcD4KPCEtLSAvd3A6cGFyYWdyYXBoIC0tPgoKPCEtLSB3cDpwYXJhZ3JhcGggLS0+CjxwPmRvY3VtZW50c2x1Z3N0YXRlc2F2ZWRBdHN0YXRlc2F2ZWRCeWNsaWVudElkaXNWYWxpZG5hbWVhdHRyaWJ1dGVzY29udGVudGRyb3BDYXBpbm5lckJsb2NrcwoKPCEtLSB3cDpwYXJhZ3JhcGggLS0+CjxwPjwvcD4KPCEtLSAvd3A6cGFyYWdyYXBoIC0tPmltYWdlc2lkc25hdmlnYXRpb25CdXR0b25UeXBlc2hvcnRDb2RlVHJhbnNmb3Jtc2NhcHRpb25pbWFnZUNyb3ByYW5kb21PcmRlcmZpeGVkSGVpZ2h0c2l6ZVNsdWdhbGxvd1Jlc2l6ZWFzcGVjdFJhdGlvbGlua1RvY2xpZW50SWRpc1ZhbGlkbmFtZWF0dHJpYnV0ZXN1cmxhbHRjYXB0aW9uaWRpbm5lckJsb2Nrc2NsaWVudElkaXNWYWxpZG5hbWVhdHRyaWJ1dGVzdXJsYWx0Y2FwdGlvbmlkaW5uZXJCbG9ja3NjbGllbnRJZGlzVmFsaWRuYW1lYXR0cmlidXRlc3VybGFsdGNhcHRpb25pZGlubmVyQmxvY2tzY2xpZW50SWRpc1ZhbGlkbmFtZWF0dHJpYnV0ZXN1cmxhbHRjYXB0aW9uaWRpbm5lckJsb2Nrc2NsaWVudElkaXNWYWxpZG5hbWVhdHRyaWJ1dGVzdXJsYWx0Y2FwdGlvbmlkaW5uZXJCbG9ja3NjbGllbnRJZGlzVmFsaWRuYW1lYXR0cmlidXRlc3VybGFsdGNhcHRpb25pZGlubmVyQmxvY2tzbGlua2Z1bGxVcmxsaW5rRGVzdGluYXRpb25zaXplU2x1Z2xpbmtmdWxsVXJsbGlua0Rlc3RpbmF0aW9uc2l6ZVNsdWdsaW5rZnVsbFVybGxpbmtEZXN0aW5hdGlvbnNpemVTbHVnbGlua2Z1bGxVcmxsaW5rRGVzdGluYXRpb25zaXplU2x1Z2xpbmtmdWxsVXJsbGlua0Rlc3RpbmF0aW9uc2l6ZVNsdWdsaW5rZnVsbFVybGxpbmtEZXN0aW5hdGlvbnNpemVTbHVnZ2FsbGVyeSB7ImxpbmtUbyI6Im5vbmUifSAtLT4KPGZpZ3VyZSBjbGFzcz0idy1ibG9jay1nbGxleSBocy1uZXN0ZWQtaW1hZXMgY29sdW1ucy1kZWZhdWx0IGlzLWNvcHBlZCI+PCEtLSB3cDppbWdlIHsiaWQiOjQ5ODYsInNpemVTbHVnIjoibGFyZ2UiLCJsaW5rRGVzdGluYXRpb24iOiJub25lIn0gLS0+CjxmaWd1cmUgY2xhc3M9InctYmxvY2staW1hZ2Ugc2l6ZS1sYXJnZSI+PGltZyBzcmM9InR0cHM6Ly9ndWFyYWkudG8uZ292LmJyL3RyYW5zcGFyZW5jaWEvd3AtY29udGVudC91cGxvYWRzLzIwMjYvMDQvU2ltb255YS0zLTEwMjR4MTM2NS5qcGVnImFsdD0iIiBjbGFzcz0id3BpbWFnZTQ5ODYiLzwvZmlndXJlPiEtLSAvdzppbWFnZSAtLQoKIS0tIHdwOmltYWdlIHsiaWQiOjQ5ODcsInNpemVTbHVnIjoibGFyZ2UiLCJsaW5rRGVzdGluYXRpb24iOiJub25lIn0gLS0+CjxmaWd1cmUgY2xhc3M9IndwLWJsb2NrLWltYWdlIHNpemUtbGFyZ2UiPjxpbWcgc3JjPSJodHRwczovZ3VhcmFpLnRvLmdvdi5ici90cmFuc2FyZW5jaWEvd3AtY29udGVudC91cGxvYWRzLzIwMjYvMDQvQ2VudHJvLWRlLUNvbnZpdmVuY2lhLTEtMTAyNHgxNTM3LmpwZWciIGFsdD0iIiBjbGFzcz0id3AtaW1hZ2UtNDk4NyIvPC9maWd1cmU+aW1hZ2UgLS0+Cgo8IS0tIHc6aW1nZSB7ImlkIjo0OTg4LCJzaXplU2x1ZyI6ImxhZ2UiLCJsaW5rRGVzdGludGlvbiI6Im5vbmUifSAtLT4KPGZpdWUgY2xzcz0idy1ibG9jay1pbWFnZSBzaXplLWxhcmdlIj48aW1nIHNyYz0idHRwczovL2d1YXJhaS50by5nb3YuYnIvdHJhbnNwYXJlbmNpYS93cC1jb250ZW50L3VwbG9hZHMvMjAyNi8wNC9jZW50cm8tZGUtY29udml2ZW5jaWEtMi5qcGVnImFsdD0iIiBjbGFzcz0id3BpbWFnZTQ5ODgiLzwvZmlndXJlPgo8IS0tIC93cDppbWFnZSAtLT4KCjwhLS0gd3A6aW1hZ2UgeyJpZCI6NDk4OSwic2l6ZVNsdWciOiJsYXJnZSIsImxpbmtEZXN0aW5hdGlvbiI6Im5vbmUifSAtLT4KPGZpZ3VyZSBjbGFzcz0id3AtYmxvY2staW1hZ2Ugc2l6ZS1sYXJnZSI+PGltZyBzcmM9Imh0dHBzOi8vZ3VhcmFpLnRvLmdvdi5ici90cmFuc3BhcmVuY2lhL3dwLWNvbnRlbnQvdXBsb2Fkcy8yMDI2LzA0L2NlbnRyby1kZS1jb252aXZlbmNpYS0zLTEwMjR4MTUzNy5qcGVnIiBhbHQ9IiIgY2xhc3M9IndwLWltYWdlLTQ5ODkiLz48L2ZpZ3VyZT4KPCEtLSAvd3A6aW1hZ2UgLS0+Cgo8IS0tIHdwOmltYWdlIHsiaWQiOjQ5OTAsInNpemVTbHVnIjoibGFyZ2UiLCJsaW5rRGVzdGluYXRpb24iOiJub25lIn0gLS0+CjxmaWd1cmUgY2xhc3M9IndwLWJsb2NrLWltYWdlIHNpemUtbGFyZ2UiPjxpbWcgc3JjPSJodHRwczovL2d1YXJhaS50by5nb3YuYnIvdHJhbnNwYXJlbmNpYS93cC1jb250ZW50L3VwbG9hZHMvMjAyNi8wNC9jZW50cm8tZGUtQ29udml2ZW5jaWEtY2FwYS5qcGVnIiBhbHQ9IiIgY2xhc3M9IndwLWltYWdlLTQ5OTAiLz48L2ZpZ3VyZT4KPCEtLSAvd3A6aW1hZ2UgLS0+Cgo8IS0tIHdwOmltYWdlIHsiaWQiOjQ5OTEsInNpemVTbHVnIjoibGFyZ2UiLCJsaW5rRGVzdGluYXRpb24iOiJub25lIn0gLS0+CjxmaWd1cmUgY2xhc3M9IndwLWJsb2NrLWltYWdlIHNpemUtbGFyZ2UiPjxpbWcgc3JjPSJodHRwczovL2d1YXJhaS50by5nb3YuYnIvdHJhbnNwYXJlbmNpYS93cC1jb250ZW50L3VwbG9hZHMvMjAyNi8wNC9TaW1vbnktMS0xMDI0eDEzNjUuanBlZyIgYWx0PSIiIGNsYXNzPSJ3cC1pbWFnZS00OTkxIi8+PC9maWd1cmU+CjwhLS0gL3dwOmltYWdlIC0tPjwvZmlndXJlPgo8IS0tIC93cDpnYWxsZXJ5IC0tPnN0YXRldmVyc2lvbnN0YXRldmVyc2lvbgUHCAQIBggFQQECQQUIBwgHCAYIDggOCAsIBkgBBggEDAgbCRQYDxgVCAoIBAgGDQgHBApHAAu8BQgHBAoHlgcHCwgHBAoHogMHCwgHBAoHkgYHCwgHBAoHtwUHCwgHBAoHhAUHCwgHBAoHiAQHCxmoKwIJAwEdCAMGBAwCAQgHBApHAAs2CAQFBwUHCAcECkcACwpBCwJBBApBCwYDFBMHCUsACEsABggHBApDAAcCCwgHBApDAAcCCwgHBApDAAcCCwgHBApDAAcCCwgHBApDAAcCCwgHBApDAAcCCwQHDwgEBw8IBAcPCAQHDwgEBw8IBAcPCC4IQwAMFxGPASOaARAFBgkGCQKDAheoAQkRAxwPFQEEBSOeARAFBrINQQARAQoFBwUHEQEDAAABCQAIAQIAQQECAGEBQUIBAQBBAAIAQQACAEEAAgBBAAIAQQACAEEAAgBBAAIAQQACAEEAQAACQQACAEEAAgBBAAIAQQACAEEAAgBBAAIAE0ECBAJBcAlBIAYCgwK1AQMZQQgDzwIAfQF9Anl3AHcIc3RhbmRhcmR5dwB3AHcAdwB3AHcAfnUAdQB9AXh3DmNvcmUvcGFyYWdyYXBoeXckNzNlMGEzNTAtM2JiYS00MDg5LTk4NjgtMDgyYzMzNDgyNzMzdyRmZDJlNmM0MS00Zjg0LTRlYzQtYmFkNS1kOTJmYjcwY2Y3ZTd4dw5jb3JlL3BhcmFncmFwaHl3JGMwODVkNzFiLTc2MmItNGU4NS04OWViLTQ0Y2QxOTlhNzkwNHh3DmNvcmUvcGFyYWdyYXBoeXckNTRjMDkxMDgtZTZiMi00MmMzLWFkYjgtYjZlYzY0ZGI5ZGM2eHcOY29yZS9wYXJhZ3JhcGh5dyQzNjlhMjY2ZC1hMmQxLTQ2YTMtOGE4ZC00ZTYwNGU3NWFkZTZ4dw5jb3JlL3BhcmFncmFwaHl3JDZkNTUxYjk4LTI1MWYtNGVkYS04OGZiLWUyOWQzMjYyZjlkNnh3DmNvcmUvcGFyYWdyYXBoeXckMmQ3YjMyMDgtNzdlYy00Y2UyLTkxY2YtNWE3YTFjNmZhYTVjeHcOY29yZS9wYXJhZ3JhcGh5dyQ5OGMzYjc1ZC0wZGZhLTQ2YTQtYWI5NC1iMWM5Mzk2MjdhMDF4dw5jb3JlL3BhcmFncmFwaHl3B3B1Ymxpc2h3EzIwMjYtMDQtMjlUMTY6MDA6NTB3W2d1YXJhaS1pbnRlbnNpZmljYS1hY29lcy1zb2NpYWlzLWNvbS1mb2NvLWVtLWluY2x1c2FvLXByb3RlY2FvLWUtZm9ydGFsZWNpbWVudG8tZGUtdmluY3Vsb3N3BmNsb3NlZHUBfQF4dyQyYzdlMDQwZC02MjI5LTQyYTEtYTQzZS04OGNmNDg2NDU0ODh3DGNvcmUvZ2FsbGVyeXUAdwRpY29udQB4eXh3BWxhcmdleXcEYXV0b3cEbm9uZXh3CmNvcmUvaW1hZ2V3AH26TXh3CmNvcmUvaW1hZ2V3AH27TXh3CmNvcmUvaW1hZ2V3Xmh0dHBzOi8vZ3VhcmFpLnRvLmdvdi5ici90cmFuc3BhcmVuY2lhL3dwLWNvbnRlbnQvdXBsb2Fkcy8yMDI2LzA0L2NlbnRyby1kZS1jb252aXZlbmNpYS0yLmpwZWd3AH28TXh3CmNvcmUvaW1hZ2V3AH29TXh3CmNvcmUvaW1hZ2V3YWh0dHBzOi8vZ3VhcmFpLnRvLmdvdi5ici90cmFuc3BhcmVuY2lhL3dwLWNvbnRlbnQvdXBsb2Fkcy8yMDI2LzA0L2NlbnRyby1kZS1Db252aXZlbmNpYS1jYXBhLmpwZWd3AH2+TXh3CmNvcmUvaW1hZ2V3AH2\/TXckZmU5Y2Q5YjktZDM0Yi00NDc1LWI1MDktNDQ2YTAzODA0ZTg1d1podHRwczovL2d1YXJhaS50by5nb3YuYnIvdHJhbnNwYXJlbmNpYS93cC1jb250ZW50L3VwbG9hZHMvMjAyNi8wNC9TaW1vbnlhLTMtMTAyNHgxMzY1LmpwZWd3jQFodHRwczovL2d1YXJhaS50by5nb3YuYnIvdHJhbnNwYXJlbmNpYS9ndWFyYWktaW50ZW5zaWZpY2EtYWNvZXMtc29jaWFpcy1jb20tZm9jby1lbS1pbmNsdXNhby1wcm90ZWNhby1lLWZvcnRhbGVjaW1lbnRvLWRlLXZpbmN1bG9zL3NpbW9ueWEtMy93UGh0dHBzOi8vZ3VhcmFpLnRvLmdvdi5ici90cmFuc3BhcmVuY2lhL3dwLWNvbnRlbnQvdXBsb2Fkcy8yMDI2LzA0L1NpbW9ueWEtMy5qcGVndwRub25ldwVsYXJnZXckMTQwNTRjODgtZGE4Mi00ZmJlLWE4ZDgtNTU5YzIzY2ZhMjc1d2hodHRwczovL2d1YXJhaS50by5nb3YuYnIvdHJhbnNwYXJlbmNpYS93cC1jb250ZW50L3VwbG9hZHMvMjAyNi8wNC9DZW50cm8tZGUtQ29udml2ZW5jaWEtMS0xMDI0eDE1MzcuanBlZ3ebAWh0dHBzOi8vZ3VhcmFpLnRvLmdvdi5ici90cmFuc3BhcmVuY2lhL2d1YXJhaS1pbnRlbnNpZmljYS1hY29lcy1zb2NpYWlzLWNvbS1mb2NvLWVtLWluY2x1c2FvLXByb3RlY2FvLWUtZm9ydGFsZWNpbWVudG8tZGUtdmluY3Vsb3MvY2VudHJvLWRlLWNvbnZpdmVuY2lhLTEvd15odHRwczovL2d1YXJhaS50by5nb3YuYnIvdHJhbnNwYXJlbmNpYS93cC1jb250ZW50L3VwbG9hZHMvMjAyNi8wNC9DZW50cm8tZGUtQ29udml2ZW5jaWEtMS5qcGVndwRub25ldwVsYXJnZXckMjI3YTZmNGItNWQ1ZC00N2FhLWEzZWItYjBjYWFlZjYwOWZld5sBaHR0cHM6Ly9ndWFyYWkudG8uZ292LmJyL3RyYW5zcGFyZW5jaWEvZ3VhcmFpLWludGVuc2lmaWNhLWFjb2VzLXNvY2lhaXMtY29tLWZvY28tZW0taW5jbHVzYW8tcHJvdGVjYW8tZS1mb3J0YWxlY2ltZW50by1kZS12aW5jdWxvcy9jZW50cm8tZGUtY29udml2ZW5jaWEtMi93Xmh0dHBzOi8vZ3VhcmFpLnRvLmdvdi5ici90cmFuc3BhcmVuY2lhL3dwLWNvbnRlbnQvdXBsb2Fkcy8yMDI2LzA0L2NlbnRyby1kZS1jb252aXZlbmNpYS0yLmpwZWd3BG5vbmV3BWxhcmdldyRkYzI2YzQxOS05MTc3LTQyYzgtOGU4NS1jZTU5NGQzNTdmYWZ3aGh0dHBzOi8vZ3VhcmFpLnRvLmdvdi5ici90cmFuc3BhcmVuY2lhL3dwLWNvbnRlbnQvdXBsb2Fkcy8yMDI2LzA0L2NlbnRyby1kZS1jb252aXZlbmNpYS0zLTEwMjR4MTUzNy5qcGVnd5sBaHR0cHM6Ly9ndWFyYWkudG8uZ292LmJyL3RyYW5zcGFyZW5jaWEvZ3VhcmFpLWludGVuc2lmaWNhLWFjb2VzLXNvY2lhaXMtY29tLWZvY28tZW0taW5jbHVzYW8tcHJvdGVjYW8tZS1mb3J0YWxlY2ltZW50by1kZS12aW5jdWxvcy9jZW50cm8tZGUtY29udml2ZW5jaWEtMy93Xmh0dHBzOi8vZ3VhcmFpLnRvLmdvdi5ici90cmFuc3BhcmVuY2lhL3dwLWNvbnRlbnQvdXBsb2Fkcy8yMDI2LzA0L2NlbnRyby1kZS1jb252aXZlbmNpYS0zLmpwZWd3BG5vbmV3BWxhcmdldyQ3MmNlMjlmOC03ZGY3LTQzZTEtOTI0NS00YmM1ODA4YzZhZjh3ngFodHRwczovL2d1YXJhaS50by5nb3YuYnIvdHJhbnNwYXJlbmNpYS9ndWFyYWktaW50ZW5zaWZpY2EtYWNvZXMtc29jaWFpcy1jb20tZm9jby1lbS1pbmNsdXNhby1wcm90ZWNhby1lLWZvcnRhbGVjaW1lbnRvLWRlLXZpbmN1bG9zL2NlbnRyby1kZS1jb252aXZlbmNpYS1jYXBhL3dhaHR0cHM6Ly9ndWFyYWkudG8uZ292LmJyL3RyYW5zcGFyZW5jaWEvd3AtY29udGVudC91cGxvYWRzLzIwMjYvMDQvY2VudHJvLWRlLUNvbnZpdmVuY2lhLWNhcGEuanBlZ3cEbm9uZXcFbGFyZ2V3JGE0ZmNmNDdhLWMyMmUtNDUyZC1hOGQ2LTlkMWQ5ZGZlYTYzN3dZaHR0cHM6Ly9ndWFyYWkudG8uZ292LmJyL3RyYW5zcGFyZW5jaWEvd3AtY29udGVudC91cGxvYWRzLzIwMjYvMDQvU2ltb255LTEtMTAyNHgxMzY1LmpwZWd3jAFodHRwczovL2d1YXJhaS50by5nb3YuYnIvdHJhbnNwYXJlbmNpYS9ndWFyYWktaW50ZW5zaWZpY2EtYWNvZXMtc29jaWFpcy1jb20tZm9jby1lbS1pbmNsdXNhby1wcm90ZWNhby1lLWZvcnRhbGVjaW1lbnRvLWRlLXZpbmN1bG9zL3NpbW9ueS0xL3dPaHR0cHM6Ly9ndWFyYWkudG8uZ292LmJyL3RyYW5zcGFyZW5jaWEvd3AtY29udGVudC91cGxvYWRzLzIwMjYvMDQvU2ltb255LTEuanBlZ3cEbm9uZXcFbGFyZ2UIAHcGY2xvc2VkfYROe0J53arpLBAAfb2er9YGAgB9iE4D8Yv4wg8dAQEBAAMDBQEHAg0ABADPKgAFAQEAAQABAUYAAwAFAAMABQAJAAMABQAJAAMABAkiBegNAQGCAQF0EQIBGL3Pl6sDAgAAAQPbpt3uAgEAAA==\",\"updateId\":340623808}","cybocfi_hide_featured_image":"","footnotes":""},"categories":[1],"tags":[],"class_list":["post-4980","post","type-post","status-publish","format-standard","has-post-thumbnail","hentry","category-noticias","entry"],"acf":[],"yoast_head":"<!-- This site is optimized with the Yoast SEO Premium plugin v27.3 (Yoast SEO v27.3) - https:\/\/yoast.com\/product\/yoast-seo-premium-wordpress\/ -->\n<title>Guara\u00ed intensifica a\u00e7\u00f5es sociais com foco em inclus\u00e3o, prote\u00e7\u00e3o e fortalecimento de v\u00ednculos - Prefeitura Municipal de Guara\u00ed<\/title>\n<meta name=\"robots\" content=\"index, follow, max-snippet:-1, max-image-preview:large, max-video-preview:-1\" \/>\n<link rel=\"canonical\" href=\"https:\/\/guarai.to.gov.br\/transparencia\/guarai-intensifica-acoes-sociais-com-foco-em-inclusao-protecao-e-fortalecimento-de-vinculos\/\" \/>\n<meta property=\"og:locale\" content=\"pt_BR\" \/>\n<meta property=\"og:type\" content=\"article\" \/>\n<meta property=\"og:title\" content=\"Guara\u00ed intensifica a\u00e7\u00f5es sociais com foco em inclus\u00e3o, prote\u00e7\u00e3o e fortalecimento de v\u00ednculos\" \/>\n<meta property=\"og:description\" content=\"As a\u00e7\u00f5es da Prefeitura de Guara\u00ed, por meio da Secretaria Municipal de Assist\u00eancia Social, iniciadas no m\u00eas de abril, avan\u00e7am ao longo de maio com amplia\u00e7\u00e3o do alcance e intensifica\u00e7\u00e3o dos atendimentos, fortalecendo a presen\u00e7a da gest\u00e3o municipal junto \u00e0s comunidades urbanas e rurais e garantindo maior efetividade na execu\u00e7\u00e3o das pol\u00edticas p\u00fablicas de inclus\u00e3o&hellip; Continue lendo Guara\u00ed intensifica a\u00e7\u00f5es sociais com foco em inclus\u00e3o, prote\u00e7\u00e3o e fortalecimento de v\u00ednculos\" \/>\n<meta property=\"og:url\" content=\"https:\/\/guarai.to.gov.br\/transparencia\/guarai-intensifica-acoes-sociais-com-foco-em-inclusao-protecao-e-fortalecimento-de-vinculos\/\" \/>\n<meta property=\"og:site_name\" content=\"Prefeitura Municipal de Guara\u00ed\" \/>\n<meta property=\"article:published_time\" content=\"2026-04-29T19:00:50+00:00\" \/>\n<meta property=\"article:modified_time\" content=\"2026-04-29T20:55:00+00:00\" \/>\n<meta property=\"og:image\" content=\"https:\/\/guarai.to.gov.br\/transparencia\/wp-content\/uploads\/2026\/04\/gggggggg.jpg\" \/>\n\t<meta property=\"og:image:width\" content=\"1080\" \/>\n\t<meta property=\"og:image:height\" content=\"1080\" \/>\n\t<meta property=\"og:image:type\" content=\"image\/jpeg\" \/>\n<meta name=\"author\" content=\"Comunica\u00e7\u00e3o Guara\u00ed\" \/>\n<meta name=\"twitter:card\" content=\"summary_large_image\" \/>\n<meta name=\"twitter:label1\" content=\"Escrito por\" \/>\n\t<meta name=\"twitter:data1\" content=\"Comunica\u00e7\u00e3o Guara\u00ed\" \/>\n\t<meta name=\"twitter:label2\" content=\"Est. tempo de leitura\" \/>\n\t<meta name=\"twitter:data2\" content=\"4 minutos\" \/>\n<script type=\"application\/ld+json\" class=\"yoast-schema-graph\">{\"@context\":\"https:\\\/\\\/schema.org\",\"@graph\":[{\"@type\":\"Article\",\"@id\":\"https:\\\/\\\/guarai.to.gov.br\\\/transparencia\\\/guarai-intensifica-acoes-sociais-com-foco-em-inclusao-protecao-e-fortalecimento-de-vinculos\\\/#article\",\"isPartOf\":{\"@id\":\"https:\\\/\\\/guarai.to.gov.br\\\/transparencia\\\/guarai-intensifica-acoes-sociais-com-foco-em-inclusao-protecao-e-fortalecimento-de-vinculos\\\/\"},\"author\":{\"name\":\"Comunica\u00e7\u00e3o Guara\u00ed\",\"@id\":\"https:\\\/\\\/guarai.to.gov.br\\\/transparencia\\\/#\\\/schema\\\/person\\\/dcdb75887661c2650574d9d0792d95f2\"},\"headline\":\"Guara\u00ed intensifica a\u00e7\u00f5es sociais com foco em inclus\u00e3o, prote\u00e7\u00e3o e fortalecimento de v\u00ednculos\",\"datePublished\":\"2026-04-29T19:00:50+00:00\",\"dateModified\":\"2026-04-29T20:55:00+00:00\",\"mainEntityOfPage\":{\"@id\":\"https:\\\/\\\/guarai.to.gov.br\\\/transparencia\\\/guarai-intensifica-acoes-sociais-com-foco-em-inclusao-protecao-e-fortalecimento-de-vinculos\\\/\"},\"wordCount\":443,\"publisher\":{\"@id\":\"https:\\\/\\\/guarai.to.gov.br\\\/transparencia\\\/#organization\"},\"image\":{\"@id\":\"https:\\\/\\\/guarai.to.gov.br\\\/transparencia\\\/guarai-intensifica-acoes-sociais-com-foco-em-inclusao-protecao-e-fortalecimento-de-vinculos\\\/#primaryimage\"},\"thumbnailUrl\":\"https:\\\/\\\/guarai.to.gov.br\\\/transparencia\\\/wp-content\\\/uploads\\\/2026\\\/04\\\/gggggggg.jpg\",\"articleSection\":[\"NOTICIAS\"],\"inLanguage\":\"pt-BR\"},{\"@type\":\"WebPage\",\"@id\":\"https:\\\/\\\/guarai.to.gov.br\\\/transparencia\\\/guarai-intensifica-acoes-sociais-com-foco-em-inclusao-protecao-e-fortalecimento-de-vinculos\\\/\",\"url\":\"https:\\\/\\\/guarai.to.gov.br\\\/transparencia\\\/guarai-intensifica-acoes-sociais-com-foco-em-inclusao-protecao-e-fortalecimento-de-vinculos\\\/\",\"name\":\"Guara\u00ed intensifica a\u00e7\u00f5es sociais com foco em inclus\u00e3o, prote\u00e7\u00e3o e fortalecimento de v\u00ednculos - Prefeitura Municipal de Guara\u00ed\",\"isPartOf\":{\"@id\":\"https:\\\/\\\/guarai.to.gov.br\\\/transparencia\\\/#website\"},\"primaryImageOfPage\":{\"@id\":\"https:\\\/\\\/guarai.to.gov.br\\\/transparencia\\\/guarai-intensifica-acoes-sociais-com-foco-em-inclusao-protecao-e-fortalecimento-de-vinculos\\\/#primaryimage\"},\"image\":{\"@id\":\"https:\\\/\\\/guarai.to.gov.br\\\/transparencia\\\/guarai-intensifica-acoes-sociais-com-foco-em-inclusao-protecao-e-fortalecimento-de-vinculos\\\/#primaryimage\"},\"thumbnailUrl\":\"https:\\\/\\\/guarai.to.gov.br\\\/transparencia\\\/wp-content\\\/uploads\\\/2026\\\/04\\\/gggggggg.jpg\",\"datePublished\":\"2026-04-29T19:00:50+00:00\",\"dateModified\":\"2026-04-29T20:55:00+00:00\",\"breadcrumb\":{\"@id\":\"https:\\\/\\\/guarai.to.gov.br\\\/transparencia\\\/guarai-intensifica-acoes-sociais-com-foco-em-inclusao-protecao-e-fortalecimento-de-vinculos\\\/#breadcrumb\"},\"inLanguage\":\"pt-BR\",\"potentialAction\":[{\"@type\":\"ReadAction\",\"target\":[\"https:\\\/\\\/guarai.to.gov.br\\\/transparencia\\\/guarai-intensifica-acoes-sociais-com-foco-em-inclusao-protecao-e-fortalecimento-de-vinculos\\\/\"]}]},{\"@type\":\"ImageObject\",\"inLanguage\":\"pt-BR\",\"@id\":\"https:\\\/\\\/guarai.to.gov.br\\\/transparencia\\\/guarai-intensifica-acoes-sociais-com-foco-em-inclusao-protecao-e-fortalecimento-de-vinculos\\\/#primaryimage\",\"url\":\"https:\\\/\\\/guarai.to.gov.br\\\/transparencia\\\/wp-content\\\/uploads\\\/2026\\\/04\\\/gggggggg.jpg\",\"contentUrl\":\"https:\\\/\\\/guarai.to.gov.br\\\/transparencia\\\/wp-content\\\/uploads\\\/2026\\\/04\\\/gggggggg.jpg\",\"width\":1080,\"height\":1080},{\"@type\":\"BreadcrumbList\",\"@id\":\"https:\\\/\\\/guarai.to.gov.br\\\/transparencia\\\/guarai-intensifica-acoes-sociais-com-foco-em-inclusao-protecao-e-fortalecimento-de-vinculos\\\/#breadcrumb\",\"itemListElement\":[{\"@type\":\"ListItem\",\"position\":1,\"name\":\"In\u00edcio\",\"item\":\"https:\\\/\\\/guarai.to.gov.br\\\/transparencia\\\/\"},{\"@type\":\"ListItem\",\"position\":2,\"name\":\"Guara\u00ed intensifica a\u00e7\u00f5es sociais com foco em inclus\u00e3o, prote\u00e7\u00e3o e fortalecimento de v\u00ednculos\"}]},{\"@type\":\"WebSite\",\"@id\":\"https:\\\/\\\/guarai.to.gov.br\\\/transparencia\\\/#website\",\"url\":\"https:\\\/\\\/guarai.to.gov.br\\\/transparencia\\\/\",\"name\":\"Prefeitura Municipal de Guara\u00ed\",\"description\":\"\",\"publisher\":{\"@id\":\"https:\\\/\\\/guarai.to.gov.br\\\/transparencia\\\/#organization\"},\"alternateName\":\"https:\\\/\\\/guarai.to.gov.br\\\/transparencia\",\"potentialAction\":[{\"@type\":\"SearchAction\",\"target\":{\"@type\":\"EntryPoint\",\"urlTemplate\":\"https:\\\/\\\/guarai.to.gov.br\\\/transparencia\\\/?s={search_term_string}\"},\"query-input\":{\"@type\":\"PropertyValueSpecification\",\"valueRequired\":true,\"valueName\":\"search_term_string\"}}],\"inLanguage\":\"pt-BR\"},{\"@type\":\"Organization\",\"@id\":\"https:\\\/\\\/guarai.to.gov.br\\\/transparencia\\\/#organization\",\"name\":\"Prefeitura Municipal de Guara\u00ed\",\"alternateName\":\"Prefeitura Municipal de Guara\u00ed\",\"url\":\"https:\\\/\\\/guarai.to.gov.br\\\/transparencia\\\/\",\"logo\":{\"@type\":\"ImageObject\",\"inLanguage\":\"pt-BR\",\"@id\":\"https:\\\/\\\/guarai.to.gov.br\\\/transparencia\\\/#\\\/schema\\\/logo\\\/image\\\/\",\"url\":\"https:\\\/\\\/guarai.to.gov.br\\\/transparencia\\\/wp-content\\\/uploads\\\/2024\\\/11\\\/brasao_atualizado.png\",\"contentUrl\":\"https:\\\/\\\/guarai.to.gov.br\\\/transparencia\\\/wp-content\\\/uploads\\\/2024\\\/11\\\/brasao_atualizado.png\",\"width\":50,\"height\":53,\"caption\":\"Prefeitura Municipal de Guara\u00ed\"},\"image\":{\"@id\":\"https:\\\/\\\/guarai.to.gov.br\\\/transparencia\\\/#\\\/schema\\\/logo\\\/image\\\/\"},\"description\":\"Av. Bernardo Say\u00e3o, S\\\/N - Centro, Guara\u00ed - TO, 77700-000\",\"email\":\"gabinetedoprefeito@guarai.to.gov.br\",\"telephone\":\"6334641030, 6334641018, 34644620\",\"legalName\":\"Prefeitura Municipal de Guara\u00ed\",\"foundingDate\":\"1970-04-11\",\"vatID\":\"02.070.548\\\/0001-33\",\"numberOfEmployees\":{\"@type\":\"QuantitativeValue\",\"minValue\":\"1001\",\"maxValue\":\"5000\"}},{\"@type\":\"Person\",\"@id\":\"https:\\\/\\\/guarai.to.gov.br\\\/transparencia\\\/#\\\/schema\\\/person\\\/dcdb75887661c2650574d9d0792d95f2\",\"name\":\"Comunica\u00e7\u00e3o Guara\u00ed\",\"image\":{\"@type\":\"ImageObject\",\"inLanguage\":\"pt-BR\",\"@id\":\"https:\\\/\\\/secure.gravatar.com\\\/avatar\\\/91ad7257fa34385f5a31b716113984a42b882ef420e2b650958be17b318f6d8d?s=96&d=mm&r=g\",\"url\":\"https:\\\/\\\/secure.gravatar.com\\\/avatar\\\/91ad7257fa34385f5a31b716113984a42b882ef420e2b650958be17b318f6d8d?s=96&d=mm&r=g\",\"contentUrl\":\"https:\\\/\\\/secure.gravatar.com\\\/avatar\\\/91ad7257fa34385f5a31b716113984a42b882ef420e2b650958be17b318f6d8d?s=96&d=mm&r=g\",\"caption\":\"Comunica\u00e7\u00e3o Guara\u00ed\"},\"url\":\"https:\\\/\\\/guarai.to.gov.br\\\/transparencia\\\/author\\\/comunicacaoguarai\\\/\"}]}<\/script>\n<!-- \/ Yoast SEO Premium plugin. -->","yoast_head_json":{"title":"Guara\u00ed intensifica a\u00e7\u00f5es sociais com foco em inclus\u00e3o, prote\u00e7\u00e3o e fortalecimento de v\u00ednculos - Prefeitura Municipal de Guara\u00ed","robots":{"index":"index","follow":"follow","max-snippet":"max-snippet:-1","max-image-preview":"max-image-preview:large","max-video-preview":"max-video-preview:-1"},"canonical":"https:\/\/guarai.to.gov.br\/transparencia\/guarai-intensifica-acoes-sociais-com-foco-em-inclusao-protecao-e-fortalecimento-de-vinculos\/","og_locale":"pt_BR","og_type":"article","og_title":"Guara\u00ed intensifica a\u00e7\u00f5es sociais com foco em inclus\u00e3o, prote\u00e7\u00e3o e fortalecimento de v\u00ednculos","og_description":"As a\u00e7\u00f5es da Prefeitura de Guara\u00ed, por meio da Secretaria Municipal de Assist\u00eancia Social, iniciadas no m\u00eas de abril, avan\u00e7am ao longo de maio com amplia\u00e7\u00e3o do alcance e intensifica\u00e7\u00e3o dos atendimentos, fortalecendo a presen\u00e7a da gest\u00e3o municipal junto \u00e0s comunidades urbanas e rurais e garantindo maior efetividade na execu\u00e7\u00e3o das pol\u00edticas p\u00fablicas de inclus\u00e3o&hellip; Continue lendo Guara\u00ed intensifica a\u00e7\u00f5es sociais com foco em inclus\u00e3o, prote\u00e7\u00e3o e fortalecimento de v\u00ednculos","og_url":"https:\/\/guarai.to.gov.br\/transparencia\/guarai-intensifica-acoes-sociais-com-foco-em-inclusao-protecao-e-fortalecimento-de-vinculos\/","og_site_name":"Prefeitura Municipal de Guara\u00ed","article_published_time":"2026-04-29T19:00:50+00:00","article_modified_time":"2026-04-29T20:55:00+00:00","og_image":[{"width":1080,"height":1080,"url":"https:\/\/guarai.to.gov.br\/transparencia\/wp-content\/uploads\/2026\/04\/gggggggg.jpg","type":"image\/jpeg"}],"author":"Comunica\u00e7\u00e3o Guara\u00ed","twitter_card":"summary_large_image","twitter_misc":{"Escrito por":"Comunica\u00e7\u00e3o Guara\u00ed","Est. tempo de leitura":"4 minutos"},"schema":{"@context":"https:\/\/schema.org","@graph":[{"@type":"Article","@id":"https:\/\/guarai.to.gov.br\/transparencia\/guarai-intensifica-acoes-sociais-com-foco-em-inclusao-protecao-e-fortalecimento-de-vinculos\/#article","isPartOf":{"@id":"https:\/\/guarai.to.gov.br\/transparencia\/guarai-intensifica-acoes-sociais-com-foco-em-inclusao-protecao-e-fortalecimento-de-vinculos\/"},"author":{"name":"Comunica\u00e7\u00e3o Guara\u00ed","@id":"https:\/\/guarai.to.gov.br\/transparencia\/#\/schema\/person\/dcdb75887661c2650574d9d0792d95f2"},"headline":"Guara\u00ed intensifica a\u00e7\u00f5es sociais com foco em inclus\u00e3o, prote\u00e7\u00e3o e fortalecimento de v\u00ednculos","datePublished":"2026-04-29T19:00:50+00:00","dateModified":"2026-04-29T20:55:00+00:00","mainEntityOfPage":{"@id":"https:\/\/guarai.to.gov.br\/transparencia\/guarai-intensifica-acoes-sociais-com-foco-em-inclusao-protecao-e-fortalecimento-de-vinculos\/"},"wordCount":443,"publisher":{"@id":"https:\/\/guarai.to.gov.br\/transparencia\/#organization"},"image":{"@id":"https:\/\/guarai.to.gov.br\/transparencia\/guarai-intensifica-acoes-sociais-com-foco-em-inclusao-protecao-e-fortalecimento-de-vinculos\/#primaryimage"},"thumbnailUrl":"https:\/\/guarai.to.gov.br\/transparencia\/wp-content\/uploads\/2026\/04\/gggggggg.jpg","articleSection":["NOTICIAS"],"inLanguage":"pt-BR"},{"@type":"WebPage","@id":"https:\/\/guarai.to.gov.br\/transparencia\/guarai-intensifica-acoes-sociais-com-foco-em-inclusao-protecao-e-fortalecimento-de-vinculos\/","url":"https:\/\/guarai.to.gov.br\/transparencia\/guarai-intensifica-acoes-sociais-com-foco-em-inclusao-protecao-e-fortalecimento-de-vinculos\/","name":"Guara\u00ed intensifica a\u00e7\u00f5es sociais com foco em inclus\u00e3o, prote\u00e7\u00e3o e fortalecimento de v\u00ednculos - Prefeitura Municipal de Guara\u00ed","isPartOf":{"@id":"https:\/\/guarai.to.gov.br\/transparencia\/#website"},"primaryImageOfPage":{"@id":"https:\/\/guarai.to.gov.br\/transparencia\/guarai-intensifica-acoes-sociais-com-foco-em-inclusao-protecao-e-fortalecimento-de-vinculos\/#primaryimage"},"image":{"@id":"https:\/\/guarai.to.gov.br\/transparencia\/guarai-intensifica-acoes-sociais-com-foco-em-inclusao-protecao-e-fortalecimento-de-vinculos\/#primaryimage"},"thumbnailUrl":"https:\/\/guarai.to.gov.br\/transparencia\/wp-content\/uploads\/2026\/04\/gggggggg.jpg","datePublished":"2026-04-29T19:00:50+00:00","dateModified":"2026-04-29T20:55:00+00:00","breadcrumb":{"@id":"https:\/\/guarai.to.gov.br\/transparencia\/guarai-intensifica-acoes-sociais-com-foco-em-inclusao-protecao-e-fortalecimento-de-vinculos\/#breadcrumb"},"inLanguage":"pt-BR","potentialAction":[{"@type":"ReadAction","target":["https:\/\/guarai.to.gov.br\/transparencia\/guarai-intensifica-acoes-sociais-com-foco-em-inclusao-protecao-e-fortalecimento-de-vinculos\/"]}]},{"@type":"ImageObject","inLanguage":"pt-BR","@id":"https:\/\/guarai.to.gov.br\/transparencia\/guarai-intensifica-acoes-sociais-com-foco-em-inclusao-protecao-e-fortalecimento-de-vinculos\/#primaryimage","url":"https:\/\/guarai.to.gov.br\/transparencia\/wp-content\/uploads\/2026\/04\/gggggggg.jpg","contentUrl":"https:\/\/guarai.to.gov.br\/transparencia\/wp-content\/uploads\/2026\/04\/gggggggg.jpg","width":1080,"height":1080},{"@type":"BreadcrumbList","@id":"https:\/\/guarai.to.gov.br\/transparencia\/guarai-intensifica-acoes-sociais-com-foco-em-inclusao-protecao-e-fortalecimento-de-vinculos\/#breadcrumb","itemListElement":[{"@type":"ListItem","position":1,"name":"In\u00edcio","item":"https:\/\/guarai.to.gov.br\/transparencia\/"},{"@type":"ListItem","position":2,"name":"Guara\u00ed intensifica a\u00e7\u00f5es sociais com foco em inclus\u00e3o, prote\u00e7\u00e3o e fortalecimento de v\u00ednculos"}]},{"@type":"WebSite","@id":"https:\/\/guarai.to.gov.br\/transparencia\/#website","url":"https:\/\/guarai.to.gov.br\/transparencia\/","name":"Prefeitura Municipal de Guara\u00ed","description":"","publisher":{"@id":"https:\/\/guarai.to.gov.br\/transparencia\/#organization"},"alternateName":"https:\/\/guarai.to.gov.br\/transparencia","potentialAction":[{"@type":"SearchAction","target":{"@type":"EntryPoint","urlTemplate":"https:\/\/guarai.to.gov.br\/transparencia\/?s={search_term_string}"},"query-input":{"@type":"PropertyValueSpecification","valueRequired":true,"valueName":"search_term_string"}}],"inLanguage":"pt-BR"},{"@type":"Organization","@id":"https:\/\/guarai.to.gov.br\/transparencia\/#organization","name":"Prefeitura Municipal de Guara\u00ed","alternateName":"Prefeitura Municipal de Guara\u00ed","url":"https:\/\/guarai.to.gov.br\/transparencia\/","logo":{"@type":"ImageObject","inLanguage":"pt-BR","@id":"https:\/\/guarai.to.gov.br\/transparencia\/#\/schema\/logo\/image\/","url":"https:\/\/guarai.to.gov.br\/transparencia\/wp-content\/uploads\/2024\/11\/brasao_atualizado.png","contentUrl":"https:\/\/guarai.to.gov.br\/transparencia\/wp-content\/uploads\/2024\/11\/brasao_atualizado.png","width":50,"height":53,"caption":"Prefeitura Municipal de Guara\u00ed"},"image":{"@id":"https:\/\/guarai.to.gov.br\/transparencia\/#\/schema\/logo\/image\/"},"description":"Av. Bernardo Say\u00e3o, S\/N - Centro, Guara\u00ed - TO, 77700-000","email":"gabinetedoprefeito@guarai.to.gov.br","telephone":"6334641030, 6334641018, 34644620","legalName":"Prefeitura Municipal de Guara\u00ed","foundingDate":"1970-04-11","vatID":"02.070.548\/0001-33","numberOfEmployees":{"@type":"QuantitativeValue","minValue":"1001","maxValue":"5000"}},{"@type":"Person","@id":"https:\/\/guarai.to.gov.br\/transparencia\/#\/schema\/person\/dcdb75887661c2650574d9d0792d95f2","name":"Comunica\u00e7\u00e3o Guara\u00ed","image":{"@type":"ImageObject","inLanguage":"pt-BR","@id":"https:\/\/secure.gravatar.com\/avatar\/91ad7257fa34385f5a31b716113984a42b882ef420e2b650958be17b318f6d8d?s=96&d=mm&r=g","url":"https:\/\/secure.gravatar.com\/avatar\/91ad7257fa34385f5a31b716113984a42b882ef420e2b650958be17b318f6d8d?s=96&d=mm&r=g","contentUrl":"https:\/\/secure.gravatar.com\/avatar\/91ad7257fa34385f5a31b716113984a42b882ef420e2b650958be17b318f6d8d?s=96&d=mm&r=g","caption":"Comunica\u00e7\u00e3o Guara\u00ed"},"url":"https:\/\/guarai.to.gov.br\/transparencia\/author\/comunicacaoguarai\/"}]}},"_links":{"self":[{"href":"https:\/\/guarai.to.gov.br\/transparencia\/wp-json\/wp\/v2\/posts\/4980","targetHints":{"allow":["GET"]}}],"collection":[{"href":"https:\/\/guarai.to.gov.br\/transparencia\/wp-json\/wp\/v2\/posts"}],"about":[{"href":"https:\/\/guarai.to.gov.br\/transparencia\/wp-json\/wp\/v2\/types\/post"}],"author":[{"embeddable":true,"href":"https:\/\/guarai.to.gov.br\/transparencia\/wp-json\/wp\/v2\/users\/2"}],"replies":[{"embeddable":true,"href":"https:\/\/guarai.to.gov.br\/transparencia\/wp-json\/wp\/v2\/comments?post=4980"}],"version-history":[{"count":7,"href":"https:\/\/guarai.to.gov.br\/transparencia\/wp-json\/wp\/v2\/posts\/4980\/revisions"}],"predecessor-version":[{"id":5002,"href":"https:\/\/guarai.to.gov.br\/transparencia\/wp-json\/wp\/v2\/posts\/4980\/revisions\/5002"}],"wp:featuredmedia":[{"embeddable":true,"href":"https:\/\/guarai.to.gov.br\/transparencia\/wp-json\/wp\/v2\/media\/5000"}],"wp:attachment":[{"href":"https:\/\/guarai.to.gov.br\/transparencia\/wp-json\/wp\/v2\/media?parent=4980"}],"wp:term":[{"taxonomy":"category","embeddable":true,"href":"https:\/\/guarai.to.gov.br\/transparencia\/wp-json\/wp\/v2\/categories?post=4980"},{"taxonomy":"post_tag","embeddable":true,"href":"https:\/\/guarai.to.gov.br\/transparencia\/wp-json\/wp\/v2\/tags?post=4980"}],"curies":[{"name":"wp","href":"https:\/\/api.w.org\/{rel}","templated":true}]}}