{"id":5032,"date":"2026-04-30T23:21:33","date_gmt":"2026-05-01T02:21:33","guid":{"rendered":"https:\/\/guarai.to.gov.br\/transparencia\/?p=5032"},"modified":"2026-04-30T23:27:15","modified_gmt":"2026-05-01T02:27:15","slug":"prefeitura-de-guarai-promove-acao-do-abril-azul-e-mobiliza-estudantes-em-conscientizacao-sobre-o-autismo","status":"publish","type":"post","link":"https:\/\/guarai.to.gov.br\/transparencia\/prefeitura-de-guarai-promove-acao-do-abril-azul-e-mobiliza-estudantes-em-conscientizacao-sobre-o-autismo\/","title":{"rendered":"Prefeitura de Guara\u00ed promove a\u00e7\u00e3o do Abril Azul e mobiliza estudantes em conscientiza\u00e7\u00e3o sobre o autismo"},"content":{"rendered":"\n<p class=\"wp-block-paragraph\"><\/p>\n\n\n\n<p class=\"wp-block-paragraph\">A Prefeitura de Guara\u00ed, por meio da Secretaria Municipal de Educa\u00e7\u00e3o, realizou, na manh\u00e3 desta quarta-feira, 30 de abril, uma a\u00e7\u00e3o intitulada Abra\u00e7o Azul, em alus\u00e3o ao Abril Azul, m\u00eas dedicado \u00e0 conscientiza\u00e7\u00e3o sobre o Transtorno do Espectro Autista (TEA).<\/p>\n\n\n\n<p class=\"wp-block-paragraph\">A mobiliza\u00e7\u00e3o aconteceu na Avenida Bernardo Say\u00e3o e contou com a participa\u00e7\u00e3o de estudantes do 5\u00ba ano da Escola Municipal Sossego da Mam\u00e3e, que protagonizaram uma atividade de panfletagem voltada \u00e0 orienta\u00e7\u00e3o da popula\u00e7\u00e3o.<\/p>\n\n\n\n<p class=\"wp-block-paragraph\">Durante a a\u00e7\u00e3o, os alunos distribu\u00edram materiais informativos e dialogaram com a comunidade sobre o autismo, suas caracter\u00edsticas e a import\u00e2ncia da inclus\u00e3o social, contribuindo para a dissemina\u00e7\u00e3o de conhecimento e a redu\u00e7\u00e3o de preconceitos. A iniciativa refor\u00e7a o papel da escola na forma\u00e7\u00e3o de cidad\u00e3os conscientes e no est\u00edmulo ao protagonismo estudantil em causas sociais relevantes.<\/p>\n\n\n\n<p class=\"wp-block-paragraph\">A atividade contou com o apoio da Pol\u00edcia Rodovi\u00e1ria Federal (PRF), que atuou na organiza\u00e7\u00e3o do tr\u00e2nsito e na seguran\u00e7a dos participantes.<\/p>\n\n\n\n<p class=\"wp-block-paragraph\">A a\u00e7\u00e3o foi desenvolvida pela equipe multidisciplinar da Secretaria Municipal de Educa\u00e7\u00e3o, com o envolvimento de profissionais da educa\u00e7\u00e3o e da equipe escolar, fortalecendo o trabalho coletivo em prol de uma sociedade mais inclusiva, baseada no respeito, na empatia e na valoriza\u00e7\u00e3o das diferen\u00e7as.<\/p>\n\n\n\n<figure class=\"wp-block-gallery has-nested-images columns-default is-cropped wp-block-gallery-1 is-layout-flex wp-block-gallery-is-layout-flex\">\n<figure class=\"wp-block-image size-large\"><img fetchpriority=\"high\" decoding=\"async\" width=\"1024\" height=\"576\" data-id=\"5040\" src=\"https:\/\/guarai.to.gov.br\/transparencia\/wp-content\/uploads\/2026\/04\/projeto-abril-azul-5-1024x576.jpeg\" alt=\"\" class=\"wp-image-5040\" srcset=\"https:\/\/guarai.to.gov.br\/transparencia\/wp-content\/uploads\/2026\/04\/projeto-abril-azul-5-1024x576.jpeg 1024w, https:\/\/guarai.to.gov.br\/transparencia\/wp-content\/uploads\/2026\/04\/projeto-abril-azul-5-460x259.jpeg 460w, https:\/\/guarai.to.gov.br\/transparencia\/wp-content\/uploads\/2026\/04\/projeto-abril-azul-5-160x90.jpeg 160w, https:\/\/guarai.to.gov.br\/transparencia\/wp-content\/uploads\/2026\/04\/projeto-abril-azul-5-768x432.jpeg 768w, https:\/\/guarai.to.gov.br\/transparencia\/wp-content\/uploads\/2026\/04\/projeto-abril-azul-5-1536x864.jpeg 1536w, https:\/\/guarai.to.gov.br\/transparencia\/wp-content\/uploads\/2026\/04\/projeto-abril-azul-5-1568x882.jpeg 1568w, https:\/\/guarai.to.gov.br\/transparencia\/wp-content\/uploads\/2026\/04\/projeto-abril-azul-5.jpeg 1600w\" sizes=\"(max-width: 1024px) 100vw, 1024px\" \/><\/figure>\n\n\n\n<figure class=\"wp-block-image size-large\"><img decoding=\"async\" width=\"1024\" height=\"576\" data-id=\"5041\" src=\"https:\/\/guarai.to.gov.br\/transparencia\/wp-content\/uploads\/2026\/04\/Projeto-abril-azul-6-1024x576.jpeg\" alt=\"\" class=\"wp-image-5041\" srcset=\"https:\/\/guarai.to.gov.br\/transparencia\/wp-content\/uploads\/2026\/04\/Projeto-abril-azul-6-1024x576.jpeg 1024w, https:\/\/guarai.to.gov.br\/transparencia\/wp-content\/uploads\/2026\/04\/Projeto-abril-azul-6-460x259.jpeg 460w, https:\/\/guarai.to.gov.br\/transparencia\/wp-content\/uploads\/2026\/04\/Projeto-abril-azul-6-160x90.jpeg 160w, https:\/\/guarai.to.gov.br\/transparencia\/wp-content\/uploads\/2026\/04\/Projeto-abril-azul-6-768x432.jpeg 768w, https:\/\/guarai.to.gov.br\/transparencia\/wp-content\/uploads\/2026\/04\/Projeto-abril-azul-6-1536x864.jpeg 1536w, https:\/\/guarai.to.gov.br\/transparencia\/wp-content\/uploads\/2026\/04\/Projeto-abril-azul-6-1568x882.jpeg 1568w, https:\/\/guarai.to.gov.br\/transparencia\/wp-content\/uploads\/2026\/04\/Projeto-abril-azul-6.jpeg 1600w\" sizes=\"(max-width: 1024px) 100vw, 1024px\" \/><\/figure>\n\n\n\n<figure class=\"wp-block-image size-large\"><img decoding=\"async\" width=\"1024\" height=\"576\" data-id=\"5042\" src=\"https:\/\/guarai.to.gov.br\/transparencia\/wp-content\/uploads\/2026\/04\/Projeto-abril-azul-7-1024x576.jpeg\" alt=\"\" class=\"wp-image-5042\" srcset=\"https:\/\/guarai.to.gov.br\/transparencia\/wp-content\/uploads\/2026\/04\/Projeto-abril-azul-7-1024x576.jpeg 1024w, https:\/\/guarai.to.gov.br\/transparencia\/wp-content\/uploads\/2026\/04\/Projeto-abril-azul-7-460x259.jpeg 460w, https:\/\/guarai.to.gov.br\/transparencia\/wp-content\/uploads\/2026\/04\/Projeto-abril-azul-7-160x90.jpeg 160w, https:\/\/guarai.to.gov.br\/transparencia\/wp-content\/uploads\/2026\/04\/Projeto-abril-azul-7-768x432.jpeg 768w, https:\/\/guarai.to.gov.br\/transparencia\/wp-content\/uploads\/2026\/04\/Projeto-abril-azul-7-1536x864.jpeg 1536w, https:\/\/guarai.to.gov.br\/transparencia\/wp-content\/uploads\/2026\/04\/Projeto-abril-azul-7-1568x882.jpeg 1568w, https:\/\/guarai.to.gov.br\/transparencia\/wp-content\/uploads\/2026\/04\/Projeto-abril-azul-7.jpeg 1600w\" sizes=\"(max-width: 1024px) 100vw, 1024px\" \/><\/figure>\n\n\n\n<figure class=\"wp-block-image size-large\"><img loading=\"lazy\" decoding=\"async\" width=\"1024\" height=\"576\" data-id=\"5043\" src=\"https:\/\/guarai.to.gov.br\/transparencia\/wp-content\/uploads\/2026\/04\/Projeto-abril-azul-8-1024x576.jpeg\" alt=\"\" class=\"wp-image-5043\" srcset=\"https:\/\/guarai.to.gov.br\/transparencia\/wp-content\/uploads\/2026\/04\/Projeto-abril-azul-8-1024x576.jpeg 1024w, https:\/\/guarai.to.gov.br\/transparencia\/wp-content\/uploads\/2026\/04\/Projeto-abril-azul-8-460x259.jpeg 460w, https:\/\/guarai.to.gov.br\/transparencia\/wp-content\/uploads\/2026\/04\/Projeto-abril-azul-8-160x90.jpeg 160w, https:\/\/guarai.to.gov.br\/transparencia\/wp-content\/uploads\/2026\/04\/Projeto-abril-azul-8-768x432.jpeg 768w, https:\/\/guarai.to.gov.br\/transparencia\/wp-content\/uploads\/2026\/04\/Projeto-abril-azul-8-1536x864.jpeg 1536w, https:\/\/guarai.to.gov.br\/transparencia\/wp-content\/uploads\/2026\/04\/Projeto-abril-azul-8-1568x882.jpeg 1568w, https:\/\/guarai.to.gov.br\/transparencia\/wp-content\/uploads\/2026\/04\/Projeto-abril-azul-8.jpeg 1600w\" sizes=\"(max-width: 1024px) 100vw, 1024px\" \/><\/figure>\n\n\n\n<figure class=\"wp-block-image size-large\"><img loading=\"lazy\" decoding=\"async\" width=\"1024\" height=\"576\" data-id=\"5039\" src=\"https:\/\/guarai.to.gov.br\/transparencia\/wp-content\/uploads\/2026\/04\/Projeto-abril-azul-3-1024x576.jpeg\" alt=\"\" class=\"wp-image-5039\" srcset=\"https:\/\/guarai.to.gov.br\/transparencia\/wp-content\/uploads\/2026\/04\/Projeto-abril-azul-3-1024x576.jpeg 1024w, https:\/\/guarai.to.gov.br\/transparencia\/wp-content\/uploads\/2026\/04\/Projeto-abril-azul-3-460x259.jpeg 460w, https:\/\/guarai.to.gov.br\/transparencia\/wp-content\/uploads\/2026\/04\/Projeto-abril-azul-3-160x90.jpeg 160w, https:\/\/guarai.to.gov.br\/transparencia\/wp-content\/uploads\/2026\/04\/Projeto-abril-azul-3-768x432.jpeg 768w, https:\/\/guarai.to.gov.br\/transparencia\/wp-content\/uploads\/2026\/04\/Projeto-abril-azul-3-1536x864.jpeg 1536w, https:\/\/guarai.to.gov.br\/transparencia\/wp-content\/uploads\/2026\/04\/Projeto-abril-azul-3-1568x882.jpeg 1568w, https:\/\/guarai.to.gov.br\/transparencia\/wp-content\/uploads\/2026\/04\/Projeto-abril-azul-3.jpeg 1600w\" sizes=\"(max-width: 1024px) 100vw, 1024px\" \/><\/figure>\n\n\n\n<figure class=\"wp-block-image size-large\"><img loading=\"lazy\" decoding=\"async\" width=\"1024\" height=\"576\" data-id=\"5037\" src=\"https:\/\/guarai.to.gov.br\/transparencia\/wp-content\/uploads\/2026\/04\/Projeto-Ab-ril-azul-2-1024x576.jpeg\" alt=\"\" class=\"wp-image-5037\" srcset=\"https:\/\/guarai.to.gov.br\/transparencia\/wp-content\/uploads\/2026\/04\/Projeto-Ab-ril-azul-2-1024x576.jpeg 1024w, https:\/\/guarai.to.gov.br\/transparencia\/wp-content\/uploads\/2026\/04\/Projeto-Ab-ril-azul-2-460x259.jpeg 460w, https:\/\/guarai.to.gov.br\/transparencia\/wp-content\/uploads\/2026\/04\/Projeto-Ab-ril-azul-2-160x90.jpeg 160w, https:\/\/guarai.to.gov.br\/transparencia\/wp-content\/uploads\/2026\/04\/Projeto-Ab-ril-azul-2-768x432.jpeg 768w, https:\/\/guarai.to.gov.br\/transparencia\/wp-content\/uploads\/2026\/04\/Projeto-Ab-ril-azul-2-1536x864.jpeg 1536w, https:\/\/guarai.to.gov.br\/transparencia\/wp-content\/uploads\/2026\/04\/Projeto-Ab-ril-azul-2-1568x882.jpeg 1568w, https:\/\/guarai.to.gov.br\/transparencia\/wp-content\/uploads\/2026\/04\/Projeto-Ab-ril-azul-2.jpeg 1600w\" sizes=\"(max-width: 1024px) 100vw, 1024px\" \/><figcaption class=\"wp-element-caption\">Fotos: Gabriel Borges<\/figcaption><\/figure>\n<\/figure>\n\n\n\n<figure class=\"wp-block-gallery has-nested-images columns-default is-cropped wp-block-gallery-2 is-layout-flex wp-block-gallery-is-layout-flex\">\n<figure class=\"wp-block-image size-large\"><img loading=\"lazy\" decoding=\"async\" width=\"1024\" height=\"576\" data-id=\"5039\" src=\"https:\/\/guarai.to.gov.br\/transparencia\/wp-content\/uploads\/2026\/04\/Projeto-abril-azul-3-1024x576.jpeg\" alt=\"\" class=\"wp-image-5039\" srcset=\"https:\/\/guarai.to.gov.br\/transparencia\/wp-content\/uploads\/2026\/04\/Projeto-abril-azul-3-1024x576.jpeg 1024w, https:\/\/guarai.to.gov.br\/transparencia\/wp-content\/uploads\/2026\/04\/Projeto-abril-azul-3-460x259.jpeg 460w, https:\/\/guarai.to.gov.br\/transparencia\/wp-content\/uploads\/2026\/04\/Projeto-abril-azul-3-160x90.jpeg 160w, https:\/\/guarai.to.gov.br\/transparencia\/wp-content\/uploads\/2026\/04\/Projeto-abril-azul-3-768x432.jpeg 768w, https:\/\/guarai.to.gov.br\/transparencia\/wp-content\/uploads\/2026\/04\/Projeto-abril-azul-3-1536x864.jpeg 1536w, https:\/\/guarai.to.gov.br\/transparencia\/wp-content\/uploads\/2026\/04\/Projeto-abril-azul-3-1568x882.jpeg 1568w, https:\/\/guarai.to.gov.br\/transparencia\/wp-content\/uploads\/2026\/04\/Projeto-abril-azul-3.jpeg 1600w\" sizes=\"(max-width: 1024px) 100vw, 1024px\" \/><\/figure>\n\n\n\n<figure class=\"wp-block-image size-large\"><img loading=\"lazy\" decoding=\"async\" width=\"1024\" height=\"576\" data-id=\"5038\" src=\"https:\/\/guarai.to.gov.br\/transparencia\/wp-content\/uploads\/2026\/04\/Projeto-abril-azul-1-1024x576.jpeg\" alt=\"\" class=\"wp-image-5038\" srcset=\"https:\/\/guarai.to.gov.br\/transparencia\/wp-content\/uploads\/2026\/04\/Projeto-abril-azul-1-1024x576.jpeg 1024w, https:\/\/guarai.to.gov.br\/transparencia\/wp-content\/uploads\/2026\/04\/Projeto-abril-azul-1-460x259.jpeg 460w, https:\/\/guarai.to.gov.br\/transparencia\/wp-content\/uploads\/2026\/04\/Projeto-abril-azul-1-160x90.jpeg 160w, https:\/\/guarai.to.gov.br\/transparencia\/wp-content\/uploads\/2026\/04\/Projeto-abril-azul-1-768x432.jpeg 768w, https:\/\/guarai.to.gov.br\/transparencia\/wp-content\/uploads\/2026\/04\/Projeto-abril-azul-1-1536x864.jpeg 1536w, https:\/\/guarai.to.gov.br\/transparencia\/wp-content\/uploads\/2026\/04\/Projeto-abril-azul-1-1568x882.jpeg 1568w, https:\/\/guarai.to.gov.br\/transparencia\/wp-content\/uploads\/2026\/04\/Projeto-abril-azul-1.jpeg 1600w\" sizes=\"(max-width: 1024px) 100vw, 1024px\" \/><\/figure>\n<\/figure>\n","protected":false},"excerpt":{"rendered":"<p>A Prefeitura de Guara\u00ed, por meio da Secretaria Municipal de Educa\u00e7\u00e3o, realizou, na manh\u00e3 desta quarta-feira, 30 de abril, uma a\u00e7\u00e3o intitulada Abra\u00e7o Azul, em alus\u00e3o ao Abril Azul, m\u00eas dedicado \u00e0 conscientiza\u00e7\u00e3o sobre o Transtorno do Espectro Autista (TEA). A mobiliza\u00e7\u00e3o aconteceu na Avenida Bernardo Say\u00e3o e contou com a participa\u00e7\u00e3o de estudantes do&hellip; <a class=\"more-link\" href=\"https:\/\/guarai.to.gov.br\/transparencia\/prefeitura-de-guarai-promove-acao-do-abril-azul-e-mobiliza-estudantes-em-conscientizacao-sobre-o-autismo\/\">Continue lendo <span class=\"screen-reader-text\">Prefeitura de Guara\u00ed promove a\u00e7\u00e3o do Abril Azul e mobiliza estudantes em conscientiza\u00e7\u00e3o sobre o autismo<\/span><\/a><\/p>\n","protected":false},"author":2,"featured_media":5048,"comment_status":"closed","ping_status":"closed","sticky":false,"template":"","format":"standard","meta":{"_acf_changed":false,"_eb_attr":"","_crdt_document":"{\"document\":\"AAAk+uDh5hWRA4TD4ly64OHmFYTD4lz64OHmFQHEw+JcRLrg4eYVgQMGAwAEAgQCBAMDBAIWAQcYBAEBCABIAghKogMBAQgCQkgAkAgBAQgCQkgAjAcBAQgCQkgAmgwBAQgCQkgApAQBAQgCQkjqJLwukAPwMgcABAIEAgYECHBCNB6gH6QEkEMBAQgASPADkgQDCwQDBBQDCvYBBAIBCQaKAgEBCAEBSAAUAQEIAQFIABQBAQgBAUgAFAEBCAEBSAAUAQEIAQFIABQBAQgBAAZGSNoDAwWCCMAIhAnCCYQMwgwDAQQDAZYOhgHaDwKYEtYSFAMAmhTYFAMAlBXSFQMAjBi2AoYBxhyIH8YfAwGuIYYBhAO2AoYBhgPaLAhCAQEOCEIBAQ4IQgEBDghCAQEOCEIBAQ4IQgEBrgSEAYIDpAKGAYADnAKAAb4CtgKGAYIDrgKGAYQDtgKGAYYD5JYBiGcCtkECxkLyZ7qpAQLWQd5oAQEIAEgCBAIBCQYeAQEIAQFIABQBAQgBAUgAFAEBCAEABkZIZghCAQEOCEIBAQ4IQgEBhpsBUggEBwAEAgQCBq4ktEMDBQACAAIAAwIEAwEBAAMAAAIUAwAAAwEAAwEBAQIAAwG6BoQBggOkAoYBgAOcAoABvgK2AoYBggOuAoYBhAO2AoYBhgORAygAIQEnAAEAhACBAIQAgQCEAoEAhAGBAIQAgQCEACcBKAAhAigCJwAoCCEAKAAnACgABwAhACgBJwEoACcAqAABAIcAKAInAQQAKAAnAIcAKAInAQQAKAAnAIcAKAInAQQAKAAnAIcAKAInAQQAKAAnAIcAKAInAQQAKAAnAAQAgQCEAEQAxAeEAKgCKACoASEBwQAAAIcAIQAoACEAJwAhAScAhCKoAScAKAInACgGBwAhACgBJwAhACgAJwAoACcAhwAhACgBJwAhACgAJwAoACcAhwAhACgBJwAhACgAJwAoACcAhwAhACgBJwAhACgAJwAoACcAhwAhACgBJwAhACgAJwAoACcAhwAhACgBJwAhACgAJwAEACgAJwDELYQGqAEoA6gBKAOoASgDqAEoA6gBKAOoASgDxBGoAKEDIQCoA4cAKAInASgAJwCoAScAKAInACgGBwAoAicAKAEnACgAJwCHACgCJwAoAScAKAAnAIcAKAInACgBJwAEACgAJwCoASgDqAEoA6gBKAOE9j+DPXN0YXRldmVyc2lvbmRvY3VtZW50ZGF0ZWRvY3VtZW50c3RhdHVzZG9jdW1lbnR0aXRsZWF1byBhdW9tdGlvZG9jdW1lbnRjb250ZW50ZG9jdW1lbnRleGNlcnB0ZG9jdW1lbnRhdXRob3Jkb2N1bWVudGZlYXR1cmVkX21lZGlhZG9jdW1lbnRjb21tZW50X3N0YXR1c2RvY3VtZW50cGluZ19zdGF0dXNkb2N1bWVudHN0aWNreWRvY3VtZW50dGVtcGxhdGVkb2N1bWVudGZvcm1hdGRvY3VtZW50bWV0YV9hY2ZfY2hhbmdlZF9lYl9hdHRyY3lib2NmaV9oaWRlX2ZlYXR1cmVkX2ltYWdlZm9vdG5vdGVzX2VsZW1lbnRvcl9lZGl0X21vZGVfZWxlbWVudG9yX3RlbXBsYXRlX3R5cGVfZWxlbWVudG9yX2RhdGFfZWxlbWVudG9yX3BhZ2Vfc2V0dGluZ3NfZWxlbWVudG9yX2NvbmRpdGlvbnNkb2N1bWVudGNhdGVnb3JpZXNkb2N1bWVudHRhZ3Nkb2N1bWVudGJsb2Nrc19lYl9tZXRhX2RhdGFjbGllbnRJZGlzVmFsaWRuYW1lYXR0cmlidXRlc2NvbnRlbnRkcm9wQ2FwaW5uZXJCbG9ja3NjbGllbnRJZGlzVmFsaWRuYW1lYXR0cmlidXRlc2NvbnRlbnRBIFByZWZlaXR1cmEgZGUgR3VhcmHDrSwgcG9yIG1laW8gZGEgU2VjcmV0YXJpYSBNdW5pY2lwYWwgZGUgRWR1Y2HDp8OjbywgcmVhbGl6b3UsIG5hIG1hbmjDoyBkZXN0YSBxdWFydGEtZmVpcmEsIDMwIGRlIGFicmlsLCB1bWEgYcOnw6NvIGludGl0dWxhZGEgQWJyYcOnbyBBenVsLCBlbSBhbHVzw6NvIGFvIEFicmlsIEF6dWwsIG3DqnMgZGVkaWNhZG8gw6AgY29uc2NpZW50aXphw6fDo28gc29icmUgbyBUcmFuc3Rvcm5vIGRvIEVzcGVjdHJvIEF1dGlzdGEgKFRFQSkuZHJvcENhcGlubmVyQmxvY2tzY2xpZW50SWRpc1ZhbGlkbmFtZWF0dHJpYnV0ZXNjb250ZW50QSBtb2JpbGl6YcOnw6NvIGFjb250ZWNldSBuYSBBdmVuaWRhIEJlcm5hcmRvIFNhecOjbyBlIGNvbnRvdSBjb20gYSBwYXJ0aWNpcGHDp8OjbyBkZSBlc3R1ZGFudGVzIGRvIDXCuiBhbm8gZGEgRXNjb2xhIE11bmljaXBhbCBTb3NzZWdvIGRhIE1hbcOjZSwgcXVlIHByb3RhZ29uaXphcmFtIHVtYSBhdGl2aWRhZGUgZGUgcGFuZmxldGFnZW0gdm9sdGFkYSDDoCBvcmllbnRhw6fDo28gZGEgcG9wdWxhw6fDo28uZHJvcENhcGlubmVyQmxvY2tzY2xpZW50SWRpc1ZhbGlkbmFtZWF0dHJpYnV0ZXNjb250ZW50RHVyYW50ZSBhIGHDp8Ojbywgb3MgYWx1bm9zIGRpc3RyaWJ1w61yYW0gbWF0ZXJpYWlzIGluZm9ybWF0aXZvcyBlIGRpYWxvZ2FyYW0gY29tIGEgY29tdW5pZGFkZSBzb2JyZSBvIGF1dGlzbW8sIHN1YXMgY2FyYWN0ZXLDrXN0aWNhcyBlIGEgaW1wb3J0w6JuY2lhIGRhIGluY2x1c8OjbyBzb2NpYWwsIGNvbnRyaWJ1aW5kbyBwYXJhIGEgZGlzc2VtaW5hw6fDo28gZGUgY29uaGVjaW1lbnRvIGUgYSByZWR1w6fDo28gZGUgcHJlY29uY2VpdG9zLiBBIGluaWNpYXRpdmEgcmVmb3LDp2EgbyBwYXBlbCBkYSBlc2NvbGEgbmEgZm9ybWHDp8OjbyBkZSBjaWRhZMOjb3MgY29uc2NpZW50ZXMgZSBubyBlc3TDrW11bG8gYW8gcHJvdGFnb25pc21vIGVzdHVkYW50aWwgZW0gY2F1c2FzIHNvY2lhaXMgcmVsZXZhbnRlcy5kcm9wQ2FwaW5uZXJCbG9ja3NjbGllbnRJZGlzVmFsaWRuYW1lYXR0cmlidXRlc2NvbnRlbnRBIGF0aXZpZGFkZSBjb250b3UgY29tIG8gYXBvaW8gZGEgUG9sw61jaWEgUm9kb3Zpw6FyaWEgRmVkZXJhbCAoUFJGKSwgcXVlIGF0dW91IG5hIG9yZ2FuaXphw6fDo28gZG8gdHLDom5zaXRvIGUgbmEgc2VndXJhbsOnYSBkb3MgcGFydGljaXBhbnRlcy5kcm9wQ2FwaW5uZXJCbG9ja3NjbGllbnRJZGlzVmFsaWRuYW1lYXR0cmlidXRlc2NvbnRlbnRBIGHDp8OjbyBmb2kgZGVzZW52b2x2aWRhIHBlbGEgZXF1aXBlIG11bHRpZGlzY2lwbGluYXIgZGEgU2VjcmV0YXJpYSBNdW5pY2lwYWwgZGUgRWR1Y2HDp8OjbywgY29tIG8gZW52b2x2aW1lbnRvIGRlIHByb2Zpc3Npb25haXMgZGEgZWR1Y2HDp8OjbyBlIGRhIGVxdWlwZSBlc2NvbGFyLCBmb3J0YWxlY2VuZG8gbyB0cmFiYWxobyBjb2xldGl2byBlbSBwcm9sIGRlIHVtYSBzb2NpZWRhZGUgbWFpcyBpbmNsdXNpdmEsIGJhc2VhZGEgbm8gcmVzcGVpdG8sIG5hIGVtcGF0aWEgZSBuYSB2YWxvcml6YcOnw6NvIGRhcyBkaWZlcmVuw6dhcy5kcm9wQ2FwaW5uZXJCbG9ja3M8IS0tIHdwOnBhcmFncmFwaCAtLT4KPHA+PC9wPgo8IS0tIC93cDpwYXJhZ3JhcGggLS0+Cgo8IS0tIHdwOnBhcmFncmFwaCAtLT4KPHA+QSBQcmVmZWl0dXJhIGRlIEd1YXJhw60sIHBvciBtZWlvIGRhIFNlY3JldGFyaWEgTXVuaWNpcGFsIGRlIEVkdWNhw6fDo28sIHJlYWxpem91LCBuYSBtYW5ow6MgZGVzdGEgcXVhcnRhLWZlaXJhLCAzMCBkZSBhYnJpbCwgdW1hIGHDp8OjbyBpbnRpdHVsYWRhIEFicmHDp28gQXp1bCwgZW0gYWx1c8OjbyBhbyBBYnJpbCBBenVsLCBtw6pzIGRlZGljYWRvIMOgIGNvbnNjaWVudGl6YcOnw6NvIHNvYnJlIG8gVHJhbnN0b3JubyBkbyBFc3BlY3RybyBBdXRpc3RhIChURUEpLjwvcD4KPCEtLSAvd3A6cGFyYWdyYXBoIC0tPgoKPCEtLSB3cDpwYXJhZ3JhcGggLS0+CjxwPkEgbW9iaWxpemHDp8OjbyBhY29udGVjZXUgbmEgQXZlbmlkYSBCZXJuYXJkbyBTYXnDo28gZSBjb250b3UgY29tIGEgcGFydGljaXBhw6fDo28gZGUgZXN0dWRhbnRlcyBkbyA1wrogYW5vIGRhIEVzY29sYSBNdW5pY2lwYWwgU29zc2VnbyBkYSBNYW3Do2UsIHF1ZSBwcm90YWdvbml6YXJhbSB1bWEgYXRpdmlkYWRlIGRlIHBhbmZsZXRhZ2VtIHZvbHRhZGEgw6Agb3JpZW50YcOnw6NvIGRhIHBvcHVsYcOnw6NvLjwvcD4KPCEtLSAvd3A6cGFyYWdyYXBoIC0tPgoKPCEtLSB3cDpwYXJhZ3JhcGggLS0+CjxwPkR1cmFudGUgYSBhw6fDo28sIG9zIGFsdW5vcyBkaXN0cmlidcOtcmFtIG1hdGVyaWFpcyBpbmZvcm1hdGl2b3MgZSBkaWFsb2dhcmFtIGNvbSBhIGNvbXVuaWRhZGUgc29icmUgbyBhdXRpc21vLCBzdWFzIGNhcmFjdGVyw61zdGljYXMgZSBhIGltcG9ydMOibmNpYSBkYSBpbmNsdXPDo28gc29jaWFsLCBjb250cmlidWluZG8gcGFyYSBhIGRpc3NlbWluYcOnw6NvIGRlIGNvbmhlY2ltZW50byBlIGEgcmVkdcOnw6NvIGRlIHByZWNvbmNlaXRvcy4gQSBpbmljaWF0aXZhIHJlZm9yw6dhIG8gcGFwZWwgZGEgZXNjb2xhIG5hIGZvcm1hw6fDo28gZGUgY2lkYWTDo29zIGNvbnNjaWVudGVzIGUgbm8gZXN0w61tdWxvIGFvIHByb3RhZ29uaXNtbyBlc3R1ZGFudGlsIGVtIGNhdXNhcyBzb2NpYWlzIHJlbGV2YW50ZXMuPC9wPgo8IS0tIC93cDpwYXJhZ3JhcGggLS0+Cgo8IS0tIHdwOnBhcmFncmFwaCAtLT4KPHA+QSBhdGl2aWRhZGUgY29udG91IGNvbSBvIGFwb2lvIGRhIFBvbMOtY2lhIFJvZG92acOhcmlhIEZlZGVyYWwgKFBSRiksIHF1ZSBhdHVvdSBuYSBvcmdhbml6YcOnw6NvIGRvIHRyw6Juc2l0byBlIG5hIHNlZ3VyYW7Dp2EgZG9zIHBhcnRpY2lwYW50ZXMuPC9wPgo8IS0tIC93cDpwYXJhZ3JhcGggLS0+Cgo8IS0tIHdwOnBhcmFncmFwaCAtLT4KPHA+QSBhw6fDo28gZm9pIGRlc2Vudm9sdmlkYSBwZWxhIGVxdWlwZSBtdWx0aWRpc2NpcGxpbmFyIGRhIFNlY3JldGFyaWEgTXVuaWNpcGFsIGRlIEVkdWNhw6fDo28sIGNvbSBvIGVudm9sdmltZW50byBkZSBwcm9maXNzaW9uYWlzIGRhIGVkdWNhw6fDo28gZSBkYSBlcXVpcGUgZXNjb2xhciwgZm9ydGFsZWNlbmRvIG8gdHJhYmFsaG8gY29sZXRpdm8gZW0gcHJvbCBkZSB1bWEgc29jaWVkYWRlIG1haXMgaW5jbHVzaXZhLCBiYXNlYWRhIG5vIHJlc3BlaXRvLCBuYSBlbXBhdGlhIGUgbmEgdmFsb3JpemHDp8OjbyBkYXMgZGlmZXJlbsOnYXMuPC9wPgo8IS0tIC93cDpwYXJhZ3JhcGggLS0+UHJlZmVpdHVyIGRlIEdhcmHDrSBwcm1vdmXDp8OjbyBkbyBBYnJpbCBBemwgZSBtYmlsaXphIGVzdHVkYW50ZXMgZSBjb25zY2llbnphw6fDoyBzb2JyZSBvIGF1dGlzbW9kb2N1bWVudHNsdWdzdGF0ZXNhdmVkQXRzdGF0ZXNhdmVkQnljbGllbnRJZGlzVmFsaWRuYW1lYXR0cmlidXRlc2NvbnRlbnRkcm9wQ2FwaW5uZXJCbG9ja3MKCjwhLS0gd3A6cGFyYWdyYXBoIC0tPgo8cD48L3A+CjwhLS0gL3dwOnBhcmFncmFwaCAtLT5pbWFnZXNpZHNuYXZpZ2F0aW9uQnV0dG9uVHlwZXNob3J0Q29kZVRyYW5zZm9ybXNjYXB0aW9uaW1hZ2VDcm9wcmFuZG9tT3JkZXJmaXhlZEhlaWdodHNpemVTbHVnYWxsb3dSZXNpemVhc3BlY3RSYXRpb2xpbmtUb2NsaWVudElkaXNWYWxpZG5hbWVhdHRyaWJ1dGVzdXJsYWx0Y2FwdGlvbmlkaW5uZXJCbG9ja3NjbGllbnRJZGlzVmFsaWRuYW1lYXR0cmlidXRlc3VybGFsdGNhcHRpb25pZGlubmVyQmxvY2tzY2xpZW50SWRpc1ZhbGlkbmFtZWF0dHJpYnV0ZXN1cmxhbHRjYXB0aW9uaWRpbm5lckJsb2Nrc2NsaWVudElkaXNWYWxpZG5hbWVhdHRyaWJ1dGVzdXJsYWx0Y2FwdGlvbmlkaW5uZXJCbG9ja3NjbGllbnRJZGlzVmFsaWRuYW1lYXR0cmlidXRlc3VybGFsdGNhcHRpb25pZGlubmVyQmxvY2tzY2xpZW50SWRpc1ZhbGlkbmFtZWF0dHJpYnV0ZXN1cmxhbHRjYXB0aW9uRm90b3M6IEdhYnJpZWwgQm9yZ2VzaWRpbm5lckJsb2Nrc2dhbGxlcnkgeyJsaW5rVG8iOiJub25lIn0gLS0+CjxmaWd1cmUgY2xhc3M9InctYmxvY2stZ2xsZXkgaHMtbmVzdGVkLWltYWVzIGNvbHVtbnMtZGVmYXVsdCBpcy1jb3BwZWQiPjwhLS0gd3A6aW1nZSB7ImlkIjo1MDQwfSAtLT4KPGZpZ3VyZSBjbGFzcz0idy1ibG9jay1pbWFnZSI+PGltZyBzcmM9InR0cHM6Ly9ndWFyYWkudG8uZ292LmJyL3RyYW5zcGFyZW5jaWEvd3AtY29udGVudC91cGxvYWRzLzIwMjYvMDQvcHJvamV0by1hYnJpbC1henVsLTUuanBlZyJhbHQ9IiIgY2xhc3M9IndwaW1hZ2U1MDQwIi88L2ZpZ3VyZT4hLS0gL3c6aW1hZ2UgLS0KCiEtLSB3cDppbWFnZSB7ImlkIjo1MDQxfSAtLT4KPGZpZ3VyZSBjbGFzcz0id3AtYmxvY2staW1hZ2UiPjxpbWcgc3JjPSJodHRwczovZ3VhcmFpLnRvLmdvdi5ici90cmFuc2FyZW5jaWEvd3AtY29udGVudC91cGxvYWRzLzIwMjYvMDQvUHJvamV0by1hYnJpbC1henVsLTYuanBlZyIgYWx0PSIiIGNsYXNzPSJ3cC1pbWFnZS01MDQxIi88L2ZpZ3VyZT5pbWFnZSAtLT4KCjwhLS0gdzppbWdlIHsiaWQiOjUwNDJ9IC0tPgo8ZmlndWUgY2xzcz0id3AtYmxvY2staW1hZSI+PGltZyBzYz0iaHR0cHM6Ly9ndXJhaS50by5nb3YuYnIvdHJhbnNhcmVuY2lhL3dwLWNvbnRlbnQvdXBsb2Fkcy8yMDI2LzA0L1Byb2pldG8tYWJyaWwtYXp1bC03LmpwZWciIGFsdD0iIiBjbGFzcz0id3AtaW1hZ2UtNTA0MiIvPjwvZmlndXJlPgo8IS0tIC93cDppbWFnZSAtLT4KCjwhLS0gd3A6aW1hZ2UgeyJpZCI6NTA0M30gLS0+CjxmaWd1cmUgY2xhc3M9IndwLWJsb2NrLWltYWdlIj48aW1nIHNyYz0idHRwczovL2d1YXJhaS50by5nb3YuYnIvdHJhbnNwYXJlbmNpYS93cC1jb250ZW50L3VwbG9hZHMvMjAyNi8wNC9Qcm9qZXRvLWFicmlsLWF6dWwtOC5qcGVnImFsdD0iIiBjbGFzcz0id3BpbWFnZTUwNDMiLzwvZmlndXJlPgo8IS0tIC93cDppbWFnZSAtLT4KCjwhLS0gd3A6aW1hZ2UgeyJpZCI6NTAzOX0gLS0+CjxmaWd1cmUgY2xhc3M9IndwLWJsb2NrLWltYWdlIj48aW1nIHNyYz0iaHR0cHM6Ly9ndWFyYWkudG8uZ292LmJyL3RyYW5zcGFyZW5jaWEvd3AtY29udGVudC91cGxvYWRzLzIwMjYvMDQvUHJvamV0by1hYnJpbC1henVsLTMuanBlZyIgYWx0PSIiIGNsYXNzPSJ3cC1pbWFnZS01MDM5Ii8+PC9maWd1cmU+CjwhLS0gL3dwOmltYWdlIC0tPgoKPCEtLSB3cDppbWFnZSB7ImlkIjo1MDM3fSAtLT4KPGZpZ3VyZSBjbGFzcz0id3AtYmxvY2staW1hZ2UiPjxpbWcgc3JjPSJodHRwczovL2d1YXJhaS50by5nb3YuYnIvdHJhbnNwYXJlbmNpYS93cC1jb250ZW50L3VwbG9hZHMvMjAyNi8wNC9Qcm9qZXRvLUFiLXJpbC1henVsLTIuanBlZyIgYWx0PSIiIGNsYXNzPSJ3cC1pbWFnZS01MDM3Ii8+PGZpZ2NhcHRpb24gY2xhc3M9IndwLWVsZW1lbnQtY2FwdGlvbiI+Rm90b3M6IEdhYnJpZWwgQm9yZ2VzPC9maWdjYXB0aW9uPjwvZmlndXJlPgo8IS0tIC93cDppbWFnZSAtLT48L2ZpZ3VyZT4KPCEtLSAvd3A6Z2FsbGVyeSAtLT5saW5rZnVsbFVybGxpbmtEZXN0aW5hdGlvbnNpemVTbHVnbGlua2Z1bGxVcmxsaW5rRGVzdGluYXRpb25zaXplU2x1Z2xpbmtmdWxsVXJsbGlua0Rlc3RpbmF0aW9uc2l6ZVNsdWdsaW5rZnVsbFVybGxpbmtEZXN0aW5hdGlvbnNpemVTbHVnbGlua2Z1bGxVcmxsaW5rRGVzdGluYXRpb25zaXplU2x1Z2xpbmtmdWxsVXJsbGlua0Rlc3RpbmF0aW9uc2l6ZVNsdWcsInNpemVTbHVnIjoibGFyZ2UiLCJsaW5rRGVzdGluYXRpb24iOiJub25lIiBzaXplLWxhcmdlLTEwMjR4NTc2LCJzaXplU2x1ZyI6ImxhcmdlIiwibGlua0Rlc3RpbmF0aW9uIjoibm9uZSIgc2l6ZS1sYXJnZS0xMDI0eDU3Niwic2l6ZVNsdWciOiJsYXJnZSIsImxpbmtEZXN0aW5hdGlvbiI6Im5vbmUiIHNpemUtbGFyZ2UtMTAyNHg1NzYsInNpemVTbHVnIjoibGFyZ2UiLCJsaW5rRGVzdGluYXRpb24iOiJub25lIiBzaXplLWxhcmdlLTEwMjR4NTc2LCJzaXplU2x1ZyI6ImxhcmdlIiwibGlua0Rlc3RpbmF0aW9uIjoibm9uZSIgc2l6ZS1sYXJnZS0xMDI0eDU3Niwic2l6ZVNsdWciOiJsYXJnZSIsImxpbmtEZXN0aW5hdGlvbiI6Im5vbmUiIHNpemUtbGFyZ2UtMTAyNHg1NzZzdGF0ZXZlcnNpb25jbGllbnRJZGlzVmFsaWRuYW1lYXR0cmlidXRlc2NvbnRlbnRkcm9wQ2FwaW5uZXJCbG9ja3NpbWFnZXNpZHNuYXZpZ2F0aW9uQnV0dG9uVHlwZXNob3J0Q29kZVRyYW5zZm9ybXNjYXB0aW9uaW1hZ2VDcm9wcmFuZG9tT3JkZXJmaXhlZEhlaWdodHNpemVTbHVnYWxsb3dSZXNpemVhc3BlY3RSYXRpb2xpbmtUb2NsaWVudElkaXNWYWxpZG5hbWVhdHRyaWJ1dGVzdXJsYWx0Y2FwdGlvbmlkaW5uZXJCbG9ja3NjbGllbnRJZGlzVmFsaWRuYW1lYXR0cmlidXRlc3VybGFsdGNhcHRpb25pZGlubmVyQmxvY2tzY2xpZW50SWRpc1ZhbGlkbmFtZWF0dHJpYnV0ZXN1cmxhbHRjYXB0aW9uRm90b3M6IEdhYnJpZWwgQm9yZ2VzaWRpbm5lckJsb2Nrc2xpbmtmdWxsVXJsbGlua0Rlc3RpbmF0aW9uc2l6ZVNsdWdsaW5rZnVsbFVybGxpbmtEZXN0aW5hdGlvbnNpemVTbHVnbGlua2Z1bGxVcmxsaW5rRGVzdGluYXRpb25zaXplU2x1ZwoKPCEtLSB3cDpnYWxsZXJ5IHsibGlua1RvIjoibm9uZSJ9IC0tPgo8ZmlndXJlIGNsYXNzPSJ3cC1ibG9jay1nYWxsZXJ5IGhhcy1uZXN0ZWQtaW1hZ2VzIGNvbHVtbnMtZGVmYXVsdCBpcy1jcm9wcGVkIj48IS0tIHdwOmltYWdlIHsiaWQiOjUwMzksInNpemVTbHVnIjoibGFyZ2UiLCJsaW5rRGVzdGluYXRpb24iOiJub25lIn0gLS0+CjxmaWd1cmUgY2xhc3M9IndwLWJsb2NrLWltYWdlIHNpemUtbGFyZ2UiPjxpbWcgc3JjPSJodHRwczovL2d1YXJhaS50by5nb3YuYnIvdHJhbnNwYXJlbmNpYS93cC1jb250ZW50L3VwbG9hZHMvMjAyNi8wNC9Qcm9qZXRvLWFicmlsLWF6dWwtMy0xMDI0eDU3Ni5qcGVnIiBhbHQ9IiIgY2xhc3M9IndwLWltYWdlLTUwMzkiLz48L2ZpZ3VyZT4KPCEtLSAvd3A6aW1hZ2UgLS0+Cgo8IS0tIHdwOmltYWdlIHsiaWQiOjUwMzgsInNpemVTbHVnIjoibGFyZ2UiLCJsaW5rRGVzdGluYXRpb24iOiJub25lIn0gLS0+CjxmaWd1cmUgY2xhc3M9IndwLWJsb2NrLWltYWdlIHNpemUtbGFyZ2UiPjxpbWcgc3JjPSJodHRwczovL2d1YXJhaS50by5nb3YuYnIvdHJhbnNwYXJlbmNpYS93cC1jb250ZW50L3VwbG9hZHMvMjAyNi8wNC9Qcm9qZXRvLWFicmlsLWF6dWwtMS0xMDI0eDU3Ni5qcGVnIiBhbHQ9IiIgY2xhc3M9IndwLWltYWdlLTUwMzgiLz48L2ZpZ3VyZT4KPCEtLSAvd3A6aW1hZ2UgLS0+PC9maWd1cmU+CjwhLS0gL3dwOmdhbGxlcnkgLS0+BQcIBAgGCAVBAQJBAQIBCAcIBwgGCA4IDggLCAZIAQYIBAwIGwkUGA8YFQgKCAQIBg0IBwQKRwALCAcECgeABAcLCAcECgeeAwcLCAcECgeFBgcLCAcECgeKAgcLCAcECgepBAcLGb8YCQUHBA8FEwkEEAgEBQcFBwgHBApHAAsKQQsCQQQKQQsGAxQTBwlLAAhLAAYIBwQKQwAHAgsIBwQKQwAHAgsIBwQKQwAHAgsIBwQKQwAHAgsIBwQKQwAHAgsIBwQKQwAHFQILLghDAAwXEQ0WTACVAQYQBQYJBgkCFyMSFzckCREDDQsEEAEIDRM3mwEjDJUBBhAFBjYjogGbASOjAagCBAcPCAQHDwgEBw8IBAcPCAQHDwgEBw8ILAsJLAsJLAsJLAsJLAsJLAsJBQcIBwQKRwALBgMUEwcJSwAISwAGCAcECkMABwILCAcECkMABwILCAcECkMABxUCCwQHDwgEBw8IBAcPCJILEwEDAAABCQAIAQIAMgECAGIBAABLQgEBAEEAAgBBAAIAQQACAEEAAgBBAAIAQQACAEEAQAACQQACAEEAAgBBAAIAQQACAEEAAgBBAAIAQQACQAACQQACAEEAAgBBAAIAEkECQgBBGagBQRKoAUEHEUGVAQLeAgB9AX0CeXcAdwhzdGFuZGFyZHl3AHcAdwB3AHcAdwB+dQB1AH0BeHcOY29yZS9wYXJhZ3JhcGh5dyRmYTUxMjZhOC1kY2IwLTQzYWEtYTk5OC1jMmIyMDg3NDE2OTB3JDY4ODY5NjgxLTBmMGYtNDUzMi04MjhiLTRmOGMyMWVjNzE3YXh3DmNvcmUvcGFyYWdyYXBoeXckYzRkMGYzN2ItN2Y3OS00OTkxLTg2NzktZjJiZWM3ZGU5ZTUzeHcOY29yZS9wYXJhZ3JhcGh5dyQxOTg5NTI5OS1lZWI5LTRlYjAtODRiZS0zMTc0NWZlZTkyODl4dw5jb3JlL3BhcmFncmFwaHl3JDExMjg4YzgwLTdjYTMtNGIzOS1hNDQzLWQzZjFjMmFjYWFiNHh3DmNvcmUvcGFyYWdyYXBoeXckYTIwODlkNjYtNGVhZi00NjgzLTkzM2ItYzhjNmI1NTQ1Yzk5eHcOY29yZS9wYXJhZ3JhcGh5fapOdwdwdWJsaXNodxMyMDI2LTA0LTMwVDIzOjIxOjMzd2hwcmVmZWl0dXJhLWRlLWd1YXJhaS1wcm9tb3ZlLWFjYW8tZG8tYWJyaWwtYXp1bC1lLW1vYmlsaXphLWVzdHVkYW50ZXMtZW0tY29uc2NpZW50aXphY2FvLXNvYnJlLW8tYXV0aXNtb3cGY2xvc2VkdQF9AXh3JDk4MmM1MmM5LWVlMWYtNDJiZi05MjBjLTYwNzVhZmM4ZGVjYncMY29yZS9nYWxsZXJ5dQB3BGljb251AHh5eHcFbGFyZ2V5dwRhdXRvdwRub25leHcKY29yZS9pbWFnZXcAfbBOeHcKY29yZS9pbWFnZXcAfbFOeHcKY29yZS9pbWFnZXcAfbJOeHcKY29yZS9pbWFnZXcAfbNOeHcKY29yZS9pbWFnZXcAfa9OeHcKY29yZS9pbWFnZXcAfa1OdyRiMWUyMTExNi05ZDQ2LTRmZGUtYmU5Ny1jYTI0YmJiNWVhOWF3ZGh0dHBzOi8vZ3VhcmFpLnRvLmdvdi5ici90cmFuc3BhcmVuY2lhL3dwLWNvbnRlbnQvdXBsb2Fkcy8yMDI2LzA0L3Byb2pldG8tYWJyaWwtYXp1bC01LTEwMjR4NTc2LmpwZWd3pQFodHRwczovL2d1YXJhaS50by5nb3YuYnIvdHJhbnNwYXJlbmNpYS9wcmVmZWl0dXJhLWRlLWd1YXJhaS1wcm9tb3ZlLWFjYW8tZG8tYWJyaWwtYXp1bC1lLW1vYmlsaXphLWVzdHVkYW50ZXMtZW0tY29uc2NpZW50aXphY2FvLXNvYnJlLW8tYXV0aXNtby9wcm9qZXRvLWFicmlsLWF6dWwtNS93W2h0dHBzOi8vZ3VhcmFpLnRvLmdvdi5ici90cmFuc3BhcmVuY2lhL3dwLWNvbnRlbnQvdXBsb2Fkcy8yMDI2LzA0L3Byb2pldG8tYWJyaWwtYXp1bC01LmpwZWd3BG5vbmV3BWxhcmdldyQwNjFjNjlhZS1hYmNhLTQ1MzctOGEyYS0zMjJmMTQ1ZWIyYjR3ZGh0dHBzOi8vZ3VhcmFpLnRvLmdvdi5ici90cmFuc3BhcmVuY2lhL3dwLWNvbnRlbnQvdXBsb2Fkcy8yMDI2LzA0L1Byb2pldG8tYWJyaWwtYXp1bC02LTEwMjR4NTc2LmpwZWd3pQFodHRwczovL2d1YXJhaS50by5nb3YuYnIvdHJhbnNwYXJlbmNpYS9wcmVmZWl0dXJhLWRlLWd1YXJhaS1wcm9tb3ZlLWFjYW8tZG8tYWJyaWwtYXp1bC1lLW1vYmlsaXphLWVzdHVkYW50ZXMtZW0tY29uc2NpZW50aXphY2FvLXNvYnJlLW8tYXV0aXNtby9wcm9qZXRvLWFicmlsLWF6dWwtNi93W2h0dHBzOi8vZ3VhcmFpLnRvLmdvdi5ici90cmFuc3BhcmVuY2lhL3dwLWNvbnRlbnQvdXBsb2Fkcy8yMDI2LzA0L1Byb2pldG8tYWJyaWwtYXp1bC02LmpwZWd3BG5vbmV3BWxhcmdldyQwMTg5YTEyNC0zZjFkLTQ0MDUtYWIzYS1lZjI0NWI5YmMyNjN3ZGh0dHBzOi8vZ3VhcmFpLnRvLmdvdi5ici90cmFuc3BhcmVuY2lhL3dwLWNvbnRlbnQvdXBsb2Fkcy8yMDI2LzA0L1Byb2pldG8tYWJyaWwtYXp1bC03LTEwMjR4NTc2LmpwZWd3pQFodHRwczovL2d1YXJhaS50by5nb3YuYnIvdHJhbnNwYXJlbmNpYS9wcmVmZWl0dXJhLWRlLWd1YXJhaS1wcm9tb3ZlLWFjYW8tZG8tYWJyaWwtYXp1bC1lLW1vYmlsaXphLWVzdHVkYW50ZXMtZW0tY29uc2NpZW50aXphY2FvLXNvYnJlLW8tYXV0aXNtby9wcm9qZXRvLWFicmlsLWF6dWwtNy93W2h0dHBzOi8vZ3VhcmFpLnRvLmdvdi5ici90cmFuc3BhcmVuY2lhL3dwLWNvbnRlbnQvdXBsb2Fkcy8yMDI2LzA0L1Byb2pldG8tYWJyaWwtYXp1bC03LmpwZWd3BG5vbmV3BWxhcmdldyQ1MmU3MDQxMS03NDdmLTQwZWItYjY0Ni1mNDE1YmYxOWI5OGR3ZGh0dHBzOi8vZ3VhcmFpLnRvLmdvdi5ici90cmFuc3BhcmVuY2lhL3dwLWNvbnRlbnQvdXBsb2Fkcy8yMDI2LzA0L1Byb2pldG8tYWJyaWwtYXp1bC04LTEwMjR4NTc2LmpwZWd3pQFodHRwczovL2d1YXJhaS50by5nb3YuYnIvdHJhbnNwYXJlbmNpYS9wcmVmZWl0dXJhLWRlLWd1YXJhaS1wcm9tb3ZlLWFjYW8tZG8tYWJyaWwtYXp1bC1lLW1vYmlsaXphLWVzdHVkYW50ZXMtZW0tY29uc2NpZW50aXphY2FvLXNvYnJlLW8tYXV0aXNtby9wcm9qZXRvLWFicmlsLWF6dWwtOC93W2h0dHBzOi8vZ3VhcmFpLnRvLmdvdi5ici90cmFuc3BhcmVuY2lhL3dwLWNvbnRlbnQvdXBsb2Fkcy8yMDI2LzA0L1Byb2pldG8tYWJyaWwtYXp1bC04LmpwZWd3BG5vbmV3BWxhcmdldyQ3ZTJmOGMwNS03NmVhLTRjYzktYmEwNi1hMjhmODQwZTBjZmF3ZGh0dHBzOi8vZ3VhcmFpLnRvLmdvdi5ici90cmFuc3BhcmVuY2lhL3dwLWNvbnRlbnQvdXBsb2Fkcy8yMDI2LzA0L1Byb2pldG8tYWJyaWwtYXp1bC0zLTEwMjR4NTc2LmpwZWd3pQFodHRwczovL2d1YXJhaS50by5nb3YuYnIvdHJhbnNwYXJlbmNpYS9wcmVmZWl0dXJhLWRlLWd1YXJhaS1wcm9tb3ZlLWFjYW8tZG8tYWJyaWwtYXp1bC1lLW1vYmlsaXphLWVzdHVkYW50ZXMtZW0tY29uc2NpZW50aXphY2FvLXNvYnJlLW8tYXV0aXNtby9wcm9qZXRvLWFicmlsLWF6dWwtMy93W2h0dHBzOi8vZ3VhcmFpLnRvLmdvdi5ici90cmFuc3BhcmVuY2lhL3dwLWNvbnRlbnQvdXBsb2Fkcy8yMDI2LzA0L1Byb2pldG8tYWJyaWwtYXp1bC0zLmpwZWd3BG5vbmV3BWxhcmdldyRmNDYyOTg3Ny0yNDViLTRhNmQtOGY5OC00MDE5YjZlNGY3YTB3ZWh0dHBzOi8vZ3VhcmFpLnRvLmdvdi5ici90cmFuc3BhcmVuY2lhL3dwLWNvbnRlbnQvdXBsb2Fkcy8yMDI2LzA0L1Byb2pldG8tQWItcmlsLWF6dWwtMi0xMDI0eDU3Ni5qcGVnd6YBaHR0cHM6Ly9ndWFyYWkudG8uZ292LmJyL3RyYW5zcGFyZW5jaWEvcHJlZmVpdHVyYS1kZS1ndWFyYWktcHJvbW92ZS1hY2FvLWRvLWFicmlsLWF6dWwtZS1tb2JpbGl6YS1lc3R1ZGFudGVzLWVtLWNvbnNjaWVudGl6YWNhby1zb2JyZS1vLWF1dGlzbW8vcHJvamV0by1hYi1yaWwtYXp1bC0yL3dcaHR0cHM6Ly9ndWFyYWkudG8uZ292LmJyL3RyYW5zcGFyZW5jaWEvd3AtY29udGVudC91cGxvYWRzLzIwMjYvMDQvUHJvamV0by1BYi1yaWwtYXp1bC0yLmpwZWd3BG5vbmV3BWxhcmdldwZjbG9zZWRNAH0AfbhOe0J53hW9JsAAfYTD4lx3JDJjYjIwMjU2LTc2ZDktNGQxZC05ZTYwLWM5NTE2ZTI0NTBhY3h3DmNvcmUvcGFyYWdyYXBoeXckYzQzZDcxYTQtOGU3OS00NzkwLThiNWItZDM2NjQxMTA5NDEwdwxjb3JlL2dhbGxlcnl1AHcEaWNvbnUAeHl4dwVsYXJnZXl3BGF1dG93BG5vbmV3JGU4OTk0MTc1LWFiOTItNGY3Mi05YjhmLTNiOTNiZTg1NzlhNHh3CmNvcmUvaW1hZ2V3W2h0dHBzOi8vZ3VhcmFpLnRvLmdvdi5ici90cmFuc3BhcmVuY2lhL3dwLWNvbnRlbnQvdXBsb2Fkcy8yMDI2LzA0L1Byb2pldG8tYWJyaWwtYXp1bC0zLmpwZWd3AH2vTnckYjhmYTIzNDEtZWU1MS00YTdlLTgwZmMtMDljOWQ5NDFkYzU5eHcKY29yZS9pbWFnZXdbaHR0cHM6Ly9ndWFyYWkudG8uZ292LmJyL3RyYW5zcGFyZW5jaWEvd3AtY29udGVudC91cGxvYWRzLzIwMjYvMDQvUHJvamV0by1hYnJpbC1henVsLTEuanBlZ3cAfa5OdyRjY2YyNjY0Yi01M2UxLTQ5OGUtODgyZi1kMDczMDk2ZjU4MWZ4dwpjb3JlL2ltYWdld1xodHRwczovL2d1YXJhaS50by5nb3YuYnIvdHJhbnNwYXJlbmNpYS93cC1jb250ZW50L3VwbG9hZHMvMjAyNi8wNC9Qcm9qZXRvLUFiLXJpbC1henVsLTIuanBlZ3cAfa1OdyQ3YTBiY2QxNi01ZmUxLTRkMTUtOGI5OC1hODg5ZmY0ZTBmZWR3ZGh0dHBzOi8vZ3VhcmFpLnRvLmdvdi5ici90cmFuc3BhcmVuY2lhL3dwLWNvbnRlbnQvdXBsb2Fkcy8yMDI2LzA0L1Byb2pldG8tYWJyaWwtYXp1bC0zLTEwMjR4NTc2LmpwZWd3pQFodHRwczovL2d1YXJhaS50by5nb3YuYnIvdHJhbnNwYXJlbmNpYS9wcmVmZWl0dXJhLWRlLWd1YXJhaS1wcm9tb3ZlLWFjYW8tZG8tYWJyaWwtYXp1bC1lLW1vYmlsaXphLWVzdHVkYW50ZXMtZW0tY29uc2NpZW50aXphY2FvLXNvYnJlLW8tYXV0aXNtby9wcm9qZXRvLWFicmlsLWF6dWwtMy93W2h0dHBzOi8vZ3VhcmFpLnRvLmdvdi5ici90cmFuc3BhcmVuY2lhL3dwLWNvbnRlbnQvdXBsb2Fkcy8yMDI2LzA0L1Byb2pldG8tYWJyaWwtYXp1bC0zLmpwZWd3BG5vbmV3BWxhcmdldyQ3YTg2ZDFkZi1iZmM0LTQ0ODAtOGY1Yi04YTcyM2YyNjViZWJ3ZGh0dHBzOi8vZ3VhcmFpLnRvLmdvdi5ici90cmFuc3BhcmVuY2lhL3dwLWNvbnRlbnQvdXBsb2Fkcy8yMDI2LzA0L1Byb2pldG8tYWJyaWwtYXp1bC0xLTEwMjR4NTc2LmpwZWd3pQFodHRwczovL2d1YXJhaS50by5nb3YuYnIvdHJhbnNwYXJlbmNpYS9wcmVmZWl0dXJhLWRlLWd1YXJhaS1wcm9tb3ZlLWFjYW8tZG8tYWJyaWwtYXp1bC1lLW1vYmlsaXphLWVzdHVkYW50ZXMtZW0tY29uc2NpZW50aXphY2FvLXNvYnJlLW8tYXV0aXNtby9wcm9qZXRvLWFicmlsLWF6dWwtMS93W2h0dHBzOi8vZ3VhcmFpLnRvLmdvdi5ici90cmFuc3BhcmVuY2lhL3dwLWNvbnRlbnQvdXBsb2Fkcy8yMDI2LzA0L1Byb2pldG8tYWJyaWwtYXp1bC0xLmpwZWd3BG5vbmV3BWxhcmdldyRkMDdlMjM4YS02NGE2LTQ2M2MtOGY5Yy04OWM0NzZkYjMxY2R3ZWh0dHBzOi8vZ3VhcmFpLnRvLmdvdi5ici90cmFuc3BhcmVuY2lhL3dwLWNvbnRlbnQvdXBsb2Fkcy8yMDI2LzA0L1Byb2pldG8tQWItcmlsLWF6dWwtMi0xMDI0eDU3Ni5qcGVnd6YBaHR0cHM6Ly9ndWFyYWkudG8uZ292LmJyL3RyYW5zcGFyZW5jaWEvcHJlZmVpdHVyYS1kZS1ndWFyYWktcHJvbW92ZS1hY2FvLWRvLWFicmlsLWF6dWwtZS1tb2JpbGl6YS1lc3R1ZGFudGVzLWVtLWNvbnNjaWVudGl6YWNhby1zb2JyZS1vLWF1dGlzbW8vcHJvamV0by1hYi1yaWwtYXp1bC0yL3dcaHR0cHM6Ly9ndWFyYWkudG8uZ292LmJyL3RyYW5zcGFyZW5jaWEvd3AtY29udGVudC91cGxvYWRzLzIwMjYvMDQvUHJvamV0by1BYi1yaWwtYXp1bC0yLmpwZWd3BG5vbmV3BWxhcmdlArrwsPMKHgEBAQABAQEBBAACAAIABAINAAQAB2fXCmecDQAFEwEAAQABAUYAAwAFAAMABQADAAUAAwAFAAMABQADAKQPA8ShsS4KAAEEAAEAAQEQAAMABQADAAQeDAU=\",\"updateId\":611192465}","cybocfi_hide_featured_image":"","footnotes":""},"categories":[1],"tags":[],"class_list":["post-5032","post","type-post","status-publish","format-standard","has-post-thumbnail","hentry","category-noticias","entry"],"acf":[],"yoast_head":"<!-- This site is optimized with the Yoast SEO Premium plugin v27.3 (Yoast SEO v27.3) - https:\/\/yoast.com\/product\/yoast-seo-premium-wordpress\/ -->\n<title>Prefeitura de Guara\u00ed promove a\u00e7\u00e3o do Abril Azul e mobiliza estudantes em conscientiza\u00e7\u00e3o sobre o autismo - Prefeitura Municipal de Guara\u00ed<\/title>\n<meta name=\"robots\" content=\"index, follow, max-snippet:-1, max-image-preview:large, max-video-preview:-1\" \/>\n<link rel=\"canonical\" href=\"https:\/\/guarai.to.gov.br\/transparencia\/prefeitura-de-guarai-promove-acao-do-abril-azul-e-mobiliza-estudantes-em-conscientizacao-sobre-o-autismo\/\" \/>\n<meta property=\"og:locale\" content=\"pt_BR\" \/>\n<meta property=\"og:type\" content=\"article\" \/>\n<meta property=\"og:title\" content=\"Prefeitura de Guara\u00ed promove a\u00e7\u00e3o do Abril Azul e mobiliza estudantes em conscientiza\u00e7\u00e3o sobre o autismo\" \/>\n<meta property=\"og:description\" content=\"A Prefeitura de Guara\u00ed, por meio da Secretaria Municipal de Educa\u00e7\u00e3o, realizou, na manh\u00e3 desta quarta-feira, 30 de abril, uma a\u00e7\u00e3o intitulada Abra\u00e7o Azul, em alus\u00e3o ao Abril Azul, m\u00eas dedicado \u00e0 conscientiza\u00e7\u00e3o sobre o Transtorno do Espectro Autista (TEA). A mobiliza\u00e7\u00e3o aconteceu na Avenida Bernardo Say\u00e3o e contou com a participa\u00e7\u00e3o de estudantes do&hellip; Continue lendo Prefeitura de Guara\u00ed promove a\u00e7\u00e3o do Abril Azul e mobiliza estudantes em conscientiza\u00e7\u00e3o sobre o autismo\" \/>\n<meta property=\"og:url\" content=\"https:\/\/guarai.to.gov.br\/transparencia\/prefeitura-de-guarai-promove-acao-do-abril-azul-e-mobiliza-estudantes-em-conscientizacao-sobre-o-autismo\/\" \/>\n<meta property=\"og:site_name\" content=\"Prefeitura Municipal de Guara\u00ed\" \/>\n<meta property=\"article:published_time\" content=\"2026-05-01T02:21:33+00:00\" \/>\n<meta property=\"article:modified_time\" content=\"2026-05-01T02:27:15+00:00\" \/>\n<meta property=\"og:image\" content=\"https:\/\/guarai.to.gov.br\/transparencia\/wp-content\/uploads\/2026\/04\/Projeto-abril-azul-1-capa.jpeg\" \/>\n\t<meta property=\"og:image:width\" content=\"555\" \/>\n\t<meta property=\"og:image:height\" content=\"600\" \/>\n\t<meta property=\"og:image:type\" content=\"image\/jpeg\" \/>\n<meta name=\"author\" content=\"Comunica\u00e7\u00e3o Guara\u00ed\" \/>\n<meta name=\"twitter:card\" content=\"summary_large_image\" \/>\n<meta name=\"twitter:label1\" content=\"Escrito por\" \/>\n\t<meta name=\"twitter:data1\" content=\"Comunica\u00e7\u00e3o Guara\u00ed\" \/>\n\t<meta name=\"twitter:label2\" content=\"Est. tempo de leitura\" \/>\n\t<meta name=\"twitter:data2\" content=\"3 minutos\" \/>\n<script type=\"application\/ld+json\" class=\"yoast-schema-graph\">{\"@context\":\"https:\\\/\\\/schema.org\",\"@graph\":[{\"@type\":\"Article\",\"@id\":\"https:\\\/\\\/guarai.to.gov.br\\\/transparencia\\\/prefeitura-de-guarai-promove-acao-do-abril-azul-e-mobiliza-estudantes-em-conscientizacao-sobre-o-autismo\\\/#article\",\"isPartOf\":{\"@id\":\"https:\\\/\\\/guarai.to.gov.br\\\/transparencia\\\/prefeitura-de-guarai-promove-acao-do-abril-azul-e-mobiliza-estudantes-em-conscientizacao-sobre-o-autismo\\\/\"},\"author\":{\"name\":\"Comunica\u00e7\u00e3o Guara\u00ed\",\"@id\":\"https:\\\/\\\/guarai.to.gov.br\\\/transparencia\\\/#\\\/schema\\\/person\\\/dcdb75887661c2650574d9d0792d95f2\"},\"headline\":\"Prefeitura de Guara\u00ed promove a\u00e7\u00e3o do Abril Azul e mobiliza estudantes em conscientiza\u00e7\u00e3o sobre o autismo\",\"datePublished\":\"2026-05-01T02:21:33+00:00\",\"dateModified\":\"2026-05-01T02:27:15+00:00\",\"mainEntityOfPage\":{\"@id\":\"https:\\\/\\\/guarai.to.gov.br\\\/transparencia\\\/prefeitura-de-guarai-promove-acao-do-abril-azul-e-mobiliza-estudantes-em-conscientizacao-sobre-o-autismo\\\/\"},\"wordCount\":247,\"publisher\":{\"@id\":\"https:\\\/\\\/guarai.to.gov.br\\\/transparencia\\\/#organization\"},\"image\":{\"@id\":\"https:\\\/\\\/guarai.to.gov.br\\\/transparencia\\\/prefeitura-de-guarai-promove-acao-do-abril-azul-e-mobiliza-estudantes-em-conscientizacao-sobre-o-autismo\\\/#primaryimage\"},\"thumbnailUrl\":\"https:\\\/\\\/guarai.to.gov.br\\\/transparencia\\\/wp-content\\\/uploads\\\/2026\\\/04\\\/Projeto-abril-azul-1-capa.jpeg\",\"articleSection\":[\"NOTICIAS\"],\"inLanguage\":\"pt-BR\"},{\"@type\":\"WebPage\",\"@id\":\"https:\\\/\\\/guarai.to.gov.br\\\/transparencia\\\/prefeitura-de-guarai-promove-acao-do-abril-azul-e-mobiliza-estudantes-em-conscientizacao-sobre-o-autismo\\\/\",\"url\":\"https:\\\/\\\/guarai.to.gov.br\\\/transparencia\\\/prefeitura-de-guarai-promove-acao-do-abril-azul-e-mobiliza-estudantes-em-conscientizacao-sobre-o-autismo\\\/\",\"name\":\"Prefeitura de Guara\u00ed promove a\u00e7\u00e3o do Abril Azul e mobiliza estudantes em conscientiza\u00e7\u00e3o sobre o autismo - Prefeitura Municipal de Guara\u00ed\",\"isPartOf\":{\"@id\":\"https:\\\/\\\/guarai.to.gov.br\\\/transparencia\\\/#website\"},\"primaryImageOfPage\":{\"@id\":\"https:\\\/\\\/guarai.to.gov.br\\\/transparencia\\\/prefeitura-de-guarai-promove-acao-do-abril-azul-e-mobiliza-estudantes-em-conscientizacao-sobre-o-autismo\\\/#primaryimage\"},\"image\":{\"@id\":\"https:\\\/\\\/guarai.to.gov.br\\\/transparencia\\\/prefeitura-de-guarai-promove-acao-do-abril-azul-e-mobiliza-estudantes-em-conscientizacao-sobre-o-autismo\\\/#primaryimage\"},\"thumbnailUrl\":\"https:\\\/\\\/guarai.to.gov.br\\\/transparencia\\\/wp-content\\\/uploads\\\/2026\\\/04\\\/Projeto-abril-azul-1-capa.jpeg\",\"datePublished\":\"2026-05-01T02:21:33+00:00\",\"dateModified\":\"2026-05-01T02:27:15+00:00\",\"breadcrumb\":{\"@id\":\"https:\\\/\\\/guarai.to.gov.br\\\/transparencia\\\/prefeitura-de-guarai-promove-acao-do-abril-azul-e-mobiliza-estudantes-em-conscientizacao-sobre-o-autismo\\\/#breadcrumb\"},\"inLanguage\":\"pt-BR\",\"potentialAction\":[{\"@type\":\"ReadAction\",\"target\":[\"https:\\\/\\\/guarai.to.gov.br\\\/transparencia\\\/prefeitura-de-guarai-promove-acao-do-abril-azul-e-mobiliza-estudantes-em-conscientizacao-sobre-o-autismo\\\/\"]}]},{\"@type\":\"ImageObject\",\"inLanguage\":\"pt-BR\",\"@id\":\"https:\\\/\\\/guarai.to.gov.br\\\/transparencia\\\/prefeitura-de-guarai-promove-acao-do-abril-azul-e-mobiliza-estudantes-em-conscientizacao-sobre-o-autismo\\\/#primaryimage\",\"url\":\"https:\\\/\\\/guarai.to.gov.br\\\/transparencia\\\/wp-content\\\/uploads\\\/2026\\\/04\\\/Projeto-abril-azul-1-capa.jpeg\",\"contentUrl\":\"https:\\\/\\\/guarai.to.gov.br\\\/transparencia\\\/wp-content\\\/uploads\\\/2026\\\/04\\\/Projeto-abril-azul-1-capa.jpeg\",\"width\":555,\"height\":600,\"caption\":\"Foto Gabriel Borges\"},{\"@type\":\"BreadcrumbList\",\"@id\":\"https:\\\/\\\/guarai.to.gov.br\\\/transparencia\\\/prefeitura-de-guarai-promove-acao-do-abril-azul-e-mobiliza-estudantes-em-conscientizacao-sobre-o-autismo\\\/#breadcrumb\",\"itemListElement\":[{\"@type\":\"ListItem\",\"position\":1,\"name\":\"In\u00edcio\",\"item\":\"https:\\\/\\\/guarai.to.gov.br\\\/transparencia\\\/\"},{\"@type\":\"ListItem\",\"position\":2,\"name\":\"Prefeitura de Guara\u00ed promove a\u00e7\u00e3o do Abril Azul e mobiliza estudantes em conscientiza\u00e7\u00e3o sobre o autismo\"}]},{\"@type\":\"WebSite\",\"@id\":\"https:\\\/\\\/guarai.to.gov.br\\\/transparencia\\\/#website\",\"url\":\"https:\\\/\\\/guarai.to.gov.br\\\/transparencia\\\/\",\"name\":\"Prefeitura Municipal de Guara\u00ed\",\"description\":\"\",\"publisher\":{\"@id\":\"https:\\\/\\\/guarai.to.gov.br\\\/transparencia\\\/#organization\"},\"alternateName\":\"https:\\\/\\\/guarai.to.gov.br\\\/transparencia\",\"potentialAction\":[{\"@type\":\"SearchAction\",\"target\":{\"@type\":\"EntryPoint\",\"urlTemplate\":\"https:\\\/\\\/guarai.to.gov.br\\\/transparencia\\\/?s={search_term_string}\"},\"query-input\":{\"@type\":\"PropertyValueSpecification\",\"valueRequired\":true,\"valueName\":\"search_term_string\"}}],\"inLanguage\":\"pt-BR\"},{\"@type\":\"Organization\",\"@id\":\"https:\\\/\\\/guarai.to.gov.br\\\/transparencia\\\/#organization\",\"name\":\"Prefeitura Municipal de Guara\u00ed\",\"alternateName\":\"Prefeitura Municipal de Guara\u00ed\",\"url\":\"https:\\\/\\\/guarai.to.gov.br\\\/transparencia\\\/\",\"logo\":{\"@type\":\"ImageObject\",\"inLanguage\":\"pt-BR\",\"@id\":\"https:\\\/\\\/guarai.to.gov.br\\\/transparencia\\\/#\\\/schema\\\/logo\\\/image\\\/\",\"url\":\"https:\\\/\\\/guarai.to.gov.br\\\/transparencia\\\/wp-content\\\/uploads\\\/2024\\\/11\\\/brasao_atualizado.png\",\"contentUrl\":\"https:\\\/\\\/guarai.to.gov.br\\\/transparencia\\\/wp-content\\\/uploads\\\/2024\\\/11\\\/brasao_atualizado.png\",\"width\":50,\"height\":53,\"caption\":\"Prefeitura Municipal de Guara\u00ed\"},\"image\":{\"@id\":\"https:\\\/\\\/guarai.to.gov.br\\\/transparencia\\\/#\\\/schema\\\/logo\\\/image\\\/\"},\"description\":\"Av. Bernardo Say\u00e3o, S\\\/N - Centro, Guara\u00ed - TO, 77700-000\",\"email\":\"gabinetedoprefeito@guarai.to.gov.br\",\"telephone\":\"6334641030, 6334641018, 34644620\",\"legalName\":\"Prefeitura Municipal de Guara\u00ed\",\"foundingDate\":\"1970-04-11\",\"vatID\":\"02.070.548\\\/0001-33\",\"numberOfEmployees\":{\"@type\":\"QuantitativeValue\",\"minValue\":\"1001\",\"maxValue\":\"5000\"}},{\"@type\":\"Person\",\"@id\":\"https:\\\/\\\/guarai.to.gov.br\\\/transparencia\\\/#\\\/schema\\\/person\\\/dcdb75887661c2650574d9d0792d95f2\",\"name\":\"Comunica\u00e7\u00e3o Guara\u00ed\",\"image\":{\"@type\":\"ImageObject\",\"inLanguage\":\"pt-BR\",\"@id\":\"https:\\\/\\\/secure.gravatar.com\\\/avatar\\\/91ad7257fa34385f5a31b716113984a42b882ef420e2b650958be17b318f6d8d?s=96&d=mm&r=g\",\"url\":\"https:\\\/\\\/secure.gravatar.com\\\/avatar\\\/91ad7257fa34385f5a31b716113984a42b882ef420e2b650958be17b318f6d8d?s=96&d=mm&r=g\",\"contentUrl\":\"https:\\\/\\\/secure.gravatar.com\\\/avatar\\\/91ad7257fa34385f5a31b716113984a42b882ef420e2b650958be17b318f6d8d?s=96&d=mm&r=g\",\"caption\":\"Comunica\u00e7\u00e3o Guara\u00ed\"},\"url\":\"https:\\\/\\\/guarai.to.gov.br\\\/transparencia\\\/author\\\/comunicacaoguarai\\\/\"}]}<\/script>\n<!-- \/ Yoast SEO Premium plugin. -->","yoast_head_json":{"title":"Prefeitura de Guara\u00ed promove a\u00e7\u00e3o do Abril Azul e mobiliza estudantes em conscientiza\u00e7\u00e3o sobre o autismo - Prefeitura Municipal de Guara\u00ed","robots":{"index":"index","follow":"follow","max-snippet":"max-snippet:-1","max-image-preview":"max-image-preview:large","max-video-preview":"max-video-preview:-1"},"canonical":"https:\/\/guarai.to.gov.br\/transparencia\/prefeitura-de-guarai-promove-acao-do-abril-azul-e-mobiliza-estudantes-em-conscientizacao-sobre-o-autismo\/","og_locale":"pt_BR","og_type":"article","og_title":"Prefeitura de Guara\u00ed promove a\u00e7\u00e3o do Abril Azul e mobiliza estudantes em conscientiza\u00e7\u00e3o sobre o autismo","og_description":"A Prefeitura de Guara\u00ed, por meio da Secretaria Municipal de Educa\u00e7\u00e3o, realizou, na manh\u00e3 desta quarta-feira, 30 de abril, uma a\u00e7\u00e3o intitulada Abra\u00e7o Azul, em alus\u00e3o ao Abril Azul, m\u00eas dedicado \u00e0 conscientiza\u00e7\u00e3o sobre o Transtorno do Espectro Autista (TEA). A mobiliza\u00e7\u00e3o aconteceu na Avenida Bernardo Say\u00e3o e contou com a participa\u00e7\u00e3o de estudantes do&hellip; Continue lendo Prefeitura de Guara\u00ed promove a\u00e7\u00e3o do Abril Azul e mobiliza estudantes em conscientiza\u00e7\u00e3o sobre o autismo","og_url":"https:\/\/guarai.to.gov.br\/transparencia\/prefeitura-de-guarai-promove-acao-do-abril-azul-e-mobiliza-estudantes-em-conscientizacao-sobre-o-autismo\/","og_site_name":"Prefeitura Municipal de Guara\u00ed","article_published_time":"2026-05-01T02:21:33+00:00","article_modified_time":"2026-05-01T02:27:15+00:00","og_image":[{"width":555,"height":600,"url":"https:\/\/guarai.to.gov.br\/transparencia\/wp-content\/uploads\/2026\/04\/Projeto-abril-azul-1-capa.jpeg","type":"image\/jpeg"}],"author":"Comunica\u00e7\u00e3o Guara\u00ed","twitter_card":"summary_large_image","twitter_misc":{"Escrito por":"Comunica\u00e7\u00e3o Guara\u00ed","Est. tempo de leitura":"3 minutos"},"schema":{"@context":"https:\/\/schema.org","@graph":[{"@type":"Article","@id":"https:\/\/guarai.to.gov.br\/transparencia\/prefeitura-de-guarai-promove-acao-do-abril-azul-e-mobiliza-estudantes-em-conscientizacao-sobre-o-autismo\/#article","isPartOf":{"@id":"https:\/\/guarai.to.gov.br\/transparencia\/prefeitura-de-guarai-promove-acao-do-abril-azul-e-mobiliza-estudantes-em-conscientizacao-sobre-o-autismo\/"},"author":{"name":"Comunica\u00e7\u00e3o Guara\u00ed","@id":"https:\/\/guarai.to.gov.br\/transparencia\/#\/schema\/person\/dcdb75887661c2650574d9d0792d95f2"},"headline":"Prefeitura de Guara\u00ed promove a\u00e7\u00e3o do Abril Azul e mobiliza estudantes em conscientiza\u00e7\u00e3o sobre o autismo","datePublished":"2026-05-01T02:21:33+00:00","dateModified":"2026-05-01T02:27:15+00:00","mainEntityOfPage":{"@id":"https:\/\/guarai.to.gov.br\/transparencia\/prefeitura-de-guarai-promove-acao-do-abril-azul-e-mobiliza-estudantes-em-conscientizacao-sobre-o-autismo\/"},"wordCount":247,"publisher":{"@id":"https:\/\/guarai.to.gov.br\/transparencia\/#organization"},"image":{"@id":"https:\/\/guarai.to.gov.br\/transparencia\/prefeitura-de-guarai-promove-acao-do-abril-azul-e-mobiliza-estudantes-em-conscientizacao-sobre-o-autismo\/#primaryimage"},"thumbnailUrl":"https:\/\/guarai.to.gov.br\/transparencia\/wp-content\/uploads\/2026\/04\/Projeto-abril-azul-1-capa.jpeg","articleSection":["NOTICIAS"],"inLanguage":"pt-BR"},{"@type":"WebPage","@id":"https:\/\/guarai.to.gov.br\/transparencia\/prefeitura-de-guarai-promove-acao-do-abril-azul-e-mobiliza-estudantes-em-conscientizacao-sobre-o-autismo\/","url":"https:\/\/guarai.to.gov.br\/transparencia\/prefeitura-de-guarai-promove-acao-do-abril-azul-e-mobiliza-estudantes-em-conscientizacao-sobre-o-autismo\/","name":"Prefeitura de Guara\u00ed promove a\u00e7\u00e3o do Abril Azul e mobiliza estudantes em conscientiza\u00e7\u00e3o sobre o autismo - Prefeitura Municipal de Guara\u00ed","isPartOf":{"@id":"https:\/\/guarai.to.gov.br\/transparencia\/#website"},"primaryImageOfPage":{"@id":"https:\/\/guarai.to.gov.br\/transparencia\/prefeitura-de-guarai-promove-acao-do-abril-azul-e-mobiliza-estudantes-em-conscientizacao-sobre-o-autismo\/#primaryimage"},"image":{"@id":"https:\/\/guarai.to.gov.br\/transparencia\/prefeitura-de-guarai-promove-acao-do-abril-azul-e-mobiliza-estudantes-em-conscientizacao-sobre-o-autismo\/#primaryimage"},"thumbnailUrl":"https:\/\/guarai.to.gov.br\/transparencia\/wp-content\/uploads\/2026\/04\/Projeto-abril-azul-1-capa.jpeg","datePublished":"2026-05-01T02:21:33+00:00","dateModified":"2026-05-01T02:27:15+00:00","breadcrumb":{"@id":"https:\/\/guarai.to.gov.br\/transparencia\/prefeitura-de-guarai-promove-acao-do-abril-azul-e-mobiliza-estudantes-em-conscientizacao-sobre-o-autismo\/#breadcrumb"},"inLanguage":"pt-BR","potentialAction":[{"@type":"ReadAction","target":["https:\/\/guarai.to.gov.br\/transparencia\/prefeitura-de-guarai-promove-acao-do-abril-azul-e-mobiliza-estudantes-em-conscientizacao-sobre-o-autismo\/"]}]},{"@type":"ImageObject","inLanguage":"pt-BR","@id":"https:\/\/guarai.to.gov.br\/transparencia\/prefeitura-de-guarai-promove-acao-do-abril-azul-e-mobiliza-estudantes-em-conscientizacao-sobre-o-autismo\/#primaryimage","url":"https:\/\/guarai.to.gov.br\/transparencia\/wp-content\/uploads\/2026\/04\/Projeto-abril-azul-1-capa.jpeg","contentUrl":"https:\/\/guarai.to.gov.br\/transparencia\/wp-content\/uploads\/2026\/04\/Projeto-abril-azul-1-capa.jpeg","width":555,"height":600,"caption":"Foto Gabriel Borges"},{"@type":"BreadcrumbList","@id":"https:\/\/guarai.to.gov.br\/transparencia\/prefeitura-de-guarai-promove-acao-do-abril-azul-e-mobiliza-estudantes-em-conscientizacao-sobre-o-autismo\/#breadcrumb","itemListElement":[{"@type":"ListItem","position":1,"name":"In\u00edcio","item":"https:\/\/guarai.to.gov.br\/transparencia\/"},{"@type":"ListItem","position":2,"name":"Prefeitura de Guara\u00ed promove a\u00e7\u00e3o do Abril Azul e mobiliza estudantes em conscientiza\u00e7\u00e3o sobre o autismo"}]},{"@type":"WebSite","@id":"https:\/\/guarai.to.gov.br\/transparencia\/#website","url":"https:\/\/guarai.to.gov.br\/transparencia\/","name":"Prefeitura Municipal de Guara\u00ed","description":"","publisher":{"@id":"https:\/\/guarai.to.gov.br\/transparencia\/#organization"},"alternateName":"https:\/\/guarai.to.gov.br\/transparencia","potentialAction":[{"@type":"SearchAction","target":{"@type":"EntryPoint","urlTemplate":"https:\/\/guarai.to.gov.br\/transparencia\/?s={search_term_string}"},"query-input":{"@type":"PropertyValueSpecification","valueRequired":true,"valueName":"search_term_string"}}],"inLanguage":"pt-BR"},{"@type":"Organization","@id":"https:\/\/guarai.to.gov.br\/transparencia\/#organization","name":"Prefeitura Municipal de Guara\u00ed","alternateName":"Prefeitura Municipal de Guara\u00ed","url":"https:\/\/guarai.to.gov.br\/transparencia\/","logo":{"@type":"ImageObject","inLanguage":"pt-BR","@id":"https:\/\/guarai.to.gov.br\/transparencia\/#\/schema\/logo\/image\/","url":"https:\/\/guarai.to.gov.br\/transparencia\/wp-content\/uploads\/2024\/11\/brasao_atualizado.png","contentUrl":"https:\/\/guarai.to.gov.br\/transparencia\/wp-content\/uploads\/2024\/11\/brasao_atualizado.png","width":50,"height":53,"caption":"Prefeitura Municipal de Guara\u00ed"},"image":{"@id":"https:\/\/guarai.to.gov.br\/transparencia\/#\/schema\/logo\/image\/"},"description":"Av. Bernardo Say\u00e3o, S\/N - Centro, Guara\u00ed - TO, 77700-000","email":"gabinetedoprefeito@guarai.to.gov.br","telephone":"6334641030, 6334641018, 34644620","legalName":"Prefeitura Municipal de Guara\u00ed","foundingDate":"1970-04-11","vatID":"02.070.548\/0001-33","numberOfEmployees":{"@type":"QuantitativeValue","minValue":"1001","maxValue":"5000"}},{"@type":"Person","@id":"https:\/\/guarai.to.gov.br\/transparencia\/#\/schema\/person\/dcdb75887661c2650574d9d0792d95f2","name":"Comunica\u00e7\u00e3o Guara\u00ed","image":{"@type":"ImageObject","inLanguage":"pt-BR","@id":"https:\/\/secure.gravatar.com\/avatar\/91ad7257fa34385f5a31b716113984a42b882ef420e2b650958be17b318f6d8d?s=96&d=mm&r=g","url":"https:\/\/secure.gravatar.com\/avatar\/91ad7257fa34385f5a31b716113984a42b882ef420e2b650958be17b318f6d8d?s=96&d=mm&r=g","contentUrl":"https:\/\/secure.gravatar.com\/avatar\/91ad7257fa34385f5a31b716113984a42b882ef420e2b650958be17b318f6d8d?s=96&d=mm&r=g","caption":"Comunica\u00e7\u00e3o Guara\u00ed"},"url":"https:\/\/guarai.to.gov.br\/transparencia\/author\/comunicacaoguarai\/"}]}},"_links":{"self":[{"href":"https:\/\/guarai.to.gov.br\/transparencia\/wp-json\/wp\/v2\/posts\/5032","targetHints":{"allow":["GET"]}}],"collection":[{"href":"https:\/\/guarai.to.gov.br\/transparencia\/wp-json\/wp\/v2\/posts"}],"about":[{"href":"https:\/\/guarai.to.gov.br\/transparencia\/wp-json\/wp\/v2\/types\/post"}],"author":[{"embeddable":true,"href":"https:\/\/guarai.to.gov.br\/transparencia\/wp-json\/wp\/v2\/users\/2"}],"replies":[{"embeddable":true,"href":"https:\/\/guarai.to.gov.br\/transparencia\/wp-json\/wp\/v2\/comments?post=5032"}],"version-history":[{"count":6,"href":"https:\/\/guarai.to.gov.br\/transparencia\/wp-json\/wp\/v2\/posts\/5032\/revisions"}],"predecessor-version":[{"id":5052,"href":"https:\/\/guarai.to.gov.br\/transparencia\/wp-json\/wp\/v2\/posts\/5032\/revisions\/5052"}],"wp:featuredmedia":[{"embeddable":true,"href":"https:\/\/guarai.to.gov.br\/transparencia\/wp-json\/wp\/v2\/media\/5048"}],"wp:attachment":[{"href":"https:\/\/guarai.to.gov.br\/transparencia\/wp-json\/wp\/v2\/media?parent=5032"}],"wp:term":[{"taxonomy":"category","embeddable":true,"href":"https:\/\/guarai.to.gov.br\/transparencia\/wp-json\/wp\/v2\/categories?post=5032"},{"taxonomy":"post_tag","embeddable":true,"href":"https:\/\/guarai.to.gov.br\/transparencia\/wp-json\/wp\/v2\/tags?post=5032"}],"curies":[{"name":"wp","href":"https:\/\/api.w.org\/{rel}","templated":true}]}}