{"id":5054,"date":"2026-05-01T16:47:50","date_gmt":"2026-05-01T19:47:50","guid":{"rendered":"https:\/\/guarai.to.gov.br\/transparencia\/?p=5054"},"modified":"2026-05-01T16:54:18","modified_gmt":"2026-05-01T19:54:18","slug":"guarai-fortalece-calendario-cultural-com-a-3a-edicao-do-guarafe","status":"publish","type":"post","link":"https:\/\/guarai.to.gov.br\/transparencia\/guarai-fortalece-calendario-cultural-com-a-3a-edicao-do-guarafe\/","title":{"rendered":"Guara\u00ed fortalece calend\u00e1rio cultural com a 3\u00aa edi\u00e7\u00e3o do GuaraF\u00e9"},"content":{"rendered":"\n<p class=\"wp-block-paragraph\"><\/p>\n\n\n\n<p class=\"wp-block-paragraph\">A noite desta quinta-feira, 30 de abril, foi marcada por f\u00e9, m\u00fasica e grande participa\u00e7\u00e3o popular em Guara\u00ed, durante a realiza\u00e7\u00e3o da 3\u00aa edi\u00e7\u00e3o do Guara Festival (GuaraF\u00e9). O evento aconteceu em uma ampla estrutura montada em frente \u00e0 Pra\u00e7a da Concilia\u00e7\u00e3o Prefeito Euclides Lima Rodrigues, reunindo p\u00fablico local e visitantes de diversas cidades da regi\u00e3o.<\/p>\n\n\n\n<p class=\"wp-block-paragraph\">Voltado ao segmento gospel, o festival contou com apresenta\u00e7\u00f5es de artistas de destaque no cen\u00e1rio nacional, como Jefferson e Suellen, Banda Novo Som, Sara Evelyn e a dupla Lucas Roque e Gabriel, proporcionando uma programa\u00e7\u00e3o diversificada e de forte impacto espiritual e cultural.<\/p>\n\n\n\n<p class=\"wp-block-paragraph\">A realiza\u00e7\u00e3o do GuaraF\u00e9 \u00e9 da Prefeitura Municipal de Guara\u00ed, em parceria com a C\u00e2mara Municipal de Guara\u00ed. Os recursos destinados \u00e0 contrata\u00e7\u00e3o das atra\u00e7\u00f5es s\u00e3o provenientes de emendas parlamentares, evidenciando o compromisso institucional com o fortalecimento de eventos que promovem valores, cultura e integra\u00e7\u00e3o social. A gest\u00e3o municipal tamb\u00e9m foi respons\u00e1vel por toda a estrutura necess\u00e1ria, garantindo conforto, seguran\u00e7a e qualidade ao p\u00fablico presente.<\/p>\n\n\n\n<figure class=\"wp-block-gallery has-nested-images columns-default is-cropped wp-block-gallery-1 is-layout-flex wp-block-gallery-is-layout-flex\">\n<figure class=\"wp-block-image size-large\"><img fetchpriority=\"high\" decoding=\"async\" width=\"1024\" height=\"576\" data-id=\"5059\" src=\"https:\/\/guarai.to.gov.br\/transparencia\/wp-content\/uploads\/2026\/05\/WhatsApp-Image-2026-05-01-at-15.07.35-Copia-1024x576.jpeg\" alt=\"\" class=\"wp-image-5059\" srcset=\"https:\/\/guarai.to.gov.br\/transparencia\/wp-content\/uploads\/2026\/05\/WhatsApp-Image-2026-05-01-at-15.07.35-Copia-1024x576.jpeg 1024w, https:\/\/guarai.to.gov.br\/transparencia\/wp-content\/uploads\/2026\/05\/WhatsApp-Image-2026-05-01-at-15.07.35-Copia-460x259.jpeg 460w, https:\/\/guarai.to.gov.br\/transparencia\/wp-content\/uploads\/2026\/05\/WhatsApp-Image-2026-05-01-at-15.07.35-Copia-160x90.jpeg 160w, https:\/\/guarai.to.gov.br\/transparencia\/wp-content\/uploads\/2026\/05\/WhatsApp-Image-2026-05-01-at-15.07.35-Copia-768x432.jpeg 768w, https:\/\/guarai.to.gov.br\/transparencia\/wp-content\/uploads\/2026\/05\/WhatsApp-Image-2026-05-01-at-15.07.35-Copia.jpeg 1280w\" sizes=\"(max-width: 1024px) 100vw, 1024px\" \/><\/figure>\n\n\n\n<figure class=\"wp-block-image size-large\"><img decoding=\"async\" width=\"1024\" height=\"576\" data-id=\"5063\" src=\"https:\/\/guarai.to.gov.br\/transparencia\/wp-content\/uploads\/2026\/05\/WhatsApp-Image-2026-05-01-at-15.07.36-Copia-1024x576.jpeg\" alt=\"\" class=\"wp-image-5063\" srcset=\"https:\/\/guarai.to.gov.br\/transparencia\/wp-content\/uploads\/2026\/05\/WhatsApp-Image-2026-05-01-at-15.07.36-Copia-1024x576.jpeg 1024w, https:\/\/guarai.to.gov.br\/transparencia\/wp-content\/uploads\/2026\/05\/WhatsApp-Image-2026-05-01-at-15.07.36-Copia-460x259.jpeg 460w, https:\/\/guarai.to.gov.br\/transparencia\/wp-content\/uploads\/2026\/05\/WhatsApp-Image-2026-05-01-at-15.07.36-Copia-160x90.jpeg 160w, https:\/\/guarai.to.gov.br\/transparencia\/wp-content\/uploads\/2026\/05\/WhatsApp-Image-2026-05-01-at-15.07.36-Copia-768x432.jpeg 768w, https:\/\/guarai.to.gov.br\/transparencia\/wp-content\/uploads\/2026\/05\/WhatsApp-Image-2026-05-01-at-15.07.36-Copia.jpeg 1280w\" sizes=\"(max-width: 1024px) 100vw, 1024px\" \/><\/figure>\n<\/figure>\n\n\n\n<p class=\"wp-block-paragraph\">A prefeita F\u00e1tima Coelho esteve presente durante todo o evento, acompanhando de perto a programa\u00e7\u00e3o. Na ocasi\u00e3o, destacou a import\u00e2ncia do festival para o munic\u00edpio:<\/p>\n\n\n\n<p class=\"wp-block-paragraph\">\u201cO GuaraF\u00e9 \u00e9 mais do que um evento; \u00e9 um momento de comunh\u00e3o, de fortalecimento da f\u00e9 e de valoriza\u00e7\u00e3o da cultura gospel. \u00c9 gratificante ver nossa cidade reunindo tantas pessoas em um ambiente de paz, alegria e prop\u00f3sito\u201d, afirmou.<\/p>\n\n\n\n<p class=\"wp-block-paragraph\">Outro destaque foi o impacto positivo na economia local. Durante o evento, as tendas de alimenta\u00e7\u00e3o e comercializa\u00e7\u00e3o foram disponibilizadas para igrejas do munic\u00edpio, que puderam vender seus produtos e arrecadar recursos para investir em seus minist\u00e9rios, fortalecendo n\u00e3o apenas a economia, mas tamb\u00e9m o trabalho social e religioso desenvolvido na cidade.<\/p>\n\n\n\n<p class=\"wp-block-paragraph\">Consolidado no calend\u00e1rio local, o GuaraF\u00e9 segue ganhando relev\u00e2ncia a cada edi\u00e7\u00e3o, integrando um circuito crescente de festivais gospel no Tocantins. Al\u00e9m de promover entretenimento de qualidade, o evento refor\u00e7a o papel social da m\u00fasica gospel, que alcan\u00e7a p\u00fablicos diversos com mensagens de esperan\u00e7a, transforma\u00e7\u00e3o e espiritualidade.<\/p>\n\n\n\n<p class=\"wp-block-paragraph\">Com mais uma edi\u00e7\u00e3o bem-sucedida, Guara\u00ed reafirma seu compromisso com a promo\u00e7\u00e3o de eventos que fortalecem a identidade cultural, incentivam a economia local e proporcionam experi\u00eancias significativas \u00e0 popula\u00e7\u00e3o.<\/p>\n\n\n\n<figure class=\"wp-block-gallery has-nested-images columns-default is-cropped wp-block-gallery-2 is-layout-flex wp-block-gallery-is-layout-flex\">\n<figure class=\"wp-block-image size-large\"><img decoding=\"async\" width=\"1024\" height=\"576\" data-id=\"5064\" src=\"https:\/\/guarai.to.gov.br\/transparencia\/wp-content\/uploads\/2026\/05\/WhatsApp-Image-2026-05-01-at-15.07.36-1-Copia-1024x576.jpeg\" alt=\"\" class=\"wp-image-5064\" srcset=\"https:\/\/guarai.to.gov.br\/transparencia\/wp-content\/uploads\/2026\/05\/WhatsApp-Image-2026-05-01-at-15.07.36-1-Copia-1024x576.jpeg 1024w, https:\/\/guarai.to.gov.br\/transparencia\/wp-content\/uploads\/2026\/05\/WhatsApp-Image-2026-05-01-at-15.07.36-1-Copia-460x259.jpeg 460w, https:\/\/guarai.to.gov.br\/transparencia\/wp-content\/uploads\/2026\/05\/WhatsApp-Image-2026-05-01-at-15.07.36-1-Copia-160x90.jpeg 160w, https:\/\/guarai.to.gov.br\/transparencia\/wp-content\/uploads\/2026\/05\/WhatsApp-Image-2026-05-01-at-15.07.36-1-Copia-768x432.jpeg 768w, https:\/\/guarai.to.gov.br\/transparencia\/wp-content\/uploads\/2026\/05\/WhatsApp-Image-2026-05-01-at-15.07.36-1-Copia.jpeg 1280w\" sizes=\"(max-width: 1024px) 100vw, 1024px\" \/><\/figure>\n\n\n\n<figure class=\"wp-block-image size-large\"><img loading=\"lazy\" decoding=\"async\" width=\"1024\" height=\"576\" data-id=\"5062\" src=\"https:\/\/guarai.to.gov.br\/transparencia\/wp-content\/uploads\/2026\/05\/WhatsApp-Image-2026-05-01-at-15.07.35-3-Copia-1024x576.jpeg\" alt=\"\" class=\"wp-image-5062\" srcset=\"https:\/\/guarai.to.gov.br\/transparencia\/wp-content\/uploads\/2026\/05\/WhatsApp-Image-2026-05-01-at-15.07.35-3-Copia-1024x576.jpeg 1024w, https:\/\/guarai.to.gov.br\/transparencia\/wp-content\/uploads\/2026\/05\/WhatsApp-Image-2026-05-01-at-15.07.35-3-Copia-460x259.jpeg 460w, https:\/\/guarai.to.gov.br\/transparencia\/wp-content\/uploads\/2026\/05\/WhatsApp-Image-2026-05-01-at-15.07.35-3-Copia-160x90.jpeg 160w, https:\/\/guarai.to.gov.br\/transparencia\/wp-content\/uploads\/2026\/05\/WhatsApp-Image-2026-05-01-at-15.07.35-3-Copia-768x432.jpeg 768w, https:\/\/guarai.to.gov.br\/transparencia\/wp-content\/uploads\/2026\/05\/WhatsApp-Image-2026-05-01-at-15.07.35-3-Copia.jpeg 1280w\" sizes=\"(max-width: 1024px) 100vw, 1024px\" \/><\/figure>\n\n\n\n<figure class=\"wp-block-image size-large\"><img loading=\"lazy\" decoding=\"async\" width=\"1024\" height=\"576\" data-id=\"5061\" src=\"https:\/\/guarai.to.gov.br\/transparencia\/wp-content\/uploads\/2026\/05\/WhatsApp-Image-2026-05-01-at-15.07.35-2-Copia-1024x576.jpeg\" alt=\"\" class=\"wp-image-5061\" srcset=\"https:\/\/guarai.to.gov.br\/transparencia\/wp-content\/uploads\/2026\/05\/WhatsApp-Image-2026-05-01-at-15.07.35-2-Copia-1024x576.jpeg 1024w, https:\/\/guarai.to.gov.br\/transparencia\/wp-content\/uploads\/2026\/05\/WhatsApp-Image-2026-05-01-at-15.07.35-2-Copia-460x259.jpeg 460w, https:\/\/guarai.to.gov.br\/transparencia\/wp-content\/uploads\/2026\/05\/WhatsApp-Image-2026-05-01-at-15.07.35-2-Copia-160x90.jpeg 160w, https:\/\/guarai.to.gov.br\/transparencia\/wp-content\/uploads\/2026\/05\/WhatsApp-Image-2026-05-01-at-15.07.35-2-Copia-768x432.jpeg 768w, https:\/\/guarai.to.gov.br\/transparencia\/wp-content\/uploads\/2026\/05\/WhatsApp-Image-2026-05-01-at-15.07.35-2-Copia.jpeg 1280w\" sizes=\"(max-width: 1024px) 100vw, 1024px\" \/><\/figure>\n\n\n\n<figure class=\"wp-block-image size-large\"><img loading=\"lazy\" decoding=\"async\" width=\"1024\" height=\"749\" data-id=\"5060\" src=\"https:\/\/guarai.to.gov.br\/transparencia\/wp-content\/uploads\/2026\/05\/WhatsApp-Image-2026-05-01-at-15.07.35-1-Copia-1024x749.jpeg\" alt=\"\" class=\"wp-image-5060\" srcset=\"https:\/\/guarai.to.gov.br\/transparencia\/wp-content\/uploads\/2026\/05\/WhatsApp-Image-2026-05-01-at-15.07.35-1-Copia-1024x749.jpeg 1024w, https:\/\/guarai.to.gov.br\/transparencia\/wp-content\/uploads\/2026\/05\/WhatsApp-Image-2026-05-01-at-15.07.35-1-Copia-460x336.jpeg 460w, https:\/\/guarai.to.gov.br\/transparencia\/wp-content\/uploads\/2026\/05\/WhatsApp-Image-2026-05-01-at-15.07.35-1-Copia-160x117.jpeg 160w, https:\/\/guarai.to.gov.br\/transparencia\/wp-content\/uploads\/2026\/05\/WhatsApp-Image-2026-05-01-at-15.07.35-1-Copia-768x562.jpeg 768w, https:\/\/guarai.to.gov.br\/transparencia\/wp-content\/uploads\/2026\/05\/WhatsApp-Image-2026-05-01-at-15.07.35-1-Copia-1536x1123.jpeg 1536w, https:\/\/guarai.to.gov.br\/transparencia\/wp-content\/uploads\/2026\/05\/WhatsApp-Image-2026-05-01-at-15.07.35-1-Copia-1568x1147.jpeg 1568w, https:\/\/guarai.to.gov.br\/transparencia\/wp-content\/uploads\/2026\/05\/WhatsApp-Image-2026-05-01-at-15.07.35-1-Copia.jpeg 1600w\" sizes=\"(max-width: 1024px) 100vw, 1024px\" \/><\/figure>\n<\/figure>\n","protected":false},"excerpt":{"rendered":"<p>A noite desta quinta-feira, 30 de abril, foi marcada por f\u00e9, m\u00fasica e grande participa\u00e7\u00e3o popular em Guara\u00ed, durante a realiza\u00e7\u00e3o da 3\u00aa edi\u00e7\u00e3o do Guara Festival (GuaraF\u00e9). O evento aconteceu em uma ampla estrutura montada em frente \u00e0 Pra\u00e7a da Concilia\u00e7\u00e3o Prefeito Euclides Lima Rodrigues, reunindo p\u00fablico local e visitantes de diversas cidades da&hellip; <a class=\"more-link\" href=\"https:\/\/guarai.to.gov.br\/transparencia\/guarai-fortalece-calendario-cultural-com-a-3a-edicao-do-guarafe\/\">Continue lendo <span class=\"screen-reader-text\">Guara\u00ed fortalece calend\u00e1rio cultural com a 3\u00aa edi\u00e7\u00e3o do GuaraF\u00e9<\/span><\/a><\/p>\n","protected":false},"author":2,"featured_media":5056,"comment_status":"closed","ping_status":"closed","sticky":false,"template":"","format":"standard","meta":{"_acf_changed":false,"_eb_attr":"","_crdt_document":"{\"document\":\"AAAH7ruo1xCFBNACBgMFBAMBBQADABYBBxgEAQEIAEgCCEqQAgEBCAJCSACWCwEBCAJCSACECQEBCAJCSACsDgEBCAJCSACaBQEBCAJCSACeBwEBCAJCSACaCwEBCAJCSACyCgEBCAJCSOxJBQAGBAIEBgQCvnoDBsh7cEI0HqJIvmIBAQgASAIEAgEJxmOqYwEBCABI2pUBqpUBAQEIAEgCBAIBCcwyAwSwNQIi0jaWNgMB2jamMLQGAwsEAwQUAwrmnAGqnAEBAQgASAIEAgEJBh4BAQgBAUgAFAEBCAEBSFIIQgEBDghCAQEkAQEIAQFIABQBAQgBAUhSCEIBAQ4IQgEB1gkEAgEJBooKAQEIAQFIABQBAQgBAUgAFAEBCAEBSAAUAQEIAQFIeghCAQEOCEIBAQ4IQgEBDghCAQHUBwIiAtQ2ljYDAYABAwsEAwQUAwv2swG4qwECMQgFAQYEAgQGiqwBwoYBvFQDBAEBAgECArIxrAcA8gMCItQ2ljYDAoABAwsEAwQUAwqHAygAIQEnAAQAhA4nASgBIQEoAicAKAghACgAJwAoAAcAKAInASgAJwCoAAQAhwAoAicBBAAoACcAhwAoAicBBAAoACcAhwAoAicBBAAoACcAhwAoAicBBAAoACcAhwAoAicBBAAoACcAhwAoAicBBAAoACcAhwAoAicBBAAoACcAhwAoAicBBAAoACcARADEB4QABACECKgCKACoASEBhwAoAicBKAAnAKgBJwAoAicAKAbHACgCJwEoACcAxwAoAicBKAAnAKgBJwAoAicAKAbED4QixwAoAicBKAAnAKgBJwAoAicAKAYHACgCJwAoAScAKAAnAIcAKAInACgBJwAoACcAqAEoA6gBKANHACgCJwAoAScAKAAnAMcAKAInACgBJwAoACcAqAEoA6gBKAOoAScAKAInACgGBwAoAicAKAEnACgAJwCHACgCJwAoAScAKAAnAIcAKAInACgBJwAoACcAhwAoAicAKAEnACgAJwCoASgDqAEoA6gBKAOoASgDxCqEAKjFUqpPc3RhdGV2ZXJzaW9uZG9jdW1lbnRkYXRlZG9jdW1lbnRzdGF0dXNkb2N1bWVudHRpdGxlUmFzY3VuaG8gYXV0b23DoXRpY29kb2N1bWVudGNvbnRlbnRkb2N1bWVudGV4Y2VycHRkb2N1bWVudGF1dGhvcmRvY3VtZW50ZmVhdHVyZWRfbWVkaWFkb2N1bWVudGNvbW1lbnRfc3RhdHVzZG9jdW1lbnRwaW5nX3N0YXR1c2RvY3VtZW50c3RpY2t5ZG9jdW1lbnR0ZW1wbGF0ZWRvY3VtZW50Zm9ybWF0ZG9jdW1lbnRtZXRhX2FjZl9jaGFuZ2VkX2ViX2F0dHJjeWJvY2ZpX2hpZGVfZmVhdHVyZWRfaW1hZ2Vmb290bm90ZXNfZWxlbWVudG9yX2VkaXRfbW9kZV9lbGVtZW50b3JfdGVtcGxhdGVfdHlwZV9lbGVtZW50b3JfZGF0YV9lbGVtZW50b3JfcGFnZV9zZXR0aW5nc19lbGVtZW50b3JfY29uZGl0aW9uc2RvY3VtZW50Y2F0ZWdvcmllc2RvY3VtZW50dGFnc2RvY3VtZW50YmxvY2tzX2ViX21ldGFfZGF0YWNsaWVudElkaXNWYWxpZG5hbWVhdHRyaWJ1dGVzY29udGVudGRyb3BDYXBpbm5lckJsb2Nrc0d1YXJhw60gZm9ydGFsZWNlIGNhbGVuZMOhcmlvIGN1bHR1cmFsIGNvbSBhIDPCqiBlZGnDp8OjbyBkbyBHdWFyYUbDqWNsaWVudElkaXNWYWxpZG5hbWVhdHRyaWJ1dGVzY29udGVudEEgbm9pdGUgZGVzdGEgcXVpbnRhLWZlaXJhLCAzMCBkZSBhYnJpbCwgZm9pIG1hcmNhZGEgcG9yIGbDqSwgbcO6c2ljYSBlIGdyYW5kZSBwYXJ0aWNpcGHDp8OjbyBwb3B1bGFyIGVtIEd1YXJhw60sIGR1cmFudGUgYSByZWFsaXphw6fDo28gZGEgM8KqIGVkacOnw6NvIGRvIEd1YXJhIEZlc3RpdmFsIChHdWFyYUbDqSkuIE8gZXZlbnRvIGFjb250ZWNldSBlbSB1bWEgYW1wbGEgZXN0cnV0dXJhIG1vbnRhZGEgZW0gZnJlbnRlIMOgIFByYcOnYSBkYSBDb25jaWxpYcOnw6NvIFByZWZlaXRvIEV1Y2xpZGVzIExpbWEgUm9kcmlndWVzLCByZXVuaW5kbyBww7pibGljbyBsb2NhbCBlIHZpc2l0YW50ZXMgZGUgZGl2ZXJzYXMgY2lkYWRlcyBkYSByZWdpw6NvLmRyb3BDYXBpbm5lckJsb2Nrc2NsaWVudElkaXNWYWxpZG5hbWVhdHRyaWJ1dGVzY29udGVudFZvbHRhZG8gYW8gc2VnbWVudG8gZ29zcGVsLCBvIGZlc3RpdmFsIGNvbnRvdSBjb20gYXByZXNlbnRhw6fDtWVzIGRlIGFydGlzdGFzIGRlIGRlc3RhcXVlIG5vIGNlbsOhcmlvIG5hY2lvbmFsLCBjb21vIEplZmZlcnNvbiBlIFN1ZWxsZW4sIEJhbmRhIE5vdm8gU29tLCBTYXJhIEV2ZWx5biBlIGEgZHVwbGEgTHVjYXMgUm9xdWUgZSBHYWJyaWVsLCBwcm9wb3JjaW9uYW5kbyB1bWEgcHJvZ3JhbWHDp8OjbyBkaXZlcnNpZmljYWRhIGUgZGUgZm9ydGUgaW1wYWN0byBlc3Bpcml0dWFsIGUgY3VsdHVyYWwuZHJvcENhcGlubmVyQmxvY2tzY2xpZW50SWRpc1ZhbGlkbmFtZWF0dHJpYnV0ZXNjb250ZW50QSByZWFsaXphw6fDo28gZG8gR3VhcmFGw6kgw6kgZGEgUHJlZmVpdHVyYSBNdW5pY2lwYWwgZGUgR3VhcmHDrSwgZW0gcGFyY2VyaWEgY29tIGEgQ8OibWFyYSBNdW5pY2lwYWwgZGUgR3VhcmHDrS4gT3MgcmVjdXJzb3MgZGVzdGluYWRvcyDDoCBjb250cmF0YcOnw6NvIGRhcyBhdHJhw6fDtWVzIHPDo28gcHJvdmVuaWVudGVzIGRlIGVtZW5kYXMgcGFybGFtZW50YXJlcywgZXZpZGVuY2lhbmRvIG8gY29tcHJvbWlzc28gaW5zdGl0dWNpb25hbCBjb20gbyBmb3J0YWxlY2ltZW50byBkZSBldmVudG9zIHF1ZSBwcm9tb3ZlbSB2YWxvcmVzLCBjdWx0dXJhIGUgaW50ZWdyYcOnw6NvIHNvY2lhbC4gQSBnZXN0w6NvIG11bmljaXBhbCB0YW1iw6ltIGZvaSByZXNwb25zw6F2ZWwgcG9yIHRvZGEgYSBlc3RydXR1cmEgbmVjZXNzw6FyaWEsIGdhcmFudGluZG8gY29uZm9ydG8sIHNlZ3VyYW7Dp2EgZSBxdWFsaWRhZGUgYW8gcMO6YmxpY28gcHJlc2VudGUuZHJvcENhcGlubmVyQmxvY2tzY2xpZW50SWRpc1ZhbGlkbmFtZWF0dHJpYnV0ZXNjb250ZW50QSBwcmVmZWl0YSBGw6F0aW1hIENvZWxobyBlc3RldmUgcHJlc2VudGUgZHVyYW50ZSB0b2RvIG8gZXZlbnRvLCBhY29tcGFuaGFuZG8gZGUgcGVydG8gYSBwcm9ncmFtYcOnw6NvLiBOYSBvY2FzacOjbywgZGVzdGFjb3UgYSBpbXBvcnTDom5jaWEgZG8gZmVzdGl2YWwgcGFyYSBvIG11bmljw61waW86ZHJvcENhcGlubmVyQmxvY2tzY2xpZW50SWRpc1ZhbGlkbmFtZWF0dHJpYnV0ZXNjb250ZW504oCcTyBHdWFyYUbDqSDDqSBtYWlzIGRvIHF1ZSB1bSBldmVudG87IMOpIHVtIG1vbWVudG8gZGUgY29tdW5ow6NvLCBkZSBmb3J0YWxlY2ltZW50byBkYSBmw6kgZSBkZSB2YWxvcml6YcOnw6NvIGRhIGN1bHR1cmEgZ29zcGVsLiDDiSBncmF0aWZpY2FudGUgdmVyIG5vc3NhIGNpZGFkZSByZXVuaW5kbyB0YW50YXMgcGVzc29hcyBlbSB1bSBhbWJpZW50ZSBkZSBwYXosIGFsZWdyaWEgZSBwcm9ww7NzaXRv4oCdLCBhZmlybW91LmRyb3BDYXBpbm5lckJsb2Nrc2NsaWVudElkaXNWYWxpZG5hbWVhdHRyaWJ1dGVzY29udGVudE91dHJvIGRlc3RhcXVlIGZvaSBvIGltcGFjdG8gcG9zaXRpdm8gbmEgZWNvbm9taWEgbG9jYWwuIER1cmFudGUgbyBldmVudG8sIGFzIHRlbmRhcyBkZSBhbGltZW50YcOnw6NvIGUgY29tZXJjaWFsaXphw6fDo28gZm9yYW0gZGlzcG9uaWJpbGl6YWRhcyBwYXJhIGlncmVqYXMgZG8gbXVuaWPDrXBpbywgcXVlIHB1ZGVyYW0gdmVuZGVyIHNldXMgcHJvZHV0b3MgZSBhcnJlY2FkYXIgcmVjdXJzb3MgcGFyYSBpbnZlc3RpciBlbSBzZXVzIG1pbmlzdMOpcmlvcywgZm9ydGFsZWNlbmRvIG7Do28gYXBlbmFzIGEgZWNvbm9taWEsIG1hcyB0YW1iw6ltIG8gdHJhYmFsaG8gc29jaWFsIGUgcmVsaWdpb3NvIGRlc2Vudm9sdmlkbyBuYSBjaWRhZGUuZHJvcENhcGlubmVyQmxvY2tzY2xpZW50SWRpc1ZhbGlkbmFtZWF0dHJpYnV0ZXNjb250ZW50Q29uc29saWRhZG8gbm8gY2FsZW5kw6FyaW8gbG9jYWwsIG8gR3VhcmFGw6kgc2VndWUgZ2FuaGFuZG8gcmVsZXbDom5jaWEgYSBjYWRhIGVkacOnw6NvLCBpbnRlZ3JhbmRvIHVtIGNpcmN1aXRvIGNyZXNjZW50ZSBkZSBmZXN0aXZhaXMgZ29zcGVsIG5vIFRvY2FudGlucy4gQWzDqW0gZGUgcHJvbW92ZXIgZW50cmV0ZW5pbWVudG8gZGUgcXVhbGlkYWRlLCBvIGV2ZW50byByZWZvcsOnYSBvIHBhcGVsIHNvY2lhbCBkYSBtw7pzaWNhIGdvc3BlbCwgcXVlIGFsY2Fuw6dhIHDDumJsaWNvcyBkaXZlcnNvcyBjb20gbWVuc2FnZW5zIGRlIGVzcGVyYW7Dp2EsIHRyYW5zZm9ybWHDp8OjbyBlIGVzcGlyaXR1YWxpZGFkZS5kcm9wQ2FwaW5uZXJCbG9ja3NjbGllbnRJZGlzVmFsaWRuYW1lYXR0cmlidXRlc2NvbnRlbnRDb20gbWFpcyB1bWEgZWRpw6fDo28gYmVtLXN1Y2VkaWRhLCBHdWFyYcOtIHJlYWZpcm1hIHNldSBjb21wcm9taXNzbyBjb20gYSBwcm9tb8Onw6NvIGRlIGV2ZW50b3MgcXVlIGZvcnRhbGVjZW0gYSBpZGVudGlkYWRlIGN1bHR1cmFsLCBpbmNlbnRpdmFtIGEgZWNvbm9taWEgbG9jYWwgZSBwcm9wb3JjaW9uYW0gZXhwZXJpw6puY2lhcyBzaWduaWZpY2F0aXZhcyDDoCBwb3B1bGHDp8Ojby5kcm9wQ2FwaW5uZXJCbG9ja3NHdXJhw60gZm9ydGFsZWUgY2FsZWTDoXJpY2x1cmFsIGMgYSAzwqogZWTDp8OjIGRvIEd1YXJhRsOpPCEtLSB3cDpwYXJhZ3JhcGggLS0+CjxwPjwvcD4KPCEtLSAvd3A6cGFyYWdyYXBoIC0tPgoKPCEtLSB3cDpwYXJhZ3JhcGggLS0+CjxwPkEgbm9pdGUgZGVzdGEgcXVpbnRhLWZlaXJhLCAzMCBkZSBhYnJpbCwgZm9pIG1hcmNhZGEgcG9yIGbDqSwgbcO6c2ljYSBlIGdyYW5kZSBwYXJ0aWNpcGHDp8OjbyBwb3B1bGFyIGVtIEd1YXJhw60sIGR1cmFudGUgYSByZWFsaXphw6fDo28gZGEgM8KqIGVkacOnw6NvIGRvIEd1YXJhIEZlc3RpdmFsIChHdWFyYUbDqSkuIE8gZXZlbnRvIGFjb250ZWNldSBlbSB1bWEgYW1wbGEgZXN0cnV0dXJhIG1vbnRhZGEgZW0gZnJlbnRlIMOgIFByYcOnYSBkYSBDb25jaWxpYcOnw6NvIFByZWZlaXRvIEV1Y2xpZGVzIExpbWEgUm9kcmlndWVzLCByZXVuaW5kbyBww7pibGljbyBsb2NhbCBlIHZpc2l0YW50ZXMgZGUgZGl2ZXJzYXMgY2lkYWRlcyBkYSByZWdpw6NvLjwvcD4KPCEtLSAvd3A6cGFyYWdyYXBoIC0tPgoKPCEtLSB3cDpwYXJhZ3JhcGggLS0+CjxwPlZvbHRhZG8gYW8gc2VnbWVudG8gZ29zcGVsLCBvIGZlc3RpdmFsIGNvbnRvdSBjb20gYXByZXNlbnRhw6fDtWVzIGRlIGFydGlzdGFzIGRlIGRlc3RhcXVlIG5vIGNlbsOhcmlvIG5hY2lvbmFsLCBjb21vIEplZmZlcnNvbiBlIFN1ZWxsZW4sIEJhbmRhIE5vdm8gU29tLCBTYXJhIEV2ZWx5biBlIGEgZHVwbGEgTHVjYXMgUm9xdWUgZSBHYWJyaWVsLCBwcm9wb3JjaW9uYW5kbyB1bWEgcHJvZ3JhbWHDp8OjbyBkaXZlcnNpZmljYWRhIGUgZGUgZm9ydGUgaW1wYWN0byBlc3Bpcml0dWFsIGUgY3VsdHVyYWwuPC9wPgo8IS0tIC93cDpwYXJhZ3JhcGggLS0+Cgo8IS0tIHdwOnBhcmFncmFwaCAtLT4KPHA+QSByZWFsaXphw6fDo28gZG8gR3VhcmFGw6kgw6kgZGEgUHJlZmVpdHVyYSBNdW5pY2lwYWwgZGUgR3VhcmHDrSwgZW0gcGFyY2VyaWEgY29tIGEgQ8OibWFyYSBNdW5pY2lwYWwgZGUgR3VhcmHDrS4gT3MgcmVjdXJzb3MgZGVzdGluYWRvcyDDoCBjb250cmF0YcOnw6NvIGRhcyBhdHJhw6fDtWVzIHPDo28gcHJvdmVuaWVudGVzIGRlIGVtZW5kYXMgcGFybGFtZW50YXJlcywgZXZpZGVuY2lhbmRvIG8gY29tcHJvbWlzc28gaW5zdGl0dWNpb25hbCBjb20gbyBmb3J0YWxlY2ltZW50byBkZSBldmVudG9zIHF1ZSBwcm9tb3ZlbSB2YWxvcmVzLCBjdWx0dXJhIGUgaW50ZWdyYcOnw6NvIHNvY2lhbC4gQSBnZXN0w6NvIG11bmljaXBhbCB0YW1iw6ltIGZvaSByZXNwb25zw6F2ZWwgcG9yIHRvZGEgYSBlc3RydXR1cmEgbmVjZXNzw6FyaWEsIGdhcmFudGluZG8gY29uZm9ydG8sIHNlZ3VyYW7Dp2EgZSBxdWFsaWRhZGUgYW8gcMO6YmxpY28gcHJlc2VudGUuPC9wPgo8IS0tIC93cDpwYXJhZ3JhcGggLS0+Cgo8IS0tIHdwOnBhcmFncmFwaCAtLT4KPHA+QSBwcmVmZWl0YSBGw6F0aW1hIENvZWxobyBlc3RldmUgcHJlc2VudGUgZHVyYW50ZSB0b2RvIG8gZXZlbnRvLCBhY29tcGFuaGFuZG8gZGUgcGVydG8gYSBwcm9ncmFtYcOnw6NvLiBOYSBvY2FzacOjbywgZGVzdGFjb3UgYSBpbXBvcnTDom5jaWEgZG8gZmVzdGl2YWwgcGFyYSBvIG11bmljw61waW86PC9wPgo8IS0tIC93cDpwYXJhZ3JhcGggLS0+Cgo8IS0tIHdwOnBhcmFncmFwaCAtLT4KPHA+4oCcTyBHdWFyYUbDqSDDqSBtYWlzIGRvIHF1ZSB1bSBldmVudG87IMOpIHVtIG1vbWVudG8gZGUgY29tdW5ow6NvLCBkZSBmb3J0YWxlY2ltZW50byBkYSBmw6kgZSBkZSB2YWxvcml6YcOnw6NvIGRhIGN1bHR1cmEgZ29zcGVsLiDDiSBncmF0aWZpY2FudGUgdmVyIG5vc3NhIGNpZGFkZSByZXVuaW5kbyB0YW50YXMgcGVzc29hcyBlbSB1bSBhbWJpZW50ZSBkZSBwYXosIGFsZWdyaWEgZSBwcm9ww7NzaXRv4oCdLCBhZmlybW91LjwvcD4KPCEtLSAvd3A6cGFyYWdyYXBoIC0tPgoKPCEtLSB3cDpwYXJhZ3JhcGggLS0+CjxwPk91dHJvIGRlc3RhcXVlIGZvaSBvIGltcGFjdG8gcG9zaXRpdm8gbmEgZWNvbm9taWEgbG9jYWwuIER1cmFudGUgbyBldmVudG8sIGFzIHRlbmRhcyBkZSBhbGltZW50YcOnw6NvIGUgY29tZXJjaWFsaXphw6fDo28gZm9yYW0gZGlzcG9uaWJpbGl6YWRhcyBwYXJhIGlncmVqYXMgZG8gbXVuaWPDrXBpbywgcXVlIHB1ZGVyYW0gdmVuZGVyIHNldXMgcHJvZHV0b3MgZSBhcnJlY2FkYXIgcmVjdXJzb3MgcGFyYSBpbnZlc3RpciBlbSBzZXVzIG1pbmlzdMOpcmlvcywgZm9ydGFsZWNlbmRvIG7Do28gYXBlbmFzIGEgZWNvbm9taWEsIG1hcyB0YW1iw6ltIG8gdHJhYmFsaG8gc29jaWFsIGUgcmVsaWdpb3NvIGRlc2Vudm9sdmlkbyBuYSBjaWRhZGUuPC9wPgo8IS0tIC93cDpwYXJhZ3JhcGggLS0+Cgo8IS0tIHdwOnBhcmFncmFwaCAtLT4KPHA+Q29uc29saWRhZG8gbm8gY2FsZW5kw6FyaW8gbG9jYWwsIG8gR3VhcmFGw6kgc2VndWUgZ2FuaGFuZG8gcmVsZXbDom5jaWEgYSBjYWRhIGVkacOnw6NvLCBpbnRlZ3JhbmRvIHVtIGNpcmN1aXRvIGNyZXNjZW50ZSBkZSBmZXN0aXZhaXMgZ29zcGVsIG5vIFRvY2FudGlucy4gQWzDqW0gZGUgcHJvbW92ZXIgZW50cmV0ZW5pbWVudG8gZGUgcXVhbGlkYWRlLCBvIGV2ZW50byByZWZvcsOnYSBvIHBhcGVsIHNvY2lhbCBkYSBtw7pzaWNhIGdvc3BlbCwgcXVlIGFsY2Fuw6dhIHDDumJsaWNvcyBkaXZlcnNvcyBjb20gbWVuc2FnZW5zIGRlIGVzcGVyYW7Dp2EsIHRyYW5zZm9ybWHDp8OjbyBlIGVzcGlyaXR1YWxpZGFkZS48L3A+CjwhLS0gL3dwOnBhcmFncmFwaCAtLT4KCjwhLS0gd3A6cGFyYWdyYXBoIC0tPgo8cD5Db20gbWFpcyB1bWEgZWRpw6fDo28gYmVtLXN1Y2VkaWRhLCBHdWFyYcOtIHJlYWZpcm1hIHNldSBjb21wcm9taXNzbyBjb20gYSBwcm9tb8Onw6NvIGRlIGV2ZW50b3MgcXVlIGZvcnRhbGVjZW0gYSBpZGVudGlkYWRlIGN1bHR1cmFsLCBpbmNlbnRpdmFtIGEgZWNvbm9taWEgbG9jYWwgZSBwcm9wb3JjaW9uYW0gZXhwZXJpw6puY2lhcyBzaWduaWZpY2F0aXZhcyDDoCBwb3B1bGHDp8Ojby48L3A+CjwhLS0gL3dwOnBhcmFncmFwaCAtLT5kb2N1bWVudHNsdWdzdGF0ZXNhdmVkQXRzdGF0ZXNhdmVkQnljbGllbnRJZGlzVmFsaWRuYW1lYXR0cmlidXRlc2NvbnRlbnRkcm9wQ2FwaW5uZXJCbG9ja3NpbWFnZXNpZHNuYXZpZ2F0aW9uQnV0dG9uVHlwZXNob3J0Q29kZVRyYW5zZm9ybXNjYXB0aW9uaW1hZ2VDcm9wcmFuZG9tT3JkZXJmaXhlZEhlaWdodHNpemVTbHVnYWxsb3dSZXNpemVhc3BlY3RSYXRpb2xpbmtUb2NsaWVudElkaXNWYWxpZG5hbWVhdHRyaWJ1dGVzY29udGVudGRyb3BDYXBpbm5lckJsb2Nrc2NsaWVudElkaXNWYWxpZG5hbWVhdHRyaWJ1dGVzY29udGVudGRyb3BDYXBpbm5lckJsb2Nrc2ltYWdlc2lkc25hdmlnYXRpb25CdXR0b25UeXBlc2hvcnRDb2RlVHJhbnNmb3Jtc2NhcHRpb25pbWFnZUNyb3ByYW5kb21PcmRlcmZpeGVkSGVpZ2h0c2l6ZVNsdWdhbGxvd1Jlc2l6ZWFzcGVjdFJhdGlvbGlua1RvZ2FsbGVyeSB7ImxpbmtUbyI6Im5vbmUifSAtLT4KPGZpZ3VyZSBjbGFzcz0idy1ibG9jay1nbGxleSBocy1uZXN0ZWQtaW1hZXMgY29sdW1ucy1kZWZhdWx0IGlzLWNvcHBlZCI+PC9maWd1cmU+CjwhLS0gL3dwOmdsbGVyeSAtLT4KCjwhLS0gdzpwYXJhZ3JhcAoKPCEtLSB3cDpwYXJhZ3JhcGggLS0+CjxwPjwvcD4KPCEtLSAvd3A6cGFyYWdyYXBoIC0tPmNsaWVudElkaXNWYWxpZG5hbWVhdHRyaWJ1dGVzY29udGVudGRyb3BDYXBpbm5lckJsb2Nrc2ltYWdlc2lkc25hdmlnYXRpb25CdXR0b25UeXBlc2hvcnRDb2RlVHJhbnNmb3Jtc2NhcHRpb25pbWFnZUNyb3ByYW5kb21PcmRlcmZpeGVkSGVpZ2h0c2l6ZVNsdWdhbGxvd1Jlc2l6ZWFzcGVjdFJhdGlvbGlua1RvY2xpZW50SWRpc1ZhbGlkbmFtZWF0dHJpYnV0ZXN1cmxhbHRjYXB0aW9uaWRpbm5lckJsb2Nrc2NsaWVudElkaXNWYWxpZG5hbWVhdHRyaWJ1dGVzdXJsYWx0Y2FwdGlvbmlkaW5uZXJCbG9ja3NsaW5rZnVsbFVybGxpbmtEZXN0aW5hdGlvbnNpemVTbHVnbGlua2Z1bGxVcmxsaW5rRGVzdGluYXRpb25zaXplU2x1Z2NsaWVudElkaXNWYWxpZG5hbWVhdHRyaWJ1dGVzdXJsYWx0Y2FwdGlvbmlkaW5uZXJCbG9ja3NjbGllbnRJZGlzVmFsaWRuYW1lYXR0cmlidXRlc3VybGFsdGNhcHRpb25pZGlubmVyQmxvY2tzbGlua2Z1bGxVcmxsaW5rRGVzdGluYXRpb25zaXplU2x1Z2xpbmtmdWxsVXJsbGlua0Rlc3RpbmF0aW9uc2l6ZVNsdWdpbWFnZXNpZHNuYXZpZ2F0aW9uQnV0dG9uVHlwZXNob3J0Q29kZVRyYW5zZm9ybXNjYXB0aW9uaW1hZ2VDcm9wcmFuZG9tT3JkZXJmaXhlZEhlaWdodHNpemVTbHVnYWxsb3dSZXNpemVhc3BlY3RSYXRpb2xpbmtUb2NsaWVudElkaXNWYWxpZG5hbWVhdHRyaWJ1dGVzdXJsYWx0Y2FwdGlvbmlkaW5uZXJCbG9ja3NjbGllbnRJZGlzVmFsaWRuYW1lYXR0cmlidXRlc3VybGFsdGNhcHRpb25pZGlubmVyQmxvY2tzY2xpZW50SWRpc1ZhbGlkbmFtZWF0dHJpYnV0ZXN1cmxhbHRjYXB0aW9uaWRpbm5lckJsb2Nrc2NsaWVudElkaXNWYWxpZG5hbWVhdHRyaWJ1dGVzdXJsYWx0Y2FwdGlvbmlkaW5uZXJCbG9ja3NsaW5rZnVsbFVybGxpbmtEZXN0aW5hdGlvbnNpemVTbHVnbGlua2Z1bGxVcmxsaW5rRGVzdGluYXRpb25zaXplU2x1Z2xpbmtmdWxsVXJsbGlua0Rlc3RpbmF0aW9uc2l6ZVNsdWdsaW5rZnVsbFVybGxpbmtEZXN0aW5hdGlvbnNpemVTbHVnIS0tIHdwOmltYWdlIHsiaWQiOjUwNTksInNpemVTbHVnIjoibGFyZ2UiLCJsaW5rRGVzdGluYXRpb24iOiJub25lIn0gLS0+CjxmaWd1cmUgY2xhc3M9IndwLWJsb2NrLWltYWdlIHNpemUtbGFyZ2UiPjxpbWcgc3JjPSJodHRwczovZ3VhcmFpLnRvLmdvdi5ici90cmFuc3BhcmVuY2lhL3dwLWNvbnRlbnQvdXBsb2Fkcy8yMDI2LzA1L1doYXRzQXBwLUltYWdlLTIwMjYtMDUtMDEtYXQtMTUuMDcuMzUtQ29waWEtMTAyNHg1NzYuanBlZyIgYWx0PSIiIGNsYXNzPSJ3cC1pbWFnZS01MDU5Ii8+PC9pbWFlIC0tPgoKPCEtLSB3cDppbWdlIHsiaWQiOjUwNjMsInNpemVTdWciOiJhcmciLCJsaW5rRGVzdGluYXRpb24iOiJub25lIn0gLS0+CjxmaWd1ZSBjbGFzcz0id3AtYmxvY2staW1hZ2Ugc2l6ZS1sYXJnZSI+PGltZyBzcmM9Imh0dHBzOi8vZ3VhcmFpLnRvLmdvdi5ici90cmFuc3BhcmVuY2lhL3dwLWNvbnRlbnQvdXBsb2Fkcy8yMDI2LzA1L1doYXRzQXBwLUltYWdlLTIwMjYtMDUtMDEtYXQtMTUuMDcuMzYtQ29waWEtMTAyNHg1NzYuanBlZyIgYWx0PSIiIGNsYXNzPSJ3cC1pbWFnZS01MDYzIi8+PC9maWd1cmU+CjwhLS0gL3dwOmltYWdlIC0tPjwvZmlndXJlPgo8IS0tIC93cDpnYWxsZXJnYWxsZXJ5IHsibGlua1RvIjoibm9uZSJ9IC0tPgo8ZmlndXJlIGNsYXNzPSJ3LWJsb2NrLWdsbGV5IGhzLW5lc3RlZC1pbWFlcyBjb2x1bW5zLWRlZmF1bHQgaXMtY29wcGVkIj48IS0tIHdwOmltZ2UgeyJpZCI6NTA2NCwic2l6ZVNsdWciOiJsYXJnZSIsImxpbmtEZXN0aW5hdGlvbiI6Im5vbmUifSAtLT4KPGZpZ3VyZSBjbGFzcz0idy1ibG9jay1pbWFnZSBzaXplLWxhcmdlIj48aW1nIHNyYz0idHRwczovL2d1YXJhaS50by5nb3YuYnIvdHJhbnNwYXJlbmNpYS93cC1jb250ZW50L3VwbG9hZHMvMjAyNi8wNS9XaGF0c0FwcC1JbWFnZS0yMDI2LTA1LTAxLWF0LTE1LjA3LjM2LTEtQ29waWEtMTAyNHg1NzYuanBlZyJhbHQ9IiIgY2xhc3M9IndwaW1hZ2U1MDY0Ii88L2ZpZ3VyZT4hLS0gL3c6aW1hZ2UgLS0KCiEtLSB3cDppbWFnZSB7ImlkIjo1MDYyLCJzaXplU2x1ZyI6ImxhcmdlIiwibGlua0Rlc3RpbmF0aW9uIjoibm9uZSJ9IC0tPgo8ZmlndXJlIGNsYXNzPSJ3cC1ibG9jay1pbWFnZSBzaXplLWxhcmdlIj48aW1nIHNyYz0iaHR0cHM6L2d1YXJhaS50by5nb3YuYnIvdHJhbnNhcmVuY2lhL3dwLWNvbnRlbnQvdXBsb2Fkcy8yMDI2LzA1L1doYXRzQXBwLUltYWdlLTIwMjYtMDUtMDEtYXQtMTUuMDcuMzUtMy1Db3BpYS0xMDI0eDU3Ni5qcGVnIiBhbHQ9IiIgY2xhc3M9IndwLWltYWdlLTUwNjIiLzwvZmlndXJlPmltYWdlIC0tPgoKPCEtLSB3OmltZ2UgeyJpZCI6NTA2MSwic2l6ZVNsdWciOiJsYWdlIiwibGlua0Rlc3RpbnRpb24iOiJub25lIn0gLS0+CjxmaXVlIGNsc3M9InctYmxvY2staW1hZ2Ugc2l6ZS1sYXJnZSI+PGltZyBzcmM9InR0cHM6Ly9ndWFyYWkudG8uZ292LmJyL3RyYW5zcGFyZW5jaWEvd3AtY29udGVudC91cGxvYWRzLzIwMjYvMDUvV2hhdHNBcHAtSW1hZ2UtMjAyNi0wNS0wMS1hdC0xNS4wNy4zNS0yLUNvcGlhLTEwMjR4NTc2LmpwZWciYWx0PSIiIGNsYXNzPSJ3cGltYWdlNTA2MSIvPC9maWd1cmU+CjwhLS0gL3dwOmltYWdlIC0tPgoKPCEtLSB3cDppbWFnZSB7ImlkIjo1MDYwLCJzaXplU2x1ZyI6ImxhcmdlIiwibGlua0Rlc3RpbmF0aW9uIjoibm9uZSJ9IC0tPgo8ZmlndXJlIGNsYXNzPSJ3cC1ibG9jay1pbWFnZSBzaXplLWxhcmdlIj48aW1nIHNyYz0iaHR0cHM6Ly9ndWFyYWkudG8uZ292LmJyL3RyYW5zcGFyZW5jaWEvd3AtY29udGVudC91cGxvYWRzLzIwMjYvMDUvV2hhdHNBcHAtSW1hZ2UtMjAyNi0wNS0wMS1hdC0xNS4wNy4zNS0xLUNvcGlhLTEwMjR4NzQ5LmpwZWciIGFsdD0iIiBjbGFzcz0id3AtaW1hZ2UtNTA2MCIvPjwvZmlndXJlPgo8IS0tIC93cDppbWFnZSAtLT48L2ZpZ3VyZT4KPCEtLSAvd3A6Z2FsbGVyeSAtLT4FBwgECAYIBUEFAkEBQgBBAQgHCAcIBggOCA4ICwgGSAEGCAQMCBsJFBgPGBUICggECAYNCAcECkcACz8IBwQKB6MFBwsIBwQKB5oEBwsIBwQKB44HBwsIBwQKB6UCBwsIBwQKB6cDBwsIBwQKB6UFBwsIBwQKB5EFBwsIBwQKB5UDBwsCCwYEQQAGCAILqxRBBpMYCAQFBwUHCAcECkcACwYDFBMHCUsACEsABggHBApHAAsIBwQKRwALBgMUEwcJSwAISwAGLghDAAwXCAERQQMNCQpBCwJBBApBCwgHBApHAAsGAxQTBwlLAAhLAAYIBwQKQwAHAgsIBwQKQwAHAgsEBw8IBAcPSAAHBApDAAcCCwgHBApDAAcCCwQHDwgEBw8IBgMUEwcJSwAISwAGCAcECkMABwILCAcECkMABwILCAcECkMABwILCAcECkMABwILBAcPCAQHDwgEBw8IBAcPCIMClgIDERQFAyW+Ay4IQwAMFxGPASO9ARAFBgkGCQKDAhe9AQkRAxwPFQEEBSO9ARAFBrMFDwEDAAABCQAIAQIASgECAGBCAQEAQQACAEEAAgBBAAIAQQACAEEAAgBBAAIAQQACAEEAAgBBAAIAQQACQAACQQACAEEAAkAAAkEAAkAAAkEAAgBBAAIAQQACAEEAAkAAAkEAAgBBAAIAQQACAEEAAgADQeQBAdMDAH0BfQJ9AHl3AHcIc3RhbmRhcmR5dwB3AHcAdwB3AHcAfnUAdQB9AXckZDVkOWVlZmYtODhmYi00YmYzLTgxNzEtNGM2ZDdhYjExOWY0eHcOY29yZS9wYXJhZ3JhcGh5dyQ2NDNmYjMyYi00YjdiLTRhNTMtYjNhZS0wNzQxNjQ1Nzg3Nzd3JGJkZDBlMjE4LTEwMGItNDE3Ni1iOTA2LWNkNDMwMDA4NjRjMHh3DmNvcmUvcGFyYWdyYXBoeXckZDM0NWRlMGMtNGM2Mi00OWVkLTg2ZjItNTk4ZDI5NWI5YjgyeHcOY29yZS9wYXJhZ3JhcGh5dyRiZDkwYWE1OC01ZGZhLTQ2N2UtOWM4NC05YzA1NGZhNTdmMTN4dw5jb3JlL3BhcmFncmFwaHl3JGM0ZmUxMGEyLWI4NjAtNDA2NS1hYjM3LTI0ZDYyZDk4ZGYyYnh3DmNvcmUvcGFyYWdyYXBoeXckOThjOGZkYWQtZGZiNy00NTU2LWJlNzItOGM2MDQ3ZTgxMDk2eHcOY29yZS9wYXJhZ3JhcGh5dyQ0Yjc5Nzg5MS1jZjZiLTRjMzAtYTJiMC1lMjljNTdlNGYwZTV4dw5jb3JlL3BhcmFncmFwaHl3JGMzMWEwZjE0LTkzODAtNGEyZS05MDhlLTc5ZDZmNzFlNjZiZXh3DmNvcmUvcGFyYWdyYXBoeXckNzNkNzM2OTktNGI1Ni00ZjUzLThiODEtMWRiZTQ5OTA4MWU4eHcOY29yZS9wYXJhZ3JhcGh5fYBPdwdwdWJsaXNodxMyMDI2LTA1LTAxVDE2OjQ3OjUwdz9ndWFyYWktZm9ydGFsZWNlLWNhbGVuZGFyaW8tY3VsdHVyYWwtY29tLWEtM2EtZWRpY2FvLWRvLWd1YXJhZmV3BmNsb3NlZHUBfQF3JDQ1MGM3MWUwLTE0ZDAtNDFiYi05ZWJjLTA1ZDE5YjAxMmZhOHh3DmNvcmUvcGFyYWdyYXBoeXckMDRlNjU3MzEtN2JmYi00NjU2LWE1OGUtNjE1NDJlZGZhMmM0dwxjb3JlL2dhbGxlcnl1AHcEaWNvbnUAeHl4dwVsYXJnZXl3BGF1dG93BG5vbmV3JDIwM2ExYmY4LTA1ZDEtNDY4MS05OGZhLWUxNzFiYjhmNjZmNHh3DmNvcmUvcGFyYWdyYXBoeXckMGEyMjMyNTQtMGY2Ny00Zjc5LWE0ZTgtNjA1MzJkMWYxNzFmeHcOY29yZS9wYXJhZ3JhcGh5dyRhZDYwMzNlYS0zNWU1LTQyZGItOTk3Zi0yZjdkMWQ3ZTBlNDF3DGNvcmUvZ2FsbGVyeXUAdwRpY29udQB4eXh3BWxhcmdleXcEYXV0b3cEbm9uZXckYTRhZWM3YjctYzc1ZS00ZjFlLThlMjgtZGUwOTM2ZGM2ZmQxeHcOY29yZS9wYXJhZ3JhcGh5dyQ3MGZiYWZhNi01M2FiLTRkNGYtYTI3Zi01Mzg4NDNhNzcxZjV3DGNvcmUvZ2FsbGVyeXUAdwRpY29udQB4eXh3BWxhcmdleXcEYXV0b3cEbm9uZXckMzE4NTZmMWYtMTNlYS00ZTdmLTg0NjctNjkyOThmNDAwNzhleHcKY29yZS9pbWFnZXdyaHR0cHM6Ly9ndWFyYWkudG8uZ292LmJyL3RyYW5zcGFyZW5jaWEvd3AtY29udGVudC91cGxvYWRzLzIwMjYvMDUvV2hhdHNBcHAtSW1hZ2UtMjAyNi0wNS0wMS1hdC0xNS4wNy4zNi1Db3BpYS5qcGVndwB9h093JGNjM2ViNTI4LTk4MWItNGExMC04OTU2LWU4YTg0OGJkYzc3ZXh3CmNvcmUvaW1hZ2V3cmh0dHBzOi8vZ3VhcmFpLnRvLmdvdi5ici90cmFuc3BhcmVuY2lhL3dwLWNvbnRlbnQvdXBsb2Fkcy8yMDI2LzA1L1doYXRzQXBwLUltYWdlLTIwMjYtMDUtMDEtYXQtMTUuMDcuMzUtQ29waWEuanBlZ3cAfYNPdyRkYWQ1NjQ1Mi00OGNlLTQ4NjktYWI2YS04OWU1MjRhOGI1YTF3e2h0dHBzOi8vZ3VhcmFpLnRvLmdvdi5ici90cmFuc3BhcmVuY2lhL3dwLWNvbnRlbnQvdXBsb2Fkcy8yMDI2LzA1L1doYXRzQXBwLUltYWdlLTIwMjYtMDUtMDEtYXQtMTUuMDcuMzYtQ29waWEtMTAyNHg1NzYuanBlZ3eTAWh0dHBzOi8vZ3VhcmFpLnRvLmdvdi5ici90cmFuc3BhcmVuY2lhL2d1YXJhaS1mb3J0YWxlY2UtY2FsZW5kYXJpby1jdWx0dXJhbC1jb20tYS0zYS1lZGljYW8tZG8tZ3VhcmFmZS93aGF0c2FwcC1pbWFnZS0yMDI2LTA1LTAxLWF0LTE1LTA3LTM2LWNvcGlhL3dyaHR0cHM6Ly9ndWFyYWkudG8uZ292LmJyL3RyYW5zcGFyZW5jaWEvd3AtY29udGVudC91cGxvYWRzLzIwMjYvMDUvV2hhdHNBcHAtSW1hZ2UtMjAyNi0wNS0wMS1hdC0xNS4wNy4zNi1Db3BpYS5qcGVndwRub25ldwVsYXJnZXckZGU0ZWFkMTYtNTBkMS00NDk5LWE4NzktZTZkNGNjNjQ4ODZjd3todHRwczovL2d1YXJhaS50by5nb3YuYnIvdHJhbnNwYXJlbmNpYS93cC1jb250ZW50L3VwbG9hZHMvMjAyNi8wNS9XaGF0c0FwcC1JbWFnZS0yMDI2LTA1LTAxLWF0LTE1LjA3LjM1LUNvcGlhLTEwMjR4NTc2LmpwZWd3kwFodHRwczovL2d1YXJhaS50by5nb3YuYnIvdHJhbnNwYXJlbmNpYS9ndWFyYWktZm9ydGFsZWNlLWNhbGVuZGFyaW8tY3VsdHVyYWwtY29tLWEtM2EtZWRpY2FvLWRvLWd1YXJhZmUvd2hhdHNhcHAtaW1hZ2UtMjAyNi0wNS0wMS1hdC0xNS0wNy0zNS1jb3BpYS93cmh0dHBzOi8vZ3VhcmFpLnRvLmdvdi5ici90cmFuc3BhcmVuY2lhL3dwLWNvbnRlbnQvdXBsb2Fkcy8yMDI2LzA1L1doYXRzQXBwLUltYWdlLTIwMjYtMDUtMDEtYXQtMTUuMDcuMzUtQ29waWEuanBlZ3cEbm9uZXcFbGFyZ2V3JDEzOTk3ZGUwLWVmZmMtNDk1Zi04MzA0LTUwZjg0ZGM5MGJmYXh3CmNvcmUvaW1hZ2V3cmh0dHBzOi8vZ3VhcmFpLnRvLmdvdi5ici90cmFuc3BhcmVuY2lhL3dwLWNvbnRlbnQvdXBsb2Fkcy8yMDI2LzA1L1doYXRzQXBwLUltYWdlLTIwMjYtMDUtMDEtYXQtMTUuMDcuMzUtQ29waWEuanBlZ3cAfYNPdyQ4NWY3MzlkOS1jN2IzLTRjNTItYmNhNy01ODZjYmU5YTAxNWN4dwpjb3JlL2ltYWdld3JodHRwczovL2d1YXJhaS50by5nb3YuYnIvdHJhbnNwYXJlbmNpYS93cC1jb250ZW50L3VwbG9hZHMvMjAyNi8wNS9XaGF0c0FwcC1JbWFnZS0yMDI2LTA1LTAxLWF0LTE1LjA3LjM2LUNvcGlhLmpwZWd3AH2HT3ckMzk0YzczZjQtNmUwMS00YzY5LWE0MjItNTQ5Mjg2ZDJiY2M0d3todHRwczovL2d1YXJhaS50by5nb3YuYnIvdHJhbnNwYXJlbmNpYS93cC1jb250ZW50L3VwbG9hZHMvMjAyNi8wNS9XaGF0c0FwcC1JbWFnZS0yMDI2LTA1LTAxLWF0LTE1LjA3LjM1LUNvcGlhLTEwMjR4NTc2LmpwZWd3kwFodHRwczovL2d1YXJhaS50by5nb3YuYnIvdHJhbnNwYXJlbmNpYS9ndWFyYWktZm9ydGFsZWNlLWNhbGVuZGFyaW8tY3VsdHVyYWwtY29tLWEtM2EtZWRpY2FvLWRvLWd1YXJhZmUvd2hhdHNhcHAtaW1hZ2UtMjAyNi0wNS0wMS1hdC0xNS0wNy0zNS1jb3BpYS93cmh0dHBzOi8vZ3VhcmFpLnRvLmdvdi5ici90cmFuc3BhcmVuY2lhL3dwLWNvbnRlbnQvdXBsb2Fkcy8yMDI2LzA1L1doYXRzQXBwLUltYWdlLTIwMjYtMDUtMDEtYXQtMTUuMDcuMzUtQ29waWEuanBlZ3cEbm9uZXcFbGFyZ2V3JGZiMzMxMjRmLWFmZjktNDZjMy04ZGRiLWYyZWFhZGNjMGI4Y3d7aHR0cHM6Ly9ndWFyYWkudG8uZ292LmJyL3RyYW5zcGFyZW5jaWEvd3AtY29udGVudC91cGxvYWRzLzIwMjYvMDUvV2hhdHNBcHAtSW1hZ2UtMjAyNi0wNS0wMS1hdC0xNS4wNy4zNi1Db3BpYS0xMDI0eDU3Ni5qcGVnd5MBaHR0cHM6Ly9ndWFyYWkudG8uZ292LmJyL3RyYW5zcGFyZW5jaWEvZ3VhcmFpLWZvcnRhbGVjZS1jYWxlbmRhcmlvLWN1bHR1cmFsLWNvbS1hLTNhLWVkaWNhby1kby1ndWFyYWZlL3doYXRzYXBwLWltYWdlLTIwMjYtMDUtMDEtYXQtMTUtMDctMzYtY29waWEvd3JodHRwczovL2d1YXJhaS50by5nb3YuYnIvdHJhbnNwYXJlbmNpYS93cC1jb250ZW50L3VwbG9hZHMvMjAyNi8wNS9XaGF0c0FwcC1JbWFnZS0yMDI2LTA1LTAxLWF0LTE1LjA3LjM2LUNvcGlhLmpwZWd3BG5vbmV3BWxhcmdldyRjZWU1OGI1NS02OGU4LTQxNTktYmM4Ni0zM2FmOWIwYzhiMjV3DGNvcmUvZ2FsbGVyeXUAdwRpY29udQB4eXh3BWxhcmdleXcEYXV0b3cEbm9uZXckYTUyNjk0MDMtMjY0ZS00NTZlLWJmYzYtMmRmZTBiYTgxYTQzeHcKY29yZS9pbWFnZXd0aHR0cHM6Ly9ndWFyYWkudG8uZ292LmJyL3RyYW5zcGFyZW5jaWEvd3AtY29udGVudC91cGxvYWRzLzIwMjYvMDUvV2hhdHNBcHAtSW1hZ2UtMjAyNi0wNS0wMS1hdC0xNS4wNy4zNi0xLUNvcGlhLmpwZWd3AH2IT3ckMGE0YTEyOGMtNTFjOS00NzkxLTkwYjYtYWE5Nzk5Mzg5OWFleHcKY29yZS9pbWFnZXd0aHR0cHM6Ly9ndWFyYWkudG8uZ292LmJyL3RyYW5zcGFyZW5jaWEvd3AtY29udGVudC91cGxvYWRzLzIwMjYvMDUvV2hhdHNBcHAtSW1hZ2UtMjAyNi0wNS0wMS1hdC0xNS4wNy4zNS0zLUNvcGlhLmpwZWd3AH2GT3ckNTUyOWNiNDgtZjJlYy00Y2ZhLTljOGEtODkzOGMwM2FhNzE4eHcKY29yZS9pbWFnZXd0aHR0cHM6Ly9ndWFyYWkudG8uZ292LmJyL3RyYW5zcGFyZW5jaWEvd3AtY29udGVudC91cGxvYWRzLzIwMjYvMDUvV2hhdHNBcHAtSW1hZ2UtMjAyNi0wNS0wMS1hdC0xNS4wNy4zNS0yLUNvcGlhLmpwZWd3AH2FT3ckOGZmMDAxYjQtZjgwNC00NzhhLWExOGYtYzAzY2ZhOTJiNDBleHcKY29yZS9pbWFnZXd0aHR0cHM6Ly9ndWFyYWkudG8uZ292LmJyL3RyYW5zcGFyZW5jaWEvd3AtY29udGVudC91cGxvYWRzLzIwMjYvMDUvV2hhdHNBcHAtSW1hZ2UtMjAyNi0wNS0wMS1hdC0xNS4wNy4zNS0xLUNvcGlhLmpwZWd3AH2ET3ckOTdjZGUxOWItYWNkNi00M2M3LTg3ZjEtMGM4MDQ4NTNlZTNmd31odHRwczovL2d1YXJhaS50by5nb3YuYnIvdHJhbnNwYXJlbmNpYS93cC1jb250ZW50L3VwbG9hZHMvMjAyNi8wNS9XaGF0c0FwcC1JbWFnZS0yMDI2LTA1LTAxLWF0LTE1LjA3LjM2LTEtQ29waWEtMTAyNHg1NzYuanBlZ3eVAWh0dHBzOi8vZ3VhcmFpLnRvLmdvdi5ici90cmFuc3BhcmVuY2lhL2d1YXJhaS1mb3J0YWxlY2UtY2FsZW5kYXJpby1jdWx0dXJhbC1jb20tYS0zYS1lZGljYW8tZG8tZ3VhcmFmZS93aGF0c2FwcC1pbWFnZS0yMDI2LTA1LTAxLWF0LTE1LTA3LTM2LTEtY29waWEvd3RodHRwczovL2d1YXJhaS50by5nb3YuYnIvdHJhbnNwYXJlbmNpYS93cC1jb250ZW50L3VwbG9hZHMvMjAyNi8wNS9XaGF0c0FwcC1JbWFnZS0yMDI2LTA1LTAxLWF0LTE1LjA3LjM2LTEtQ29waWEuanBlZ3cEbm9uZXcFbGFyZ2V3JDUyMGY0NzJiLTYyZDAtNDNkZS05MmUwLTU5NTRiYWU1NDVmNHd9aHR0cHM6Ly9ndWFyYWkudG8uZ292LmJyL3RyYW5zcGFyZW5jaWEvd3AtY29udGVudC91cGxvYWRzLzIwMjYvMDUvV2hhdHNBcHAtSW1hZ2UtMjAyNi0wNS0wMS1hdC0xNS4wNy4zNS0zLUNvcGlhLTEwMjR4NTc2LmpwZWd3lQFodHRwczovL2d1YXJhaS50by5nb3YuYnIvdHJhbnNwYXJlbmNpYS9ndWFyYWktZm9ydGFsZWNlLWNhbGVuZGFyaW8tY3VsdHVyYWwtY29tLWEtM2EtZWRpY2FvLWRvLWd1YXJhZmUvd2hhdHNhcHAtaW1hZ2UtMjAyNi0wNS0wMS1hdC0xNS0wNy0zNS0zLWNvcGlhL3d0aHR0cHM6Ly9ndWFyYWkudG8uZ292LmJyL3RyYW5zcGFyZW5jaWEvd3AtY29udGVudC91cGxvYWRzLzIwMjYvMDUvV2hhdHNBcHAtSW1hZ2UtMjAyNi0wNS0wMS1hdC0xNS4wNy4zNS0zLUNvcGlhLmpwZWd3BG5vbmV3BWxhcmdldyQ1ODA3MTQyNi1iYTY4LTRlZDQtYTU1NC05NjA2YWJmYzY0OWJ3fWh0dHBzOi8vZ3VhcmFpLnRvLmdvdi5ici90cmFuc3BhcmVuY2lhL3dwLWNvbnRlbnQvdXBsb2Fkcy8yMDI2LzA1L1doYXRzQXBwLUltYWdlLTIwMjYtMDUtMDEtYXQtMTUuMDcuMzUtMi1Db3BpYS0xMDI0eDU3Ni5qcGVnd5UBaHR0cHM6Ly9ndWFyYWkudG8uZ292LmJyL3RyYW5zcGFyZW5jaWEvZ3VhcmFpLWZvcnRhbGVjZS1jYWxlbmRhcmlvLWN1bHR1cmFsLWNvbS1hLTNhLWVkaWNhby1kby1ndWFyYWZlL3doYXRzYXBwLWltYWdlLTIwMjYtMDUtMDEtYXQtMTUtMDctMzUtMi1jb3BpYS93dGh0dHBzOi8vZ3VhcmFpLnRvLmdvdi5ici90cmFuc3BhcmVuY2lhL3dwLWNvbnRlbnQvdXBsb2Fkcy8yMDI2LzA1L1doYXRzQXBwLUltYWdlLTIwMjYtMDUtMDEtYXQtMTUuMDcuMzUtMi1Db3BpYS5qcGVndwRub25ldwVsYXJnZXckZTY0MjBlYTgtMjIyMy00NWVkLWE1M2MtZTgyYmNhZjAyMmMyd31odHRwczovL2d1YXJhaS50by5nb3YuYnIvdHJhbnNwYXJlbmNpYS93cC1jb250ZW50L3VwbG9hZHMvMjAyNi8wNS9XaGF0c0FwcC1JbWFnZS0yMDI2LTA1LTAxLWF0LTE1LjA3LjM1LTEtQ29waWEtMTAyNHg3NDkuanBlZ3eVAWh0dHBzOi8vZ3VhcmFpLnRvLmdvdi5ici90cmFuc3BhcmVuY2lhL2d1YXJhaS1mb3J0YWxlY2UtY2FsZW5kYXJpby1jdWx0dXJhbC1jb20tYS0zYS1lZGljYW8tZG8tZ3VhcmFmZS93aGF0c2FwcC1pbWFnZS0yMDI2LTA1LTAxLWF0LTE1LTA3LTM1LTEtY29waWEvd3RodHRwczovL2d1YXJhaS50by5nb3YuYnIvdHJhbnNwYXJlbmNpYS93cC1jb250ZW50L3VwbG9hZHMvMjAyNi8wNS9XaGF0c0FwcC1JbWFnZS0yMDI2LTA1LTAxLWF0LTE1LjA3LjM1LTEtQ29waWEuanBlZ3cEbm9uZXcFbGFyZ2V3BmNsb3NlZHtCed5RreeQAHtB4K6h3cAAAAHundSrCCEBAQEAAQABAAEAAgAEAQEABAINAAQABz6iKhcBAAEAAQEBFcsBAAEAAQEPHwEAAwAFAAMAHwADAAUAAwAFAAMABQADAA==\",\"updateId\":973663970}","cybocfi_hide_featured_image":"","footnotes":""},"categories":[1],"tags":[],"class_list":["post-5054","post","type-post","status-publish","format-standard","has-post-thumbnail","hentry","category-noticias","entry"],"acf":[],"yoast_head":"<!-- This site is optimized with the Yoast SEO Premium plugin v27.3 (Yoast SEO v27.3) - https:\/\/yoast.com\/product\/yoast-seo-premium-wordpress\/ -->\n<title>Guara\u00ed fortalece calend\u00e1rio cultural com a 3\u00aa edi\u00e7\u00e3o do GuaraF\u00e9 - Prefeitura Municipal de Guara\u00ed<\/title>\n<meta name=\"robots\" content=\"index, follow, max-snippet:-1, max-image-preview:large, max-video-preview:-1\" \/>\n<link rel=\"canonical\" href=\"https:\/\/guarai.to.gov.br\/transparencia\/guarai-fortalece-calendario-cultural-com-a-3a-edicao-do-guarafe\/\" \/>\n<meta property=\"og:locale\" content=\"pt_BR\" \/>\n<meta property=\"og:type\" content=\"article\" \/>\n<meta property=\"og:title\" content=\"Guara\u00ed fortalece calend\u00e1rio cultural com a 3\u00aa edi\u00e7\u00e3o do GuaraF\u00e9\" \/>\n<meta property=\"og:description\" content=\"A noite desta quinta-feira, 30 de abril, foi marcada por f\u00e9, m\u00fasica e grande participa\u00e7\u00e3o popular em Guara\u00ed, durante a realiza\u00e7\u00e3o da 3\u00aa edi\u00e7\u00e3o do Guara Festival (GuaraF\u00e9). O evento aconteceu em uma ampla estrutura montada em frente \u00e0 Pra\u00e7a da Concilia\u00e7\u00e3o Prefeito Euclides Lima Rodrigues, reunindo p\u00fablico local e visitantes de diversas cidades da&hellip; Continue lendo Guara\u00ed fortalece calend\u00e1rio cultural com a 3\u00aa edi\u00e7\u00e3o do GuaraF\u00e9\" \/>\n<meta property=\"og:url\" content=\"https:\/\/guarai.to.gov.br\/transparencia\/guarai-fortalece-calendario-cultural-com-a-3a-edicao-do-guarafe\/\" \/>\n<meta property=\"og:site_name\" content=\"Prefeitura Municipal de Guara\u00ed\" \/>\n<meta property=\"article:published_time\" content=\"2026-05-01T19:47:50+00:00\" \/>\n<meta property=\"article:modified_time\" content=\"2026-05-01T19:54:18+00:00\" \/>\n<meta property=\"og:image\" content=\"https:\/\/guarai.to.gov.br\/transparencia\/wp-content\/uploads\/2026\/05\/FOTO-CAPA-GUARAFE.jpg\" \/>\n\t<meta property=\"og:image:width\" content=\"600\" \/>\n\t<meta property=\"og:image:height\" content=\"600\" \/>\n\t<meta property=\"og:image:type\" content=\"image\/jpeg\" \/>\n<meta name=\"author\" content=\"Comunica\u00e7\u00e3o Guara\u00ed\" \/>\n<meta name=\"twitter:card\" content=\"summary_large_image\" \/>\n<meta name=\"twitter:label1\" content=\"Escrito por\" \/>\n\t<meta name=\"twitter:data1\" content=\"Comunica\u00e7\u00e3o Guara\u00ed\" \/>\n\t<meta name=\"twitter:label2\" content=\"Est. tempo de leitura\" \/>\n\t<meta name=\"twitter:data2\" content=\"4 minutos\" \/>\n<script type=\"application\/ld+json\" class=\"yoast-schema-graph\">{\"@context\":\"https:\\\/\\\/schema.org\",\"@graph\":[{\"@type\":\"Article\",\"@id\":\"https:\\\/\\\/guarai.to.gov.br\\\/transparencia\\\/guarai-fortalece-calendario-cultural-com-a-3a-edicao-do-guarafe\\\/#article\",\"isPartOf\":{\"@id\":\"https:\\\/\\\/guarai.to.gov.br\\\/transparencia\\\/guarai-fortalece-calendario-cultural-com-a-3a-edicao-do-guarafe\\\/\"},\"author\":{\"name\":\"Comunica\u00e7\u00e3o Guara\u00ed\",\"@id\":\"https:\\\/\\\/guarai.to.gov.br\\\/transparencia\\\/#\\\/schema\\\/person\\\/dcdb75887661c2650574d9d0792d95f2\"},\"headline\":\"Guara\u00ed fortalece calend\u00e1rio cultural com a 3\u00aa edi\u00e7\u00e3o do GuaraF\u00e9\",\"datePublished\":\"2026-05-01T19:47:50+00:00\",\"dateModified\":\"2026-05-01T19:54:18+00:00\",\"mainEntityOfPage\":{\"@id\":\"https:\\\/\\\/guarai.to.gov.br\\\/transparencia\\\/guarai-fortalece-calendario-cultural-com-a-3a-edicao-do-guarafe\\\/\"},\"wordCount\":410,\"publisher\":{\"@id\":\"https:\\\/\\\/guarai.to.gov.br\\\/transparencia\\\/#organization\"},\"image\":{\"@id\":\"https:\\\/\\\/guarai.to.gov.br\\\/transparencia\\\/guarai-fortalece-calendario-cultural-com-a-3a-edicao-do-guarafe\\\/#primaryimage\"},\"thumbnailUrl\":\"https:\\\/\\\/guarai.to.gov.br\\\/transparencia\\\/wp-content\\\/uploads\\\/2026\\\/05\\\/FOTO-CAPA-GUARAFE.jpg\",\"articleSection\":[\"NOTICIAS\"],\"inLanguage\":\"pt-BR\"},{\"@type\":\"WebPage\",\"@id\":\"https:\\\/\\\/guarai.to.gov.br\\\/transparencia\\\/guarai-fortalece-calendario-cultural-com-a-3a-edicao-do-guarafe\\\/\",\"url\":\"https:\\\/\\\/guarai.to.gov.br\\\/transparencia\\\/guarai-fortalece-calendario-cultural-com-a-3a-edicao-do-guarafe\\\/\",\"name\":\"Guara\u00ed fortalece calend\u00e1rio cultural com a 3\u00aa edi\u00e7\u00e3o do GuaraF\u00e9 - Prefeitura Municipal de Guara\u00ed\",\"isPartOf\":{\"@id\":\"https:\\\/\\\/guarai.to.gov.br\\\/transparencia\\\/#website\"},\"primaryImageOfPage\":{\"@id\":\"https:\\\/\\\/guarai.to.gov.br\\\/transparencia\\\/guarai-fortalece-calendario-cultural-com-a-3a-edicao-do-guarafe\\\/#primaryimage\"},\"image\":{\"@id\":\"https:\\\/\\\/guarai.to.gov.br\\\/transparencia\\\/guarai-fortalece-calendario-cultural-com-a-3a-edicao-do-guarafe\\\/#primaryimage\"},\"thumbnailUrl\":\"https:\\\/\\\/guarai.to.gov.br\\\/transparencia\\\/wp-content\\\/uploads\\\/2026\\\/05\\\/FOTO-CAPA-GUARAFE.jpg\",\"datePublished\":\"2026-05-01T19:47:50+00:00\",\"dateModified\":\"2026-05-01T19:54:18+00:00\",\"breadcrumb\":{\"@id\":\"https:\\\/\\\/guarai.to.gov.br\\\/transparencia\\\/guarai-fortalece-calendario-cultural-com-a-3a-edicao-do-guarafe\\\/#breadcrumb\"},\"inLanguage\":\"pt-BR\",\"potentialAction\":[{\"@type\":\"ReadAction\",\"target\":[\"https:\\\/\\\/guarai.to.gov.br\\\/transparencia\\\/guarai-fortalece-calendario-cultural-com-a-3a-edicao-do-guarafe\\\/\"]}]},{\"@type\":\"ImageObject\",\"inLanguage\":\"pt-BR\",\"@id\":\"https:\\\/\\\/guarai.to.gov.br\\\/transparencia\\\/guarai-fortalece-calendario-cultural-com-a-3a-edicao-do-guarafe\\\/#primaryimage\",\"url\":\"https:\\\/\\\/guarai.to.gov.br\\\/transparencia\\\/wp-content\\\/uploads\\\/2026\\\/05\\\/FOTO-CAPA-GUARAFE.jpg\",\"contentUrl\":\"https:\\\/\\\/guarai.to.gov.br\\\/transparencia\\\/wp-content\\\/uploads\\\/2026\\\/05\\\/FOTO-CAPA-GUARAFE.jpg\",\"width\":600,\"height\":600,\"caption\":\"FOTO: Gabriel Borges\"},{\"@type\":\"BreadcrumbList\",\"@id\":\"https:\\\/\\\/guarai.to.gov.br\\\/transparencia\\\/guarai-fortalece-calendario-cultural-com-a-3a-edicao-do-guarafe\\\/#breadcrumb\",\"itemListElement\":[{\"@type\":\"ListItem\",\"position\":1,\"name\":\"In\u00edcio\",\"item\":\"https:\\\/\\\/guarai.to.gov.br\\\/transparencia\\\/\"},{\"@type\":\"ListItem\",\"position\":2,\"name\":\"Guara\u00ed fortalece calend\u00e1rio cultural com a 3\u00aa edi\u00e7\u00e3o do GuaraF\u00e9\"}]},{\"@type\":\"WebSite\",\"@id\":\"https:\\\/\\\/guarai.to.gov.br\\\/transparencia\\\/#website\",\"url\":\"https:\\\/\\\/guarai.to.gov.br\\\/transparencia\\\/\",\"name\":\"Prefeitura Municipal de Guara\u00ed\",\"description\":\"\",\"publisher\":{\"@id\":\"https:\\\/\\\/guarai.to.gov.br\\\/transparencia\\\/#organization\"},\"alternateName\":\"https:\\\/\\\/guarai.to.gov.br\\\/transparencia\",\"potentialAction\":[{\"@type\":\"SearchAction\",\"target\":{\"@type\":\"EntryPoint\",\"urlTemplate\":\"https:\\\/\\\/guarai.to.gov.br\\\/transparencia\\\/?s={search_term_string}\"},\"query-input\":{\"@type\":\"PropertyValueSpecification\",\"valueRequired\":true,\"valueName\":\"search_term_string\"}}],\"inLanguage\":\"pt-BR\"},{\"@type\":\"Organization\",\"@id\":\"https:\\\/\\\/guarai.to.gov.br\\\/transparencia\\\/#organization\",\"name\":\"Prefeitura Municipal de Guara\u00ed\",\"alternateName\":\"Prefeitura Municipal de Guara\u00ed\",\"url\":\"https:\\\/\\\/guarai.to.gov.br\\\/transparencia\\\/\",\"logo\":{\"@type\":\"ImageObject\",\"inLanguage\":\"pt-BR\",\"@id\":\"https:\\\/\\\/guarai.to.gov.br\\\/transparencia\\\/#\\\/schema\\\/logo\\\/image\\\/\",\"url\":\"https:\\\/\\\/guarai.to.gov.br\\\/transparencia\\\/wp-content\\\/uploads\\\/2024\\\/11\\\/brasao_atualizado.png\",\"contentUrl\":\"https:\\\/\\\/guarai.to.gov.br\\\/transparencia\\\/wp-content\\\/uploads\\\/2024\\\/11\\\/brasao_atualizado.png\",\"width\":50,\"height\":53,\"caption\":\"Prefeitura Municipal de Guara\u00ed\"},\"image\":{\"@id\":\"https:\\\/\\\/guarai.to.gov.br\\\/transparencia\\\/#\\\/schema\\\/logo\\\/image\\\/\"},\"description\":\"Av. Bernardo Say\u00e3o, S\\\/N - Centro, Guara\u00ed - TO, 77700-000\",\"email\":\"gabinetedoprefeito@guarai.to.gov.br\",\"telephone\":\"6334641030, 6334641018, 34644620\",\"legalName\":\"Prefeitura Municipal de Guara\u00ed\",\"foundingDate\":\"1970-04-11\",\"vatID\":\"02.070.548\\\/0001-33\",\"numberOfEmployees\":{\"@type\":\"QuantitativeValue\",\"minValue\":\"1001\",\"maxValue\":\"5000\"}},{\"@type\":\"Person\",\"@id\":\"https:\\\/\\\/guarai.to.gov.br\\\/transparencia\\\/#\\\/schema\\\/person\\\/dcdb75887661c2650574d9d0792d95f2\",\"name\":\"Comunica\u00e7\u00e3o Guara\u00ed\",\"image\":{\"@type\":\"ImageObject\",\"inLanguage\":\"pt-BR\",\"@id\":\"https:\\\/\\\/secure.gravatar.com\\\/avatar\\\/91ad7257fa34385f5a31b716113984a42b882ef420e2b650958be17b318f6d8d?s=96&d=mm&r=g\",\"url\":\"https:\\\/\\\/secure.gravatar.com\\\/avatar\\\/91ad7257fa34385f5a31b716113984a42b882ef420e2b650958be17b318f6d8d?s=96&d=mm&r=g\",\"contentUrl\":\"https:\\\/\\\/secure.gravatar.com\\\/avatar\\\/91ad7257fa34385f5a31b716113984a42b882ef420e2b650958be17b318f6d8d?s=96&d=mm&r=g\",\"caption\":\"Comunica\u00e7\u00e3o Guara\u00ed\"},\"url\":\"https:\\\/\\\/guarai.to.gov.br\\\/transparencia\\\/author\\\/comunicacaoguarai\\\/\"}]}<\/script>\n<!-- \/ Yoast SEO Premium plugin. -->","yoast_head_json":{"title":"Guara\u00ed fortalece calend\u00e1rio cultural com a 3\u00aa edi\u00e7\u00e3o do GuaraF\u00e9 - Prefeitura Municipal de Guara\u00ed","robots":{"index":"index","follow":"follow","max-snippet":"max-snippet:-1","max-image-preview":"max-image-preview:large","max-video-preview":"max-video-preview:-1"},"canonical":"https:\/\/guarai.to.gov.br\/transparencia\/guarai-fortalece-calendario-cultural-com-a-3a-edicao-do-guarafe\/","og_locale":"pt_BR","og_type":"article","og_title":"Guara\u00ed fortalece calend\u00e1rio cultural com a 3\u00aa edi\u00e7\u00e3o do GuaraF\u00e9","og_description":"A noite desta quinta-feira, 30 de abril, foi marcada por f\u00e9, m\u00fasica e grande participa\u00e7\u00e3o popular em Guara\u00ed, durante a realiza\u00e7\u00e3o da 3\u00aa edi\u00e7\u00e3o do Guara Festival (GuaraF\u00e9). O evento aconteceu em uma ampla estrutura montada em frente \u00e0 Pra\u00e7a da Concilia\u00e7\u00e3o Prefeito Euclides Lima Rodrigues, reunindo p\u00fablico local e visitantes de diversas cidades da&hellip; Continue lendo Guara\u00ed fortalece calend\u00e1rio cultural com a 3\u00aa edi\u00e7\u00e3o do GuaraF\u00e9","og_url":"https:\/\/guarai.to.gov.br\/transparencia\/guarai-fortalece-calendario-cultural-com-a-3a-edicao-do-guarafe\/","og_site_name":"Prefeitura Municipal de Guara\u00ed","article_published_time":"2026-05-01T19:47:50+00:00","article_modified_time":"2026-05-01T19:54:18+00:00","og_image":[{"width":600,"height":600,"url":"https:\/\/guarai.to.gov.br\/transparencia\/wp-content\/uploads\/2026\/05\/FOTO-CAPA-GUARAFE.jpg","type":"image\/jpeg"}],"author":"Comunica\u00e7\u00e3o Guara\u00ed","twitter_card":"summary_large_image","twitter_misc":{"Escrito por":"Comunica\u00e7\u00e3o Guara\u00ed","Est. tempo de leitura":"4 minutos"},"schema":{"@context":"https:\/\/schema.org","@graph":[{"@type":"Article","@id":"https:\/\/guarai.to.gov.br\/transparencia\/guarai-fortalece-calendario-cultural-com-a-3a-edicao-do-guarafe\/#article","isPartOf":{"@id":"https:\/\/guarai.to.gov.br\/transparencia\/guarai-fortalece-calendario-cultural-com-a-3a-edicao-do-guarafe\/"},"author":{"name":"Comunica\u00e7\u00e3o Guara\u00ed","@id":"https:\/\/guarai.to.gov.br\/transparencia\/#\/schema\/person\/dcdb75887661c2650574d9d0792d95f2"},"headline":"Guara\u00ed fortalece calend\u00e1rio cultural com a 3\u00aa edi\u00e7\u00e3o do GuaraF\u00e9","datePublished":"2026-05-01T19:47:50+00:00","dateModified":"2026-05-01T19:54:18+00:00","mainEntityOfPage":{"@id":"https:\/\/guarai.to.gov.br\/transparencia\/guarai-fortalece-calendario-cultural-com-a-3a-edicao-do-guarafe\/"},"wordCount":410,"publisher":{"@id":"https:\/\/guarai.to.gov.br\/transparencia\/#organization"},"image":{"@id":"https:\/\/guarai.to.gov.br\/transparencia\/guarai-fortalece-calendario-cultural-com-a-3a-edicao-do-guarafe\/#primaryimage"},"thumbnailUrl":"https:\/\/guarai.to.gov.br\/transparencia\/wp-content\/uploads\/2026\/05\/FOTO-CAPA-GUARAFE.jpg","articleSection":["NOTICIAS"],"inLanguage":"pt-BR"},{"@type":"WebPage","@id":"https:\/\/guarai.to.gov.br\/transparencia\/guarai-fortalece-calendario-cultural-com-a-3a-edicao-do-guarafe\/","url":"https:\/\/guarai.to.gov.br\/transparencia\/guarai-fortalece-calendario-cultural-com-a-3a-edicao-do-guarafe\/","name":"Guara\u00ed fortalece calend\u00e1rio cultural com a 3\u00aa edi\u00e7\u00e3o do GuaraF\u00e9 - Prefeitura Municipal de Guara\u00ed","isPartOf":{"@id":"https:\/\/guarai.to.gov.br\/transparencia\/#website"},"primaryImageOfPage":{"@id":"https:\/\/guarai.to.gov.br\/transparencia\/guarai-fortalece-calendario-cultural-com-a-3a-edicao-do-guarafe\/#primaryimage"},"image":{"@id":"https:\/\/guarai.to.gov.br\/transparencia\/guarai-fortalece-calendario-cultural-com-a-3a-edicao-do-guarafe\/#primaryimage"},"thumbnailUrl":"https:\/\/guarai.to.gov.br\/transparencia\/wp-content\/uploads\/2026\/05\/FOTO-CAPA-GUARAFE.jpg","datePublished":"2026-05-01T19:47:50+00:00","dateModified":"2026-05-01T19:54:18+00:00","breadcrumb":{"@id":"https:\/\/guarai.to.gov.br\/transparencia\/guarai-fortalece-calendario-cultural-com-a-3a-edicao-do-guarafe\/#breadcrumb"},"inLanguage":"pt-BR","potentialAction":[{"@type":"ReadAction","target":["https:\/\/guarai.to.gov.br\/transparencia\/guarai-fortalece-calendario-cultural-com-a-3a-edicao-do-guarafe\/"]}]},{"@type":"ImageObject","inLanguage":"pt-BR","@id":"https:\/\/guarai.to.gov.br\/transparencia\/guarai-fortalece-calendario-cultural-com-a-3a-edicao-do-guarafe\/#primaryimage","url":"https:\/\/guarai.to.gov.br\/transparencia\/wp-content\/uploads\/2026\/05\/FOTO-CAPA-GUARAFE.jpg","contentUrl":"https:\/\/guarai.to.gov.br\/transparencia\/wp-content\/uploads\/2026\/05\/FOTO-CAPA-GUARAFE.jpg","width":600,"height":600,"caption":"FOTO: Gabriel Borges"},{"@type":"BreadcrumbList","@id":"https:\/\/guarai.to.gov.br\/transparencia\/guarai-fortalece-calendario-cultural-com-a-3a-edicao-do-guarafe\/#breadcrumb","itemListElement":[{"@type":"ListItem","position":1,"name":"In\u00edcio","item":"https:\/\/guarai.to.gov.br\/transparencia\/"},{"@type":"ListItem","position":2,"name":"Guara\u00ed fortalece calend\u00e1rio cultural com a 3\u00aa edi\u00e7\u00e3o do GuaraF\u00e9"}]},{"@type":"WebSite","@id":"https:\/\/guarai.to.gov.br\/transparencia\/#website","url":"https:\/\/guarai.to.gov.br\/transparencia\/","name":"Prefeitura Municipal de Guara\u00ed","description":"","publisher":{"@id":"https:\/\/guarai.to.gov.br\/transparencia\/#organization"},"alternateName":"https:\/\/guarai.to.gov.br\/transparencia","potentialAction":[{"@type":"SearchAction","target":{"@type":"EntryPoint","urlTemplate":"https:\/\/guarai.to.gov.br\/transparencia\/?s={search_term_string}"},"query-input":{"@type":"PropertyValueSpecification","valueRequired":true,"valueName":"search_term_string"}}],"inLanguage":"pt-BR"},{"@type":"Organization","@id":"https:\/\/guarai.to.gov.br\/transparencia\/#organization","name":"Prefeitura Municipal de Guara\u00ed","alternateName":"Prefeitura Municipal de Guara\u00ed","url":"https:\/\/guarai.to.gov.br\/transparencia\/","logo":{"@type":"ImageObject","inLanguage":"pt-BR","@id":"https:\/\/guarai.to.gov.br\/transparencia\/#\/schema\/logo\/image\/","url":"https:\/\/guarai.to.gov.br\/transparencia\/wp-content\/uploads\/2024\/11\/brasao_atualizado.png","contentUrl":"https:\/\/guarai.to.gov.br\/transparencia\/wp-content\/uploads\/2024\/11\/brasao_atualizado.png","width":50,"height":53,"caption":"Prefeitura Municipal de Guara\u00ed"},"image":{"@id":"https:\/\/guarai.to.gov.br\/transparencia\/#\/schema\/logo\/image\/"},"description":"Av. Bernardo Say\u00e3o, S\/N - Centro, Guara\u00ed - TO, 77700-000","email":"gabinetedoprefeito@guarai.to.gov.br","telephone":"6334641030, 6334641018, 34644620","legalName":"Prefeitura Municipal de Guara\u00ed","foundingDate":"1970-04-11","vatID":"02.070.548\/0001-33","numberOfEmployees":{"@type":"QuantitativeValue","minValue":"1001","maxValue":"5000"}},{"@type":"Person","@id":"https:\/\/guarai.to.gov.br\/transparencia\/#\/schema\/person\/dcdb75887661c2650574d9d0792d95f2","name":"Comunica\u00e7\u00e3o Guara\u00ed","image":{"@type":"ImageObject","inLanguage":"pt-BR","@id":"https:\/\/secure.gravatar.com\/avatar\/91ad7257fa34385f5a31b716113984a42b882ef420e2b650958be17b318f6d8d?s=96&d=mm&r=g","url":"https:\/\/secure.gravatar.com\/avatar\/91ad7257fa34385f5a31b716113984a42b882ef420e2b650958be17b318f6d8d?s=96&d=mm&r=g","contentUrl":"https:\/\/secure.gravatar.com\/avatar\/91ad7257fa34385f5a31b716113984a42b882ef420e2b650958be17b318f6d8d?s=96&d=mm&r=g","caption":"Comunica\u00e7\u00e3o Guara\u00ed"},"url":"https:\/\/guarai.to.gov.br\/transparencia\/author\/comunicacaoguarai\/"}]}},"_links":{"self":[{"href":"https:\/\/guarai.to.gov.br\/transparencia\/wp-json\/wp\/v2\/posts\/5054","targetHints":{"allow":["GET"]}}],"collection":[{"href":"https:\/\/guarai.to.gov.br\/transparencia\/wp-json\/wp\/v2\/posts"}],"about":[{"href":"https:\/\/guarai.to.gov.br\/transparencia\/wp-json\/wp\/v2\/types\/post"}],"author":[{"embeddable":true,"href":"https:\/\/guarai.to.gov.br\/transparencia\/wp-json\/wp\/v2\/users\/2"}],"replies":[{"embeddable":true,"href":"https:\/\/guarai.to.gov.br\/transparencia\/wp-json\/wp\/v2\/comments?post=5054"}],"version-history":[{"count":3,"href":"https:\/\/guarai.to.gov.br\/transparencia\/wp-json\/wp\/v2\/posts\/5054\/revisions"}],"predecessor-version":[{"id":5066,"href":"https:\/\/guarai.to.gov.br\/transparencia\/wp-json\/wp\/v2\/posts\/5054\/revisions\/5066"}],"wp:featuredmedia":[{"embeddable":true,"href":"https:\/\/guarai.to.gov.br\/transparencia\/wp-json\/wp\/v2\/media\/5056"}],"wp:attachment":[{"href":"https:\/\/guarai.to.gov.br\/transparencia\/wp-json\/wp\/v2\/media?parent=5054"}],"wp:term":[{"taxonomy":"category","embeddable":true,"href":"https:\/\/guarai.to.gov.br\/transparencia\/wp-json\/wp\/v2\/categories?post=5054"},{"taxonomy":"post_tag","embeddable":true,"href":"https:\/\/guarai.to.gov.br\/transparencia\/wp-json\/wp\/v2\/tags?post=5054"}],"curies":[{"name":"wp","href":"https:\/\/api.w.org\/{rel}","templated":true}]}}