{"id":5795,"date":"2026-06-18T20:53:18","date_gmt":"2026-06-18T23:53:18","guid":{"rendered":"https:\/\/guarai.to.gov.br\/transparencia\/?p=5795"},"modified":"2026-06-18T20:53:24","modified_gmt":"2026-06-18T23:53:24","slug":"cmei-aurea-macedo-e-contemplado-com-r-30-mil-para-implantacao-de-sala-de-recursos-multifuncionais","status":"publish","type":"post","link":"https:\/\/guarai.to.gov.br\/transparencia\/cmei-aurea-macedo-e-contemplado-com-r-30-mil-para-implantacao-de-sala-de-recursos-multifuncionais\/","title":{"rendered":"CMEI \u00c1urea Macedo \u00e9 contemplado com R$ 30 mil para implanta\u00e7\u00e3o de Sala de Recursos Multifuncionais"},"content":{"rendered":"\n<p class=\"wp-block-paragraph\"><\/p>\n\n\n\n<p class=\"wp-block-paragraph\">A Prefeitura de Guara\u00ed, por meio da Secretaria Municipal de Educa\u00e7\u00e3o e Cultura, celebra mais uma importante conquista para a educa\u00e7\u00e3o inclusiva do munic\u00edpio. O Centro Municipal de Educa\u00e7\u00e3o Infantil (CMEI) \u00c1urea Macedo foi contemplado pelo Minist\u00e9rio da Educa\u00e7\u00e3o (MEC), atrav\u00e9s do PDDE Equidade, na a\u00e7\u00e3o Sala de Recursos Multifuncionais, garantindo o repasse de R$ 30 mil para a estrutura\u00e7\u00e3o de um espa\u00e7o especializado voltado ao atendimento de crian\u00e7as com necessidades educacionais espec\u00edficas.<\/p>\n\n\n\n<p class=\"wp-block-paragraph\">A conquista \u00e9 fruto da atua\u00e7\u00e3o integrada entre a Secretaria Municipal de Educa\u00e7\u00e3o e Cultura e a equipe do CMEI \u00c1urea Macedo, que conduziram todas as etapas exigidas pelo programa, desde a identifica\u00e7\u00e3o da demanda at\u00e9 a apresenta\u00e7\u00e3o da documenta\u00e7\u00e3o t\u00e9cnica, culminando na aprova\u00e7\u00e3o da proposta pelo Minist\u00e9rio da Educa\u00e7\u00e3o.<\/p>\n\n\n\n<p class=\"wp-block-paragraph\">Os recursos ser\u00e3o destinados \u00e0 aquisi\u00e7\u00e3o de equipamentos, mobili\u00e1rios e materiais pedag\u00f3gicos especializados, possibilitando a implanta\u00e7\u00e3o e o fortalecimento da Sala de Recursos Multifuncionais na unidade escolar. O espa\u00e7o oferecer\u00e1 suporte complementar ao processo de ensino e aprendizagem, contribuindo para o desenvolvimento cognitivo, social e emocional das crian\u00e7as que necessitam de atendimento educacional especializado.<\/p>\n\n\n\n<p class=\"wp-block-paragraph\">Para o secret\u00e1rio municipal de Educa\u00e7\u00e3o e Cultura, Sebasti\u00e3o Mendes, a conquista representa mais um avan\u00e7o na constru\u00e7\u00e3o de uma educa\u00e7\u00e3o p\u00fablica cada vez mais inclusiva e acess\u00edvel.<\/p>\n\n\n\n<p class=\"wp-block-paragraph\">&#8220;Esse recurso permitir\u00e1 ampliar as condi\u00e7\u00f5es de atendimento \u00e0s nossas crian\u00e7as, oferecendo um ambiente adequado, equipado e preparado para atender suas necessidades. \u00c9 uma conquista importante para a educa\u00e7\u00e3o de Guara\u00ed e, principalmente, para as fam\u00edlias que dependem desse acompanhamento especializado&#8221;, destacou o secret\u00e1rio.<\/p>\n\n\n\n<p class=\"wp-block-paragraph\">A iniciativa integra as a\u00e7\u00f5es do PDDE Equidade, programa federal criado para promover a redu\u00e7\u00e3o das desigualdades educacionais e fortalecer a inclus\u00e3o nas redes p\u00fablicas de ensino.<\/p>\n\n\n\n<p class=\"wp-block-paragraph\">Com a aprova\u00e7\u00e3o do projeto e a garantia dos recursos, o CMEI \u00c1urea Macedo passa a contar com mais um importante instrumento para assegurar um atendimento de qualidade, reafirmando o compromisso da gest\u00e3o municipal com uma educa\u00e7\u00e3o acolhedora, inclusiva e voltada ao desenvolvimento pleno de todos os estudantes.<\/p>\n\n\n\n<p class=\"wp-block-paragraph\">Prefeitura de Guara\u00ed<br>Secretaria Municipal de Educa\u00e7\u00e3o e Cultura<br>Construindo uma educa\u00e7\u00e3o com mais inclus\u00e3o, oportunidades e qualidade para todos.<\/p>\n","protected":false},"excerpt":{"rendered":"<p>A Prefeitura de Guara\u00ed, por meio da Secretaria Municipal de Educa\u00e7\u00e3o e Cultura, celebra mais uma importante conquista para a educa\u00e7\u00e3o inclusiva do munic\u00edpio. O Centro Municipal de Educa\u00e7\u00e3o Infantil (CMEI) \u00c1urea\u2026<\/p>\n","protected":false},"author":2,"featured_media":5797,"comment_status":"closed","ping_status":"closed","sticky":false,"template":"","format":"standard","meta":{"cybocfi_hide_featured_image":"","footnotes":""},"categories":[1],"tags":[],"class_list":["post-5795","post","type-post","status-publish","format-standard","has-post-thumbnail","hentry","category-noticias"],"_links":{"self":[{"href":"https:\/\/guarai.to.gov.br\/transparencia\/wp-json\/wp\/v2\/posts\/5795","targetHints":{"allow":["GET"]}}],"collection":[{"href":"https:\/\/guarai.to.gov.br\/transparencia\/wp-json\/wp\/v2\/posts"}],"about":[{"href":"https:\/\/guarai.to.gov.br\/transparencia\/wp-json\/wp\/v2\/types\/post"}],"author":[{"embeddable":true,"href":"https:\/\/guarai.to.gov.br\/transparencia\/wp-json\/wp\/v2\/users\/2"}],"replies":[{"embeddable":true,"href":"https:\/\/guarai.to.gov.br\/transparencia\/wp-json\/wp\/v2\/comments?post=5795"}],"version-history":[{"count":1,"href":"https:\/\/guarai.to.gov.br\/transparencia\/wp-json\/wp\/v2\/posts\/5795\/revisions"}],"predecessor-version":[{"id":5798,"href":"https:\/\/guarai.to.gov.br\/transparencia\/wp-json\/wp\/v2\/posts\/5795\/revisions\/5798"}],"wp:featuredmedia":[{"embeddable":true,"href":"https:\/\/guarai.to.gov.br\/transparencia\/wp-json\/wp\/v2\/media\/5797"}],"wp:attachment":[{"href":"https:\/\/guarai.to.gov.br\/transparencia\/wp-json\/wp\/v2\/media?parent=5795"}],"wp:term":[{"taxonomy":"category","embeddable":true,"href":"https:\/\/guarai.to.gov.br\/transparencia\/wp-json\/wp\/v2\/categories?post=5795"},{"taxonomy":"post_tag","embeddable":true,"href":"https:\/\/guarai.to.gov.br\/transparencia\/wp-json\/wp\/v2\/tags?post=5795"}],"curies":[{"name":"wp","href":"https:\/\/api.w.org\/{rel}","templated":true}]}}