{"id":5800,"date":"2026-06-18T21:29:05","date_gmt":"2026-06-19T00:29:05","guid":{"rendered":"https:\/\/guarai.to.gov.br\/transparencia\/?p=5800"},"modified":"2026-06-18T21:29:24","modified_gmt":"2026-06-19T00:29:24","slug":"prefeitura-de-guarai-fortalece-conscientizacao-e-combate-ao-trabalho-infantil-em-acao-realizada-na-escola-raimundo-alencar-leao","status":"publish","type":"post","link":"https:\/\/guarai.to.gov.br\/transparencia\/prefeitura-de-guarai-fortalece-conscientizacao-e-combate-ao-trabalho-infantil-em-acao-realizada-na-escola-raimundo-alencar-leao\/","title":{"rendered":"Prefeitura de Guara\u00ed fortalece conscientiza\u00e7\u00e3o e combate ao trabalho infantil em a\u00e7\u00e3o realizada na Escola Raimundo Alencar Le\u00e3o"},"content":{"rendered":"\n<p class=\"wp-block-paragraph\"><\/p>\n\n\n\n<p class=\"wp-block-paragraph\">A Prefeitura de Guara\u00ed, por meio da Secretaria Municipal de Assist\u00eancia Social e da unidade socioassistencial CREAS (Centro de Refer\u00eancia Especializado de Assist\u00eancia Social), realizou uma importante a\u00e7\u00e3o de conscientiza\u00e7\u00e3o e enfrentamento ao trabalho infantil em parceria com a Escola Municipal Raimundo Alencar Le\u00e3o.<\/p>\n\n\n\n<p class=\"wp-block-paragraph\">A iniciativa mobilizou estudantes, professores e toda a comunidade escolar em atividades educativas voltadas \u00e0 promo\u00e7\u00e3o dos direitos das crian\u00e7as e dos adolescentes, refor\u00e7ando a import\u00e2ncia da educa\u00e7\u00e3o, da prote\u00e7\u00e3o integral e do desenvolvimento saud\u00e1vel durante a inf\u00e2ncia.<\/p>\n\n\n\n<p class=\"wp-block-paragraph\">Ao longo das atividades, os professores trabalharam o tema em sala de aula por meio de debates, reflex\u00f5es e pr\u00e1ticas pedag\u00f3gicas que estimularam os alunos a compreenderem os impactos do trabalho infantil e a valorizarem direitos fundamentais, como o acesso \u00e0 educa\u00e7\u00e3o, ao lazer, \u00e0 conviv\u00eancia familiar e ao pleno desenvolvimento.<\/p>\n\n\n\n<p class=\"wp-block-paragraph\">Como resultado desse trabalho, os estudantes produziram cartazes e poesias com mensagens de conscientiza\u00e7\u00e3o, demonstrando criatividade, sensibilidade e compreens\u00e3o sobre a necessidade de proteger a inf\u00e2ncia e garantir que toda crian\u00e7a tenha a oportunidade de estudar, brincar, aprender e sonhar.<\/p>\n\n\n\n<p class=\"wp-block-paragraph\">A exposi\u00e7\u00e3o dos trabalhos desenvolvidos pelos alunos contribuiu para ampliar o debate dentro da comunidade escolar, sensibilizando crian\u00e7as, educadores e fam\u00edlias sobre a import\u00e2ncia da preven\u00e7\u00e3o e do combate ao trabalho infantil, uma responsabilidade que deve ser compartilhada por toda a sociedade.<\/p>\n\n\n\n<p class=\"wp-block-paragraph\">A a\u00e7\u00e3o refor\u00e7a o compromisso da Prefeitura de Guara\u00ed, da Secretaria Municipal de Assist\u00eancia Social, do CREAS e da Escola Raimundo Alencar Le\u00e3o com a promo\u00e7\u00e3o dos direitos humanos e a prote\u00e7\u00e3o integral de crian\u00e7as e adolescentes, fortalecendo a constru\u00e7\u00e3o de uma sociedade mais justa, acolhedora e comprometida com o futuro das novas gera\u00e7\u00f5es.<\/p>\n\n\n\n<p class=\"wp-block-paragraph\">Trabalho infantil: lugar de crian\u00e7a \u00e9 na escola<\/p>\n\n\n\n<p class=\"wp-block-paragraph\">Mais do que uma campanha de conscientiza\u00e7\u00e3o, a iniciativa representa um importante instrumento de preven\u00e7\u00e3o, informa\u00e7\u00e3o e fortalecimento da rede de prote\u00e7\u00e3o \u00e0 inf\u00e2ncia. Garantir que crian\u00e7as e adolescentes estejam na escola, convivendo em ambientes seguros e tendo acesso \u00e0s oportunidades necess\u00e1rias para seu desenvolvimento, \u00e9 um dever de toda a sociedade.<\/p>\n\n\n\n<figure class=\"wp-block-gallery has-nested-images columns-default is-cropped wp-block-gallery-1 is-layout-flex wp-block-gallery-is-layout-flex\">\n<figure class=\"wp-block-image size-large\"><img loading=\"lazy\" decoding=\"async\" width=\"1024\" height=\"1365\" data-id=\"5803\" src=\"https:\/\/guarai.to.gov.br\/transparencia\/wp-content\/uploads\/2026\/06\/ASSISTENCIA-4-1024x1365.jpeg\" alt=\"\" class=\"wp-image-5803\" srcset=\"https:\/\/guarai.to.gov.br\/transparencia\/wp-content\/uploads\/2026\/06\/ASSISTENCIA-4-1024x1365.jpeg 1024w, https:\/\/guarai.to.gov.br\/transparencia\/wp-content\/uploads\/2026\/06\/ASSISTENCIA-4-460x613.jpeg 460w, https:\/\/guarai.to.gov.br\/transparencia\/wp-content\/uploads\/2026\/06\/ASSISTENCIA-4-120x160.jpeg 120w, https:\/\/guarai.to.gov.br\/transparencia\/wp-content\/uploads\/2026\/06\/ASSISTENCIA-4-768x1024.jpeg 768w, https:\/\/guarai.to.gov.br\/transparencia\/wp-content\/uploads\/2026\/06\/ASSISTENCIA-4-1152x1536.jpeg 1152w, https:\/\/guarai.to.gov.br\/transparencia\/wp-content\/uploads\/2026\/06\/ASSISTENCIA-4-1536x2048.jpeg 1536w, https:\/\/guarai.to.gov.br\/transparencia\/wp-content\/uploads\/2026\/06\/ASSISTENCIA-4-1568x2091.jpeg 1568w, https:\/\/guarai.to.gov.br\/transparencia\/wp-content\/uploads\/2026\/06\/ASSISTENCIA-4-scaled.jpeg 1920w\" sizes=\"auto, (max-width: 1024px) 100vw, 1024px\" \/><\/figure>\n\n\n\n<figure class=\"wp-block-image size-large\"><img loading=\"lazy\" decoding=\"async\" width=\"1024\" height=\"1365\" data-id=\"5804\" src=\"https:\/\/guarai.to.gov.br\/transparencia\/wp-content\/uploads\/2026\/06\/ASSISTENCIA-5-1024x1365.jpeg\" alt=\"\" class=\"wp-image-5804\" srcset=\"https:\/\/guarai.to.gov.br\/transparencia\/wp-content\/uploads\/2026\/06\/ASSISTENCIA-5-1024x1365.jpeg 1024w, https:\/\/guarai.to.gov.br\/transparencia\/wp-content\/uploads\/2026\/06\/ASSISTENCIA-5-460x613.jpeg 460w, https:\/\/guarai.to.gov.br\/transparencia\/wp-content\/uploads\/2026\/06\/ASSISTENCIA-5-120x160.jpeg 120w, https:\/\/guarai.to.gov.br\/transparencia\/wp-content\/uploads\/2026\/06\/ASSISTENCIA-5-768x1024.jpeg 768w, https:\/\/guarai.to.gov.br\/transparencia\/wp-content\/uploads\/2026\/06\/ASSISTENCIA-5-1152x1536.jpeg 1152w, https:\/\/guarai.to.gov.br\/transparencia\/wp-content\/uploads\/2026\/06\/ASSISTENCIA-5-1536x2048.jpeg 1536w, https:\/\/guarai.to.gov.br\/transparencia\/wp-content\/uploads\/2026\/06\/ASSISTENCIA-5-1568x2091.jpeg 1568w, https:\/\/guarai.to.gov.br\/transparencia\/wp-content\/uploads\/2026\/06\/ASSISTENCIA-5-scaled.jpeg 1920w\" sizes=\"auto, (max-width: 1024px) 100vw, 1024px\" \/><\/figure>\n\n\n\n<figure class=\"wp-block-image size-large\"><img loading=\"lazy\" decoding=\"async\" width=\"1024\" height=\"1365\" data-id=\"5806\" src=\"https:\/\/guarai.to.gov.br\/transparencia\/wp-content\/uploads\/2026\/06\/ASSISTENCIA-SOCIAL-1-1024x1365.jpeg\" alt=\"\" class=\"wp-image-5806\" srcset=\"https:\/\/guarai.to.gov.br\/transparencia\/wp-content\/uploads\/2026\/06\/ASSISTENCIA-SOCIAL-1-1024x1365.jpeg 1024w, https:\/\/guarai.to.gov.br\/transparencia\/wp-content\/uploads\/2026\/06\/ASSISTENCIA-SOCIAL-1-460x613.jpeg 460w, https:\/\/guarai.to.gov.br\/transparencia\/wp-content\/uploads\/2026\/06\/ASSISTENCIA-SOCIAL-1-120x160.jpeg 120w, https:\/\/guarai.to.gov.br\/transparencia\/wp-content\/uploads\/2026\/06\/ASSISTENCIA-SOCIAL-1-768x1024.jpeg 768w, https:\/\/guarai.to.gov.br\/transparencia\/wp-content\/uploads\/2026\/06\/ASSISTENCIA-SOCIAL-1-1152x1536.jpeg 1152w, https:\/\/guarai.to.gov.br\/transparencia\/wp-content\/uploads\/2026\/06\/ASSISTENCIA-SOCIAL-1-1536x2048.jpeg 1536w, https:\/\/guarai.to.gov.br\/transparencia\/wp-content\/uploads\/2026\/06\/ASSISTENCIA-SOCIAL-1-1568x2091.jpeg 1568w, https:\/\/guarai.to.gov.br\/transparencia\/wp-content\/uploads\/2026\/06\/ASSISTENCIA-SOCIAL-1-scaled.jpeg 1920w\" sizes=\"auto, (max-width: 1024px) 100vw, 1024px\" \/><\/figure>\n<\/figure>\n\n\n\n<p class=\"wp-block-paragraph\">Prefeitura de Guara\u00ed<br>Secretaria Municipal de Assist\u00eancia Social<br>CREAS \u2013 Centro de Refer\u00eancia Especializado de Assist\u00eancia Social<br>Cuidando das pessoas e protegendo o futuro.<\/p>\n","protected":false},"excerpt":{"rendered":"<p>A Prefeitura de Guara\u00ed, por meio da Secretaria Municipal de Assist\u00eancia Social e da unidade socioassistencial CREAS (Centro de Refer\u00eancia Especializado de Assist\u00eancia Social), realizou uma importante a\u00e7\u00e3o de conscientiza\u00e7\u00e3o e enfrentamento\u2026<\/p>\n","protected":false},"author":2,"featured_media":5802,"comment_status":"closed","ping_status":"closed","sticky":false,"template":"","format":"standard","meta":{"cybocfi_hide_featured_image":"","footnotes":""},"categories":[1],"tags":[],"class_list":["post-5800","post","type-post","status-publish","format-standard","has-post-thumbnail","hentry","category-noticias"],"_links":{"self":[{"href":"https:\/\/guarai.to.gov.br\/transparencia\/wp-json\/wp\/v2\/posts\/5800","targetHints":{"allow":["GET"]}}],"collection":[{"href":"https:\/\/guarai.to.gov.br\/transparencia\/wp-json\/wp\/v2\/posts"}],"about":[{"href":"https:\/\/guarai.to.gov.br\/transparencia\/wp-json\/wp\/v2\/types\/post"}],"author":[{"embeddable":true,"href":"https:\/\/guarai.to.gov.br\/transparencia\/wp-json\/wp\/v2\/users\/2"}],"replies":[{"embeddable":true,"href":"https:\/\/guarai.to.gov.br\/transparencia\/wp-json\/wp\/v2\/comments?post=5800"}],"version-history":[{"count":1,"href":"https:\/\/guarai.to.gov.br\/transparencia\/wp-json\/wp\/v2\/posts\/5800\/revisions"}],"predecessor-version":[{"id":5808,"href":"https:\/\/guarai.to.gov.br\/transparencia\/wp-json\/wp\/v2\/posts\/5800\/revisions\/5808"}],"wp:featuredmedia":[{"embeddable":true,"href":"https:\/\/guarai.to.gov.br\/transparencia\/wp-json\/wp\/v2\/media\/5802"}],"wp:attachment":[{"href":"https:\/\/guarai.to.gov.br\/transparencia\/wp-json\/wp\/v2\/media?parent=5800"}],"wp:term":[{"taxonomy":"category","embeddable":true,"href":"https:\/\/guarai.to.gov.br\/transparencia\/wp-json\/wp\/v2\/categories?post=5800"},{"taxonomy":"post_tag","embeddable":true,"href":"https:\/\/guarai.to.gov.br\/transparencia\/wp-json\/wp\/v2\/tags?post=5800"}],"curies":[{"name":"wp","href":"https:\/\/api.w.org\/{rel}","templated":true}]}}