{"id":5810,"date":"2026-06-19T12:52:25","date_gmt":"2026-06-19T15:52:25","guid":{"rendered":"https:\/\/guarai.to.gov.br\/transparencia\/?p=5810"},"modified":"2026-06-20T19:02:54","modified_gmt":"2026-06-20T22:02:54","slug":"curso-de-panificacao-impulsiona-geracao-de-renda-e-marca-o-sucesso-do-projeto-vida-de-mulher-em-guarai","status":"publish","type":"post","link":"https:\/\/guarai.to.gov.br\/transparencia\/curso-de-panificacao-impulsiona-geracao-de-renda-e-marca-o-sucesso-do-projeto-vida-de-mulher-em-guarai\/","title":{"rendered":"Curso de panifica\u00e7\u00e3o impulsiona gera\u00e7\u00e3o de renda e marca o sucesso do projeto Vida de Mulher em Guara\u00ed"},"content":{"rendered":"\n<p class=\"wp-block-paragraph\"><\/p>\n\n\n\n<p class=\"wp-block-paragraph\"><em><strong>Iniciativa da UFT e da Secretaria de Estado da Mulher, desenvolvida em parceria com a Prefeitura de Guara\u00ed por meio da Secretaria Municipal da Mulher, Habita\u00e7\u00e3o e Regulariza\u00e7\u00e3o Fundi\u00e1ria, levou qualifica\u00e7\u00e3o profissional, sa\u00fade, cidadania e acolhimento \u00e0s mulheres do munic\u00edpio.<\/strong><\/em><\/p>\n\n\n\n<p class=\"wp-block-paragraph\">A qualifica\u00e7\u00e3o profissional voltada \u00e0 gera\u00e7\u00e3o de renda foi um dos grandes destaques do projeto Vida de Mulher, realizado no \u00faltimo dia 28 de junho, no IESC\/FAG \u2013 Faculdade Guara\u00ed. A iniciativa \u00e9 desenvolvida pela Universidade Federal do Tocantins (UFT) e pela Secretaria de Estado da Mulher, em parceria com a Prefeitura de Guara\u00ed, por meio da Secretaria Municipal da Mulher, Habita\u00e7\u00e3o e Regulariza\u00e7\u00e3o Fundi\u00e1ria, reunindo a\u00e7\u00f5es que fortalecem a autonomia feminina, promovem o acesso a direitos e ampliam oportunidades de desenvolvimento social e econ\u00f4mico.<\/p>\n\n\n\n<p class=\"wp-block-paragraph\">Com programa\u00e7\u00e3o realizada das 9h \u00e0s 17h, o evento ofereceu uma ampla rede de atendimentos e servi\u00e7os voltados ao cuidado integral da mulher, contemplando sa\u00fade, orienta\u00e7\u00e3o jur\u00eddica, assist\u00eancia, bem-estar e capacita\u00e7\u00e3o profissional. A abertura contou com a apresenta\u00e7\u00e3o da programa\u00e7\u00e3o do dia e da equipe de apoio da Secretaria de Estado da Mulher, respons\u00e1vel por conduzir diversas atividades ao longo do evento.<\/p>\n\n\n\n<p class=\"wp-block-paragraph\">Entre os servi\u00e7os disponibilizados estiveram atendimentos m\u00e9dicos com ginecologista, orienta\u00e7\u00f5es nutricionais, acompanhamento psicol\u00f3gico, orienta\u00e7\u00f5es odontol\u00f3gicas e atendimento jur\u00eddico. As participantes tamb\u00e9m tiveram acesso a informa\u00e7\u00f5es sobre direitos das mulheres, prote\u00e7\u00e3o social e acesso a servi\u00e7os p\u00fablicos, fortalecendo o conhecimento sobre pol\u00edticas p\u00fablicas e mecanismos de garantia de direitos.<\/p>\n\n\n\n<p class=\"wp-block-paragraph\">Al\u00e9m dos atendimentos especializados, o evento proporcionou momentos dedicados ao cuidado pessoal e \u00e0 valoriza\u00e7\u00e3o da autoestima, com servi\u00e7os de corte de cabelo, design de sobrancelhas e limpeza de pele, promovendo bem-estar e fortalecimento da imagem pessoal das participantes.<\/p>\n\n\n\n<p class=\"wp-block-paragraph\"><strong>Capacita\u00e7\u00e3o em panifica\u00e7\u00e3o fortalece autonomia financeira e empreendedorismo feminino<\/strong><\/p>\n\n\n\n<p class=\"wp-block-paragraph\">O curso de panifica\u00e7\u00e3o foi um dos pontos altos da programa\u00e7\u00e3o e representou um importante instrumento de transforma\u00e7\u00e3o social. Mais do que ensinar t\u00e9cnicas de produ\u00e7\u00e3o de p\u00e3es e derivados, a capacita\u00e7\u00e3o foi pensada como uma oportunidade concreta para que as mulheres adquiram conhecimentos capazes de gerar renda, estimular o empreendedorismo e ampliar suas perspectivas de inser\u00e7\u00e3o econ\u00f4mica.<\/p>\n\n\n\n<p class=\"wp-block-paragraph\">Durante a atividade, as participantes tiveram acesso a conhecimentos pr\u00e1ticos que poder\u00e3o ser aplicados tanto no ambiente dom\u00e9stico quanto na cria\u00e7\u00e3o de pequenos neg\u00f3cios, contribuindo para a independ\u00eancia financeira e o fortalecimento do protagonismo feminino.<\/p>\n\n\n\n<p class=\"wp-block-paragraph\">O diferencial da a\u00e7\u00e3o est\u00e1 justamente na uni\u00e3o entre universidade, Governo do Estado e gest\u00e3o municipal. Por meio da parceria entre a UFT, a Secretaria de Estado da Mulher e a Prefeitura de Guara\u00ed, atrav\u00e9s da Secretaria Municipal da Mulher, Habita\u00e7\u00e3o e Regulariza\u00e7\u00e3o Fundi\u00e1ria, o projeto aproxima conhecimento t\u00e9cnico, pol\u00edticas p\u00fablicas e desenvolvimento social, levando qualifica\u00e7\u00e3o profissional diretamente \u00e0s mulheres do munic\u00edpio.<\/p>\n\n\n\n<p class=\"wp-block-paragraph\"><strong>Acolhimento, di\u00e1logo e fortalecimento de v\u00ednculos<\/strong><\/p>\n\n\n\n<p class=\"wp-block-paragraph\">Outro momento significativo do evento foi o espa\u00e7o destinado \u00e0 troca de experi\u00eancias e ao fortalecimento de v\u00ednculos entre as participantes. O ambiente favoreceu o di\u00e1logo, o compartilhamento de viv\u00eancias e a constru\u00e7\u00e3o de redes de apoio, fundamentais para o fortalecimento da autoestima e para o enfrentamento dos desafios cotidianos vivenciados por muitas mulheres.<\/p>\n\n\n\n<p class=\"wp-block-paragraph\">A expressiva participa\u00e7\u00e3o da comunidade demonstrou a relev\u00e2ncia da iniciativa para Guara\u00ed. Ao longo do dia, dezenas de mulheres aproveitaram os servi\u00e7os oferecidos, participaram das atividades e tiveram acesso a orienta\u00e7\u00f5es que contribuem para sua qualidade de vida, desenvolvimento pessoal e autonomia.<\/p>\n\n\n\n<p class=\"wp-block-paragraph\">O projeto Vida de Mulher reafirma o compromisso da Universidade Federal do Tocantins (UFT), da Secretaria de Estado da Mulher e da Prefeitura de Guara\u00ed, por meio da Secretaria Municipal da Mulher, Habita\u00e7\u00e3o e Regulariza\u00e7\u00e3o Fundi\u00e1ria, com a promo\u00e7\u00e3o da cidadania, da inclus\u00e3o social e do fortalecimento das pol\u00edticas p\u00fablicas voltadas \u00e0s mulheres, consolidando uma rede de apoio que gera oportunidades, acolhimento e transforma\u00e7\u00e3o social.<\/p>\n\n\n\n<figure class=\"wp-block-gallery has-nested-images columns-default is-cropped wp-block-gallery-1 is-layout-flex wp-block-gallery-is-layout-flex\">\n<figure class=\"wp-block-image size-large\"><img loading=\"lazy\" decoding=\"async\" width=\"1024\" height=\"768\" data-id=\"5820\" src=\"https:\/\/guarai.to.gov.br\/transparencia\/wp-content\/uploads\/2026\/06\/projeto-vida-de-mulher-9-1024x768.jpeg\" alt=\"\" class=\"wp-image-5820\" srcset=\"https:\/\/guarai.to.gov.br\/transparencia\/wp-content\/uploads\/2026\/06\/projeto-vida-de-mulher-9-1024x768.jpeg 1024w, https:\/\/guarai.to.gov.br\/transparencia\/wp-content\/uploads\/2026\/06\/projeto-vida-de-mulher-9-460x345.jpeg 460w, https:\/\/guarai.to.gov.br\/transparencia\/wp-content\/uploads\/2026\/06\/projeto-vida-de-mulher-9-160x120.jpeg 160w, https:\/\/guarai.to.gov.br\/transparencia\/wp-content\/uploads\/2026\/06\/projeto-vida-de-mulher-9-768x576.jpeg 768w, https:\/\/guarai.to.gov.br\/transparencia\/wp-content\/uploads\/2026\/06\/projeto-vida-de-mulher-9-1536x1152.jpeg 1536w, https:\/\/guarai.to.gov.br\/transparencia\/wp-content\/uploads\/2026\/06\/projeto-vida-de-mulher-9-1568x1176.jpeg 1568w, https:\/\/guarai.to.gov.br\/transparencia\/wp-content\/uploads\/2026\/06\/projeto-vida-de-mulher-9.jpeg 1600w\" sizes=\"auto, (max-width: 1024px) 100vw, 1024px\" \/><\/figure>\n\n\n\n<figure class=\"wp-block-image size-large\"><img loading=\"lazy\" decoding=\"async\" width=\"1024\" height=\"768\" data-id=\"5816\" src=\"https:\/\/guarai.to.gov.br\/transparencia\/wp-content\/uploads\/2026\/06\/projeto-vida-de-mulher-5-1024x768.jpeg\" alt=\"\" class=\"wp-image-5816\" srcset=\"https:\/\/guarai.to.gov.br\/transparencia\/wp-content\/uploads\/2026\/06\/projeto-vida-de-mulher-5-1024x768.jpeg 1024w, https:\/\/guarai.to.gov.br\/transparencia\/wp-content\/uploads\/2026\/06\/projeto-vida-de-mulher-5-460x345.jpeg 460w, https:\/\/guarai.to.gov.br\/transparencia\/wp-content\/uploads\/2026\/06\/projeto-vida-de-mulher-5-160x120.jpeg 160w, https:\/\/guarai.to.gov.br\/transparencia\/wp-content\/uploads\/2026\/06\/projeto-vida-de-mulher-5-768x576.jpeg 768w, https:\/\/guarai.to.gov.br\/transparencia\/wp-content\/uploads\/2026\/06\/projeto-vida-de-mulher-5-1536x1152.jpeg 1536w, https:\/\/guarai.to.gov.br\/transparencia\/wp-content\/uploads\/2026\/06\/projeto-vida-de-mulher-5-1568x1176.jpeg 1568w, https:\/\/guarai.to.gov.br\/transparencia\/wp-content\/uploads\/2026\/06\/projeto-vida-de-mulher-5.jpeg 1600w\" sizes=\"auto, (max-width: 1024px) 100vw, 1024px\" \/><\/figure>\n\n\n\n<figure class=\"wp-block-image size-large\"><img loading=\"lazy\" decoding=\"async\" width=\"1024\" height=\"576\" data-id=\"5815\" src=\"https:\/\/guarai.to.gov.br\/transparencia\/wp-content\/uploads\/2026\/06\/projeto-vida-de-mulher-4-1024x576.jpeg\" alt=\"\" class=\"wp-image-5815\" srcset=\"https:\/\/guarai.to.gov.br\/transparencia\/wp-content\/uploads\/2026\/06\/projeto-vida-de-mulher-4-1024x576.jpeg 1024w, https:\/\/guarai.to.gov.br\/transparencia\/wp-content\/uploads\/2026\/06\/projeto-vida-de-mulher-4-460x259.jpeg 460w, https:\/\/guarai.to.gov.br\/transparencia\/wp-content\/uploads\/2026\/06\/projeto-vida-de-mulher-4-160x90.jpeg 160w, https:\/\/guarai.to.gov.br\/transparencia\/wp-content\/uploads\/2026\/06\/projeto-vida-de-mulher-4-768x432.jpeg 768w, https:\/\/guarai.to.gov.br\/transparencia\/wp-content\/uploads\/2026\/06\/projeto-vida-de-mulher-4-1536x864.jpeg 1536w, https:\/\/guarai.to.gov.br\/transparencia\/wp-content\/uploads\/2026\/06\/projeto-vida-de-mulher-4-1568x882.jpeg 1568w, https:\/\/guarai.to.gov.br\/transparencia\/wp-content\/uploads\/2026\/06\/projeto-vida-de-mulher-4.jpeg 1599w\" sizes=\"auto, (max-width: 1024px) 100vw, 1024px\" \/><\/figure>\n\n\n\n<figure class=\"wp-block-image size-large\"><img loading=\"lazy\" decoding=\"async\" width=\"1024\" height=\"768\" data-id=\"5812\" src=\"https:\/\/guarai.to.gov.br\/transparencia\/wp-content\/uploads\/2026\/06\/projeto-Vida-de-Mulher-1-1024x768.jpeg\" alt=\"\" class=\"wp-image-5812\" srcset=\"https:\/\/guarai.to.gov.br\/transparencia\/wp-content\/uploads\/2026\/06\/projeto-Vida-de-Mulher-1-1024x768.jpeg 1024w, https:\/\/guarai.to.gov.br\/transparencia\/wp-content\/uploads\/2026\/06\/projeto-Vida-de-Mulher-1-460x345.jpeg 460w, https:\/\/guarai.to.gov.br\/transparencia\/wp-content\/uploads\/2026\/06\/projeto-Vida-de-Mulher-1-160x120.jpeg 160w, https:\/\/guarai.to.gov.br\/transparencia\/wp-content\/uploads\/2026\/06\/projeto-Vida-de-Mulher-1-768x576.jpeg 768w, https:\/\/guarai.to.gov.br\/transparencia\/wp-content\/uploads\/2026\/06\/projeto-Vida-de-Mulher-1-1536x1152.jpeg 1536w, https:\/\/guarai.to.gov.br\/transparencia\/wp-content\/uploads\/2026\/06\/projeto-Vida-de-Mulher-1-1568x1176.jpeg 1568w, https:\/\/guarai.to.gov.br\/transparencia\/wp-content\/uploads\/2026\/06\/projeto-Vida-de-Mulher-1.jpeg 1600w\" sizes=\"auto, (max-width: 1024px) 100vw, 1024px\" \/><\/figure>\n\n\n\n<figure class=\"wp-block-image size-large\"><img loading=\"lazy\" decoding=\"async\" width=\"1024\" height=\"768\" data-id=\"5813\" src=\"https:\/\/guarai.to.gov.br\/transparencia\/wp-content\/uploads\/2026\/06\/Projeto-vida-de-mulher-2-1024x768.jpeg\" alt=\"\" class=\"wp-image-5813\" srcset=\"https:\/\/guarai.to.gov.br\/transparencia\/wp-content\/uploads\/2026\/06\/Projeto-vida-de-mulher-2-1024x768.jpeg 1024w, https:\/\/guarai.to.gov.br\/transparencia\/wp-content\/uploads\/2026\/06\/Projeto-vida-de-mulher-2-460x345.jpeg 460w, https:\/\/guarai.to.gov.br\/transparencia\/wp-content\/uploads\/2026\/06\/Projeto-vida-de-mulher-2-160x120.jpeg 160w, https:\/\/guarai.to.gov.br\/transparencia\/wp-content\/uploads\/2026\/06\/Projeto-vida-de-mulher-2-768x576.jpeg 768w, https:\/\/guarai.to.gov.br\/transparencia\/wp-content\/uploads\/2026\/06\/Projeto-vida-de-mulher-2-1536x1152.jpeg 1536w, https:\/\/guarai.to.gov.br\/transparencia\/wp-content\/uploads\/2026\/06\/Projeto-vida-de-mulher-2-1568x1176.jpeg 1568w, https:\/\/guarai.to.gov.br\/transparencia\/wp-content\/uploads\/2026\/06\/Projeto-vida-de-mulher-2.jpeg 1600w\" sizes=\"auto, (max-width: 1024px) 100vw, 1024px\" \/><\/figure>\n\n\n\n<figure class=\"wp-block-image size-large\"><img loading=\"lazy\" decoding=\"async\" width=\"1024\" height=\"768\" data-id=\"5814\" src=\"https:\/\/guarai.to.gov.br\/transparencia\/wp-content\/uploads\/2026\/06\/projeto-vida-de-mulher-3-1024x768.jpeg\" alt=\"\" class=\"wp-image-5814\" srcset=\"https:\/\/guarai.to.gov.br\/transparencia\/wp-content\/uploads\/2026\/06\/projeto-vida-de-mulher-3-1024x768.jpeg 1024w, https:\/\/guarai.to.gov.br\/transparencia\/wp-content\/uploads\/2026\/06\/projeto-vida-de-mulher-3-460x345.jpeg 460w, https:\/\/guarai.to.gov.br\/transparencia\/wp-content\/uploads\/2026\/06\/projeto-vida-de-mulher-3-160x120.jpeg 160w, https:\/\/guarai.to.gov.br\/transparencia\/wp-content\/uploads\/2026\/06\/projeto-vida-de-mulher-3-768x576.jpeg 768w, https:\/\/guarai.to.gov.br\/transparencia\/wp-content\/uploads\/2026\/06\/projeto-vida-de-mulher-3-1536x1152.jpeg 1536w, https:\/\/guarai.to.gov.br\/transparencia\/wp-content\/uploads\/2026\/06\/projeto-vida-de-mulher-3-1568x1176.jpeg 1568w, https:\/\/guarai.to.gov.br\/transparencia\/wp-content\/uploads\/2026\/06\/projeto-vida-de-mulher-3.jpeg 1600w\" sizes=\"auto, (max-width: 1024px) 100vw, 1024px\" \/><\/figure>\n<\/figure>\n","protected":false},"excerpt":{"rendered":"<p>Iniciativa da UFT e da Secretaria de Estado da Mulher, desenvolvida em parceria com a Prefeitura de Guara\u00ed por meio da Secretaria Municipal da Mulher, Habita\u00e7\u00e3o e Regulariza\u00e7\u00e3o Fundi\u00e1ria, levou qualifica\u00e7\u00e3o profissional,\u2026<\/p>\n","protected":false},"author":2,"featured_media":5817,"comment_status":"closed","ping_status":"closed","sticky":false,"template":"","format":"standard","meta":{"cybocfi_hide_featured_image":"","footnotes":""},"categories":[1],"tags":[],"class_list":["post-5810","post","type-post","status-publish","format-standard","has-post-thumbnail","hentry","category-noticias"],"_links":{"self":[{"href":"https:\/\/guarai.to.gov.br\/transparencia\/wp-json\/wp\/v2\/posts\/5810","targetHints":{"allow":["GET"]}}],"collection":[{"href":"https:\/\/guarai.to.gov.br\/transparencia\/wp-json\/wp\/v2\/posts"}],"about":[{"href":"https:\/\/guarai.to.gov.br\/transparencia\/wp-json\/wp\/v2\/types\/post"}],"author":[{"embeddable":true,"href":"https:\/\/guarai.to.gov.br\/transparencia\/wp-json\/wp\/v2\/users\/2"}],"replies":[{"embeddable":true,"href":"https:\/\/guarai.to.gov.br\/transparencia\/wp-json\/wp\/v2\/comments?post=5810"}],"version-history":[{"count":4,"href":"https:\/\/guarai.to.gov.br\/transparencia\/wp-json\/wp\/v2\/posts\/5810\/revisions"}],"predecessor-version":[{"id":5831,"href":"https:\/\/guarai.to.gov.br\/transparencia\/wp-json\/wp\/v2\/posts\/5810\/revisions\/5831"}],"wp:featuredmedia":[{"embeddable":true,"href":"https:\/\/guarai.to.gov.br\/transparencia\/wp-json\/wp\/v2\/media\/5817"}],"wp:attachment":[{"href":"https:\/\/guarai.to.gov.br\/transparencia\/wp-json\/wp\/v2\/media?parent=5810"}],"wp:term":[{"taxonomy":"category","embeddable":true,"href":"https:\/\/guarai.to.gov.br\/transparencia\/wp-json\/wp\/v2\/categories?post=5810"},{"taxonomy":"post_tag","embeddable":true,"href":"https:\/\/guarai.to.gov.br\/transparencia\/wp-json\/wp\/v2\/tags?post=5810"}],"curies":[{"name":"wp","href":"https:\/\/api.w.org\/{rel}","templated":true}]}}