{"id":5825,"date":"2026-06-20T18:52:44","date_gmt":"2026-06-20T21:52:44","guid":{"rendered":"https:\/\/guarai.to.gov.br\/transparencia\/?p=5825"},"modified":"2026-06-20T19:17:38","modified_gmt":"2026-06-20T22:17:38","slug":"centro-de-comercio-popular-impulsionara-empreendedorismo-e-desenvolvimento-economico-em-guarai","status":"publish","type":"post","link":"https:\/\/guarai.to.gov.br\/transparencia\/centro-de-comercio-popular-impulsionara-empreendedorismo-e-desenvolvimento-economico-em-guarai\/","title":{"rendered":"Centro de Com\u00e9rcio Popular impulsionar\u00e1 empreendedorismo e desenvolvimento econ\u00f4mico em Guara\u00ed"},"content":{"rendered":"\n<p class=\"wp-block-paragraph\"><em>Decreto regulamenta sele\u00e7\u00e3o dos permission\u00e1rios dos 14 espa\u00e7os comerciais; inaugura\u00e7\u00e3o do empreendimento est\u00e1 prevista para o dia 28 de junho<\/em><\/p>\n\n\n\n<p class=\"wp-block-paragraph\">A Prefeitura de Guara\u00ed avan\u00e7a em mais uma importante a\u00e7\u00e3o voltada ao fortalecimento da economia local com a implanta\u00e7\u00e3o do Centro de Com\u00e9rcio Popular, empreendimento criado para ampliar oportunidades de gera\u00e7\u00e3o de renda, incentivar a formaliza\u00e7\u00e3o de pequenos neg\u00f3cios e impulsionar o desenvolvimento econ\u00f4mico do munic\u00edpio.<\/p>\n\n\n\n<p class=\"wp-block-paragraph\">Como parte da etapa final de implanta\u00e7\u00e3o do projeto, foi publicado o Decreto n\u00ba 2.317, de 19 de junho de 2026, que regulamenta o chamamento p\u00fablico destinado \u00e0 sele\u00e7\u00e3o dos permission\u00e1rios que ocupar\u00e3o os 14 espa\u00e7os comerciais do empreendimento. As unidades ser\u00e3o destinadas exclusivamente a Microempreendedores Individuais (MEIs), fortalecendo as pol\u00edticas p\u00fablicas de incentivo ao empreendedorismo e \u00e0 inclus\u00e3o produtiva. <a href=\"https:\/\/guarai.to.gov.br\/portal\/2026\/06\/19\/edicao-ordinaria-2-317-de-19-de-junho-de-2026\/\" type=\"link\" id=\"https:\/\/guarai.to.gov.br\/portal\/2026\/06\/19\/edicao-ordinaria-2-317-de-19-de-junho-de-2026\/\">https:\/\/guarai.to.gov.br\/portal\/2026\/06\/19\/edicao-ordinaria-2-317-de-19-de-junho-de-2026\/<\/a><\/p>\n\n\n\n<p class=\"wp-block-paragraph\">O processo seletivo ser\u00e1 conduzido por uma Comiss\u00e3o Especial institu\u00edda para garantir transpar\u00eancia, igualdade de oportunidades e cumprimento dos crit\u00e9rios estabelecidos no edital. Poder\u00e3o participar empreendedores regularmente formalizados e que atendam \u00e0s exig\u00eancias previstas no chamamento p\u00fablico.<\/p>\n\n\n\n<p class=\"wp-block-paragraph\">Mais do que uma nova estrutura f\u00edsica, o Centro de Com\u00e9rcio Popular foi concebido como uma ferramenta de fortalecimento da atividade econ\u00f4mica local. O espa\u00e7o oferecer\u00e1 melhores condi\u00e7\u00f5es de trabalho aos pequenos empreendedores, reunindo infraestrutura adequada, seguran\u00e7a, acessibilidade e conforto para comerciantes e consumidores.<\/p>\n\n\n\n<p class=\"wp-block-paragraph\">A iniciativa integra as a\u00e7\u00f5es desenvolvidas pela gest\u00e3o municipal para estimular a gera\u00e7\u00e3o de renda, ampliar a circula\u00e7\u00e3o de recursos dentro do munic\u00edpio e criar um ambiente mais favor\u00e1vel ao crescimento dos pequenos neg\u00f3cios. A expectativa \u00e9 que o empreendimento contribua para fortalecer o com\u00e9rcio local, ampliar oportunidades para empreendedores e consolidar um espa\u00e7o organizado para a comercializa\u00e7\u00e3o de produtos e servi\u00e7os.<\/p>\n\n\n\n<p class=\"wp-block-paragraph\">Segundo a prefeita F\u00e1tima Coelho, o Centro de Com\u00e9rcio Popular representa um investimento que vai al\u00e9m da constru\u00e7\u00e3o de um espa\u00e7o comercial, refletindo o compromisso da gest\u00e3o com a valoriza\u00e7\u00e3o de quem empreende e contribui para o crescimento da cidade.<\/p>\n\n\n\n<p class=\"wp-block-paragraph\">\u201cEstamos entregando muito mais do que uma estrutura f\u00edsica. Estamos criando um ambiente de oportunidades, de valoriza\u00e7\u00e3o do empreendedor e de fortalecimento da economia local. Nosso compromisso \u00e9 continuar investindo em a\u00e7\u00f5es que promovam desenvolvimento, organiza\u00e7\u00e3o e mais dignidade para quem vive do pr\u00f3prio trabalho. Este \u00e9 um espa\u00e7o pensado para acolher e incentivar os pequenos neg\u00f3cios, que t\u00eam papel fundamental no crescimento de Guara\u00ed\u201d, destacou a prefeita.<\/p>\n\n\n\n<p class=\"wp-block-paragraph\">A inaugura\u00e7\u00e3o do Centro de Com\u00e9rcio Popular est\u00e1 prevista para o dia 28 de junho, \u00e0s 18 horas, quando a popula\u00e7\u00e3o poder\u00e1 conhecer oficialmente o novo espa\u00e7o destinado ao fortalecimento dos pequenos neg\u00f3cios e da atividade comercial em Guara\u00ed.<\/p>\n\n\n\n<p class=\"wp-block-paragraph\"><\/p>\n","protected":false},"excerpt":{"rendered":"<p>Decreto regulamenta sele\u00e7\u00e3o dos permission\u00e1rios dos 14 espa\u00e7os comerciais; inaugura\u00e7\u00e3o do empreendimento est\u00e1 prevista para o dia 28 de junho A Prefeitura de Guara\u00ed avan\u00e7a em mais uma importante a\u00e7\u00e3o voltada ao\u2026<\/p>\n","protected":false},"author":2,"featured_media":5827,"comment_status":"closed","ping_status":"closed","sticky":false,"template":"","format":"standard","meta":{"cybocfi_hide_featured_image":"","footnotes":""},"categories":[1],"tags":[],"class_list":["post-5825","post","type-post","status-publish","format-standard","has-post-thumbnail","hentry","category-noticias"],"_links":{"self":[{"href":"https:\/\/guarai.to.gov.br\/transparencia\/wp-json\/wp\/v2\/posts\/5825","targetHints":{"allow":["GET"]}}],"collection":[{"href":"https:\/\/guarai.to.gov.br\/transparencia\/wp-json\/wp\/v2\/posts"}],"about":[{"href":"https:\/\/guarai.to.gov.br\/transparencia\/wp-json\/wp\/v2\/types\/post"}],"author":[{"embeddable":true,"href":"https:\/\/guarai.to.gov.br\/transparencia\/wp-json\/wp\/v2\/users\/2"}],"replies":[{"embeddable":true,"href":"https:\/\/guarai.to.gov.br\/transparencia\/wp-json\/wp\/v2\/comments?post=5825"}],"version-history":[{"count":2,"href":"https:\/\/guarai.to.gov.br\/transparencia\/wp-json\/wp\/v2\/posts\/5825\/revisions"}],"predecessor-version":[{"id":5833,"href":"https:\/\/guarai.to.gov.br\/transparencia\/wp-json\/wp\/v2\/posts\/5825\/revisions\/5833"}],"wp:featuredmedia":[{"embeddable":true,"href":"https:\/\/guarai.to.gov.br\/transparencia\/wp-json\/wp\/v2\/media\/5827"}],"wp:attachment":[{"href":"https:\/\/guarai.to.gov.br\/transparencia\/wp-json\/wp\/v2\/media?parent=5825"}],"wp:term":[{"taxonomy":"category","embeddable":true,"href":"https:\/\/guarai.to.gov.br\/transparencia\/wp-json\/wp\/v2\/categories?post=5825"},{"taxonomy":"post_tag","embeddable":true,"href":"https:\/\/guarai.to.gov.br\/transparencia\/wp-json\/wp\/v2\/tags?post=5825"}],"curies":[{"name":"wp","href":"https:\/\/api.w.org\/{rel}","templated":true}]}}