{"id":5835,"date":"2026-06-23T12:18:59","date_gmt":"2026-06-23T15:18:59","guid":{"rendered":"https:\/\/guarai.to.gov.br\/transparencia\/?p=5835"},"modified":"2026-06-23T12:19:07","modified_gmt":"2026-06-23T15:19:07","slug":"guarai-se-prepara-para-o-2o-festival-junino-coracao-do-interior-com-atracoes-culturais-religiosas-e-musicais-para-toda-a-familia","status":"publish","type":"post","link":"https:\/\/guarai.to.gov.br\/transparencia\/guarai-se-prepara-para-o-2o-festival-junino-coracao-do-interior-com-atracoes-culturais-religiosas-e-musicais-para-toda-a-familia\/","title":{"rendered":"Guara\u00ed se prepara para o 2\u00ba Festival Junino Cora\u00e7\u00e3o do Interior com atra\u00e7\u00f5es culturais, religiosas e musicais para toda a fam\u00edlia"},"content":{"rendered":"\n<p class=\"wp-block-paragraph\">A Prefeitura de Guara\u00ed, por meio da Secretaria Municipal de Esporte, Juventude e Turismo, promove no pr\u00f3ximo dia 28 de junho o <strong>2\u00ba Festival Junino Cora\u00e7\u00e3o do Interior<\/strong>, um dos maiores eventos culturais do calend\u00e1rio municipal, reunindo tradi\u00e7\u00e3o, f\u00e9, m\u00fasica e entretenimento em uma programa\u00e7\u00e3o especial preparada para toda a comunidade.<\/p>\n\n\n\n<p class=\"wp-block-paragraph\">A grande atra\u00e7\u00e3o da noite ser\u00e1 o show do renomado <strong>Padre Alessandro Campos<\/strong>, conhecido nacionalmente por unir evangeliza\u00e7\u00e3o e m\u00fasica sertaneja em apresenta\u00e7\u00f5es marcadas pela emo\u00e7\u00e3o e espiritualidade. O artista sobe ao palco \u00e0s 22 horas, na Pra\u00e7a da Concilia\u00e7\u00e3o (Pra\u00e7a da Prefeitura), prometendo um momento de celebra\u00e7\u00e3o da f\u00e9 e de confraterniza\u00e7\u00e3o entre as fam\u00edlias guaraienses.<\/p>\n\n\n\n<p class=\"wp-block-paragraph\">O festival tem como objetivo valorizar as tradi\u00e7\u00f5es juninas, fortalecer a cultura popular e proporcionar momentos de lazer, integra\u00e7\u00e3o social e entretenimento para moradores e visitantes.<\/p>\n\n\n\n<p class=\"wp-block-paragraph\">A programa\u00e7\u00e3o ter\u00e1 in\u00edcio \u00e0s 19 horas com as tradicionais apresenta\u00e7\u00f5es de quadrilhas juninas, que levar\u00e3o ao p\u00fablico toda a beleza, criatividade e riqueza cultural das festas t\u00edpicas brasileiras. Em seguida, \u00e0s 21 horas, a anima\u00e7\u00e3o fica por conta da Turma do Padre Dudu, atra\u00e7\u00e3o voltada para toda a fam\u00edlia.<\/p>\n\n\n\n<p class=\"wp-block-paragraph\">Ap\u00f3s o show de Padre Alessandro Campos, a festa continua com muita m\u00fasica e anima\u00e7\u00e3o ao som de Aguinaldo Silva &amp; Xuy Mix, que encerram a programa\u00e7\u00e3o festiva a partir das 23 horas.<\/p>\n\n\n\n<p class=\"wp-block-paragraph\">Al\u00e9m das atra\u00e7\u00f5es culturais e musicais, o p\u00fablico poder\u00e1 prestigiar as tradicionais quermesses promovidas pelas Igrejas S\u00e3o Jos\u00e9 Oper\u00e1rio e S\u00e3o Pedro, que oferecer\u00e3o comidas t\u00edpicas, sabores regionais e toda a atmosfera acolhedora que marca os festejos juninos.<\/p>\n\n\n\n<p class=\"wp-block-paragraph\">O 2\u00ba Festival Junino Cora\u00e7\u00e3o do Interior refor\u00e7a o compromisso da gest\u00e3o municipal com o incentivo \u00e0 cultura, \u00e0 valoriza\u00e7\u00e3o das tradi\u00e7\u00f5es populares e ao fortalecimento dos eventos que promovem a conviv\u00eancia comunit\u00e1ria e movimentam a economia local.<\/p>\n\n\n\n<p class=\"wp-block-paragraph\"><strong>Programa\u00e7\u00e3o Oficial<\/strong><\/p>\n\n\n\n<p class=\"wp-block-paragraph\">28 de junho (domingo)<\/p>\n\n\n\n<p class=\"wp-block-paragraph\">Pra\u00e7a da Concilia\u00e7\u00e3o \u2013 Pra\u00e7a da Prefeitura<\/p>\n\n\n\n<p class=\"wp-block-paragraph\">19h \u2013 Apresenta\u00e7\u00f5es de Quadrilhas Juninas<\/p>\n\n\n\n<p class=\"wp-block-paragraph\">21h \u2013 Turma do Padre Dudu<\/p>\n\n\n\n<p class=\"wp-block-paragraph\">22h \u2013 Show com Padre Alessandro Campos<\/p>\n\n\n\n<p class=\"wp-block-paragraph\">23h \u2013 Show com Aguinaldo Silva &amp; Xuy Mix<\/p>\n\n\n\n<p class=\"wp-block-paragraph\">A Prefeitura de Guara\u00ed convida toda a popula\u00e7\u00e3o para participar desta grande celebra\u00e7\u00e3o cultural, que promete reunir fam\u00edlias, amigos e visitantes em uma noite de alegria, tradi\u00e7\u00e3o, f\u00e9 e valoriza\u00e7\u00e3o da identidade cultural do munic\u00edpio.<\/p>\n","protected":false},"excerpt":{"rendered":"<p>A Prefeitura de Guara\u00ed, por meio da Secretaria Municipal de Esporte, Juventude e Turismo, promove no pr\u00f3ximo dia 28 de junho o 2\u00ba Festival Junino Cora\u00e7\u00e3o do Interior, um dos maiores eventos\u2026<\/p>\n","protected":false},"author":2,"featured_media":5837,"comment_status":"closed","ping_status":"closed","sticky":false,"template":"","format":"standard","meta":{"cybocfi_hide_featured_image":"","footnotes":""},"categories":[1],"tags":[],"class_list":["post-5835","post","type-post","status-publish","format-standard","has-post-thumbnail","hentry","category-noticias"],"_links":{"self":[{"href":"https:\/\/guarai.to.gov.br\/transparencia\/wp-json\/wp\/v2\/posts\/5835","targetHints":{"allow":["GET"]}}],"collection":[{"href":"https:\/\/guarai.to.gov.br\/transparencia\/wp-json\/wp\/v2\/posts"}],"about":[{"href":"https:\/\/guarai.to.gov.br\/transparencia\/wp-json\/wp\/v2\/types\/post"}],"author":[{"embeddable":true,"href":"https:\/\/guarai.to.gov.br\/transparencia\/wp-json\/wp\/v2\/users\/2"}],"replies":[{"embeddable":true,"href":"https:\/\/guarai.to.gov.br\/transparencia\/wp-json\/wp\/v2\/comments?post=5835"}],"version-history":[{"count":1,"href":"https:\/\/guarai.to.gov.br\/transparencia\/wp-json\/wp\/v2\/posts\/5835\/revisions"}],"predecessor-version":[{"id":5838,"href":"https:\/\/guarai.to.gov.br\/transparencia\/wp-json\/wp\/v2\/posts\/5835\/revisions\/5838"}],"wp:featuredmedia":[{"embeddable":true,"href":"https:\/\/guarai.to.gov.br\/transparencia\/wp-json\/wp\/v2\/media\/5837"}],"wp:attachment":[{"href":"https:\/\/guarai.to.gov.br\/transparencia\/wp-json\/wp\/v2\/media?parent=5835"}],"wp:term":[{"taxonomy":"category","embeddable":true,"href":"https:\/\/guarai.to.gov.br\/transparencia\/wp-json\/wp\/v2\/categories?post=5835"},{"taxonomy":"post_tag","embeddable":true,"href":"https:\/\/guarai.to.gov.br\/transparencia\/wp-json\/wp\/v2\/tags?post=5835"}],"curies":[{"name":"wp","href":"https:\/\/api.w.org\/{rel}","templated":true}]}}