{"id":5851,"date":"2026-06-25T16:06:07","date_gmt":"2026-06-25T19:06:07","guid":{"rendered":"https:\/\/guarai.to.gov.br\/transparencia\/?p=5851"},"modified":"2026-06-25T16:06:10","modified_gmt":"2026-06-25T19:06:10","slug":"guarai-inicia-processo-para-realizacao-do-maior-concurso-da-educacao-dos-ultimos-anos-e-reforca-compromisso-com-o-futuro-das-novas-geracoes","status":"publish","type":"post","link":"https:\/\/guarai.to.gov.br\/transparencia\/guarai-inicia-processo-para-realizacao-do-maior-concurso-da-educacao-dos-ultimos-anos-e-reforca-compromisso-com-o-futuro-das-novas-geracoes\/","title":{"rendered":"Guara\u00ed inicia processo para realiza\u00e7\u00e3o do maior concurso da Educa\u00e7\u00e3o dos \u00faltimos anos e refor\u00e7a compromisso com o futuro das novas gera\u00e7\u00f5es"},"content":{"rendered":"\n<h1 id=\"h-\" class=\"wp-block-heading\"><\/h1>\n\n\n\n<p class=\"wp-block-paragraph\"><em>Prefeitura publica edital para contrata\u00e7\u00e3o da banca organizadora do concurso p\u00fablico que prev\u00ea 104 vagas para professores da rede municipal<\/em><\/p>\n\n\n\n<p class=\"wp-block-paragraph\"><strong>A educa\u00e7\u00e3o de Guara\u00ed vive um novo momento.<\/strong><\/p>\n\n\n\n<p class=\"wp-block-paragraph\">A Prefeitura de Guara\u00ed deu mais um importante passo para fortalecer a rede municipal de ensino ao publicar, no Di\u00e1rio Oficial do Munic\u00edpio n\u00ba 2.320, de 24 de junho de 2026, o Edital de Concorr\u00eancia Eletr\u00f4nica n\u00ba 006\/2026, destinado \u00e0 contrata\u00e7\u00e3o da institui\u00e7\u00e3o especializada que ser\u00e1 respons\u00e1vel pela organiza\u00e7\u00e3o, planejamento e execu\u00e7\u00e3o do concurso p\u00fablico da Educa\u00e7\u00e3o Municipal.<\/p>\n\n\n\n<p class=\"wp-block-paragraph\">O certame prev\u00ea a realiza\u00e7\u00e3o de concurso p\u00fablico para o provimento de <strong>104 vagas destinadas a professores docentes<\/strong>, ampliando o quadro efetivo da rede municipal de ensino e garantindo mais estabilidade, qualidade e continuidade aos servi\u00e7os educacionais prestados \u00e0 popula\u00e7\u00e3o.<\/p>\n\n\n\n<p class=\"wp-block-paragraph\">A iniciativa representa mais um compromisso assumido pela gest\u00e3o da prefeita F\u00e1tima Coelho com a valoriza\u00e7\u00e3o dos profissionais da educa\u00e7\u00e3o, o fortalecimento do servi\u00e7o p\u00fablico e os investimentos permanentes na forma\u00e7\u00e3o das futuras gera\u00e7\u00f5es.<\/p>\n\n\n\n<p class=\"wp-block-paragraph\">Mais do que a realiza\u00e7\u00e3o de um concurso, a medida simboliza a constru\u00e7\u00e3o de um futuro ainda mais promissor para a educa\u00e7\u00e3o guaraiense.<\/p>\n\n\n\n<p class=\"wp-block-paragraph\">Nos \u00faltimos anos, Guara\u00ed avan\u00e7ou significativamente na amplia\u00e7\u00e3o da rede municipal de ensino, investindo em infraestrutura, fortalecendo programas educacionais e ampliando o acesso \u00e0 educa\u00e7\u00e3o infantil. A inaugura\u00e7\u00e3o da Creche Professora \u00c1urea Macedo, a abertura de novas turmas e o crescimento da demanda educacional evidenciaram a necessidade de ampliar o quadro de profissionais efetivos para garantir um atendimento cada vez mais qualificado \u00e0s crian\u00e7as e adolescentes do munic\u00edpio.<\/p>\n\n\n\n<p class=\"wp-block-paragraph\">O concurso tamb\u00e9m se tornou poss\u00edvel ap\u00f3s a reestrutura\u00e7\u00e3o do Plano de Cargos, Carreira e Remunera\u00e7\u00e3o do Magist\u00e9rio Municipal, considerada uma conquista hist\u00f3rica para a categoria, trazendo mais seguran\u00e7a jur\u00eddica, valoriza\u00e7\u00e3o profissional e sustentabilidade para a carreira docente em Guara\u00ed.<\/p>\n\n\n\n<p class=\"wp-block-paragraph\">&#8220;Acreditamos que investir na educa\u00e7\u00e3o \u00e9 investir diretamente no futuro da nossa cidade. Cada professor valorizado representa mais oportunidades, mais aprendizado e mais transforma\u00e7\u00e3o na vida das nossas crian\u00e7as. Esse \u00e9 um compromisso da nossa gest\u00e3o e um legado que estamos construindo para as pr\u00f3ximas gera\u00e7\u00f5es&#8221;, destaca a prefeita F\u00e1tima Coelho.<\/p>\n\n\n\n<p class=\"wp-block-paragraph\">A escolha da banca organizadora ser\u00e1 realizada por meio de concorr\u00eancia eletr\u00f4nica, utilizando o crit\u00e9rio de t\u00e9cnica e pre\u00e7o, garantindo transpar\u00eancia, credibilidade e seguran\u00e7a em todas as etapas do processo. A sess\u00e3o p\u00fablica para abertura das propostas est\u00e1 prevista para o dia 17 de agosto de 2026, \u00e0s 8h01, por meio do Portal de Compras P\u00fablicas.<\/p>\n\n\n\n<p class=\"wp-block-paragraph\">Ap\u00f3s a conclus\u00e3o da licita\u00e7\u00e3o e a defini\u00e7\u00e3o da institui\u00e7\u00e3o respons\u00e1vel, ser\u00e3o divulgadas oficialmente todas as informa\u00e7\u00f5es referentes ao concurso, incluindo edital, cronograma, inscri\u00e7\u00f5es, cargos, requisitos e demais etapas do certame.<\/p>\n\n\n\n<p class=\"wp-block-paragraph\">Para a gest\u00e3o municipal, o concurso p\u00fablico representa muito mais do que o preenchimento de vagas. Trata-se de um investimento estrat\u00e9gico na qualidade da educa\u00e7\u00e3o, na valoriza\u00e7\u00e3o dos servidores e no fortalecimento das pol\u00edticas p\u00fablicas que transformam vidas.<\/p>\n\n\n\n<p class=\"wp-block-paragraph\">Com planejamento, responsabilidade e compromisso com as pessoas, Guara\u00ed segue avan\u00e7ando e construindo uma educa\u00e7\u00e3o cada vez mais forte, humana, inclusiva e preparada para os desafios do futuro.<\/p>\n","protected":false},"excerpt":{"rendered":"<p>Prefeitura publica edital para contrata\u00e7\u00e3o da banca organizadora do concurso p\u00fablico que prev\u00ea 104 vagas para professores da rede municipal A educa\u00e7\u00e3o de Guara\u00ed vive um novo momento. A Prefeitura de Guara\u00ed\u2026<\/p>\n","protected":false},"author":2,"featured_media":5853,"comment_status":"closed","ping_status":"closed","sticky":false,"template":"","format":"standard","meta":{"cybocfi_hide_featured_image":"","footnotes":""},"categories":[1],"tags":[],"class_list":["post-5851","post","type-post","status-publish","format-standard","has-post-thumbnail","hentry","category-noticias"],"_links":{"self":[{"href":"https:\/\/guarai.to.gov.br\/transparencia\/wp-json\/wp\/v2\/posts\/5851","targetHints":{"allow":["GET"]}}],"collection":[{"href":"https:\/\/guarai.to.gov.br\/transparencia\/wp-json\/wp\/v2\/posts"}],"about":[{"href":"https:\/\/guarai.to.gov.br\/transparencia\/wp-json\/wp\/v2\/types\/post"}],"author":[{"embeddable":true,"href":"https:\/\/guarai.to.gov.br\/transparencia\/wp-json\/wp\/v2\/users\/2"}],"replies":[{"embeddable":true,"href":"https:\/\/guarai.to.gov.br\/transparencia\/wp-json\/wp\/v2\/comments?post=5851"}],"version-history":[{"count":1,"href":"https:\/\/guarai.to.gov.br\/transparencia\/wp-json\/wp\/v2\/posts\/5851\/revisions"}],"predecessor-version":[{"id":5854,"href":"https:\/\/guarai.to.gov.br\/transparencia\/wp-json\/wp\/v2\/posts\/5851\/revisions\/5854"}],"wp:featuredmedia":[{"embeddable":true,"href":"https:\/\/guarai.to.gov.br\/transparencia\/wp-json\/wp\/v2\/media\/5853"}],"wp:attachment":[{"href":"https:\/\/guarai.to.gov.br\/transparencia\/wp-json\/wp\/v2\/media?parent=5851"}],"wp:term":[{"taxonomy":"category","embeddable":true,"href":"https:\/\/guarai.to.gov.br\/transparencia\/wp-json\/wp\/v2\/categories?post=5851"},{"taxonomy":"post_tag","embeddable":true,"href":"https:\/\/guarai.to.gov.br\/transparencia\/wp-json\/wp\/v2\/tags?post=5851"}],"curies":[{"name":"wp","href":"https:\/\/api.w.org\/{rel}","templated":true}]}}