{"id":5856,"date":"2026-06-25T16:16:31","date_gmt":"2026-06-25T19:16:31","guid":{"rendered":"https:\/\/guarai.to.gov.br\/transparencia\/?p=5856"},"modified":"2026-06-25T16:33:17","modified_gmt":"2026-06-25T19:33:17","slug":"5856-2","status":"publish","type":"post","link":"https:\/\/guarai.to.gov.br\/transparencia\/5856-2\/","title":{"rendered":"Guara\u00ed re\u00fane cinco munic\u00edpios em capacita\u00e7\u00e3o de brigadistas e fortalece a\u00e7\u00f5es de preven\u00e7\u00e3o e combate a inc\u00eandios"},"content":{"rendered":"\n<h1 id=\"h-\" class=\"wp-block-heading\"><\/h1>\n\n\n\n<p class=\"wp-block-paragraph\"><em>Treinamento prepara equipes para enfrentar o per\u00edodo de estiagem e refor\u00e7a a prote\u00e7\u00e3o ambiental e a seguran\u00e7a da popula\u00e7\u00e3o<\/em><\/p>\n\n\n\n<h3 id=\"h-\" class=\"wp-block-heading\"><\/h3>\n\n\n\n<p class=\"wp-block-paragraph\">A Prefeitura de Guara\u00ed est\u00e1 sediando, entre os dias 24 e 26 de junho, uma importante capacita\u00e7\u00e3o voltada \u00e0 forma\u00e7\u00e3o e ao aperfei\u00e7oamento de brigadistas municipais, reunindo profissionais de cinco munic\u00edpios da regi\u00e3o em uma a\u00e7\u00e3o estrat\u00e9gica de preven\u00e7\u00e3o e combate a inc\u00eandios florestais e urbanos.<\/p>\n\n\n\n<p class=\"wp-block-paragraph\">Participam do treinamento 25 brigadistas dos munic\u00edpios de Guara\u00ed, Colmeia, Taboc\u00e3o, Goianorte e Rio dos Bois. A iniciativa tem como objetivo fortalecer a atua\u00e7\u00e3o das equipes durante o per\u00edodo de estiagem, quando os \u00edndices de queimadas aumentam significativamente em todo o Tocantins, exigindo respostas r\u00e1pidas e eficientes para proteger vidas, propriedades e recursos naturais.<\/p>\n\n\n\n<p class=\"wp-block-paragraph\">A programa\u00e7\u00e3o est\u00e1 sendo realizada em dois espa\u00e7os. A parte te\u00f3rica acontece no Audit\u00f3rio Municipal, onde os participantes recebem orienta\u00e7\u00f5es t\u00e9cnicas e atualiza\u00e7\u00f5es sobre protocolos de atua\u00e7\u00e3o. J\u00e1 as atividades pr\u00e1ticas s\u00e3o desenvolvidas na Pra\u00e7a da Prefeitura, proporcionando experi\u00eancias que simulam situa\u00e7\u00f5es reais enfrentadas pelas brigadas durante ocorr\u00eancias.<\/p>\n\n\n\n<p class=\"wp-block-paragraph\">A capacita\u00e7\u00e3o \u00e9 ministrada pelos bombeiros militares Soldado Andr\u00e9 e Sargento Fideles, profissionais com ampla experi\u00eancia na \u00e1rea, que conduzem treinamentos voltados ao fortalecimento das brigadas municipais e \u00e0 qualifica\u00e7\u00e3o dos participantes para atua\u00e7\u00e3o segura e eficaz em situa\u00e7\u00f5es de emerg\u00eancia.<\/p>\n\n\n\n<p class=\"wp-block-paragraph\">Durante os tr\u00eas dias de forma\u00e7\u00e3o, os brigadistas recebem instru\u00e7\u00f5es sobre preven\u00e7\u00e3o e combate a queimadas, primeiros socorros, manuten\u00e7\u00e3o preventiva de equipamentos, manuseio correto de ferramentas utilizadas em opera\u00e7\u00f5es de campo e t\u00e9cnicas de combate a focos de inc\u00eandio.<\/p>\n\n\n\n<p class=\"wp-block-paragraph\">Al\u00e9m da qualifica\u00e7\u00e3o t\u00e9cnica, o treinamento promove a integra\u00e7\u00e3o entre os munic\u00edpios participantes, fortalecendo o trabalho em rede, a troca de experi\u00eancias e o alinhamento de estrat\u00e9gias para atua\u00e7\u00e3o conjunta diante de ocorr\u00eancias que ultrapassem os limites municipais.<\/p>\n\n\n\n<p class=\"wp-block-paragraph\">A prefeita F\u00e1tima Coelho destacou a import\u00e2ncia da capacita\u00e7\u00e3o para a seguran\u00e7a da popula\u00e7\u00e3o e a preserva\u00e7\u00e3o ambiental.<\/p>\n\n\n\n<p class=\"wp-block-paragraph\"><em>&#8220;Investir na capacita\u00e7\u00e3o dos brigadistas \u00e9 investir na prote\u00e7\u00e3o da nossa popula\u00e7\u00e3o, do nosso patrim\u00f4nio e do meio ambiente. Este treinamento fortalece as equipes que estar\u00e3o na linha de frente durante o per\u00edodo de estiagem e demonstra o compromisso dos munic\u00edpios em atuar de forma preventiva, preparada e respons\u00e1vel diante dos desafios das queimadas que atingem nossa regi\u00e3o todos os anos&#8221;,<\/em> ressaltou a prefeita.<\/p>\n\n\n\n<p class=\"wp-block-paragraph\">A forma\u00e7\u00e3o representa um importante investimento em preven\u00e7\u00e3o, reduzindo riscos e ampliando a capacidade de resposta dos munic\u00edpios diante de situa\u00e7\u00f5es de emerg\u00eancia. Com equipes mais preparadas, as cidades fortalecem suas a\u00e7\u00f5es de prote\u00e7\u00e3o ambiental, preserva\u00e7\u00e3o dos recursos naturais e seguran\u00e7a das comunidades.<\/p>\n\n\n\n<p class=\"wp-block-paragraph\">Para a gest\u00e3o municipal, sediar uma capacita\u00e7\u00e3o dessa relev\u00e2ncia refor\u00e7a o protagonismo de Guara\u00ed nas a\u00e7\u00f5es regionais de preven\u00e7\u00e3o e combate a inc\u00eandios, consolidando parcerias e promovendo iniciativas que beneficiam diretamente a popula\u00e7\u00e3o.<\/p>\n\n\n\n<p class=\"wp-block-paragraph\">Em um per\u00edodo marcado pelo aumento dos focos de queimadas em todo o estado, investir em conhecimento, treinamento e prepara\u00e7\u00e3o \u00e9 uma medida essencial para minimizar impactos ambientais, evitar preju\u00edzos econ\u00f4micos e, sobretudo, salvar vidas.<\/p>\n\n\n\n<p class=\"wp-block-paragraph\">Mais do que uma capacita\u00e7\u00e3o, a iniciativa representa um compromisso coletivo com a preserva\u00e7\u00e3o do meio ambiente, a valoriza\u00e7\u00e3o dos profissionais que atuam na linha de frente das emerg\u00eancias e a constru\u00e7\u00e3o de munic\u00edpios cada vez mais preparados, resilientes e seguros para enfrentar os desafios da temporada de estiagem.<\/p>\n\n\n\n<figure class=\"wp-block-gallery has-nested-images columns-default is-cropped wp-block-gallery-1 is-layout-flex wp-block-gallery-is-layout-flex\">\n<figure class=\"wp-block-image size-large\"><img loading=\"lazy\" decoding=\"async\" width=\"1024\" height=\"576\" data-id=\"5864\" src=\"https:\/\/guarai.to.gov.br\/transparencia\/wp-content\/uploads\/2026\/06\/WhatsApp-Image-2026-06-24-at-19.00.29-2-1024x576.jpeg\" alt=\"\" class=\"wp-image-5864\" srcset=\"https:\/\/guarai.to.gov.br\/transparencia\/wp-content\/uploads\/2026\/06\/WhatsApp-Image-2026-06-24-at-19.00.29-2-1024x576.jpeg 1024w, https:\/\/guarai.to.gov.br\/transparencia\/wp-content\/uploads\/2026\/06\/WhatsApp-Image-2026-06-24-at-19.00.29-2-460x259.jpeg 460w, https:\/\/guarai.to.gov.br\/transparencia\/wp-content\/uploads\/2026\/06\/WhatsApp-Image-2026-06-24-at-19.00.29-2-160x90.jpeg 160w, https:\/\/guarai.to.gov.br\/transparencia\/wp-content\/uploads\/2026\/06\/WhatsApp-Image-2026-06-24-at-19.00.29-2-768x432.jpeg 768w, https:\/\/guarai.to.gov.br\/transparencia\/wp-content\/uploads\/2026\/06\/WhatsApp-Image-2026-06-24-at-19.00.29-2-1536x864.jpeg 1536w, https:\/\/guarai.to.gov.br\/transparencia\/wp-content\/uploads\/2026\/06\/WhatsApp-Image-2026-06-24-at-19.00.29-2-1568x882.jpeg 1568w, https:\/\/guarai.to.gov.br\/transparencia\/wp-content\/uploads\/2026\/06\/WhatsApp-Image-2026-06-24-at-19.00.29-2.jpeg 1600w\" sizes=\"auto, (max-width: 1024px) 100vw, 1024px\" \/><\/figure>\n\n\n\n<figure class=\"wp-block-image size-large\"><img loading=\"lazy\" decoding=\"async\" width=\"1024\" height=\"576\" data-id=\"5865\" src=\"https:\/\/guarai.to.gov.br\/transparencia\/wp-content\/uploads\/2026\/06\/WhatsApp-Image-2026-06-24-at-19.00.29-1-1024x576.jpeg\" alt=\"\" class=\"wp-image-5865\" srcset=\"https:\/\/guarai.to.gov.br\/transparencia\/wp-content\/uploads\/2026\/06\/WhatsApp-Image-2026-06-24-at-19.00.29-1-1024x576.jpeg 1024w, https:\/\/guarai.to.gov.br\/transparencia\/wp-content\/uploads\/2026\/06\/WhatsApp-Image-2026-06-24-at-19.00.29-1-460x259.jpeg 460w, https:\/\/guarai.to.gov.br\/transparencia\/wp-content\/uploads\/2026\/06\/WhatsApp-Image-2026-06-24-at-19.00.29-1-160x90.jpeg 160w, https:\/\/guarai.to.gov.br\/transparencia\/wp-content\/uploads\/2026\/06\/WhatsApp-Image-2026-06-24-at-19.00.29-1-768x432.jpeg 768w, https:\/\/guarai.to.gov.br\/transparencia\/wp-content\/uploads\/2026\/06\/WhatsApp-Image-2026-06-24-at-19.00.29-1-1536x864.jpeg 1536w, https:\/\/guarai.to.gov.br\/transparencia\/wp-content\/uploads\/2026\/06\/WhatsApp-Image-2026-06-24-at-19.00.29-1-1568x882.jpeg 1568w, https:\/\/guarai.to.gov.br\/transparencia\/wp-content\/uploads\/2026\/06\/WhatsApp-Image-2026-06-24-at-19.00.29-1.jpeg 1600w\" sizes=\"auto, (max-width: 1024px) 100vw, 1024px\" \/><\/figure>\n\n\n\n<figure class=\"wp-block-image size-large\"><img loading=\"lazy\" decoding=\"async\" width=\"1024\" height=\"576\" data-id=\"5866\" src=\"https:\/\/guarai.to.gov.br\/transparencia\/wp-content\/uploads\/2026\/06\/WhatsApp-Image-2026-06-24-at-19.00.28-1024x576.jpeg\" alt=\"\" class=\"wp-image-5866\" srcset=\"https:\/\/guarai.to.gov.br\/transparencia\/wp-content\/uploads\/2026\/06\/WhatsApp-Image-2026-06-24-at-19.00.28-1024x576.jpeg 1024w, https:\/\/guarai.to.gov.br\/transparencia\/wp-content\/uploads\/2026\/06\/WhatsApp-Image-2026-06-24-at-19.00.28-460x259.jpeg 460w, https:\/\/guarai.to.gov.br\/transparencia\/wp-content\/uploads\/2026\/06\/WhatsApp-Image-2026-06-24-at-19.00.28-160x90.jpeg 160w, https:\/\/guarai.to.gov.br\/transparencia\/wp-content\/uploads\/2026\/06\/WhatsApp-Image-2026-06-24-at-19.00.28-768x432.jpeg 768w, https:\/\/guarai.to.gov.br\/transparencia\/wp-content\/uploads\/2026\/06\/WhatsApp-Image-2026-06-24-at-19.00.28-1536x864.jpeg 1536w, https:\/\/guarai.to.gov.br\/transparencia\/wp-content\/uploads\/2026\/06\/WhatsApp-Image-2026-06-24-at-19.00.28-1568x882.jpeg 1568w, https:\/\/guarai.to.gov.br\/transparencia\/wp-content\/uploads\/2026\/06\/WhatsApp-Image-2026-06-24-at-19.00.28.jpeg 1600w\" sizes=\"auto, (max-width: 1024px) 100vw, 1024px\" \/><\/figure>\n\n\n\n<figure class=\"wp-block-image size-large\"><img loading=\"lazy\" decoding=\"async\" width=\"1024\" height=\"576\" data-id=\"5867\" src=\"https:\/\/guarai.to.gov.br\/transparencia\/wp-content\/uploads\/2026\/06\/WhatsApp-Image-2026-06-24-at-19.00.28-2-1024x576.jpeg\" alt=\"\" class=\"wp-image-5867\" srcset=\"https:\/\/guarai.to.gov.br\/transparencia\/wp-content\/uploads\/2026\/06\/WhatsApp-Image-2026-06-24-at-19.00.28-2-1024x576.jpeg 1024w, https:\/\/guarai.to.gov.br\/transparencia\/wp-content\/uploads\/2026\/06\/WhatsApp-Image-2026-06-24-at-19.00.28-2-460x259.jpeg 460w, https:\/\/guarai.to.gov.br\/transparencia\/wp-content\/uploads\/2026\/06\/WhatsApp-Image-2026-06-24-at-19.00.28-2-160x90.jpeg 160w, https:\/\/guarai.to.gov.br\/transparencia\/wp-content\/uploads\/2026\/06\/WhatsApp-Image-2026-06-24-at-19.00.28-2-768x432.jpeg 768w, https:\/\/guarai.to.gov.br\/transparencia\/wp-content\/uploads\/2026\/06\/WhatsApp-Image-2026-06-24-at-19.00.28-2-1536x864.jpeg 1536w, https:\/\/guarai.to.gov.br\/transparencia\/wp-content\/uploads\/2026\/06\/WhatsApp-Image-2026-06-24-at-19.00.28-2-1568x882.jpeg 1568w, https:\/\/guarai.to.gov.br\/transparencia\/wp-content\/uploads\/2026\/06\/WhatsApp-Image-2026-06-24-at-19.00.28-2.jpeg 1600w\" sizes=\"auto, (max-width: 1024px) 100vw, 1024px\" \/><\/figure>\n\n\n\n<figure class=\"wp-block-image size-large\"><img loading=\"lazy\" decoding=\"async\" width=\"1024\" height=\"576\" data-id=\"5868\" src=\"https:\/\/guarai.to.gov.br\/transparencia\/wp-content\/uploads\/2026\/06\/WhatsApp-Image-2026-06-24-at-19.00.28-1-1024x576.jpeg\" alt=\"\" class=\"wp-image-5868\" srcset=\"https:\/\/guarai.to.gov.br\/transparencia\/wp-content\/uploads\/2026\/06\/WhatsApp-Image-2026-06-24-at-19.00.28-1-1024x576.jpeg 1024w, https:\/\/guarai.to.gov.br\/transparencia\/wp-content\/uploads\/2026\/06\/WhatsApp-Image-2026-06-24-at-19.00.28-1-460x259.jpeg 460w, https:\/\/guarai.to.gov.br\/transparencia\/wp-content\/uploads\/2026\/06\/WhatsApp-Image-2026-06-24-at-19.00.28-1-160x90.jpeg 160w, https:\/\/guarai.to.gov.br\/transparencia\/wp-content\/uploads\/2026\/06\/WhatsApp-Image-2026-06-24-at-19.00.28-1-768x432.jpeg 768w, https:\/\/guarai.to.gov.br\/transparencia\/wp-content\/uploads\/2026\/06\/WhatsApp-Image-2026-06-24-at-19.00.28-1-1536x864.jpeg 1536w, https:\/\/guarai.to.gov.br\/transparencia\/wp-content\/uploads\/2026\/06\/WhatsApp-Image-2026-06-24-at-19.00.28-1-1568x882.jpeg 1568w, https:\/\/guarai.to.gov.br\/transparencia\/wp-content\/uploads\/2026\/06\/WhatsApp-Image-2026-06-24-at-19.00.28-1.jpeg 1600w\" sizes=\"auto, (max-width: 1024px) 100vw, 1024px\" \/><\/figure>\n\n\n\n<figure class=\"wp-block-image size-large\"><img loading=\"lazy\" decoding=\"async\" width=\"1024\" height=\"768\" data-id=\"5869\" src=\"https:\/\/guarai.to.gov.br\/transparencia\/wp-content\/uploads\/2026\/06\/WhatsApp-Image-2026-06-24-at-19.00.27-1024x768.jpeg\" alt=\"\" class=\"wp-image-5869\" srcset=\"https:\/\/guarai.to.gov.br\/transparencia\/wp-content\/uploads\/2026\/06\/WhatsApp-Image-2026-06-24-at-19.00.27-1024x768.jpeg 1024w, https:\/\/guarai.to.gov.br\/transparencia\/wp-content\/uploads\/2026\/06\/WhatsApp-Image-2026-06-24-at-19.00.27-460x345.jpeg 460w, https:\/\/guarai.to.gov.br\/transparencia\/wp-content\/uploads\/2026\/06\/WhatsApp-Image-2026-06-24-at-19.00.27-160x120.jpeg 160w, https:\/\/guarai.to.gov.br\/transparencia\/wp-content\/uploads\/2026\/06\/WhatsApp-Image-2026-06-24-at-19.00.27-768x576.jpeg 768w, https:\/\/guarai.to.gov.br\/transparencia\/wp-content\/uploads\/2026\/06\/WhatsApp-Image-2026-06-24-at-19.00.27-1536x1152.jpeg 1536w, https:\/\/guarai.to.gov.br\/transparencia\/wp-content\/uploads\/2026\/06\/WhatsApp-Image-2026-06-24-at-19.00.27-1568x1176.jpeg 1568w, https:\/\/guarai.to.gov.br\/transparencia\/wp-content\/uploads\/2026\/06\/WhatsApp-Image-2026-06-24-at-19.00.27.jpeg 1600w\" sizes=\"auto, (max-width: 1024px) 100vw, 1024px\" \/><\/figure>\n\n\n\n<figure class=\"wp-block-image size-large\"><img loading=\"lazy\" decoding=\"async\" width=\"1024\" height=\"576\" data-id=\"5874\" src=\"https:\/\/guarai.to.gov.br\/transparencia\/wp-content\/uploads\/2026\/06\/WhatsApp-Image-2026-06-24-at-19.00.27-1-1024x576.jpeg\" alt=\"\" class=\"wp-image-5874\" srcset=\"https:\/\/guarai.to.gov.br\/transparencia\/wp-content\/uploads\/2026\/06\/WhatsApp-Image-2026-06-24-at-19.00.27-1-1024x576.jpeg 1024w, https:\/\/guarai.to.gov.br\/transparencia\/wp-content\/uploads\/2026\/06\/WhatsApp-Image-2026-06-24-at-19.00.27-1-460x259.jpeg 460w, https:\/\/guarai.to.gov.br\/transparencia\/wp-content\/uploads\/2026\/06\/WhatsApp-Image-2026-06-24-at-19.00.27-1-160x90.jpeg 160w, https:\/\/guarai.to.gov.br\/transparencia\/wp-content\/uploads\/2026\/06\/WhatsApp-Image-2026-06-24-at-19.00.27-1-768x432.jpeg 768w, https:\/\/guarai.to.gov.br\/transparencia\/wp-content\/uploads\/2026\/06\/WhatsApp-Image-2026-06-24-at-19.00.27-1-1536x864.jpeg 1536w, https:\/\/guarai.to.gov.br\/transparencia\/wp-content\/uploads\/2026\/06\/WhatsApp-Image-2026-06-24-at-19.00.27-1-1568x882.jpeg 1568w, https:\/\/guarai.to.gov.br\/transparencia\/wp-content\/uploads\/2026\/06\/WhatsApp-Image-2026-06-24-at-19.00.27-1.jpeg 1600w\" sizes=\"auto, (max-width: 1024px) 100vw, 1024px\" \/><\/figure>\n<\/figure>\n\n\n\n<p class=\"wp-block-paragraph\"><\/p>\n","protected":false},"excerpt":{"rendered":"<p>Treinamento prepara equipes para enfrentar o per\u00edodo de estiagem e refor\u00e7a a prote\u00e7\u00e3o ambiental e a seguran\u00e7a da popula\u00e7\u00e3o A Prefeitura de Guara\u00ed est\u00e1 sediando, entre os dias 24 e 26 de\u2026<\/p>\n","protected":false},"author":2,"featured_media":5858,"comment_status":"closed","ping_status":"closed","sticky":false,"template":"","format":"standard","meta":{"cybocfi_hide_featured_image":"","footnotes":""},"categories":[1],"tags":[],"class_list":["post-5856","post","type-post","status-publish","format-standard","has-post-thumbnail","hentry","category-noticias"],"_links":{"self":[{"href":"https:\/\/guarai.to.gov.br\/transparencia\/wp-json\/wp\/v2\/posts\/5856","targetHints":{"allow":["GET"]}}],"collection":[{"href":"https:\/\/guarai.to.gov.br\/transparencia\/wp-json\/wp\/v2\/posts"}],"about":[{"href":"https:\/\/guarai.to.gov.br\/transparencia\/wp-json\/wp\/v2\/types\/post"}],"author":[{"embeddable":true,"href":"https:\/\/guarai.to.gov.br\/transparencia\/wp-json\/wp\/v2\/users\/2"}],"replies":[{"embeddable":true,"href":"https:\/\/guarai.to.gov.br\/transparencia\/wp-json\/wp\/v2\/comments?post=5856"}],"version-history":[{"count":3,"href":"https:\/\/guarai.to.gov.br\/transparencia\/wp-json\/wp\/v2\/posts\/5856\/revisions"}],"predecessor-version":[{"id":5880,"href":"https:\/\/guarai.to.gov.br\/transparencia\/wp-json\/wp\/v2\/posts\/5856\/revisions\/5880"}],"wp:featuredmedia":[{"embeddable":true,"href":"https:\/\/guarai.to.gov.br\/transparencia\/wp-json\/wp\/v2\/media\/5858"}],"wp:attachment":[{"href":"https:\/\/guarai.to.gov.br\/transparencia\/wp-json\/wp\/v2\/media?parent=5856"}],"wp:term":[{"taxonomy":"category","embeddable":true,"href":"https:\/\/guarai.to.gov.br\/transparencia\/wp-json\/wp\/v2\/categories?post=5856"},{"taxonomy":"post_tag","embeddable":true,"href":"https:\/\/guarai.to.gov.br\/transparencia\/wp-json\/wp\/v2\/tags?post=5856"}],"curies":[{"name":"wp","href":"https:\/\/api.w.org\/{rel}","templated":true}]}}