{"id":5887,"date":"2026-06-26T11:11:52","date_gmt":"2026-06-26T14:11:52","guid":{"rendered":"https:\/\/guarai.to.gov.br\/transparencia\/?p=5887"},"modified":"2026-06-26T11:48:48","modified_gmt":"2026-06-26T14:48:48","slug":"guarai-firma-convenio-com-a-fag-e-lanca-projeto-saude-e-bem-estar-na-educacao","status":"publish","type":"post","link":"https:\/\/guarai.to.gov.br\/transparencia\/guarai-firma-convenio-com-a-fag-e-lanca-projeto-saude-e-bem-estar-na-educacao\/","title":{"rendered":"Conv\u00eanio com a FAG amplia a\u00e7\u00f5es de sa\u00fade e bem-estar na educa\u00e7\u00e3o municipal"},"content":{"rendered":"\n<p class=\"wp-block-paragraph\"><\/p>\n\n\n\n<h1 id=\"h-\" class=\"wp-block-heading\"><\/h1>\n\n\n\n<h1 id=\"h-nbsp\" class=\"wp-block-heading\">&nbsp;<\/h1>\n\n\n\n<p class=\"wp-block-paragraph\">A Prefeitura de Guara\u00ed, por meio da Secretaria Municipal de Educa\u00e7\u00e3o e Cultura, realizou o lan\u00e7amento oficial do Projeto Sa\u00fade e Bem-Estar dos Profissionais da Educa\u00e7\u00e3o e firmou conv\u00eanio de coopera\u00e7\u00e3o t\u00e9cnico-cient\u00edfica com a Faculdade Guara\u00ed (FAG), mantida pelo Instituto Educacional Santa Catarina (IESC).<\/p>\n\n\n\n<p class=\"wp-block-paragraph\">A iniciativa integra gest\u00e3o p\u00fablica e ensino superior em a\u00e7\u00f5es voltadas \u00e0 forma\u00e7\u00e3o acad\u00eamica, ao desenvolvimento de projetos e \u00e0 promo\u00e7\u00e3o de melhores condi\u00e7\u00f5es de trabalho aos profissionais da rede municipal de ensino.<\/p>\n\n\n\n<p class=\"wp-block-paragraph\">O conv\u00eanio estabelece coopera\u00e7\u00e3o t\u00e9cnico-cient\u00edfica entre as institui\u00e7\u00f5es, com a realiza\u00e7\u00e3o de est\u00e1gios supervisionados, atividades de ensino, pesquisa e extens\u00e3o, al\u00e9m do desenvolvimento de projetos e a\u00e7\u00f5es conjuntas, conforme a Lei Federal n\u00ba 11.788\/2008.<\/p>\n\n\n\n<p class=\"wp-block-paragraph\">A solenidade tamb\u00e9m contou com a participa\u00e7\u00e3o da Secretaria Municipal de Assist\u00eancia Social, refor\u00e7ando a articula\u00e7\u00e3o intersetorial nas a\u00e7\u00f5es de cuidado, acompanhamento e fortalecimento das pol\u00edticas voltadas aos servidores da educa\u00e7\u00e3o.<\/p>\n\n\n\n<p class=\"wp-block-paragraph\">Durante o evento, foi lan\u00e7ado oficialmente o Projeto Sa\u00fade e Bem-Estar dos Profissionais da Educa\u00e7\u00e3o, que passa a integrar as a\u00e7\u00f5es permanentes da rede municipal de ensino, com foco na promo\u00e7\u00e3o da sa\u00fade f\u00edsica, mental e emocional dos servidores.<\/p>\n\n\n\n<p class=\"wp-block-paragraph\">O projeto contempla professores, gestores, coordenadores pedag\u00f3gicos, t\u00e9cnicos e demais profissionais da educa\u00e7\u00e3o, com a\u00e7\u00f5es como palestras, oficinas tem\u00e1ticas, rodas de conversa, campanhas educativas e atividades voltadas \u00e0 qualidade de vida no ambiente de trabalho.<\/p>\n\n\n\n<p class=\"wp-block-paragraph\">A parceria com a FAG possibilita a atua\u00e7\u00e3o conjunta de acad\u00eamicos, professores e profissionais em atividades multidisciplinares, ampliando a integra\u00e7\u00e3o entre teoria e pr\u00e1tica no servi\u00e7o p\u00fablico. A Secretaria Municipal de Assist\u00eancia Social atua como apoio institucional, contribuindo para o fortalecimento das a\u00e7\u00f5es de cuidado e prote\u00e7\u00e3o social.<\/p>\n\n\n\n<p class=\"wp-block-paragraph\">Durante a solenidade, foi assinado o Termo de Conv\u00eanio que oficializa a parceria entre a Prefeitura de Guara\u00ed, a Faculdade Guara\u00ed e a Secretaria Municipal de Educa\u00e7\u00e3o e Cultura, consolidando o compromisso institucional com o desenvolvimento de a\u00e7\u00f5es voltadas \u00e0 forma\u00e7\u00e3o, \u00e0 pesquisa e \u00e0 valoriza\u00e7\u00e3o dos profissionais da educa\u00e7\u00e3o.<\/p>\n\n\n\n<p class=\"wp-block-paragraph\">Assinaram o documento a representante da Faculdade Guara\u00ed \u2013 FAG, Camila Teixeira de Oliveira Penna Chaves, a prefeita de Guara\u00ed, Maria de F\u00e1tima Coelho Nunes, e o secret\u00e1rio municipal de Educa\u00e7\u00e3o e Cultura, Sebasti\u00e3o Mendes de Sousa.<\/p>\n\n\n\n<p class=\"wp-block-paragraph\">A prefeita de Guara\u00ed, Maria de F\u00e1tima Coelho Nunes, destacou que a iniciativa consolida uma pol\u00edtica permanente de valoriza\u00e7\u00e3o dos profissionais da educa\u00e7\u00e3o e de fortalecimento das a\u00e7\u00f5es de cuidado no servi\u00e7o p\u00fablico municipal.<\/p>\n\n\n\n<p class=\"wp-block-paragraph\">\u201cEste conv\u00eanio e o lan\u00e7amento do Projeto Sa\u00fade e Bem-Estar representam uma decis\u00e3o de gest\u00e3o voltada ao cuidado com as pessoas. A educa\u00e7\u00e3o s\u00f3 se fortalece quando valorizamos quem est\u00e1 diariamente nas escolas, enfrentando desafios e contribuindo diretamente para a forma\u00e7\u00e3o das nossas crian\u00e7as e jovens. Ao integrar a Prefeitura, a Faculdade Guara\u00ed e a Secretaria de Assist\u00eancia Social, constru\u00edmos uma rede de apoio que olha para o servidor de forma integral, considerando suas dimens\u00f5es f\u00edsica, emocional e social. Mais do que um ato formal, este \u00e9 um compromisso cont\u00ednuo com pol\u00edticas que geram impacto real na vida dos profissionais da educa\u00e7\u00e3o e na qualidade do servi\u00e7o p\u00fablico que chega \u00e0 popula\u00e7\u00e3o.\u201d<\/p>\n\n\n\n<p class=\"wp-block-paragraph\">Com a iniciativa, o munic\u00edpio reafirma sua pol\u00edtica de valoriza\u00e7\u00e3o dos profissionais da educa\u00e7\u00e3o e de fortalecimento de uma rede de ensino mais integrada, humana e eficiente. A gest\u00e3o municipal destaca que o cuidado com os servidores e a qualifica\u00e7\u00e3o do ambiente de trabalho s\u00e3o pilares fundamentais para o avan\u00e7o da educa\u00e7\u00e3o p\u00fablica em Guara\u00ed.<\/p>\n\n\n\n<figure class=\"wp-block-gallery has-nested-images columns-default is-cropped wp-block-gallery-1 is-layout-flex wp-block-gallery-is-layout-flex\">\n<figure class=\"wp-block-image size-large\"><img loading=\"lazy\" decoding=\"async\" width=\"1024\" height=\"1536\" data-id=\"5893\" src=\"https:\/\/guarai.to.gov.br\/transparencia\/wp-content\/uploads\/2026\/06\/DSC00724.JPG-1024x1536.jpeg\" alt=\"\" class=\"wp-image-5893\" srcset=\"https:\/\/guarai.to.gov.br\/transparencia\/wp-content\/uploads\/2026\/06\/DSC00724.JPG-1024x1536.jpeg 1024w, https:\/\/guarai.to.gov.br\/transparencia\/wp-content\/uploads\/2026\/06\/DSC00724.JPG-460x690.jpeg 460w, https:\/\/guarai.to.gov.br\/transparencia\/wp-content\/uploads\/2026\/06\/DSC00724.JPG-107x160.jpeg 107w, https:\/\/guarai.to.gov.br\/transparencia\/wp-content\/uploads\/2026\/06\/DSC00724.JPG-768x1152.jpeg 768w, https:\/\/guarai.to.gov.br\/transparencia\/wp-content\/uploads\/2026\/06\/DSC00724.JPG-1365x2048.jpeg 1365w, https:\/\/guarai.to.gov.br\/transparencia\/wp-content\/uploads\/2026\/06\/DSC00724.JPG-1568x2352.jpeg 1568w, https:\/\/guarai.to.gov.br\/transparencia\/wp-content\/uploads\/2026\/06\/DSC00724.JPG-scaled.jpeg 1707w\" sizes=\"auto, (max-width: 1024px) 100vw, 1024px\" \/><\/figure>\n\n\n\n<figure class=\"wp-block-image size-large\"><img loading=\"lazy\" decoding=\"async\" width=\"1024\" height=\"1536\" data-id=\"5894\" src=\"https:\/\/guarai.to.gov.br\/transparencia\/wp-content\/uploads\/2026\/06\/DSC00725.JPG-1024x1536.jpeg\" alt=\"\" class=\"wp-image-5894\" srcset=\"https:\/\/guarai.to.gov.br\/transparencia\/wp-content\/uploads\/2026\/06\/DSC00725.JPG-1024x1536.jpeg 1024w, https:\/\/guarai.to.gov.br\/transparencia\/wp-content\/uploads\/2026\/06\/DSC00725.JPG-460x690.jpeg 460w, https:\/\/guarai.to.gov.br\/transparencia\/wp-content\/uploads\/2026\/06\/DSC00725.JPG-107x160.jpeg 107w, https:\/\/guarai.to.gov.br\/transparencia\/wp-content\/uploads\/2026\/06\/DSC00725.JPG-768x1152.jpeg 768w, https:\/\/guarai.to.gov.br\/transparencia\/wp-content\/uploads\/2026\/06\/DSC00725.JPG-1365x2048.jpeg 1365w, https:\/\/guarai.to.gov.br\/transparencia\/wp-content\/uploads\/2026\/06\/DSC00725.JPG-1568x2352.jpeg 1568w, https:\/\/guarai.to.gov.br\/transparencia\/wp-content\/uploads\/2026\/06\/DSC00725.JPG-scaled.jpeg 1707w\" sizes=\"auto, (max-width: 1024px) 100vw, 1024px\" \/><\/figure>\n\n\n\n<figure class=\"wp-block-image size-large\"><img loading=\"lazy\" decoding=\"async\" width=\"1024\" height=\"1536\" data-id=\"5896\" src=\"https:\/\/guarai.to.gov.br\/transparencia\/wp-content\/uploads\/2026\/06\/DSC00727.JPG-1-1024x1536.jpeg\" alt=\"\" class=\"wp-image-5896\" srcset=\"https:\/\/guarai.to.gov.br\/transparencia\/wp-content\/uploads\/2026\/06\/DSC00727.JPG-1-1024x1536.jpeg 1024w, https:\/\/guarai.to.gov.br\/transparencia\/wp-content\/uploads\/2026\/06\/DSC00727.JPG-1-460x690.jpeg 460w, https:\/\/guarai.to.gov.br\/transparencia\/wp-content\/uploads\/2026\/06\/DSC00727.JPG-1-107x160.jpeg 107w, https:\/\/guarai.to.gov.br\/transparencia\/wp-content\/uploads\/2026\/06\/DSC00727.JPG-1-768x1152.jpeg 768w, https:\/\/guarai.to.gov.br\/transparencia\/wp-content\/uploads\/2026\/06\/DSC00727.JPG-1-1365x2048.jpeg 1365w, https:\/\/guarai.to.gov.br\/transparencia\/wp-content\/uploads\/2026\/06\/DSC00727.JPG-1-1568x2352.jpeg 1568w, https:\/\/guarai.to.gov.br\/transparencia\/wp-content\/uploads\/2026\/06\/DSC00727.JPG-1-scaled.jpeg 1707w\" sizes=\"auto, (max-width: 1024px) 100vw, 1024px\" \/><\/figure>\n<\/figure>\n\n\n\n<figure class=\"wp-block-gallery has-nested-images columns-default is-cropped wp-block-gallery-2 is-layout-flex wp-block-gallery-is-layout-flex\">\n<figure class=\"wp-block-image size-large\"><img loading=\"lazy\" decoding=\"async\" width=\"1024\" height=\"768\" data-id=\"5900\" src=\"https:\/\/guarai.to.gov.br\/transparencia\/wp-content\/uploads\/2026\/06\/a3ca6160-a1f2-4aa2-8c40-4a5e262d2f59-1024x768.jpg\" alt=\"\" class=\"wp-image-5900\" srcset=\"https:\/\/guarai.to.gov.br\/transparencia\/wp-content\/uploads\/2026\/06\/a3ca6160-a1f2-4aa2-8c40-4a5e262d2f59-1024x768.jpg 1024w, https:\/\/guarai.to.gov.br\/transparencia\/wp-content\/uploads\/2026\/06\/a3ca6160-a1f2-4aa2-8c40-4a5e262d2f59-460x345.jpg 460w, https:\/\/guarai.to.gov.br\/transparencia\/wp-content\/uploads\/2026\/06\/a3ca6160-a1f2-4aa2-8c40-4a5e262d2f59-160x120.jpg 160w, https:\/\/guarai.to.gov.br\/transparencia\/wp-content\/uploads\/2026\/06\/a3ca6160-a1f2-4aa2-8c40-4a5e262d2f59-768x576.jpg 768w, https:\/\/guarai.to.gov.br\/transparencia\/wp-content\/uploads\/2026\/06\/a3ca6160-a1f2-4aa2-8c40-4a5e262d2f59.jpg 1280w\" sizes=\"auto, (max-width: 1024px) 100vw, 1024px\" \/><\/figure>\n\n\n\n<figure class=\"wp-block-image size-large\"><img loading=\"lazy\" decoding=\"async\" width=\"1024\" height=\"683\" data-id=\"5901\" src=\"https:\/\/guarai.to.gov.br\/transparencia\/wp-content\/uploads\/2026\/06\/DSC00761.JPG-1024x683.jpeg\" alt=\"\" class=\"wp-image-5901\" srcset=\"https:\/\/guarai.to.gov.br\/transparencia\/wp-content\/uploads\/2026\/06\/DSC00761.JPG-1024x683.jpeg 1024w, https:\/\/guarai.to.gov.br\/transparencia\/wp-content\/uploads\/2026\/06\/DSC00761.JPG-460x307.jpeg 460w, https:\/\/guarai.to.gov.br\/transparencia\/wp-content\/uploads\/2026\/06\/DSC00761.JPG-160x107.jpeg 160w, https:\/\/guarai.to.gov.br\/transparencia\/wp-content\/uploads\/2026\/06\/DSC00761.JPG-768x512.jpeg 768w, https:\/\/guarai.to.gov.br\/transparencia\/wp-content\/uploads\/2026\/06\/DSC00761.JPG-1536x1024.jpeg 1536w, https:\/\/guarai.to.gov.br\/transparencia\/wp-content\/uploads\/2026\/06\/DSC00761.JPG-2048x1365.jpeg 2048w, https:\/\/guarai.to.gov.br\/transparencia\/wp-content\/uploads\/2026\/06\/DSC00761.JPG-1568x1045.jpeg 1568w\" sizes=\"auto, (max-width: 1024px) 100vw, 1024px\" \/><\/figure>\n<\/figure>\n\n\n\n<p class=\"wp-block-paragraph\"><\/p>\n","protected":false},"excerpt":{"rendered":"<p>&nbsp; A Prefeitura de Guara\u00ed, por meio da Secretaria Municipal de Educa\u00e7\u00e3o e Cultura, realizou o lan\u00e7amento oficial do Projeto Sa\u00fade e Bem-Estar dos Profissionais da Educa\u00e7\u00e3o e firmou conv\u00eanio de coopera\u00e7\u00e3o\u2026<\/p>\n","protected":false},"author":2,"featured_media":5916,"comment_status":"closed","ping_status":"closed","sticky":false,"template":"","format":"standard","meta":{"cybocfi_hide_featured_image":"","footnotes":""},"categories":[1],"tags":[],"class_list":["post-5887","post","type-post","status-publish","format-standard","has-post-thumbnail","hentry","category-noticias"],"_links":{"self":[{"href":"https:\/\/guarai.to.gov.br\/transparencia\/wp-json\/wp\/v2\/posts\/5887","targetHints":{"allow":["GET"]}}],"collection":[{"href":"https:\/\/guarai.to.gov.br\/transparencia\/wp-json\/wp\/v2\/posts"}],"about":[{"href":"https:\/\/guarai.to.gov.br\/transparencia\/wp-json\/wp\/v2\/types\/post"}],"author":[{"embeddable":true,"href":"https:\/\/guarai.to.gov.br\/transparencia\/wp-json\/wp\/v2\/users\/2"}],"replies":[{"embeddable":true,"href":"https:\/\/guarai.to.gov.br\/transparencia\/wp-json\/wp\/v2\/comments?post=5887"}],"version-history":[{"count":4,"href":"https:\/\/guarai.to.gov.br\/transparencia\/wp-json\/wp\/v2\/posts\/5887\/revisions"}],"predecessor-version":[{"id":5918,"href":"https:\/\/guarai.to.gov.br\/transparencia\/wp-json\/wp\/v2\/posts\/5887\/revisions\/5918"}],"wp:featuredmedia":[{"embeddable":true,"href":"https:\/\/guarai.to.gov.br\/transparencia\/wp-json\/wp\/v2\/media\/5916"}],"wp:attachment":[{"href":"https:\/\/guarai.to.gov.br\/transparencia\/wp-json\/wp\/v2\/media?parent=5887"}],"wp:term":[{"taxonomy":"category","embeddable":true,"href":"https:\/\/guarai.to.gov.br\/transparencia\/wp-json\/wp\/v2\/categories?post=5887"},{"taxonomy":"post_tag","embeddable":true,"href":"https:\/\/guarai.to.gov.br\/transparencia\/wp-json\/wp\/v2\/tags?post=5887"}],"curies":[{"name":"wp","href":"https:\/\/api.w.org\/{rel}","templated":true}]}}