{"id":5903,"date":"2026-06-26T11:35:03","date_gmt":"2026-06-26T14:35:03","guid":{"rendered":"https:\/\/guarai.to.gov.br\/transparencia\/?p=5903"},"modified":"2026-06-26T12:10:25","modified_gmt":"2026-06-26T15:10:25","slug":"guarai-realiza-formaturas-dos-cursos-de-libras-e-educacao-inclusiva-com-foco-na-formacao-de-profissionais-da-rede-municipal","status":"publish","type":"post","link":"https:\/\/guarai.to.gov.br\/transparencia\/guarai-realiza-formaturas-dos-cursos-de-libras-e-educacao-inclusiva-com-foco-na-formacao-de-profissionais-da-rede-municipal\/","title":{"rendered":"Guara\u00ed realiza formaturas dos cursos de Libras e Educa\u00e7\u00e3o Inclusiva com foco na forma\u00e7\u00e3o de profissionais da rede municipal"},"content":{"rendered":"\n<p class=\"wp-block-paragraph\"><\/p>\n\n\n\n<p class=\"wp-block-paragraph\"><\/p>\n\n\n\n<p class=\"wp-block-paragraph\">A Prefeitura de Guara\u00ed, por meio da Secretaria Municipal de Educa\u00e7\u00e3o e Cultura, realizou a solenidade de certifica\u00e7\u00e3o de dois importantes cursos voltados \u00e0 forma\u00e7\u00e3o continuada e \u00e0 educa\u00e7\u00e3o inclusiva no munic\u00edpio: a IV edi\u00e7\u00e3o do Curso de Libras &#8211; L\u00edngua Brasileira de Sinais e a forma\u00e7\u00e3o em Educa\u00e7\u00e3o Inclusiva e Atendimento Educacional Especializado (AEE).<\/p>\n\n\n\n<p class=\"wp-block-paragraph\">O Curso de Libras contou com 58 formandos e foi ministrado pela professora Zilma Cardoso Barros Soares, com foco na amplia\u00e7\u00e3o da comunica\u00e7\u00e3o e no fortalecimento das pr\u00e1ticas inclusivas na rede municipal de ensino e na comunidade guaraiense. A forma\u00e7\u00e3o teve como objetivo preparar profissionais para o uso da L\u00edngua Brasileira de Sinais, promovendo maior acessibilidade e intera\u00e7\u00e3o com pessoas surdas no ambiente escolar e social.<\/p>\n\n\n\n<p class=\"wp-block-paragraph\">J\u00e1 a forma\u00e7\u00e3o em Educa\u00e7\u00e3o Inclusiva e AEE reuniu 20 concluintes e foi conduzida pela professora neuropsicopedagoga K\u00e1cia Fonseca Carvalho da Silva. O curso teve como foco o aprimoramento das pr\u00e1ticas pedag\u00f3gicas voltadas a estudantes com transtornos do neurodesenvolvimento e dificuldades de aprendizagem, utilizando metodologias estruturadas baseadas em evid\u00eancias cient\u00edficas e pr\u00e1ticas educacionais integradas.<\/p>\n\n\n\n<p class=\"wp-block-paragraph\">As duas forma\u00e7\u00f5es integram as a\u00e7\u00f5es de forma\u00e7\u00e3o continuada da Secretaria Municipal de Educa\u00e7\u00e3o e Cultura, fortalecendo o compromisso do munic\u00edpio com uma educa\u00e7\u00e3o mais inclusiva, acess\u00edvel e qualificada. As iniciativas contribuem diretamente para o aprimoramento do atendimento educacional especializado e para o desenvolvimento de pr\u00e1ticas pedag\u00f3gicas mais eficazes na rede p\u00fablica.<\/p>\n\n\n\n<p class=\"wp-block-paragraph\">Durante a solenidade, foi destacada a import\u00e2ncia da capacita\u00e7\u00e3o permanente dos profissionais da educa\u00e7\u00e3o como instrumento de transforma\u00e7\u00e3o social e fortalecimento das pol\u00edticas p\u00fablicas de inclus\u00e3o, ampliando as condi\u00e7\u00f5es de aprendizagem e garantindo mais qualidade no atendimento aos estudantes.<\/p>\n\n\n\n<p class=\"wp-block-paragraph\">A Prefeitura de Guara\u00ed reafirma que investir na forma\u00e7\u00e3o dos profissionais da educa\u00e7\u00e3o \u00e9 essencial para a constru\u00e7\u00e3o de uma rede de ensino mais preparada, inclusiva e comprometida com o direito \u00e0 aprendizagem de todos os estudantes.<\/p>\n\n\n\n<figure class=\"wp-block-gallery has-nested-images columns-default is-cropped wp-block-gallery-1 is-layout-flex wp-block-gallery-is-layout-flex\">\n<figure class=\"wp-block-image size-large\"><img loading=\"lazy\" decoding=\"async\" width=\"1024\" height=\"683\" data-id=\"5909\" src=\"https:\/\/guarai.to.gov.br\/transparencia\/wp-content\/uploads\/2026\/06\/DSC00717.JPG-1024x683.jpeg\" alt=\"\" class=\"wp-image-5909\" srcset=\"https:\/\/guarai.to.gov.br\/transparencia\/wp-content\/uploads\/2026\/06\/DSC00717.JPG-1024x683.jpeg 1024w, https:\/\/guarai.to.gov.br\/transparencia\/wp-content\/uploads\/2026\/06\/DSC00717.JPG-460x307.jpeg 460w, https:\/\/guarai.to.gov.br\/transparencia\/wp-content\/uploads\/2026\/06\/DSC00717.JPG-160x107.jpeg 160w, https:\/\/guarai.to.gov.br\/transparencia\/wp-content\/uploads\/2026\/06\/DSC00717.JPG-768x512.jpeg 768w, https:\/\/guarai.to.gov.br\/transparencia\/wp-content\/uploads\/2026\/06\/DSC00717.JPG-1536x1024.jpeg 1536w, https:\/\/guarai.to.gov.br\/transparencia\/wp-content\/uploads\/2026\/06\/DSC00717.JPG-2048x1365.jpeg 2048w, https:\/\/guarai.to.gov.br\/transparencia\/wp-content\/uploads\/2026\/06\/DSC00717.JPG-1568x1045.jpeg 1568w\" sizes=\"auto, (max-width: 1024px) 100vw, 1024px\" \/><\/figure>\n\n\n\n<figure class=\"wp-block-image size-large\"><img loading=\"lazy\" decoding=\"async\" width=\"1024\" height=\"683\" data-id=\"5910\" src=\"https:\/\/guarai.to.gov.br\/transparencia\/wp-content\/uploads\/2026\/06\/DSC00718.JPG-1024x683.jpeg\" alt=\"\" class=\"wp-image-5910\" srcset=\"https:\/\/guarai.to.gov.br\/transparencia\/wp-content\/uploads\/2026\/06\/DSC00718.JPG-1024x683.jpeg 1024w, https:\/\/guarai.to.gov.br\/transparencia\/wp-content\/uploads\/2026\/06\/DSC00718.JPG-460x307.jpeg 460w, https:\/\/guarai.to.gov.br\/transparencia\/wp-content\/uploads\/2026\/06\/DSC00718.JPG-160x107.jpeg 160w, https:\/\/guarai.to.gov.br\/transparencia\/wp-content\/uploads\/2026\/06\/DSC00718.JPG-768x512.jpeg 768w, https:\/\/guarai.to.gov.br\/transparencia\/wp-content\/uploads\/2026\/06\/DSC00718.JPG-1536x1024.jpeg 1536w, https:\/\/guarai.to.gov.br\/transparencia\/wp-content\/uploads\/2026\/06\/DSC00718.JPG-2048x1365.jpeg 2048w, https:\/\/guarai.to.gov.br\/transparencia\/wp-content\/uploads\/2026\/06\/DSC00718.JPG-1568x1045.jpeg 1568w\" sizes=\"auto, (max-width: 1024px) 100vw, 1024px\" \/><\/figure>\n\n\n\n<figure class=\"wp-block-image size-large\"><img loading=\"lazy\" decoding=\"async\" width=\"1024\" height=\"683\" data-id=\"5911\" src=\"https:\/\/guarai.to.gov.br\/transparencia\/wp-content\/uploads\/2026\/06\/DSC00721.JPG-1024x683.jpeg\" alt=\"\" class=\"wp-image-5911\" srcset=\"https:\/\/guarai.to.gov.br\/transparencia\/wp-content\/uploads\/2026\/06\/DSC00721.JPG-1024x683.jpeg 1024w, https:\/\/guarai.to.gov.br\/transparencia\/wp-content\/uploads\/2026\/06\/DSC00721.JPG-460x307.jpeg 460w, https:\/\/guarai.to.gov.br\/transparencia\/wp-content\/uploads\/2026\/06\/DSC00721.JPG-160x107.jpeg 160w, https:\/\/guarai.to.gov.br\/transparencia\/wp-content\/uploads\/2026\/06\/DSC00721.JPG-768x512.jpeg 768w, https:\/\/guarai.to.gov.br\/transparencia\/wp-content\/uploads\/2026\/06\/DSC00721.JPG-1536x1024.jpeg 1536w, https:\/\/guarai.to.gov.br\/transparencia\/wp-content\/uploads\/2026\/06\/DSC00721.JPG-2048x1365.jpeg 2048w, https:\/\/guarai.to.gov.br\/transparencia\/wp-content\/uploads\/2026\/06\/DSC00721.JPG-1568x1045.jpeg 1568w\" sizes=\"auto, (max-width: 1024px) 100vw, 1024px\" \/><\/figure>\n\n\n\n<figure class=\"wp-block-image size-large\"><img loading=\"lazy\" decoding=\"async\" width=\"1024\" height=\"683\" data-id=\"5912\" src=\"https:\/\/guarai.to.gov.br\/transparencia\/wp-content\/uploads\/2026\/06\/DSC00780.JPG-1024x683.jpeg\" alt=\"\" class=\"wp-image-5912\" srcset=\"https:\/\/guarai.to.gov.br\/transparencia\/wp-content\/uploads\/2026\/06\/DSC00780.JPG-1024x683.jpeg 1024w, https:\/\/guarai.to.gov.br\/transparencia\/wp-content\/uploads\/2026\/06\/DSC00780.JPG-460x307.jpeg 460w, https:\/\/guarai.to.gov.br\/transparencia\/wp-content\/uploads\/2026\/06\/DSC00780.JPG-160x107.jpeg 160w, https:\/\/guarai.to.gov.br\/transparencia\/wp-content\/uploads\/2026\/06\/DSC00780.JPG-768x512.jpeg 768w, https:\/\/guarai.to.gov.br\/transparencia\/wp-content\/uploads\/2026\/06\/DSC00780.JPG-1536x1024.jpeg 1536w, https:\/\/guarai.to.gov.br\/transparencia\/wp-content\/uploads\/2026\/06\/DSC00780.JPG-2048x1365.jpeg 2048w, https:\/\/guarai.to.gov.br\/transparencia\/wp-content\/uploads\/2026\/06\/DSC00780.JPG-1568x1045.jpeg 1568w\" sizes=\"auto, (max-width: 1024px) 100vw, 1024px\" \/><\/figure>\n\n\n\n<figure class=\"wp-block-image size-large\"><img loading=\"lazy\" decoding=\"async\" width=\"1024\" height=\"683\" data-id=\"5913\" src=\"https:\/\/guarai.to.gov.br\/transparencia\/wp-content\/uploads\/2026\/06\/DSC00790.JPG-1024x683.jpeg\" alt=\"\" class=\"wp-image-5913\" srcset=\"https:\/\/guarai.to.gov.br\/transparencia\/wp-content\/uploads\/2026\/06\/DSC00790.JPG-1024x683.jpeg 1024w, https:\/\/guarai.to.gov.br\/transparencia\/wp-content\/uploads\/2026\/06\/DSC00790.JPG-460x307.jpeg 460w, https:\/\/guarai.to.gov.br\/transparencia\/wp-content\/uploads\/2026\/06\/DSC00790.JPG-160x107.jpeg 160w, https:\/\/guarai.to.gov.br\/transparencia\/wp-content\/uploads\/2026\/06\/DSC00790.JPG-768x512.jpeg 768w, https:\/\/guarai.to.gov.br\/transparencia\/wp-content\/uploads\/2026\/06\/DSC00790.JPG-1536x1024.jpeg 1536w, https:\/\/guarai.to.gov.br\/transparencia\/wp-content\/uploads\/2026\/06\/DSC00790.JPG-2048x1365.jpeg 2048w, https:\/\/guarai.to.gov.br\/transparencia\/wp-content\/uploads\/2026\/06\/DSC00790.JPG-1568x1045.jpeg 1568w\" sizes=\"auto, (max-width: 1024px) 100vw, 1024px\" \/><\/figure>\n\n\n\n<figure class=\"wp-block-image size-large\"><img loading=\"lazy\" decoding=\"async\" width=\"1024\" height=\"683\" data-id=\"5914\" src=\"https:\/\/guarai.to.gov.br\/transparencia\/wp-content\/uploads\/2026\/06\/DSC00794.JPG-1024x683.jpeg\" alt=\"\" class=\"wp-image-5914\" srcset=\"https:\/\/guarai.to.gov.br\/transparencia\/wp-content\/uploads\/2026\/06\/DSC00794.JPG-1024x683.jpeg 1024w, https:\/\/guarai.to.gov.br\/transparencia\/wp-content\/uploads\/2026\/06\/DSC00794.JPG-460x307.jpeg 460w, https:\/\/guarai.to.gov.br\/transparencia\/wp-content\/uploads\/2026\/06\/DSC00794.JPG-160x107.jpeg 160w, https:\/\/guarai.to.gov.br\/transparencia\/wp-content\/uploads\/2026\/06\/DSC00794.JPG-768x512.jpeg 768w, https:\/\/guarai.to.gov.br\/transparencia\/wp-content\/uploads\/2026\/06\/DSC00794.JPG-1536x1024.jpeg 1536w, https:\/\/guarai.to.gov.br\/transparencia\/wp-content\/uploads\/2026\/06\/DSC00794.JPG-2048x1365.jpeg 2048w, https:\/\/guarai.to.gov.br\/transparencia\/wp-content\/uploads\/2026\/06\/DSC00794.JPG-1568x1045.jpeg 1568w\" sizes=\"auto, (max-width: 1024px) 100vw, 1024px\" \/><\/figure>\n<\/figure>\n\n\n\n<figure class=\"wp-block-gallery has-nested-images columns-default is-cropped wp-block-gallery-2 is-layout-flex wp-block-gallery-is-layout-flex\">\n<figure class=\"wp-block-image size-large\"><img loading=\"lazy\" decoding=\"async\" width=\"954\" height=\"1280\" data-id=\"5919\" src=\"https:\/\/guarai.to.gov.br\/transparencia\/wp-content\/uploads\/2026\/06\/WhatsApp-Image-2026-06-26-at-12.05.40.jpeg\" alt=\"\" class=\"wp-image-5919\" srcset=\"https:\/\/guarai.to.gov.br\/transparencia\/wp-content\/uploads\/2026\/06\/WhatsApp-Image-2026-06-26-at-12.05.40.jpeg 954w, https:\/\/guarai.to.gov.br\/transparencia\/wp-content\/uploads\/2026\/06\/WhatsApp-Image-2026-06-26-at-12.05.40-460x617.jpeg 460w, https:\/\/guarai.to.gov.br\/transparencia\/wp-content\/uploads\/2026\/06\/WhatsApp-Image-2026-06-26-at-12.05.40-119x160.jpeg 119w, https:\/\/guarai.to.gov.br\/transparencia\/wp-content\/uploads\/2026\/06\/WhatsApp-Image-2026-06-26-at-12.05.40-768x1030.jpeg 768w\" sizes=\"auto, (max-width: 954px) 100vw, 954px\" \/><\/figure>\n\n\n\n<figure class=\"wp-block-image size-large\"><img loading=\"lazy\" decoding=\"async\" width=\"720\" height=\"1280\" data-id=\"5920\" src=\"https:\/\/guarai.to.gov.br\/transparencia\/wp-content\/uploads\/2026\/06\/WhatsApp-Image-2026-06-26-at-12.05.40-1.jpeg\" alt=\"\" class=\"wp-image-5920\" srcset=\"https:\/\/guarai.to.gov.br\/transparencia\/wp-content\/uploads\/2026\/06\/WhatsApp-Image-2026-06-26-at-12.05.40-1.jpeg 720w, https:\/\/guarai.to.gov.br\/transparencia\/wp-content\/uploads\/2026\/06\/WhatsApp-Image-2026-06-26-at-12.05.40-1-460x818.jpeg 460w, https:\/\/guarai.to.gov.br\/transparencia\/wp-content\/uploads\/2026\/06\/WhatsApp-Image-2026-06-26-at-12.05.40-1-90x160.jpeg 90w\" sizes=\"auto, (max-width: 720px) 100vw, 720px\" \/><\/figure>\n\n\n\n<figure class=\"wp-block-image size-large\"><img loading=\"lazy\" decoding=\"async\" width=\"720\" height=\"1280\" data-id=\"5921\" src=\"https:\/\/guarai.to.gov.br\/transparencia\/wp-content\/uploads\/2026\/06\/WhatsApp-Image-2026-06-26-at-12.05.39.jpeg\" alt=\"\" class=\"wp-image-5921\" srcset=\"https:\/\/guarai.to.gov.br\/transparencia\/wp-content\/uploads\/2026\/06\/WhatsApp-Image-2026-06-26-at-12.05.39.jpeg 720w, https:\/\/guarai.to.gov.br\/transparencia\/wp-content\/uploads\/2026\/06\/WhatsApp-Image-2026-06-26-at-12.05.39-460x818.jpeg 460w, https:\/\/guarai.to.gov.br\/transparencia\/wp-content\/uploads\/2026\/06\/WhatsApp-Image-2026-06-26-at-12.05.39-90x160.jpeg 90w\" sizes=\"auto, (max-width: 720px) 100vw, 720px\" \/><\/figure>\n<\/figure>\n\n\n\n<p class=\"wp-block-paragraph\"><\/p>\n","protected":false},"excerpt":{"rendered":"<p>A Prefeitura de Guara\u00ed, por meio da Secretaria Municipal de Educa\u00e7\u00e3o e Cultura, realizou a solenidade de certifica\u00e7\u00e3o de dois importantes cursos voltados \u00e0 forma\u00e7\u00e3o continuada e \u00e0 educa\u00e7\u00e3o inclusiva no munic\u00edpio:\u2026<\/p>\n","protected":false},"author":2,"featured_media":5906,"comment_status":"closed","ping_status":"closed","sticky":false,"template":"","format":"standard","meta":{"cybocfi_hide_featured_image":"","footnotes":""},"categories":[1],"tags":[],"class_list":["post-5903","post","type-post","status-publish","format-standard","has-post-thumbnail","hentry","category-noticias"],"_links":{"self":[{"href":"https:\/\/guarai.to.gov.br\/transparencia\/wp-json\/wp\/v2\/posts\/5903","targetHints":{"allow":["GET"]}}],"collection":[{"href":"https:\/\/guarai.to.gov.br\/transparencia\/wp-json\/wp\/v2\/posts"}],"about":[{"href":"https:\/\/guarai.to.gov.br\/transparencia\/wp-json\/wp\/v2\/types\/post"}],"author":[{"embeddable":true,"href":"https:\/\/guarai.to.gov.br\/transparencia\/wp-json\/wp\/v2\/users\/2"}],"replies":[{"embeddable":true,"href":"https:\/\/guarai.to.gov.br\/transparencia\/wp-json\/wp\/v2\/comments?post=5903"}],"version-history":[{"count":4,"href":"https:\/\/guarai.to.gov.br\/transparencia\/wp-json\/wp\/v2\/posts\/5903\/revisions"}],"predecessor-version":[{"id":5929,"href":"https:\/\/guarai.to.gov.br\/transparencia\/wp-json\/wp\/v2\/posts\/5903\/revisions\/5929"}],"wp:featuredmedia":[{"embeddable":true,"href":"https:\/\/guarai.to.gov.br\/transparencia\/wp-json\/wp\/v2\/media\/5906"}],"wp:attachment":[{"href":"https:\/\/guarai.to.gov.br\/transparencia\/wp-json\/wp\/v2\/media?parent=5903"}],"wp:term":[{"taxonomy":"category","embeddable":true,"href":"https:\/\/guarai.to.gov.br\/transparencia\/wp-json\/wp\/v2\/categories?post=5903"},{"taxonomy":"post_tag","embeddable":true,"href":"https:\/\/guarai.to.gov.br\/transparencia\/wp-json\/wp\/v2\/tags?post=5903"}],"curies":[{"name":"wp","href":"https:\/\/api.w.org\/{rel}","templated":true}]}}