{"id":6137,"date":"2026-08-10T21:33:54","date_gmt":"2026-08-11T00:33:54","guid":{"rendered":"https:\/\/guarai.to.gov.br\/transparencia\/?p=6137"},"modified":"2026-08-10T21:40:19","modified_gmt":"2026-08-11T00:40:19","slug":"guarai-amplia-oportunidades-de-formacao-profissional-com-o-programa-de-estagio-plantar-hoje-colher-amanha","status":"publish","type":"post","link":"https:\/\/guarai.to.gov.br\/transparencia\/guarai-amplia-oportunidades-de-formacao-profissional-com-o-programa-de-estagio-plantar-hoje-colher-amanha\/","title":{"rendered":"Guara\u00ed amplia oportunidades de forma\u00e7\u00e3o profissional com o Programa de Est\u00e1gio Plantar Hoje, Colher Amanh\u00e3"},"content":{"rendered":"\n<p class=\"wp-block-paragraph\"><em>Iniciativa oferece est\u00e1gio remunerado e aproxima estudantes da pr\u00e1tica profissional no servi\u00e7o p\u00fablico<\/em><\/p>\n\n\n\n<p class=\"wp-block-paragraph\">A Prefeitura de Guara\u00ed, por meio da Secretaria Municipal de Administra\u00e7\u00e3o, em parceria com a Secretaria Municipal de Educa\u00e7\u00e3o e Cultura, amplia as oportunidades de forma\u00e7\u00e3o profissional para estudantes por meio do Programa de Est\u00e1gio Plantar Hoje, Colher Amanh\u00e3.<\/p>\n\n\n\n<p class=\"wp-block-paragraph\">A iniciativa oferece est\u00e1gio remunerado n\u00e3o obrigat\u00f3rio para estudantes de n\u00edvel superior, t\u00e9cnico e profissionalizante, com possibilidade de atua\u00e7\u00e3o na Prefeitura, secretarias, departamentos e \u00f3rg\u00e3os vinculados ou parceiros do Governo Municipal.<\/p>\n\n\n\n<p class=\"wp-block-paragraph\">Mais do que proporcionar experi\u00eancia profissional, o programa busca aproximar o conhecimento adquirido em sala de aula da realidade do ambiente de trabalho. A viv\u00eancia permite aos estudantes desenvolver habilidades, assumir responsabilidades e aplicar, na pr\u00e1tica, conhecimentos relacionados \u00e0 sua forma\u00e7\u00e3o.<\/p>\n\n\n\n<p class=\"wp-block-paragraph\"><strong>Educa\u00e7\u00e3o e experi\u00eancia na pr\u00e1tica<\/strong><\/p>\n\n\n\n<p class=\"wp-block-paragraph\">O est\u00e1gio representa uma importante oportunidade de aprendizado e prepara\u00e7\u00e3o para o futuro profissional. Ao vivenciar o cotidiano da administra\u00e7\u00e3o p\u00fablica, os estudantes t\u00eam contato com equipes, processos e atividades relacionadas \u00e0s suas \u00e1reas de forma\u00e7\u00e3o.<\/p>\n\n\n\n<p class=\"wp-block-paragraph\">O processo seletivo 2026\/2 tem como objetivo formar cadastro reserva, com convoca\u00e7\u00f5es conforme a necessidade das secretarias, departamentos e \u00f3rg\u00e3os participantes, respeitando a ordem de classifica\u00e7\u00e3o e os crit\u00e9rios estabelecidos no edital.<\/p>\n\n\n\n<p class=\"wp-block-paragraph\"><strong>Inscri\u00e7\u00f5es<\/strong><\/p>\n\n\n\n<p class=\"wp-block-paragraph\">As inscri\u00e7\u00f5es s\u00e3o gratuitas e ser\u00e3o realizadas de 11 a 15 de agosto de 2026, em dias \u00fateis, das 8h \u00e0s 11h e das 14h \u00e0s 17h, na Secretaria Municipal de Educa\u00e7\u00e3o e Cultura de Guara\u00ed.<\/p>\n\n\n\n<p class=\"wp-block-paragraph\">Para participar, o candidato dever\u00e1 apresentar a documenta\u00e7\u00e3o exigida no edital, incluindo ficha de inscri\u00e7\u00e3o, documentos pessoais, comprovante de resid\u00eancia, declara\u00e7\u00e3o de matr\u00edcula e hist\u00f3rico acad\u00eamico atualizado, entre outros documentos previstos.<\/p>\n\n\n\n<p class=\"wp-block-paragraph\"><strong>Acesse o edital e os documentos<\/strong><\/p>\n\n\n\n<p class=\"wp-block-paragraph\">O edital, a ficha de inscri\u00e7\u00e3o, o regulamento e os demais documentos do processo seletivo est\u00e3o dispon\u00edveis no portal oficial da Prefeitura de Guara\u00ed.<\/p>\n\n\n\n<p class=\"wp-block-paragraph\"><a href=\"https:\/\/drive.google.com\/drive\/folders\/1myGby3hGEzNdRzi9lfh6Angr_89SkvDA?usp=drive_link\">[ACESSE O EDITAL, REGULAMENTO E DOCUMENTOS DO PROGRAMA DE EST\u00c1GIO]<\/a><\/p>\n\n\n\n<p class=\"wp-block-paragraph\">A divulga\u00e7\u00e3o da lista de selecionados est\u00e1 prevista para at\u00e9 as 23h59 do dia 18 de agosto de 2026, no site oficial da Prefeitura.<\/p>\n\n\n\n<p class=\"wp-block-paragraph\">\u00c9 responsabilidade do candidato acompanhar as publica\u00e7\u00f5es, comunicados e demais atos referentes ao processo seletivo.<\/p>\n\n\n\n<p class=\"wp-block-paragraph\">Com o Programa de Est\u00e1gio Plantar Hoje, Colher Amanh\u00e3, a Prefeitura de Guara\u00ed refor\u00e7a o compromisso com a forma\u00e7\u00e3o dos estudantes e com a cria\u00e7\u00e3o de oportunidades que contribuam para seu desenvolvimento acad\u00eamico e profissional.<\/p>\n\n\n\n<p class=\"wp-block-paragraph\">Plantar oportunidades hoje para colher profissionais mais preparados amanh\u00e3.<\/p>\n\n\n\n<p class=\"wp-block-paragraph\"><\/p>\n","protected":false},"excerpt":{"rendered":"<p>Iniciativa oferece est\u00e1gio remunerado e aproxima estudantes da pr\u00e1tica profissional no servi\u00e7o p\u00fablico A Prefeitura de Guara\u00ed, por meio da Secretaria Municipal de Administra\u00e7\u00e3o, em parceria com a Secretaria Municipal de Educa\u00e7\u00e3o\u2026<\/p>\n","protected":false},"author":2,"featured_media":6141,"comment_status":"closed","ping_status":"closed","sticky":false,"template":"","format":"standard","meta":{"cybocfi_hide_featured_image":"","footnotes":""},"categories":[1],"tags":[],"class_list":["post-6137","post","type-post","status-publish","format-standard","has-post-thumbnail","hentry","category-noticias"],"_links":{"self":[{"href":"https:\/\/guarai.to.gov.br\/transparencia\/wp-json\/wp\/v2\/posts\/6137","targetHints":{"allow":["GET"]}}],"collection":[{"href":"https:\/\/guarai.to.gov.br\/transparencia\/wp-json\/wp\/v2\/posts"}],"about":[{"href":"https:\/\/guarai.to.gov.br\/transparencia\/wp-json\/wp\/v2\/types\/post"}],"author":[{"embeddable":true,"href":"https:\/\/guarai.to.gov.br\/transparencia\/wp-json\/wp\/v2\/users\/2"}],"replies":[{"embeddable":true,"href":"https:\/\/guarai.to.gov.br\/transparencia\/wp-json\/wp\/v2\/comments?post=6137"}],"version-history":[{"count":1,"href":"https:\/\/guarai.to.gov.br\/transparencia\/wp-json\/wp\/v2\/posts\/6137\/revisions"}],"predecessor-version":[{"id":6140,"href":"https:\/\/guarai.to.gov.br\/transparencia\/wp-json\/wp\/v2\/posts\/6137\/revisions\/6140"}],"wp:featuredmedia":[{"embeddable":true,"href":"https:\/\/guarai.to.gov.br\/transparencia\/wp-json\/wp\/v2\/media\/6141"}],"wp:attachment":[{"href":"https:\/\/guarai.to.gov.br\/transparencia\/wp-json\/wp\/v2\/media?parent=6137"}],"wp:term":[{"taxonomy":"category","embeddable":true,"href":"https:\/\/guarai.to.gov.br\/transparencia\/wp-json\/wp\/v2\/categories?post=6137"},{"taxonomy":"post_tag","embeddable":true,"href":"https:\/\/guarai.to.gov.br\/transparencia\/wp-json\/wp\/v2\/tags?post=6137"}],"curies":[{"name":"wp","href":"https:\/\/api.w.org\/{rel}","templated":true}]}}