{"id":6152,"date":"2026-08-11T19:24:00","date_gmt":"2026-08-11T22:24:00","guid":{"rendered":"https:\/\/guarai.to.gov.br\/transparencia\/?p=6152"},"modified":"2026-08-11T22:32:46","modified_gmt":"2026-08-12T01:32:46","slug":"guarai-sedia-reuniao-regional-de-saude-com-participacao-de-representantes-dos-23-municipios","status":"publish","type":"post","link":"https:\/\/guarai.to.gov.br\/transparencia\/guarai-sedia-reuniao-regional-de-saude-com-participacao-de-representantes-dos-23-municipios\/","title":{"rendered":"Guara\u00ed sedia reuni\u00e3o regional de sa\u00fade com participa\u00e7\u00e3o de representantes dos 23 munic\u00edpios"},"content":{"rendered":"\n<h1 id=\"h-nbsp\" class=\"wp-block-heading\">&nbsp;<\/h1>\n\n\n\n<h3 id=\"h-\" class=\"wp-block-heading\"><\/h3>\n\n\n\n<h3 id=\"h-nbsp-0\" class=\"wp-block-heading\">&nbsp;<\/h3>\n\n\n\n<p class=\"has-text-align-center wp-block-paragraph\"><strong><em>Encontro da Comiss\u00e3o Intergestores Regional reuniu gestores e equipes t\u00e9cnicas para discutir estrat\u00e9gias de fortalecimento do SUS<\/em><\/strong><\/p>\n\n\n\n<p class=\"wp-block-paragraph\"><\/p>\n\n\n\n<p class=\"wp-block-paragraph\"><\/p>\n\n\n\n<p class=\"wp-block-paragraph\">Guara\u00ed sediou, nesta ter\u00e7a-feira, 11 de agosto, a 4\u00aa Reuni\u00e3o Ordin\u00e1ria da Comiss\u00e3o Intergestores Regional (CIR) Cerrado Tocantins Araguaia, que reuniu gestores, representantes municipais e equipes t\u00e9cnicas para discutir a\u00e7\u00f5es estrat\u00e9gicas voltadas \u00e0 sa\u00fade p\u00fablica. O encontro foi realizado no Audit\u00f3rio da Prefeitura Municipal, com participa\u00e7\u00e3o da Secretaria de Estado da Sa\u00fade do Tocantins (SES\/TO) e de representantes dos 23 munic\u00edpios que integram a regi\u00e3o de sa\u00fade.<\/p>\n\n\n\n<p class=\"wp-block-paragraph\">A reuni\u00e3o integra o calend\u00e1rio oficial da SES\/TO e fortalece o di\u00e1logo entre Estado e munic\u00edpios para o planejamento e a organiza\u00e7\u00e3o regional do Sistema \u00danico de Sa\u00fade (SUS).<\/p>\n\n\n\n<h3 id=\"h-\" class=\"wp-block-heading\"><\/h3>\n\n\n\n<p class=\"wp-block-paragraph\"><strong>Fortalecimento da Sa\u00fade Regional<\/strong><\/p>\n\n\n\n<p class=\"wp-block-paragraph\">A programa\u00e7\u00e3o abordou temas relacionados \u00e0 educa\u00e7\u00e3o permanente, aten\u00e7\u00e3o prim\u00e1ria e organiza\u00e7\u00e3o dos servi\u00e7os de sa\u00fade. Entre as pautas estiveram o Projeto Juntos pela Vida, o Curso Introdut\u00f3rio ao SUS e propostas para as Linhas de Cuidado ao Trauma e \u00e0 Hipertens\u00e3o Arterial.<\/p>\n\n\n\n<p class=\"wp-block-paragraph\">Tamb\u00e9m foram discutidas orienta\u00e7\u00f5es sobre o cuidado da pessoa idosa, a retirada de soros de reidrata\u00e7\u00e3o pelos munic\u00edpios e a estratifica\u00e7\u00e3o de risco gestacional, al\u00e9m da proposta de implanta\u00e7\u00e3o do Ambulat\u00f3rio de Seguimento do Rec\u00e9m-Nascido e da Crian\u00e7a (A-SEG) em Aragua\u00edna.<\/p>\n\n\n\n<p class=\"wp-block-paragraph\">A programa\u00e7\u00e3o incluiu ainda pautas relacionadas ao Telessa\u00fade no Hospital de Doen\u00e7as Transmiss\u00edveis (HDT-UFT), \u00e0 forma\u00e7\u00e3o em Gest\u00e3o e Governan\u00e7a de Tecnologia da Informa\u00e7\u00e3o e a atualiza\u00e7\u00f5es do Programa Telessa\u00fade.<\/p>\n\n\n\n<p class=\"wp-block-paragraph\">Entre os encaminhamentos, esteve a discuss\u00e3o sobre a libera\u00e7\u00e3o dos resultados dos exames de PCCU realizados pelo LACEN-TO, al\u00e9m de pautas apresentadas pelo Conselho de Secretarias Municipais de Sa\u00fade (COSEMS) e pelo Conselho Estadual de Sa\u00fade (CES).<\/p>\n\n\n\n<p class=\"wp-block-paragraph\">Para a Prefeitura de Guara\u00ed e a Secretaria Municipal de Sa\u00fade, a realiza\u00e7\u00e3o do encontro refor\u00e7a a import\u00e2ncia da articula\u00e7\u00e3o regional e da atua\u00e7\u00e3o integrada entre gestores e equipes t\u00e9cnicas.<\/p>\n\n\n\n<p class=\"wp-block-paragraph\">A CIR contribui para o compartilhamento de experi\u00eancias, o alinhamento de estrat\u00e9gias e a constru\u00e7\u00e3o conjunta de solu\u00e7\u00f5es para os desafios da sa\u00fade p\u00fablica na regi\u00e3o.<\/p>\n\n\n\n<p class=\"wp-block-paragraph\">Prefeitura de Guara\u00ed, trabalhando em parceria para fortalecer a sa\u00fade, ampliar o di\u00e1logo regional e construir solu\u00e7\u00f5es que beneficiem a popula\u00e7\u00e3o.<\/p>\n\n\n\n<p class=\"wp-block-paragraph\"><\/p>\n","protected":false},"excerpt":{"rendered":"<p>&nbsp; &nbsp; Encontro da Comiss\u00e3o Intergestores Regional reuniu gestores e equipes t\u00e9cnicas para discutir estrat\u00e9gias de fortalecimento do SUS Guara\u00ed sediou, nesta ter\u00e7a-feira, 11 de agosto, a 4\u00aa Reuni\u00e3o Ordin\u00e1ria da Comiss\u00e3o\u2026<\/p>\n","protected":false},"author":2,"featured_media":6154,"comment_status":"closed","ping_status":"closed","sticky":false,"template":"","format":"standard","meta":{"cybocfi_hide_featured_image":"","footnotes":""},"categories":[1],"tags":[],"class_list":["post-6152","post","type-post","status-publish","format-standard","has-post-thumbnail","hentry","category-noticias"],"_links":{"self":[{"href":"https:\/\/guarai.to.gov.br\/transparencia\/wp-json\/wp\/v2\/posts\/6152","targetHints":{"allow":["GET"]}}],"collection":[{"href":"https:\/\/guarai.to.gov.br\/transparencia\/wp-json\/wp\/v2\/posts"}],"about":[{"href":"https:\/\/guarai.to.gov.br\/transparencia\/wp-json\/wp\/v2\/types\/post"}],"author":[{"embeddable":true,"href":"https:\/\/guarai.to.gov.br\/transparencia\/wp-json\/wp\/v2\/users\/2"}],"replies":[{"embeddable":true,"href":"https:\/\/guarai.to.gov.br\/transparencia\/wp-json\/wp\/v2\/comments?post=6152"}],"version-history":[{"count":4,"href":"https:\/\/guarai.to.gov.br\/transparencia\/wp-json\/wp\/v2\/posts\/6152\/revisions"}],"predecessor-version":[{"id":6159,"href":"https:\/\/guarai.to.gov.br\/transparencia\/wp-json\/wp\/v2\/posts\/6152\/revisions\/6159"}],"wp:featuredmedia":[{"embeddable":true,"href":"https:\/\/guarai.to.gov.br\/transparencia\/wp-json\/wp\/v2\/media\/6154"}],"wp:attachment":[{"href":"https:\/\/guarai.to.gov.br\/transparencia\/wp-json\/wp\/v2\/media?parent=6152"}],"wp:term":[{"taxonomy":"category","embeddable":true,"href":"https:\/\/guarai.to.gov.br\/transparencia\/wp-json\/wp\/v2\/categories?post=6152"},{"taxonomy":"post_tag","embeddable":true,"href":"https:\/\/guarai.to.gov.br\/transparencia\/wp-json\/wp\/v2\/tags?post=6152"}],"curies":[{"name":"wp","href":"https:\/\/api.w.org\/{rel}","templated":true}]}}