{"id":6161,"date":"2026-08-12T18:02:00","date_gmt":"2026-08-12T21:02:00","guid":{"rendered":"https:\/\/guarai.to.gov.br\/transparencia\/?p=6161"},"modified":"2026-08-12T21:04:04","modified_gmt":"2026-08-13T00:04:04","slug":"guarai-recebe-selo-prata-por-avancos-na-regularizacao-fundiaria","status":"publish","type":"post","link":"https:\/\/guarai.to.gov.br\/transparencia\/guarai-recebe-selo-prata-por-avancos-na-regularizacao-fundiaria\/","title":{"rendered":"Guara\u00ed recebe Selo Prata por avan\u00e7os na regulariza\u00e7\u00e3o fundi\u00e1ria"},"content":{"rendered":"\n<p class=\"wp-block-paragraph\"><\/p>\n\n\n\n<p class=\"wp-block-paragraph\"><strong><em>Reconhecimento foi concedido ao munic\u00edpio e ao cart\u00f3rio durante o III F\u00f3rum Fundi\u00e1rio do Tocantins<\/em><\/strong><\/p>\n\n\n\n<p class=\"wp-block-paragraph\">A Prefeitura de Guara\u00ed recebeu o Selo Prata de Responsabilidade Social \u201cQuem Regulariza Dignifica\u201d, em reconhecimento ao trabalho desenvolvido pelo munic\u00edpio na regulariza\u00e7\u00e3o fundi\u00e1ria. O cart\u00f3rio respons\u00e1vel pelos procedimentos no munic\u00edpio tamb\u00e9m recebeu o Selo Prata, destacando a atua\u00e7\u00e3o conjunta para ampliar a seguran\u00e7a jur\u00eddica e garantir o direito \u00e0 propriedade.<\/p>\n\n\n\n<p class=\"wp-block-paragraph\">Os reconhecimentos foram concedidos durante o III F\u00f3rum Fundi\u00e1rio do Tocantins, realizado pelo Tribunal de Justi\u00e7a do Tocantins (TJTO), por meio da Corregedoria-Geral da Justi\u00e7a, com a participa\u00e7\u00e3o de munic\u00edpios, cart\u00f3rios e demais institui\u00e7\u00f5es envolvidas nas a\u00e7\u00f5es de regulariza\u00e7\u00e3o fundi\u00e1ria.<\/p>\n\n\n\n<p class=\"wp-block-paragraph\">Para a Prefeitura de Guara\u00ed, a conquista representa o resultado de um trabalho institucional voltado \u00e0 organiza\u00e7\u00e3o territorial e \u00e0 regulariza\u00e7\u00e3o de im\u00f3veis, promovendo mais seguran\u00e7a jur\u00eddica e cidadania para a popula\u00e7\u00e3o.<\/p>\n\n\n\n<p class=\"wp-block-paragraph\">A regulariza\u00e7\u00e3o fundi\u00e1ria permite que fam\u00edlias tenham seus im\u00f3veis formalmente reconhecidos, contribuindo para a valoriza\u00e7\u00e3o patrimonial, o acesso a direitos e a consolida\u00e7\u00e3o de uma cidade mais organizada.<\/p>\n\n\n\n<p class=\"wp-block-paragraph\">O reconhecimento do munic\u00edpio e do cart\u00f3rio tamb\u00e9m refor\u00e7a a import\u00e2ncia da parceria entre o poder p\u00fablico e o sistema de Justi\u00e7a para avan\u00e7ar na regulariza\u00e7\u00e3o fundi\u00e1ria e transformar t\u00edtulos em seguran\u00e7a e dignidade para as fam\u00edlias de Guara\u00ed.<\/p>\n\n\n\n<p class=\"wp-block-paragraph\"><strong>Compromisso com Guara\u00ed<\/strong><\/p>\n\n\n\n<p class=\"wp-block-paragraph\">A Prefeitura de Guara\u00ed segue trabalhando para fortalecer as pol\u00edticas p\u00fablicas de regulariza\u00e7\u00e3o fundi\u00e1ria e ampliar o acesso da popula\u00e7\u00e3o \u00e0 documenta\u00e7\u00e3o e \u00e0 seguran\u00e7a jur\u00eddica de seus im\u00f3veis.<\/p>\n\n\n\n<p class=\"wp-block-paragraph\">Guara\u00ed regulariza, garante direitos e transforma vidas.<\/p>\n","protected":false},"excerpt":{"rendered":"<p>Reconhecimento foi concedido ao munic\u00edpio e ao cart\u00f3rio durante o III F\u00f3rum Fundi\u00e1rio do Tocantins A Prefeitura de Guara\u00ed recebeu o Selo Prata de Responsabilidade Social \u201cQuem Regulariza Dignifica\u201d, em reconhecimento ao\u2026<\/p>\n","protected":false},"author":2,"featured_media":6163,"comment_status":"closed","ping_status":"closed","sticky":false,"template":"","format":"standard","meta":{"cybocfi_hide_featured_image":"","footnotes":""},"categories":[1],"tags":[],"class_list":["post-6161","post","type-post","status-publish","format-standard","has-post-thumbnail","hentry","category-noticias"],"_links":{"self":[{"href":"https:\/\/guarai.to.gov.br\/transparencia\/wp-json\/wp\/v2\/posts\/6161","targetHints":{"allow":["GET"]}}],"collection":[{"href":"https:\/\/guarai.to.gov.br\/transparencia\/wp-json\/wp\/v2\/posts"}],"about":[{"href":"https:\/\/guarai.to.gov.br\/transparencia\/wp-json\/wp\/v2\/types\/post"}],"author":[{"embeddable":true,"href":"https:\/\/guarai.to.gov.br\/transparencia\/wp-json\/wp\/v2\/users\/2"}],"replies":[{"embeddable":true,"href":"https:\/\/guarai.to.gov.br\/transparencia\/wp-json\/wp\/v2\/comments?post=6161"}],"version-history":[{"count":1,"href":"https:\/\/guarai.to.gov.br\/transparencia\/wp-json\/wp\/v2\/posts\/6161\/revisions"}],"predecessor-version":[{"id":6164,"href":"https:\/\/guarai.to.gov.br\/transparencia\/wp-json\/wp\/v2\/posts\/6161\/revisions\/6164"}],"wp:featuredmedia":[{"embeddable":true,"href":"https:\/\/guarai.to.gov.br\/transparencia\/wp-json\/wp\/v2\/media\/6163"}],"wp:attachment":[{"href":"https:\/\/guarai.to.gov.br\/transparencia\/wp-json\/wp\/v2\/media?parent=6161"}],"wp:term":[{"taxonomy":"category","embeddable":true,"href":"https:\/\/guarai.to.gov.br\/transparencia\/wp-json\/wp\/v2\/categories?post=6161"},{"taxonomy":"post_tag","embeddable":true,"href":"https:\/\/guarai.to.gov.br\/transparencia\/wp-json\/wp\/v2\/tags?post=6161"}],"curies":[{"name":"wp","href":"https:\/\/api.w.org\/{rel}","templated":true}]}}