{"id":792,"date":"2024-11-22T09:40:01","date_gmt":"2024-11-22T12:40:01","guid":{"rendered":"https:\/\/guarai.to.gov.br\/transparencia\/?p=792"},"modified":"2024-12-19T11:46:25","modified_gmt":"2024-12-19T14:46:25","slug":"guarai-promove-dia-de-campo-para-capacitacao-sobre-manejo-do-solo-e-plantio-de-mudas-para-recuperacao-ambiental","status":"publish","type":"post","link":"https:\/\/guarai.to.gov.br\/transparencia\/guarai-promove-dia-de-campo-para-capacitacao-sobre-manejo-do-solo-e-plantio-de-mudas-para-recuperacao-ambiental\/","title":{"rendered":"Guara\u00ed promove Dia de Campo para capacita\u00e7\u00e3o sobre manejo do solo e plantio de mudas para recupera\u00e7\u00e3o ambiental"},"content":{"rendered":"\n<figure class=\"wp-block-image size-full is-resized\"><img fetchpriority=\"high\" decoding=\"async\" width=\"851\" height=\"315\" src=\"https:\/\/guarai.to.gov.br\/transparencia\/wp-content\/uploads\/2024\/11\/capa_meioambiente.png\" alt=\"\" class=\"wp-image-813\" style=\"width:1029px;height:auto\" srcset=\"https:\/\/guarai.to.gov.br\/transparencia\/wp-content\/uploads\/2024\/11\/capa_meioambiente.png 851w, https:\/\/guarai.to.gov.br\/transparencia\/wp-content\/uploads\/2024\/11\/capa_meioambiente-460x170.png 460w, https:\/\/guarai.to.gov.br\/transparencia\/wp-content\/uploads\/2024\/11\/capa_meioambiente-160x59.png 160w, https:\/\/guarai.to.gov.br\/transparencia\/wp-content\/uploads\/2024\/11\/capa_meioambiente-768x284.png 768w\" sizes=\"(max-width: 851px) 100vw, 851px\" \/><\/figure>\n\n\n\n<p class=\"wp-block-paragraph\">No dia <strong>21 de novembro de 2024<\/strong>, a Prefeitura Municipal de Guara\u00ed, por meio da Secretaria Municipal de Agricultura, Meio Ambiente e Recursos H\u00eddricos, realizou duas importantes a\u00e7\u00f5es voltadas para a sustentabilidade e preserva\u00e7\u00e3o ambiental no munic\u00edpio.<\/p>\n\n\n\n<p class=\"wp-block-paragraph\">Pela manh\u00e3, \u00e0s <strong>9h<\/strong>, no <strong>Sindicato dos Trabalhadores Rurais<\/strong>, ocorreu o <strong>Dia de Campo: Capacita\u00e7\u00e3o sobre as T\u00e9cnicas de Manejo e Conserva\u00e7\u00e3o do Solo com Foco na Aduba\u00e7\u00e3o Verde<\/strong>. O evento reuniu a comunidade para discutir pr\u00e1ticas agr\u00edcolas sustent\u00e1veis, enfatizando os benef\u00edcios da aduba\u00e7\u00e3o verde na conserva\u00e7\u00e3o do solo e na produtividade das lavouras.<\/p>\n\n\n\n<p class=\"wp-block-paragraph\">Logo em seguida, \u00e0s <strong>10h<\/strong>, foi realizado o <strong>Plantio de Mudas Nativas do Bioma Cerrado<\/strong> na <strong>\u00c1rea de Preserva\u00e7\u00e3o Permanente (APP) do C\u00f3rrego Simpl\u00edcio<\/strong>, em parceria com a Defesa Civil Municipal. A a\u00e7\u00e3o teve como objetivo recuperar \u00e1reas degradadas, refor\u00e7ando a import\u00e2ncia da preserva\u00e7\u00e3o de recursos h\u00eddricos e do bioma local.<\/p>\n\n\n\n<p class=\"wp-block-paragraph\">As atividades destacaram o compromisso do munic\u00edpio de Guara\u00ed com a educa\u00e7\u00e3o ambiental, a sustentabilidade e a conscientiza\u00e7\u00e3o da comunidade sobre a necessidade de adotar pr\u00e1ticas que garantam o equil\u00edbrio ambiental e o desenvolvimento rural sustent\u00e1vel.<\/p>\n\n\n\n<p class=\"wp-block-paragraph\"><\/p>\n","protected":false},"excerpt":{"rendered":"<p>No dia 21 de novembro de 2024, a Prefeitura Municipal de Guara\u00ed, por meio da Secretaria Municipal de Agricultura, Meio Ambiente e Recursos H\u00eddricos, realizou duas importantes a\u00e7\u00f5es voltadas para a sustentabilidade e preserva\u00e7\u00e3o ambiental no munic\u00edpio. Pela manh\u00e3, \u00e0s 9h, no Sindicato dos Trabalhadores Rurais, ocorreu o Dia de Campo: Capacita\u00e7\u00e3o sobre as T\u00e9cnicas&hellip; <a class=\"more-link\" href=\"https:\/\/guarai.to.gov.br\/transparencia\/guarai-promove-dia-de-campo-para-capacitacao-sobre-manejo-do-solo-e-plantio-de-mudas-para-recuperacao-ambiental\/\">Continue lendo <span class=\"screen-reader-text\">Guara\u00ed promove Dia de Campo para capacita\u00e7\u00e3o sobre manejo do solo e plantio de mudas para recupera\u00e7\u00e3o ambiental<\/span><\/a><\/p>\n","protected":false},"author":2,"featured_media":813,"comment_status":"closed","ping_status":"closed","sticky":false,"template":"","format":"standard","meta":{"_acf_changed":false,"_eb_attr":"","_crdt_document":"","cybocfi_hide_featured_image":"yes","footnotes":""},"categories":[1],"tags":[],"class_list":["post-792","post","type-post","status-publish","format-standard","has-post-thumbnail","hentry","category-noticias","entry"],"acf":[],"yoast_head":"<!-- This site is optimized with the Yoast SEO Premium plugin v27.3 (Yoast SEO v27.3) - https:\/\/yoast.com\/product\/yoast-seo-premium-wordpress\/ -->\n<title>Guara\u00ed promove Dia de Campo para capacita\u00e7\u00e3o sobre manejo do solo e plantio de mudas para recupera\u00e7\u00e3o ambiental - Prefeitura Municipal de Guara\u00ed<\/title>\n<meta name=\"robots\" content=\"index, follow, max-snippet:-1, max-image-preview:large, max-video-preview:-1\" \/>\n<link rel=\"canonical\" href=\"https:\/\/guarai.to.gov.br\/transparencia\/guarai-promove-dia-de-campo-para-capacitacao-sobre-manejo-do-solo-e-plantio-de-mudas-para-recuperacao-ambiental\/\" \/>\n<meta property=\"og:locale\" content=\"pt_BR\" \/>\n<meta property=\"og:type\" content=\"article\" \/>\n<meta property=\"og:title\" content=\"Guara\u00ed promove Dia de Campo para capacita\u00e7\u00e3o sobre manejo do solo e plantio de mudas para recupera\u00e7\u00e3o ambiental\" \/>\n<meta property=\"og:description\" content=\"No dia 21 de novembro de 2024, a Prefeitura Municipal de Guara\u00ed, por meio da Secretaria Municipal de Agricultura, Meio Ambiente e Recursos H\u00eddricos, realizou duas importantes a\u00e7\u00f5es voltadas para a sustentabilidade e preserva\u00e7\u00e3o ambiental no munic\u00edpio. Pela manh\u00e3, \u00e0s 9h, no Sindicato dos Trabalhadores Rurais, ocorreu o Dia de Campo: Capacita\u00e7\u00e3o sobre as T\u00e9cnicas&hellip; Continue lendo Guara\u00ed promove Dia de Campo para capacita\u00e7\u00e3o sobre manejo do solo e plantio de mudas para recupera\u00e7\u00e3o ambiental\" \/>\n<meta property=\"og:url\" content=\"https:\/\/guarai.to.gov.br\/transparencia\/guarai-promove-dia-de-campo-para-capacitacao-sobre-manejo-do-solo-e-plantio-de-mudas-para-recuperacao-ambiental\/\" \/>\n<meta property=\"og:site_name\" content=\"Prefeitura Municipal de Guara\u00ed\" \/>\n<meta property=\"article:published_time\" content=\"2024-11-22T12:40:01+00:00\" \/>\n<meta property=\"article:modified_time\" content=\"2024-12-19T14:46:25+00:00\" \/>\n<meta property=\"og:image\" content=\"https:\/\/guarai.to.gov.br\/transparencia\/wp-content\/uploads\/2024\/11\/capa_meioambiente.png\" \/>\n\t<meta property=\"og:image:width\" content=\"851\" \/>\n\t<meta property=\"og:image:height\" content=\"315\" \/>\n\t<meta property=\"og:image:type\" content=\"image\/png\" \/>\n<meta name=\"author\" content=\"Comunica\u00e7\u00e3o Guara\u00ed\" \/>\n<meta name=\"twitter:card\" content=\"summary_large_image\" \/>\n<meta name=\"twitter:label1\" content=\"Escrito por\" \/>\n\t<meta name=\"twitter:data1\" content=\"Comunica\u00e7\u00e3o Guara\u00ed\" \/>\n\t<meta name=\"twitter:label2\" content=\"Est. tempo de leitura\" \/>\n\t<meta name=\"twitter:data2\" content=\"1 minuto\" \/>\n<script type=\"application\/ld+json\" class=\"yoast-schema-graph\">{\"@context\":\"https:\\\/\\\/schema.org\",\"@graph\":[{\"@type\":\"Article\",\"@id\":\"https:\\\/\\\/guarai.to.gov.br\\\/transparencia\\\/guarai-promove-dia-de-campo-para-capacitacao-sobre-manejo-do-solo-e-plantio-de-mudas-para-recuperacao-ambiental\\\/#article\",\"isPartOf\":{\"@id\":\"https:\\\/\\\/guarai.to.gov.br\\\/transparencia\\\/guarai-promove-dia-de-campo-para-capacitacao-sobre-manejo-do-solo-e-plantio-de-mudas-para-recuperacao-ambiental\\\/\"},\"author\":{\"name\":\"Comunica\u00e7\u00e3o Guara\u00ed\",\"@id\":\"https:\\\/\\\/guarai.to.gov.br\\\/transparencia\\\/#\\\/schema\\\/person\\\/dcdb75887661c2650574d9d0792d95f2\"},\"headline\":\"Guara\u00ed promove Dia de Campo para capacita\u00e7\u00e3o sobre manejo do solo e plantio de mudas para recupera\u00e7\u00e3o ambiental\",\"datePublished\":\"2024-11-22T12:40:01+00:00\",\"dateModified\":\"2024-12-19T14:46:25+00:00\",\"mainEntityOfPage\":{\"@id\":\"https:\\\/\\\/guarai.to.gov.br\\\/transparencia\\\/guarai-promove-dia-de-campo-para-capacitacao-sobre-manejo-do-solo-e-plantio-de-mudas-para-recuperacao-ambiental\\\/\"},\"wordCount\":224,\"publisher\":{\"@id\":\"https:\\\/\\\/guarai.to.gov.br\\\/transparencia\\\/#organization\"},\"image\":{\"@id\":\"https:\\\/\\\/guarai.to.gov.br\\\/transparencia\\\/guarai-promove-dia-de-campo-para-capacitacao-sobre-manejo-do-solo-e-plantio-de-mudas-para-recuperacao-ambiental\\\/#primaryimage\"},\"thumbnailUrl\":\"https:\\\/\\\/guarai.to.gov.br\\\/transparencia\\\/wp-content\\\/uploads\\\/2024\\\/11\\\/capa_meioambiente.png\",\"articleSection\":[\"NOTICIAS\"],\"inLanguage\":\"pt-BR\"},{\"@type\":\"WebPage\",\"@id\":\"https:\\\/\\\/guarai.to.gov.br\\\/transparencia\\\/guarai-promove-dia-de-campo-para-capacitacao-sobre-manejo-do-solo-e-plantio-de-mudas-para-recuperacao-ambiental\\\/\",\"url\":\"https:\\\/\\\/guarai.to.gov.br\\\/transparencia\\\/guarai-promove-dia-de-campo-para-capacitacao-sobre-manejo-do-solo-e-plantio-de-mudas-para-recuperacao-ambiental\\\/\",\"name\":\"Guara\u00ed promove Dia de Campo para capacita\u00e7\u00e3o sobre manejo do solo e plantio de mudas para recupera\u00e7\u00e3o ambiental - Prefeitura Municipal de Guara\u00ed\",\"isPartOf\":{\"@id\":\"https:\\\/\\\/guarai.to.gov.br\\\/transparencia\\\/#website\"},\"primaryImageOfPage\":{\"@id\":\"https:\\\/\\\/guarai.to.gov.br\\\/transparencia\\\/guarai-promove-dia-de-campo-para-capacitacao-sobre-manejo-do-solo-e-plantio-de-mudas-para-recuperacao-ambiental\\\/#primaryimage\"},\"image\":{\"@id\":\"https:\\\/\\\/guarai.to.gov.br\\\/transparencia\\\/guarai-promove-dia-de-campo-para-capacitacao-sobre-manejo-do-solo-e-plantio-de-mudas-para-recuperacao-ambiental\\\/#primaryimage\"},\"thumbnailUrl\":\"https:\\\/\\\/guarai.to.gov.br\\\/transparencia\\\/wp-content\\\/uploads\\\/2024\\\/11\\\/capa_meioambiente.png\",\"datePublished\":\"2024-11-22T12:40:01+00:00\",\"dateModified\":\"2024-12-19T14:46:25+00:00\",\"breadcrumb\":{\"@id\":\"https:\\\/\\\/guarai.to.gov.br\\\/transparencia\\\/guarai-promove-dia-de-campo-para-capacitacao-sobre-manejo-do-solo-e-plantio-de-mudas-para-recuperacao-ambiental\\\/#breadcrumb\"},\"inLanguage\":\"pt-BR\",\"potentialAction\":[{\"@type\":\"ReadAction\",\"target\":[\"https:\\\/\\\/guarai.to.gov.br\\\/transparencia\\\/guarai-promove-dia-de-campo-para-capacitacao-sobre-manejo-do-solo-e-plantio-de-mudas-para-recuperacao-ambiental\\\/\"]}]},{\"@type\":\"BreadcrumbList\",\"@id\":\"https:\\\/\\\/guarai.to.gov.br\\\/transparencia\\\/guarai-promove-dia-de-campo-para-capacitacao-sobre-manejo-do-solo-e-plantio-de-mudas-para-recuperacao-ambiental\\\/#breadcrumb\",\"itemListElement\":[{\"@type\":\"ListItem\",\"position\":1,\"name\":\"In\u00edcio\",\"item\":\"https:\\\/\\\/guarai.to.gov.br\\\/transparencia\\\/\"},{\"@type\":\"ListItem\",\"position\":2,\"name\":\"Guara\u00ed promove Dia de Campo para capacita\u00e7\u00e3o sobre manejo do solo e plantio de mudas para recupera\u00e7\u00e3o ambiental\"}]},{\"@type\":\"WebSite\",\"@id\":\"https:\\\/\\\/guarai.to.gov.br\\\/transparencia\\\/#website\",\"url\":\"https:\\\/\\\/guarai.to.gov.br\\\/transparencia\\\/\",\"name\":\"Prefeitura Municipal de Guara\u00ed\",\"description\":\"\",\"publisher\":{\"@id\":\"https:\\\/\\\/guarai.to.gov.br\\\/transparencia\\\/#organization\"},\"alternateName\":\"https:\\\/\\\/guarai.to.gov.br\\\/transparencia\",\"potentialAction\":[{\"@type\":\"SearchAction\",\"target\":{\"@type\":\"EntryPoint\",\"urlTemplate\":\"https:\\\/\\\/guarai.to.gov.br\\\/transparencia\\\/?s={search_term_string}\"},\"query-input\":{\"@type\":\"PropertyValueSpecification\",\"valueRequired\":true,\"valueName\":\"search_term_string\"}}],\"inLanguage\":\"pt-BR\"},{\"@type\":\"Organization\",\"@id\":\"https:\\\/\\\/guarai.to.gov.br\\\/transparencia\\\/#organization\",\"name\":\"Prefeitura Municipal de Guara\u00ed\",\"alternateName\":\"Prefeitura Municipal de Guara\u00ed\",\"url\":\"https:\\\/\\\/guarai.to.gov.br\\\/transparencia\\\/\",\"logo\":{\"@type\":\"ImageObject\",\"inLanguage\":\"pt-BR\",\"@id\":\"https:\\\/\\\/guarai.to.gov.br\\\/transparencia\\\/#\\\/schema\\\/logo\\\/image\\\/\",\"url\":\"https:\\\/\\\/guarai.to.gov.br\\\/transparencia\\\/wp-content\\\/uploads\\\/2024\\\/11\\\/brasao_atualizado.png\",\"contentUrl\":\"https:\\\/\\\/guarai.to.gov.br\\\/transparencia\\\/wp-content\\\/uploads\\\/2024\\\/11\\\/brasao_atualizado.png\",\"width\":50,\"height\":53,\"caption\":\"Prefeitura Municipal de Guara\u00ed\"},\"image\":{\"@id\":\"https:\\\/\\\/guarai.to.gov.br\\\/transparencia\\\/#\\\/schema\\\/logo\\\/image\\\/\"},\"description\":\"Av. Bernardo Say\u00e3o, S\\\/N - Centro, Guara\u00ed - TO, 77700-000\",\"email\":\"gabinetedoprefeito@guarai.to.gov.br\",\"telephone\":\"6334641030, 6334641018, 34644620\",\"legalName\":\"Prefeitura Municipal de Guara\u00ed\",\"foundingDate\":\"1970-04-11\",\"vatID\":\"02.070.548\\\/0001-33\",\"numberOfEmployees\":{\"@type\":\"QuantitativeValue\",\"minValue\":\"1001\",\"maxValue\":\"5000\"}},{\"@type\":\"Person\",\"@id\":\"https:\\\/\\\/guarai.to.gov.br\\\/transparencia\\\/#\\\/schema\\\/person\\\/dcdb75887661c2650574d9d0792d95f2\",\"name\":\"Comunica\u00e7\u00e3o Guara\u00ed\",\"image\":{\"@type\":\"ImageObject\",\"inLanguage\":\"pt-BR\",\"@id\":\"https:\\\/\\\/secure.gravatar.com\\\/avatar\\\/91ad7257fa34385f5a31b716113984a42b882ef420e2b650958be17b318f6d8d?s=96&d=mm&r=g\",\"url\":\"https:\\\/\\\/secure.gravatar.com\\\/avatar\\\/91ad7257fa34385f5a31b716113984a42b882ef420e2b650958be17b318f6d8d?s=96&d=mm&r=g\",\"contentUrl\":\"https:\\\/\\\/secure.gravatar.com\\\/avatar\\\/91ad7257fa34385f5a31b716113984a42b882ef420e2b650958be17b318f6d8d?s=96&d=mm&r=g\",\"caption\":\"Comunica\u00e7\u00e3o Guara\u00ed\"},\"url\":\"https:\\\/\\\/guarai.to.gov.br\\\/transparencia\\\/author\\\/comunicacaoguarai\\\/\"}]}<\/script>\n<!-- \/ Yoast SEO Premium plugin. -->","yoast_head_json":{"title":"Guara\u00ed promove Dia de Campo para capacita\u00e7\u00e3o sobre manejo do solo e plantio de mudas para recupera\u00e7\u00e3o ambiental - Prefeitura Municipal de Guara\u00ed","robots":{"index":"index","follow":"follow","max-snippet":"max-snippet:-1","max-image-preview":"max-image-preview:large","max-video-preview":"max-video-preview:-1"},"canonical":"https:\/\/guarai.to.gov.br\/transparencia\/guarai-promove-dia-de-campo-para-capacitacao-sobre-manejo-do-solo-e-plantio-de-mudas-para-recuperacao-ambiental\/","og_locale":"pt_BR","og_type":"article","og_title":"Guara\u00ed promove Dia de Campo para capacita\u00e7\u00e3o sobre manejo do solo e plantio de mudas para recupera\u00e7\u00e3o ambiental","og_description":"No dia 21 de novembro de 2024, a Prefeitura Municipal de Guara\u00ed, por meio da Secretaria Municipal de Agricultura, Meio Ambiente e Recursos H\u00eddricos, realizou duas importantes a\u00e7\u00f5es voltadas para a sustentabilidade e preserva\u00e7\u00e3o ambiental no munic\u00edpio. Pela manh\u00e3, \u00e0s 9h, no Sindicato dos Trabalhadores Rurais, ocorreu o Dia de Campo: Capacita\u00e7\u00e3o sobre as T\u00e9cnicas&hellip; Continue lendo Guara\u00ed promove Dia de Campo para capacita\u00e7\u00e3o sobre manejo do solo e plantio de mudas para recupera\u00e7\u00e3o ambiental","og_url":"https:\/\/guarai.to.gov.br\/transparencia\/guarai-promove-dia-de-campo-para-capacitacao-sobre-manejo-do-solo-e-plantio-de-mudas-para-recuperacao-ambiental\/","og_site_name":"Prefeitura Municipal de Guara\u00ed","article_published_time":"2024-11-22T12:40:01+00:00","article_modified_time":"2024-12-19T14:46:25+00:00","og_image":[{"width":851,"height":315,"url":"https:\/\/guarai.to.gov.br\/transparencia\/wp-content\/uploads\/2024\/11\/capa_meioambiente.png","type":"image\/png"}],"author":"Comunica\u00e7\u00e3o Guara\u00ed","twitter_card":"summary_large_image","twitter_misc":{"Escrito por":"Comunica\u00e7\u00e3o Guara\u00ed","Est. tempo de leitura":"1 minuto"},"schema":{"@context":"https:\/\/schema.org","@graph":[{"@type":"Article","@id":"https:\/\/guarai.to.gov.br\/transparencia\/guarai-promove-dia-de-campo-para-capacitacao-sobre-manejo-do-solo-e-plantio-de-mudas-para-recuperacao-ambiental\/#article","isPartOf":{"@id":"https:\/\/guarai.to.gov.br\/transparencia\/guarai-promove-dia-de-campo-para-capacitacao-sobre-manejo-do-solo-e-plantio-de-mudas-para-recuperacao-ambiental\/"},"author":{"name":"Comunica\u00e7\u00e3o Guara\u00ed","@id":"https:\/\/guarai.to.gov.br\/transparencia\/#\/schema\/person\/dcdb75887661c2650574d9d0792d95f2"},"headline":"Guara\u00ed promove Dia de Campo para capacita\u00e7\u00e3o sobre manejo do solo e plantio de mudas para recupera\u00e7\u00e3o ambiental","datePublished":"2024-11-22T12:40:01+00:00","dateModified":"2024-12-19T14:46:25+00:00","mainEntityOfPage":{"@id":"https:\/\/guarai.to.gov.br\/transparencia\/guarai-promove-dia-de-campo-para-capacitacao-sobre-manejo-do-solo-e-plantio-de-mudas-para-recuperacao-ambiental\/"},"wordCount":224,"publisher":{"@id":"https:\/\/guarai.to.gov.br\/transparencia\/#organization"},"image":{"@id":"https:\/\/guarai.to.gov.br\/transparencia\/guarai-promove-dia-de-campo-para-capacitacao-sobre-manejo-do-solo-e-plantio-de-mudas-para-recuperacao-ambiental\/#primaryimage"},"thumbnailUrl":"https:\/\/guarai.to.gov.br\/transparencia\/wp-content\/uploads\/2024\/11\/capa_meioambiente.png","articleSection":["NOTICIAS"],"inLanguage":"pt-BR"},{"@type":"WebPage","@id":"https:\/\/guarai.to.gov.br\/transparencia\/guarai-promove-dia-de-campo-para-capacitacao-sobre-manejo-do-solo-e-plantio-de-mudas-para-recuperacao-ambiental\/","url":"https:\/\/guarai.to.gov.br\/transparencia\/guarai-promove-dia-de-campo-para-capacitacao-sobre-manejo-do-solo-e-plantio-de-mudas-para-recuperacao-ambiental\/","name":"Guara\u00ed promove Dia de Campo para capacita\u00e7\u00e3o sobre manejo do solo e plantio de mudas para recupera\u00e7\u00e3o ambiental - Prefeitura Municipal de Guara\u00ed","isPartOf":{"@id":"https:\/\/guarai.to.gov.br\/transparencia\/#website"},"primaryImageOfPage":{"@id":"https:\/\/guarai.to.gov.br\/transparencia\/guarai-promove-dia-de-campo-para-capacitacao-sobre-manejo-do-solo-e-plantio-de-mudas-para-recuperacao-ambiental\/#primaryimage"},"image":{"@id":"https:\/\/guarai.to.gov.br\/transparencia\/guarai-promove-dia-de-campo-para-capacitacao-sobre-manejo-do-solo-e-plantio-de-mudas-para-recuperacao-ambiental\/#primaryimage"},"thumbnailUrl":"https:\/\/guarai.to.gov.br\/transparencia\/wp-content\/uploads\/2024\/11\/capa_meioambiente.png","datePublished":"2024-11-22T12:40:01+00:00","dateModified":"2024-12-19T14:46:25+00:00","breadcrumb":{"@id":"https:\/\/guarai.to.gov.br\/transparencia\/guarai-promove-dia-de-campo-para-capacitacao-sobre-manejo-do-solo-e-plantio-de-mudas-para-recuperacao-ambiental\/#breadcrumb"},"inLanguage":"pt-BR","potentialAction":[{"@type":"ReadAction","target":["https:\/\/guarai.to.gov.br\/transparencia\/guarai-promove-dia-de-campo-para-capacitacao-sobre-manejo-do-solo-e-plantio-de-mudas-para-recuperacao-ambiental\/"]}]},{"@type":"BreadcrumbList","@id":"https:\/\/guarai.to.gov.br\/transparencia\/guarai-promove-dia-de-campo-para-capacitacao-sobre-manejo-do-solo-e-plantio-de-mudas-para-recuperacao-ambiental\/#breadcrumb","itemListElement":[{"@type":"ListItem","position":1,"name":"In\u00edcio","item":"https:\/\/guarai.to.gov.br\/transparencia\/"},{"@type":"ListItem","position":2,"name":"Guara\u00ed promove Dia de Campo para capacita\u00e7\u00e3o sobre manejo do solo e plantio de mudas para recupera\u00e7\u00e3o ambiental"}]},{"@type":"WebSite","@id":"https:\/\/guarai.to.gov.br\/transparencia\/#website","url":"https:\/\/guarai.to.gov.br\/transparencia\/","name":"Prefeitura Municipal de Guara\u00ed","description":"","publisher":{"@id":"https:\/\/guarai.to.gov.br\/transparencia\/#organization"},"alternateName":"https:\/\/guarai.to.gov.br\/transparencia","potentialAction":[{"@type":"SearchAction","target":{"@type":"EntryPoint","urlTemplate":"https:\/\/guarai.to.gov.br\/transparencia\/?s={search_term_string}"},"query-input":{"@type":"PropertyValueSpecification","valueRequired":true,"valueName":"search_term_string"}}],"inLanguage":"pt-BR"},{"@type":"Organization","@id":"https:\/\/guarai.to.gov.br\/transparencia\/#organization","name":"Prefeitura Municipal de Guara\u00ed","alternateName":"Prefeitura Municipal de Guara\u00ed","url":"https:\/\/guarai.to.gov.br\/transparencia\/","logo":{"@type":"ImageObject","inLanguage":"pt-BR","@id":"https:\/\/guarai.to.gov.br\/transparencia\/#\/schema\/logo\/image\/","url":"https:\/\/guarai.to.gov.br\/transparencia\/wp-content\/uploads\/2024\/11\/brasao_atualizado.png","contentUrl":"https:\/\/guarai.to.gov.br\/transparencia\/wp-content\/uploads\/2024\/11\/brasao_atualizado.png","width":50,"height":53,"caption":"Prefeitura Municipal de Guara\u00ed"},"image":{"@id":"https:\/\/guarai.to.gov.br\/transparencia\/#\/schema\/logo\/image\/"},"description":"Av. Bernardo Say\u00e3o, S\/N - Centro, Guara\u00ed - TO, 77700-000","email":"gabinetedoprefeito@guarai.to.gov.br","telephone":"6334641030, 6334641018, 34644620","legalName":"Prefeitura Municipal de Guara\u00ed","foundingDate":"1970-04-11","vatID":"02.070.548\/0001-33","numberOfEmployees":{"@type":"QuantitativeValue","minValue":"1001","maxValue":"5000"}},{"@type":"Person","@id":"https:\/\/guarai.to.gov.br\/transparencia\/#\/schema\/person\/dcdb75887661c2650574d9d0792d95f2","name":"Comunica\u00e7\u00e3o Guara\u00ed","image":{"@type":"ImageObject","inLanguage":"pt-BR","@id":"https:\/\/secure.gravatar.com\/avatar\/91ad7257fa34385f5a31b716113984a42b882ef420e2b650958be17b318f6d8d?s=96&d=mm&r=g","url":"https:\/\/secure.gravatar.com\/avatar\/91ad7257fa34385f5a31b716113984a42b882ef420e2b650958be17b318f6d8d?s=96&d=mm&r=g","contentUrl":"https:\/\/secure.gravatar.com\/avatar\/91ad7257fa34385f5a31b716113984a42b882ef420e2b650958be17b318f6d8d?s=96&d=mm&r=g","caption":"Comunica\u00e7\u00e3o Guara\u00ed"},"url":"https:\/\/guarai.to.gov.br\/transparencia\/author\/comunicacaoguarai\/"}]}},"_links":{"self":[{"href":"https:\/\/guarai.to.gov.br\/transparencia\/wp-json\/wp\/v2\/posts\/792","targetHints":{"allow":["GET"]}}],"collection":[{"href":"https:\/\/guarai.to.gov.br\/transparencia\/wp-json\/wp\/v2\/posts"}],"about":[{"href":"https:\/\/guarai.to.gov.br\/transparencia\/wp-json\/wp\/v2\/types\/post"}],"author":[{"embeddable":true,"href":"https:\/\/guarai.to.gov.br\/transparencia\/wp-json\/wp\/v2\/users\/2"}],"replies":[{"embeddable":true,"href":"https:\/\/guarai.to.gov.br\/transparencia\/wp-json\/wp\/v2\/comments?post=792"}],"version-history":[{"count":2,"href":"https:\/\/guarai.to.gov.br\/transparencia\/wp-json\/wp\/v2\/posts\/792\/revisions"}],"predecessor-version":[{"id":815,"href":"https:\/\/guarai.to.gov.br\/transparencia\/wp-json\/wp\/v2\/posts\/792\/revisions\/815"}],"wp:featuredmedia":[{"embeddable":true,"href":"https:\/\/guarai.to.gov.br\/transparencia\/wp-json\/wp\/v2\/media\/813"}],"wp:attachment":[{"href":"https:\/\/guarai.to.gov.br\/transparencia\/wp-json\/wp\/v2\/media?parent=792"}],"wp:term":[{"taxonomy":"category","embeddable":true,"href":"https:\/\/guarai.to.gov.br\/transparencia\/wp-json\/wp\/v2\/categories?post=792"},{"taxonomy":"post_tag","embeddable":true,"href":"https:\/\/guarai.to.gov.br\/transparencia\/wp-json\/wp\/v2\/tags?post=792"}],"curies":[{"name":"wp","href":"https:\/\/api.w.org\/{rel}","templated":true}]}}