{"id":910146,"date":"2026-08-31T16:58:00","date_gmt":"2026-08-31T19:58:00","guid":{"rendered":"https:\/\/guarai.to.gov.br\/transparencia\/?p=910146"},"modified":"2026-09-01T09:20:07","modified_gmt":"2026-09-01T12:20:07","slug":"agosto-lilas-prefeitura-de-guarai-encerra-campanha-com-acoes-de-cuidado-prevencao-e-conscientizacao-para-as-mulheres","status":"publish","type":"post","link":"https:\/\/guarai.to.gov.br\/transparencia\/agosto-lilas-prefeitura-de-guarai-encerra-campanha-com-acoes-de-cuidado-prevencao-e-conscientizacao-para-as-mulheres\/","title":{"rendered":"Prefeitura de Guara\u00ed encerra Agosto Lil\u00e1s com a\u00e7\u00e3o de cuidado, preven\u00e7\u00e3o e conscientiza\u00e7\u00e3o para as mulheres"},"content":{"rendered":"\n<h1 class=\"wp-block-heading\"><\/h1>\n\n\n\n<p class=\"wp-block-paragraph\"><strong><em>Programa\u00e7\u00e3o realizada na manh\u00e3 desta segunda-feira (31), no Jos\u00e9 Lomazzi Filho, reuniu atendimentos de sa\u00fade e palestra sobre preven\u00e7\u00e3o e enfrentamento \u00e0 viol\u00eancia contra a mulher<\/em><\/strong><\/p>\n\n\n\n<p class=\"wp-block-paragraph\"><\/p>\n\n\n\n<p class=\"wp-block-paragraph\">A Prefeitura de Guara\u00ed, por meio da Secretaria Municipal da Mulher, Habita\u00e7\u00e3o e Regula\u00e7\u00e3o Fundi\u00e1ria, encerrou, na manh\u00e3 desta segunda-feira (31), a programa\u00e7\u00e3o do Agosto Lil\u00e1s com uma a\u00e7\u00e3o dedicada ao cuidado, \u00e0 preven\u00e7\u00e3o e \u00e0 conscientiza\u00e7\u00e3o das mulheres. Realizada no Jos\u00e9 Lomazzi Filho, a iniciativa reuniu servi\u00e7os de aten\u00e7\u00e3o \u00e0 sa\u00fade e um momento de di\u00e1logo sobre a import\u00e2ncia da preven\u00e7\u00e3o e do enfrentamento \u00e0 viol\u00eancia contra a mulher.<\/p>\n\n\n\n<p class=\"wp-block-paragraph\">Durante a programa\u00e7\u00e3o, a Equipe 10 realizou aferi\u00e7\u00e3o de press\u00e3o arterial e outros procedimentos de aten\u00e7\u00e3o \u00e0 sa\u00fade, proporcionando \u00e0s participantes acesso a cuidados preventivos e orienta\u00e7\u00f5es. A iniciativa refor\u00e7ou a import\u00e2ncia de manter o acompanhamento da sa\u00fade e de ampliar o acesso das mulheres aos servi\u00e7os oferecidos pela rede p\u00fablica.<\/p>\n\n\n\n<p class=\"wp-block-paragraph\">Como parte da programa\u00e7\u00e3o, a Dra. Loyana Le\u00e3o conduziu uma palestra sobre o Agosto Lil\u00e1s, promovendo um momento de informa\u00e7\u00e3o, reflex\u00e3o e conscientiza\u00e7\u00e3o sobre a viol\u00eancia contra a mulher. A atividade destacou a import\u00e2ncia de reconhecer situa\u00e7\u00f5es de viol\u00eancia, buscar orienta\u00e7\u00e3o e conhecer os caminhos dispon\u00edveis para o atendimento e a prote\u00e7\u00e3o.<\/p>\n\n\n\n<h3 class=\"wp-block-heading\">Agosto Lil\u00e1s refor\u00e7a a import\u00e2ncia da preven\u00e7\u00e3o<\/h3>\n\n\n\n<p class=\"wp-block-paragraph\">O Agosto Lil\u00e1s \u00e9 um per\u00edodo de mobiliza\u00e7\u00e3o social que chama a aten\u00e7\u00e3o para a necessidade de prevenir e enfrentar a viol\u00eancia contra a mulher. A campanha tamb\u00e9m contribui para ampliar o conhecimento sobre os diferentes tipos de viol\u00eancia, f\u00edsica, psicol\u00f3gica, sexual, patrimonial e moral, e para fortalecer uma cultura de respeito, dignidade e prote\u00e7\u00e3o.<\/p>\n\n\n\n<p class=\"wp-block-paragraph\">Nesse contexto, a\u00e7\u00f5es como a realizada em Guara\u00ed aproximam as pol\u00edticas p\u00fablicas da popula\u00e7\u00e3o e criam oportunidades para que as mulheres tenham acesso a informa\u00e7\u00f5es importantes sobre seus direitos e sobre os servi\u00e7os que podem ser procurados diante de situa\u00e7\u00f5es de viol\u00eancia ou vulnerabilidade.<\/p>\n\n\n\n<p class=\"wp-block-paragraph\">A conscientiza\u00e7\u00e3o \u00e9 uma ferramenta essencial nesse processo. Conhecer os sinais de viol\u00eancia, compreender que determinados comportamentos n\u00e3o devem ser naturalizados e saber onde buscar apoio s\u00e3o passos importantes para romper ciclos de agress\u00e3o e fortalecer a autonomia das mulheres.<\/p>\n\n\n\n<h3 class=\"wp-block-heading\">Cuidado com a mulher tamb\u00e9m \u00e9 pol\u00edtica p\u00fablica<\/h3>\n\n\n\n<p class=\"wp-block-paragraph\">Al\u00e9m da conscientiza\u00e7\u00e3o sobre a viol\u00eancia, a programa\u00e7\u00e3o refor\u00e7ou a import\u00e2ncia de olhar para a mulher de forma integral. A preven\u00e7\u00e3o em sa\u00fade, o acesso \u00e0 informa\u00e7\u00e3o, o acolhimento e a exist\u00eancia de uma rede de atendimento s\u00e3o aspectos fundamentais para promover mais qualidade de vida e seguran\u00e7a.<\/p>\n\n\n\n<p class=\"wp-block-paragraph\">A atua\u00e7\u00e3o da Secretaria Municipal da Mulher, Habita\u00e7\u00e3o e Regula\u00e7\u00e3o Fundi\u00e1ria busca justamente fortalecer esse di\u00e1logo com a comunidade, levando a\u00e7\u00f5es e orienta\u00e7\u00f5es para mais perto das mulheres e contribuindo para ampliar o acesso \u00e0s pol\u00edticas p\u00fablicas municipais.<\/p>\n\n\n\n<p class=\"wp-block-paragraph\">Ao unir cuidado em sa\u00fade, preven\u00e7\u00e3o e conscientiza\u00e7\u00e3o, a a\u00e7\u00e3o de encerramento do Agosto Lil\u00e1s reafirmou que a prote\u00e7\u00e3o das mulheres exige aten\u00e7\u00e3o permanente e a participa\u00e7\u00e3o conjunta do poder p\u00fablico e da sociedade.<\/p>\n\n\n\n<h3 class=\"wp-block-heading\">Um compromisso que permanece durante todo o ano<\/h3>\n\n\n\n<p class=\"wp-block-paragraph\">O encerramento da programa\u00e7\u00e3o do Agosto Lil\u00e1s, nesta segunda-feira (31), marca o fim das atividades realizadas ao longo do m\u00eas, mas n\u00e3o encerra o compromisso com a promo\u00e7\u00e3o dos direitos, da dignidade e da seguran\u00e7a das mulheres.<\/p>\n\n\n\n<p class=\"wp-block-paragraph\">A Prefeitura de Guara\u00ed reafirma seu compromisso com o fortalecimento das pol\u00edticas p\u00fablicas voltadas \u00e0s mulheres e com a promo\u00e7\u00e3o de a\u00e7\u00f5es que incentivem o cuidado, a preven\u00e7\u00e3o, a informa\u00e7\u00e3o e o enfrentamento a todas as formas de viol\u00eancia.<\/p>\n\n\n\n<p class=\"wp-block-paragraph\">Mais do que uma campanha no calend\u00e1rio, o Agosto Lil\u00e1s deixa uma mensagem que deve permanecer durante todo o ano: mulheres precisam ser ouvidas, respeitadas, protegidas e ter seus direitos garantidos.<\/p>\n\n\n\n<p class=\"wp-block-paragraph\"><strong>Prefeitura de Guara\u00ed, cuidando das pessoas, fortalecendo pol\u00edticas p\u00fablicas e construindo uma cidade cada vez mais consciente e acolhedora.<\/strong><\/p>\n\n\n\n<p class=\"wp-block-paragraph\"><\/p>\n","protected":false},"excerpt":{"rendered":"<p>Programa\u00e7\u00e3o realizada na manh\u00e3 desta segunda-feira (31), no Jos\u00e9 Lomazzi Filho, reuniu atendimentos de sa\u00fade e palestra sobre preven\u00e7\u00e3o e enfrentamento \u00e0 viol\u00eancia contra a mulher A Prefeitura de Guara\u00ed, por meio\u2026<\/p>\n","protected":false},"author":2,"featured_media":910147,"comment_status":"closed","ping_status":"closed","sticky":false,"template":"","format":"standard","meta":{"cybocfi_hide_featured_image":"","footnotes":""},"categories":[1],"tags":[],"class_list":["post-910146","post","type-post","status-publish","format-standard","has-post-thumbnail","hentry","category-noticias"],"_links":{"self":[{"href":"https:\/\/guarai.to.gov.br\/transparencia\/wp-json\/wp\/v2\/posts\/910146","targetHints":{"allow":["GET"]}}],"collection":[{"href":"https:\/\/guarai.to.gov.br\/transparencia\/wp-json\/wp\/v2\/posts"}],"about":[{"href":"https:\/\/guarai.to.gov.br\/transparencia\/wp-json\/wp\/v2\/types\/post"}],"author":[{"embeddable":true,"href":"https:\/\/guarai.to.gov.br\/transparencia\/wp-json\/wp\/v2\/users\/2"}],"replies":[{"embeddable":true,"href":"https:\/\/guarai.to.gov.br\/transparencia\/wp-json\/wp\/v2\/comments?post=910146"}],"version-history":[{"count":3,"href":"https:\/\/guarai.to.gov.br\/transparencia\/wp-json\/wp\/v2\/posts\/910146\/revisions"}],"predecessor-version":[{"id":910152,"href":"https:\/\/guarai.to.gov.br\/transparencia\/wp-json\/wp\/v2\/posts\/910146\/revisions\/910152"}],"wp:featuredmedia":[{"embeddable":true,"href":"https:\/\/guarai.to.gov.br\/transparencia\/wp-json\/wp\/v2\/media\/910147"}],"wp:attachment":[{"href":"https:\/\/guarai.to.gov.br\/transparencia\/wp-json\/wp\/v2\/media?parent=910146"}],"wp:term":[{"taxonomy":"category","embeddable":true,"href":"https:\/\/guarai.to.gov.br\/transparencia\/wp-json\/wp\/v2\/categories?post=910146"},{"taxonomy":"post_tag","embeddable":true,"href":"https:\/\/guarai.to.gov.br\/transparencia\/wp-json\/wp\/v2\/tags?post=910146"}],"curies":[{"name":"wp","href":"https:\/\/api.w.org\/{rel}","templated":true}]}}