{"id":910153,"date":"2026-09-02T18:12:00","date_gmt":"2026-09-02T21:12:00","guid":{"rendered":"https:\/\/guarai.to.gov.br\/transparencia\/?p=910153"},"modified":"2026-09-03T11:39:50","modified_gmt":"2026-09-03T14:39:50","slug":"cadastramento-no-setor-canaa-avanca-e-ja-alcanca-226-cadastros","status":"publish","type":"post","link":"https:\/\/guarai.to.gov.br\/transparencia\/cadastramento-no-setor-canaa-avanca-e-ja-alcanca-226-cadastros\/","title":{"rendered":"Prefeitura avan\u00e7a na regulariza\u00e7\u00e3o fundi\u00e1ria do Setor Cana\u00e3 com 226 cadastros"},"content":{"rendered":"\n<h1 class=\"wp-block-heading\"><\/h1>\n\n\n\n<p class=\"wp-block-paragraph\">Dando continuidade ao trabalho de regulariza\u00e7\u00e3o fundi\u00e1ria desenvolvido em Guara\u00ed, a Prefeitura de Guara\u00ed, por meio da Secretaria Municipal da Mulher, Habita\u00e7\u00e3o e Regulariza\u00e7\u00e3o Fundi\u00e1ria, realizou, nos dias 1\u00ba e 2 de setembro, uma etapa de cadastramento de im\u00f3veis e moradores no Setor Cana\u00e3. A a\u00e7\u00e3o j\u00e1 contabiliza 226 cadastros realizados e segue em andamento diante da grande procura da comunidade.<\/p>\n\n\n\n<p class=\"wp-block-paragraph\">Para atender \u00e0 demanda e garantir que mais moradores tenham a oportunidade de participar, o cadastramento continua at\u00e9 sexta-feira, dia 11 de setembro, no pr\u00e9dio da Prefeitura, das 7h30 \u00e0s 13h30. A equipe permanece dispon\u00edvel para realizar novos atendimentos e concluir os cadastros.<\/p>\n\n\n\n<p class=\"wp-block-paragraph\">O cadastramento integra o trabalho de organiza\u00e7\u00e3o e levantamento das informa\u00e7\u00f5es dos im\u00f3veis e representa uma etapa importante para o avan\u00e7o das a\u00e7\u00f5es de regulariza\u00e7\u00e3o fundi\u00e1ria, contribuindo para a seguran\u00e7a jur\u00eddica das fam\u00edlias e para um planejamento urbano cada vez mais preciso e eficiente.<\/p>\n\n\n\n<p class=\"wp-block-paragraph\">A continuidade do atendimento refor\u00e7a o compromisso da Prefeitura de Guara\u00ed com uma pol\u00edtica de regulariza\u00e7\u00e3o fundi\u00e1ria permanente, planejada e voltada \u00e0 garantia de direitos, valoriza\u00e7\u00e3o dos im\u00f3veis e melhoria da qualidade de vida da popula\u00e7\u00e3o.<\/p>\n\n\n\n<p class=\"wp-block-paragraph\">Mais do que reunir informa\u00e7\u00f5es, o trabalho realizado no Setor Cana\u00e3 representa mais um passo na constru\u00e7\u00e3o de uma cidade organizada, com mais seguran\u00e7a jur\u00eddica e oportunidades para as fam\u00edlias.<\/p>\n\n\n\n<figure class=\"wp-block-gallery has-nested-images columns-default is-cropped wp-block-gallery-1 is-layout-flex wp-block-gallery-is-layout-flex\">\n<figure class=\"wp-block-image size-large\"><img loading=\"lazy\" decoding=\"async\" width=\"1024\" height=\"576\" data-id=\"910161\" src=\"https:\/\/guarai.to.gov.br\/transparencia\/wp-content\/uploads\/2026\/09\/WhatsApp-Image-2026-09-01-at-15.22.00-1-1-1024x576.jpeg\" alt=\"\" class=\"wp-image-910161\" srcset=\"https:\/\/guarai.to.gov.br\/transparencia\/wp-content\/uploads\/2026\/09\/WhatsApp-Image-2026-09-01-at-15.22.00-1-1-1024x576.jpeg 1024w, https:\/\/guarai.to.gov.br\/transparencia\/wp-content\/uploads\/2026\/09\/WhatsApp-Image-2026-09-01-at-15.22.00-1-1-460x259.jpeg 460w, https:\/\/guarai.to.gov.br\/transparencia\/wp-content\/uploads\/2026\/09\/WhatsApp-Image-2026-09-01-at-15.22.00-1-1-160x90.jpeg 160w, https:\/\/guarai.to.gov.br\/transparencia\/wp-content\/uploads\/2026\/09\/WhatsApp-Image-2026-09-01-at-15.22.00-1-1-768x432.jpeg 768w, https:\/\/guarai.to.gov.br\/transparencia\/wp-content\/uploads\/2026\/09\/WhatsApp-Image-2026-09-01-at-15.22.00-1-1-1536x864.jpeg 1536w, https:\/\/guarai.to.gov.br\/transparencia\/wp-content\/uploads\/2026\/09\/WhatsApp-Image-2026-09-01-at-15.22.00-1-1.jpeg 1600w\" sizes=\"auto, (max-width: 1024px) 100vw, 1024px\" \/><\/figure>\n\n\n\n<figure class=\"wp-block-image size-large\"><img loading=\"lazy\" decoding=\"async\" width=\"1024\" height=\"576\" data-id=\"910160\" src=\"https:\/\/guarai.to.gov.br\/transparencia\/wp-content\/uploads\/2026\/09\/WhatsApp-Image-2026-09-01-at-15.22.00-2-1-1024x576.jpeg\" alt=\"\" class=\"wp-image-910160\" srcset=\"https:\/\/guarai.to.gov.br\/transparencia\/wp-content\/uploads\/2026\/09\/WhatsApp-Image-2026-09-01-at-15.22.00-2-1-1024x576.jpeg 1024w, https:\/\/guarai.to.gov.br\/transparencia\/wp-content\/uploads\/2026\/09\/WhatsApp-Image-2026-09-01-at-15.22.00-2-1-460x259.jpeg 460w, https:\/\/guarai.to.gov.br\/transparencia\/wp-content\/uploads\/2026\/09\/WhatsApp-Image-2026-09-01-at-15.22.00-2-1-160x90.jpeg 160w, https:\/\/guarai.to.gov.br\/transparencia\/wp-content\/uploads\/2026\/09\/WhatsApp-Image-2026-09-01-at-15.22.00-2-1-768x432.jpeg 768w, https:\/\/guarai.to.gov.br\/transparencia\/wp-content\/uploads\/2026\/09\/WhatsApp-Image-2026-09-01-at-15.22.00-2-1-1536x864.jpeg 1536w, https:\/\/guarai.to.gov.br\/transparencia\/wp-content\/uploads\/2026\/09\/WhatsApp-Image-2026-09-01-at-15.22.00-2-1.jpeg 1600w\" sizes=\"auto, (max-width: 1024px) 100vw, 1024px\" \/><\/figure>\n\n\n\n<figure class=\"wp-block-image size-large\"><img loading=\"lazy\" decoding=\"async\" width=\"1024\" height=\"576\" data-id=\"910159\" src=\"https:\/\/guarai.to.gov.br\/transparencia\/wp-content\/uploads\/2026\/09\/WhatsApp-Image-2026-09-01-at-15.22.00-3-1-1024x576.jpeg\" alt=\"\" class=\"wp-image-910159\" srcset=\"https:\/\/guarai.to.gov.br\/transparencia\/wp-content\/uploads\/2026\/09\/WhatsApp-Image-2026-09-01-at-15.22.00-3-1-1024x576.jpeg 1024w, https:\/\/guarai.to.gov.br\/transparencia\/wp-content\/uploads\/2026\/09\/WhatsApp-Image-2026-09-01-at-15.22.00-3-1-460x259.jpeg 460w, https:\/\/guarai.to.gov.br\/transparencia\/wp-content\/uploads\/2026\/09\/WhatsApp-Image-2026-09-01-at-15.22.00-3-1-160x90.jpeg 160w, https:\/\/guarai.to.gov.br\/transparencia\/wp-content\/uploads\/2026\/09\/WhatsApp-Image-2026-09-01-at-15.22.00-3-1-768x432.jpeg 768w, https:\/\/guarai.to.gov.br\/transparencia\/wp-content\/uploads\/2026\/09\/WhatsApp-Image-2026-09-01-at-15.22.00-3-1-1536x864.jpeg 1536w, https:\/\/guarai.to.gov.br\/transparencia\/wp-content\/uploads\/2026\/09\/WhatsApp-Image-2026-09-01-at-15.22.00-3-1.jpeg 1600w\" sizes=\"auto, (max-width: 1024px) 100vw, 1024px\" \/><\/figure>\n<\/figure>\n","protected":false},"excerpt":{"rendered":"<p>Dando continuidade ao trabalho de regulariza\u00e7\u00e3o fundi\u00e1ria desenvolvido em Guara\u00ed, a Prefeitura de Guara\u00ed, por meio da Secretaria Municipal da Mulher, Habita\u00e7\u00e3o e Regulariza\u00e7\u00e3o Fundi\u00e1ria, realizou, nos dias 1\u00ba e 2 de\u2026<\/p>\n","protected":false},"author":2,"featured_media":910154,"comment_status":"closed","ping_status":"closed","sticky":false,"template":"","format":"standard","meta":{"cybocfi_hide_featured_image":"","footnotes":""},"categories":[1],"tags":[],"class_list":["post-910153","post","type-post","status-publish","format-standard","has-post-thumbnail","hentry","category-noticias"],"_links":{"self":[{"href":"https:\/\/guarai.to.gov.br\/transparencia\/wp-json\/wp\/v2\/posts\/910153","targetHints":{"allow":["GET"]}}],"collection":[{"href":"https:\/\/guarai.to.gov.br\/transparencia\/wp-json\/wp\/v2\/posts"}],"about":[{"href":"https:\/\/guarai.to.gov.br\/transparencia\/wp-json\/wp\/v2\/types\/post"}],"author":[{"embeddable":true,"href":"https:\/\/guarai.to.gov.br\/transparencia\/wp-json\/wp\/v2\/users\/2"}],"replies":[{"embeddable":true,"href":"https:\/\/guarai.to.gov.br\/transparencia\/wp-json\/wp\/v2\/comments?post=910153"}],"version-history":[{"count":3,"href":"https:\/\/guarai.to.gov.br\/transparencia\/wp-json\/wp\/v2\/posts\/910153\/revisions"}],"predecessor-version":[{"id":910165,"href":"https:\/\/guarai.to.gov.br\/transparencia\/wp-json\/wp\/v2\/posts\/910153\/revisions\/910165"}],"wp:featuredmedia":[{"embeddable":true,"href":"https:\/\/guarai.to.gov.br\/transparencia\/wp-json\/wp\/v2\/media\/910154"}],"wp:attachment":[{"href":"https:\/\/guarai.to.gov.br\/transparencia\/wp-json\/wp\/v2\/media?parent=910153"}],"wp:term":[{"taxonomy":"category","embeddable":true,"href":"https:\/\/guarai.to.gov.br\/transparencia\/wp-json\/wp\/v2\/categories?post=910153"},{"taxonomy":"post_tag","embeddable":true,"href":"https:\/\/guarai.to.gov.br\/transparencia\/wp-json\/wp\/v2\/tags?post=910153"}],"curies":[{"name":"wp","href":"https:\/\/api.w.org\/{rel}","templated":true}]}}