{"id":910175,"date":"2026-09-05T08:10:00","date_gmt":"2026-09-05T11:10:00","guid":{"rendered":"https:\/\/guarai.to.gov.br\/transparencia\/?p=910175"},"modified":"2026-09-05T11:28:04","modified_gmt":"2026-09-05T14:28:04","slug":"guarai-reune-familias-e-celebra-a-independencia-do-brasil-em-noite-de-civismo-e-emocao","status":"publish","type":"post","link":"https:\/\/guarai.to.gov.br\/transparencia\/guarai-reune-familias-e-celebra-a-independencia-do-brasil-em-noite-de-civismo-e-emocao\/","title":{"rendered":"Desfile C\u00edvico-Estudantil celebra Independ\u00eancia do Brasil com grande participa\u00e7\u00e3o popular em Guara\u00ed"},"content":{"rendered":"\n<h1 class=\"wp-block-heading\"><\/h1>\n\n\n\n<p class=\"wp-block-paragraph\">Guara\u00ed celebrou a Independ\u00eancia do Brasil na noite desta sexta-feira, 4 de setembro, com um grande Desfile C\u00edvico-Estudantil, que levou fam\u00edlias e comunidade \u00e0 Avenida Bernardo Say\u00e3o, em frente \u00e0 Pra\u00e7a da Concilia\u00e7\u00e3o Prefeito Euclides Lima Rodrigues.<\/p>\n\n\n\n<p class=\"wp-block-paragraph\">O clima agrad\u00e1vel, ap\u00f3s a chuva registrada durante a manh\u00e3, contribuiu para o ambiente de confraterniza\u00e7\u00e3o. Fam\u00edlias inteiras acompanharam o desfile, que contou com a presen\u00e7a da prefeita F\u00e1tima Coelho, do vice-prefeito Gleidson Bueno, vereadores, secret\u00e1rios municipais, autoridades, representantes das for\u00e7as de seguran\u00e7a e convidados, muitos acompanhados de seus familiares.<\/p>\n\n\n\n<p class=\"wp-block-paragraph\">Durante a celebra\u00e7\u00e3o, a prefeita F\u00e1tima Coelho destacou o significado da Independ\u00eancia do Brasil e a import\u00e2ncia de manter vivos o civismo, o respeito \u00e0 P\u00e1tria e os valores que fortalecem a uni\u00e3o da comunidade.<\/p>\n\n\n\n<p class=\"wp-block-paragraph\">O secret\u00e1rio Sebasti\u00e3o Mendes ressaltou a import\u00e2ncia da participa\u00e7\u00e3o das escolas, projetos sociais, institui\u00e7\u00f5es e da popula\u00e7\u00e3o na constru\u00e7\u00e3o de uma celebra\u00e7\u00e3o que valoriza a hist\u00f3ria e fortalece o sentimento de pertencimento.<\/p>\n\n\n\n<p class=\"wp-block-paragraph\">Na Avenida Bernardo Say\u00e3o, escolas municipais, estaduais e particulares, Col\u00e9gio Militar, creches, APAE, projetos sociais, fanfarras e Bombeiros Mirins protagonizaram apresenta\u00e7\u00f5es marcadas pela organiza\u00e7\u00e3o, criatividade e emo\u00e7\u00e3o. As for\u00e7as de seguran\u00e7a tamb\u00e9m participaram do desfile, refor\u00e7ando o car\u00e1ter c\u00edvico da programa\u00e7\u00e3o.<\/p>\n\n\n\n<h3 class=\"wp-block-heading\">Feira de Sabores re\u00fane gastronomia, cultura e empreendedorismo<\/h3>\n\n\n\n<p class=\"wp-block-paragraph\">Paralelamente ao desfile, a tradicional Feira de Sabores movimentou a noite com uma diversidade de op\u00e7\u00f5es gastron\u00f4micas e a participa\u00e7\u00e3o de empreendedores locais. O espa\u00e7o recebeu grande p\u00fablico e se consolidou como mais um ponto de encontro da comunidade, valorizando os produtos, talentos e iniciativas que movimentam a economia do munic\u00edpio.<\/p>\n\n\n\n<p class=\"wp-block-paragraph\">O encerramento ficou por conta da m\u00fasica ao vivo, com apresenta\u00e7\u00f5es de Jo\u00e3o Grilo e Vanderlei dos Teclados, proporcionando ao p\u00fablico um momento de lazer, conviv\u00eancia e celebra\u00e7\u00e3o.<\/p>\n\n\n\n<p class=\"wp-block-paragraph\">A programa\u00e7\u00e3o de 7 de Setembro em Guara\u00ed foi marcada pela uni\u00e3o entre civismo, educa\u00e7\u00e3o, cultura, seguran\u00e7a, gastronomia e empreendedorismo. Uma noite que reuniu diferentes gera\u00e7\u00f5es e mostrou, por meio da participa\u00e7\u00e3o popular, o orgulho de celebrar a hist\u00f3ria do Brasil e os valores que fortalecem a comunidade.<\/p>\n\n\n\n<figure class=\"wp-block-gallery has-nested-images columns-default is-cropped wp-block-gallery-1 is-layout-flex wp-block-gallery-is-layout-flex\">\n<figure class=\"wp-block-image size-large\"><img loading=\"lazy\" decoding=\"async\" width=\"1024\" height=\"576\" data-id=\"910177\" src=\"https:\/\/guarai.to.gov.br\/transparencia\/wp-content\/uploads\/2026\/09\/de-setembro-1-1024x576.jpeg\" alt=\"\" class=\"wp-image-910177\" srcset=\"https:\/\/guarai.to.gov.br\/transparencia\/wp-content\/uploads\/2026\/09\/de-setembro-1-1024x576.jpeg 1024w, https:\/\/guarai.to.gov.br\/transparencia\/wp-content\/uploads\/2026\/09\/de-setembro-1-460x259.jpeg 460w, https:\/\/guarai.to.gov.br\/transparencia\/wp-content\/uploads\/2026\/09\/de-setembro-1-160x90.jpeg 160w, https:\/\/guarai.to.gov.br\/transparencia\/wp-content\/uploads\/2026\/09\/de-setembro-1-768x432.jpeg 768w, https:\/\/guarai.to.gov.br\/transparencia\/wp-content\/uploads\/2026\/09\/de-setembro-1-1536x864.jpeg 1536w, https:\/\/guarai.to.gov.br\/transparencia\/wp-content\/uploads\/2026\/09\/de-setembro-1.jpeg 1600w\" sizes=\"auto, (max-width: 1024px) 100vw, 1024px\" \/><\/figure>\n\n\n\n<figure class=\"wp-block-image size-large\"><img loading=\"lazy\" decoding=\"async\" width=\"1024\" height=\"576\" data-id=\"910178\" src=\"https:\/\/guarai.to.gov.br\/transparencia\/wp-content\/uploads\/2026\/09\/7-de-setembro-2-1024x576.jpeg\" alt=\"\" class=\"wp-image-910178\" srcset=\"https:\/\/guarai.to.gov.br\/transparencia\/wp-content\/uploads\/2026\/09\/7-de-setembro-2-1024x576.jpeg 1024w, https:\/\/guarai.to.gov.br\/transparencia\/wp-content\/uploads\/2026\/09\/7-de-setembro-2-460x259.jpeg 460w, https:\/\/guarai.to.gov.br\/transparencia\/wp-content\/uploads\/2026\/09\/7-de-setembro-2-160x90.jpeg 160w, https:\/\/guarai.to.gov.br\/transparencia\/wp-content\/uploads\/2026\/09\/7-de-setembro-2-768x432.jpeg 768w, https:\/\/guarai.to.gov.br\/transparencia\/wp-content\/uploads\/2026\/09\/7-de-setembro-2-1536x864.jpeg 1536w, https:\/\/guarai.to.gov.br\/transparencia\/wp-content\/uploads\/2026\/09\/7-de-setembro-2.jpeg 1600w\" sizes=\"auto, (max-width: 1024px) 100vw, 1024px\" \/><\/figure>\n\n\n\n<figure class=\"wp-block-image size-large\"><img loading=\"lazy\" decoding=\"async\" width=\"1024\" height=\"576\" data-id=\"910179\" src=\"https:\/\/guarai.to.gov.br\/transparencia\/wp-content\/uploads\/2026\/09\/7-de-setembro-3-1024x576.jpeg\" alt=\"\" class=\"wp-image-910179\" srcset=\"https:\/\/guarai.to.gov.br\/transparencia\/wp-content\/uploads\/2026\/09\/7-de-setembro-3-1024x576.jpeg 1024w, https:\/\/guarai.to.gov.br\/transparencia\/wp-content\/uploads\/2026\/09\/7-de-setembro-3-460x259.jpeg 460w, https:\/\/guarai.to.gov.br\/transparencia\/wp-content\/uploads\/2026\/09\/7-de-setembro-3-160x90.jpeg 160w, https:\/\/guarai.to.gov.br\/transparencia\/wp-content\/uploads\/2026\/09\/7-de-setembro-3-768x432.jpeg 768w, https:\/\/guarai.to.gov.br\/transparencia\/wp-content\/uploads\/2026\/09\/7-de-setembro-3-1536x864.jpeg 1536w, https:\/\/guarai.to.gov.br\/transparencia\/wp-content\/uploads\/2026\/09\/7-de-setembro-3.jpeg 1600w\" sizes=\"auto, (max-width: 1024px) 100vw, 1024px\" \/><\/figure>\n\n\n\n<figure class=\"wp-block-image size-large\"><img loading=\"lazy\" decoding=\"async\" width=\"1024\" height=\"576\" data-id=\"910180\" src=\"https:\/\/guarai.to.gov.br\/transparencia\/wp-content\/uploads\/2026\/09\/7-de-setembro-4-1024x576.jpeg\" alt=\"\" class=\"wp-image-910180\" srcset=\"https:\/\/guarai.to.gov.br\/transparencia\/wp-content\/uploads\/2026\/09\/7-de-setembro-4-1024x576.jpeg 1024w, https:\/\/guarai.to.gov.br\/transparencia\/wp-content\/uploads\/2026\/09\/7-de-setembro-4-460x259.jpeg 460w, https:\/\/guarai.to.gov.br\/transparencia\/wp-content\/uploads\/2026\/09\/7-de-setembro-4-160x90.jpeg 160w, https:\/\/guarai.to.gov.br\/transparencia\/wp-content\/uploads\/2026\/09\/7-de-setembro-4-768x432.jpeg 768w, https:\/\/guarai.to.gov.br\/transparencia\/wp-content\/uploads\/2026\/09\/7-de-setembro-4-1536x864.jpeg 1536w, https:\/\/guarai.to.gov.br\/transparencia\/wp-content\/uploads\/2026\/09\/7-de-setembro-4.jpeg 1600w\" sizes=\"auto, (max-width: 1024px) 100vw, 1024px\" \/><\/figure>\n\n\n\n<figure class=\"wp-block-image size-large\"><img loading=\"lazy\" decoding=\"async\" width=\"1024\" height=\"576\" data-id=\"910181\" src=\"https:\/\/guarai.to.gov.br\/transparencia\/wp-content\/uploads\/2026\/09\/7-de-setembro-5-1024x576.jpeg\" alt=\"\" class=\"wp-image-910181\" srcset=\"https:\/\/guarai.to.gov.br\/transparencia\/wp-content\/uploads\/2026\/09\/7-de-setembro-5-1024x576.jpeg 1024w, https:\/\/guarai.to.gov.br\/transparencia\/wp-content\/uploads\/2026\/09\/7-de-setembro-5-460x259.jpeg 460w, https:\/\/guarai.to.gov.br\/transparencia\/wp-content\/uploads\/2026\/09\/7-de-setembro-5-160x90.jpeg 160w, https:\/\/guarai.to.gov.br\/transparencia\/wp-content\/uploads\/2026\/09\/7-de-setembro-5-768x432.jpeg 768w, https:\/\/guarai.to.gov.br\/transparencia\/wp-content\/uploads\/2026\/09\/7-de-setembro-5-1536x864.jpeg 1536w, https:\/\/guarai.to.gov.br\/transparencia\/wp-content\/uploads\/2026\/09\/7-de-setembro-5.jpeg 1600w\" sizes=\"auto, (max-width: 1024px) 100vw, 1024px\" \/><\/figure>\n\n\n\n<figure class=\"wp-block-image size-large\"><img loading=\"lazy\" decoding=\"async\" width=\"1024\" height=\"576\" data-id=\"910182\" src=\"https:\/\/guarai.to.gov.br\/transparencia\/wp-content\/uploads\/2026\/09\/7-de-setembro-6-1024x576.jpeg\" alt=\"\" class=\"wp-image-910182\" srcset=\"https:\/\/guarai.to.gov.br\/transparencia\/wp-content\/uploads\/2026\/09\/7-de-setembro-6-1024x576.jpeg 1024w, https:\/\/guarai.to.gov.br\/transparencia\/wp-content\/uploads\/2026\/09\/7-de-setembro-6-460x259.jpeg 460w, https:\/\/guarai.to.gov.br\/transparencia\/wp-content\/uploads\/2026\/09\/7-de-setembro-6-160x90.jpeg 160w, https:\/\/guarai.to.gov.br\/transparencia\/wp-content\/uploads\/2026\/09\/7-de-setembro-6-768x432.jpeg 768w, https:\/\/guarai.to.gov.br\/transparencia\/wp-content\/uploads\/2026\/09\/7-de-setembro-6-1536x864.jpeg 1536w, https:\/\/guarai.to.gov.br\/transparencia\/wp-content\/uploads\/2026\/09\/7-de-setembro-6.jpeg 1600w\" sizes=\"auto, (max-width: 1024px) 100vw, 1024px\" \/><\/figure>\n\n\n\n<figure class=\"wp-block-image size-large\"><img loading=\"lazy\" decoding=\"async\" width=\"1024\" height=\"576\" data-id=\"910183\" src=\"https:\/\/guarai.to.gov.br\/transparencia\/wp-content\/uploads\/2026\/09\/7-de-setembro-8-1024x576.jpeg\" alt=\"\" class=\"wp-image-910183\" srcset=\"https:\/\/guarai.to.gov.br\/transparencia\/wp-content\/uploads\/2026\/09\/7-de-setembro-8-1024x576.jpeg 1024w, https:\/\/guarai.to.gov.br\/transparencia\/wp-content\/uploads\/2026\/09\/7-de-setembro-8-460x259.jpeg 460w, https:\/\/guarai.to.gov.br\/transparencia\/wp-content\/uploads\/2026\/09\/7-de-setembro-8-160x90.jpeg 160w, https:\/\/guarai.to.gov.br\/transparencia\/wp-content\/uploads\/2026\/09\/7-de-setembro-8-768x432.jpeg 768w, https:\/\/guarai.to.gov.br\/transparencia\/wp-content\/uploads\/2026\/09\/7-de-setembro-8-1536x864.jpeg 1536w, https:\/\/guarai.to.gov.br\/transparencia\/wp-content\/uploads\/2026\/09\/7-de-setembro-8.jpeg 1600w\" sizes=\"auto, (max-width: 1024px) 100vw, 1024px\" \/><\/figure>\n\n\n\n<figure class=\"wp-block-image size-large\"><img loading=\"lazy\" decoding=\"async\" width=\"1024\" height=\"576\" data-id=\"910184\" src=\"https:\/\/guarai.to.gov.br\/transparencia\/wp-content\/uploads\/2026\/09\/7-de-setembro-9-1024x576.jpeg\" alt=\"\" class=\"wp-image-910184\" srcset=\"https:\/\/guarai.to.gov.br\/transparencia\/wp-content\/uploads\/2026\/09\/7-de-setembro-9-1024x576.jpeg 1024w, https:\/\/guarai.to.gov.br\/transparencia\/wp-content\/uploads\/2026\/09\/7-de-setembro-9-460x259.jpeg 460w, https:\/\/guarai.to.gov.br\/transparencia\/wp-content\/uploads\/2026\/09\/7-de-setembro-9-160x90.jpeg 160w, https:\/\/guarai.to.gov.br\/transparencia\/wp-content\/uploads\/2026\/09\/7-de-setembro-9-768x432.jpeg 768w, https:\/\/guarai.to.gov.br\/transparencia\/wp-content\/uploads\/2026\/09\/7-de-setembro-9-1536x864.jpeg 1536w, https:\/\/guarai.to.gov.br\/transparencia\/wp-content\/uploads\/2026\/09\/7-de-setembro-9.jpeg 1600w\" sizes=\"auto, (max-width: 1024px) 100vw, 1024px\" \/><\/figure>\n<\/figure>\n","protected":false},"excerpt":{"rendered":"<p>Guara\u00ed celebrou a Independ\u00eancia do Brasil na noite desta sexta-feira, 4 de setembro, com um grande Desfile C\u00edvico-Estudantil, que levou fam\u00edlias e comunidade \u00e0 Avenida Bernardo Say\u00e3o, em frente \u00e0 Pra\u00e7a da\u2026<\/p>\n","protected":false},"author":2,"featured_media":910176,"comment_status":"closed","ping_status":"closed","sticky":false,"template":"","format":"standard","meta":{"cybocfi_hide_featured_image":"","footnotes":""},"categories":[1],"tags":[],"class_list":["post-910175","post","type-post","status-publish","format-standard","has-post-thumbnail","hentry","category-noticias"],"_links":{"self":[{"href":"https:\/\/guarai.to.gov.br\/transparencia\/wp-json\/wp\/v2\/posts\/910175","targetHints":{"allow":["GET"]}}],"collection":[{"href":"https:\/\/guarai.to.gov.br\/transparencia\/wp-json\/wp\/v2\/posts"}],"about":[{"href":"https:\/\/guarai.to.gov.br\/transparencia\/wp-json\/wp\/v2\/types\/post"}],"author":[{"embeddable":true,"href":"https:\/\/guarai.to.gov.br\/transparencia\/wp-json\/wp\/v2\/users\/2"}],"replies":[{"embeddable":true,"href":"https:\/\/guarai.to.gov.br\/transparencia\/wp-json\/wp\/v2\/comments?post=910175"}],"version-history":[{"count":3,"href":"https:\/\/guarai.to.gov.br\/transparencia\/wp-json\/wp\/v2\/posts\/910175\/revisions"}],"predecessor-version":[{"id":910189,"href":"https:\/\/guarai.to.gov.br\/transparencia\/wp-json\/wp\/v2\/posts\/910175\/revisions\/910189"}],"wp:featuredmedia":[{"embeddable":true,"href":"https:\/\/guarai.to.gov.br\/transparencia\/wp-json\/wp\/v2\/media\/910176"}],"wp:attachment":[{"href":"https:\/\/guarai.to.gov.br\/transparencia\/wp-json\/wp\/v2\/media?parent=910175"}],"wp:term":[{"taxonomy":"category","embeddable":true,"href":"https:\/\/guarai.to.gov.br\/transparencia\/wp-json\/wp\/v2\/categories?post=910175"},{"taxonomy":"post_tag","embeddable":true,"href":"https:\/\/guarai.to.gov.br\/transparencia\/wp-json\/wp\/v2\/tags?post=910175"}],"curies":[{"name":"wp","href":"https:\/\/api.w.org\/{rel}","templated":true}]}}